{"id":1450,"date":"2022-05-23T18:26:21","date_gmt":"2022-05-23T17:26:21","guid":{"rendered":"https:\/\/universnews224.com\/?p=1450"},"modified":"2022-05-23T18:26:21","modified_gmt":"2022-05-23T17:26:21","slug":"interdiction-des-manif-cest-une-forme-de-dictature-ca-djani-alpha","status":"publish","type":"post","link":"https:\/\/universnews224.com\/index.php\/interdiction-des-manif-cest-une-forme-de-dictature-ca-djani-alpha\/","title":{"rendered":"Interdiction des manif: \u201cC\u2019est une forme de dictature \u00e7a\u00a0\u00bb Djani Alpha."},"content":{"rendered":"<p>La d\u00e9cision du CNRD d\u2019interdire les manifestations sur toute l\u2019\u00e9tendue du territoire national et ce, jusqu\u2019aux prochaines campagnes continue de cristalliser les d\u00e9bats en R\u00e9publique de Guin\u00e9e.<\/p>\n<p>Lors de son passage chez nos confr\u00e8res de la Fim dans l\u2019\u00e9mission \u00abMirador\u00bb le week-end dernier, le rappeur Guin\u00e9en, Djani Alpha s\u2019oppose de facto \u00e0 cette d\u00e9cision des autorit\u00e9s de la transition, qui selon lui est une violation flagrante de la charte de la transition.<\/p>\n<p>\u201cAujourd\u2019hui interdire des manifestations, ce n\u2019est pas par la base d\u2019un d\u00e9cret ou par la base du mot. Quand tu n\u2019aimes pas ce que tu r\u00e9coltes, tu changes ce que tu s\u00e8mes. Ce n\u2019est pas un discours ou un communiqu\u00e9 qui va emp\u00eacher les gens de manifester, c\u2019est des actes. N\u2019\u00e9coutez pas ce que les gens disent, regardez ce qu\u2019ils font. Avec une gestion bizarre de la transition, on ne peut pas emp\u00eacher les gens de manifester. Le fait de vouloir interdire des manifestations, \u00e7a veut dire que si vous \u00eates f\u00e2ch\u00e9s, f\u00e2chez-vous, mais ne restez vous. C\u2019est une forme de dictature \u00e7a. L\u2019on ne peut pas l\u2019avoir refus\u00e9es( manifestations) \u00e0 Alpha Cond\u00e9 et l\u2019accept\u00e9es pour le CNRD. Sinon, \u00e7a ne serait ni juste, ni justiciable. Alpha Cond\u00e9 ne peut pas dire, vous ne pouvez pas manifester, quelqu\u2019un enl\u00e8ve Alpha Cond\u00e9, il prend le pouvoir, il dit vous ne pouvez pas manifester. C\u2019est-\u00e0-dire, on veut recommencer la m\u00eame chose sous Alpha Cond\u00e9. On est entrain de semer la chose et on veut r\u00e9colter quelques choses de diff\u00e9rents. C\u2019est n\u2019est pas possible. Alpha Cond\u00e9 a sem\u00e9, c\u2019est-\u00e0-dire vous ne manifestez pas, tu n\u2019es pas avec moi, va en prison et \u00e7a amen\u00e9 au 5 septembre, cela doit \u00eatre une le\u00e7on pour le CNRD\u00a0\u00bb a t-il le chef de file du rappe Guin\u00e9en\u00a0\u00bb<\/p>\n<p>Mohamed Camara<\/p>\n<p>&nbsp;<\/p>\n","protected":false},"excerpt":{"rendered":"<p>La d\u00e9cision du CNRD d\u2019interdire les manifestations sur toute l\u2019\u00e9tendue du territoire national et ce,<\/p>\n","protected":false},"author":2,"featured_media":1451,"comment_status":"closed","ping_status":"open","sticky":false,"template":"","format":"standard","meta":[],"categories":[3,4],"tags":[229],"yoast_head":"<!-- This site is optimized with the Yoast SEO plugin v19.13 - https:\/\/yoast.com\/wordpress\/plugins\/seo\/ -->\n<title>Interdiction des manif: \u201cC\u2019est une forme de dictature \u00e7a&quot; Djani Alpha. - UNIVERSNEWS224<\/title>\n<meta name=\"robots\" content=\"index, follow, max-snippet:-1, max-image-preview:large, max-video-preview:-1\" \/>\n<link rel=\"canonical\" href=\"https:\/\/universnews224.com\/index.php\/interdiction-des-manif-cest-une-forme-de-dictature-ca-djani-alpha\/\" \/>\n<meta property=\"og:locale\" content=\"fr_FR\" \/>\n<meta property=\"og:type\" content=\"article\" \/>\n<meta property=\"og:title\" content=\"Interdiction des manif: \u201cC\u2019est une forme de dictature \u00e7a&quot; Djani Alpha. - UNIVERSNEWS224\" \/>\n<meta property=\"og:description\" content=\"La d\u00e9cision du CNRD d\u2019interdire les manifestations sur toute l\u2019\u00e9tendue du territoire national et ce,\" \/>\n<meta property=\"og:url\" content=\"https:\/\/universnews224.com\/index.php\/interdiction-des-manif-cest-une-forme-de-dictature-ca-djani-alpha\/\" \/>\n<meta property=\"og:site_name\" content=\"UNIVERSNEWS224\" \/>\n<meta property=\"article:published_time\" content=\"2022-05-23T17:26:21+00:00\" \/>\n<meta property=\"og:image\" content=\"https:\/\/universnews224.com\/wp-content\/uploads\/2022\/05\/475EDAE3-C5AE-4E4F-B290-FE3FABAE85C2.jpeg\" \/>\n\t<meta property=\"og:image:width\" content=\"720\" \/>\n\t<meta property=\"og:image:height\" content=\"695\" \/>\n\t<meta property=\"og:image:type\" content=\"image\/jpeg\" \/>\n<meta name=\"author\" content=\"La R\u00e9daction\" \/>\n<meta name=\"twitter:label1\" content=\"\u00c9crit par\" \/>\n\t<meta name=\"twitter:data1\" content=\"La R\u00e9daction\" \/>\n\t<meta name=\"twitter:label2\" content=\"Dur\u00e9e de lecture estim\u00e9e\" \/>\n\t<meta name=\"twitter:data2\" content=\"2 minutes\" \/>\n<script type=\"application\/ld+json\" class=\"yoast-schema-graph\">{\"@context\":\"https:\/\/schema.org\",\"@graph\":[{\"@type\":\"Article\",\"@id\":\"https:\/\/universnews224.com\/index.php\/interdiction-des-manif-cest-une-forme-de-dictature-ca-djani-alpha\/#article\",\"isPartOf\":{\"@id\":\"https:\/\/universnews224.com\/index.php\/interdiction-des-manif-cest-une-forme-de-dictature-ca-djani-alpha\/\"},\"author\":{\"name\":\"La R\u00e9daction\",\"@id\":\"https:\/\/universnews224.com\/#\/schema\/person\/a4b7d4f94a4716df60456a491260485e\"},\"headline\":\"Interdiction des manif: \u201cC\u2019est une forme de dictature \u00e7a\u00a0\u00bb Djani Alpha.\",\"datePublished\":\"2022-05-23T17:26:21+00:00\",\"dateModified\":\"2022-05-23T17:26:21+00:00\",\"mainEntityOfPage\":{\"@id\":\"https:\/\/universnews224.com\/index.php\/interdiction-des-manif-cest-une-forme-de-dictature-ca-djani-alpha\/\"},\"wordCount\":354,\"publisher\":{\"@id\":\"https:\/\/universnews224.com\/#organization\"},\"keywords\":[\"La une\"],\"articleSection\":[\"ACTU\",\"POLITIQUE\"],\"inLanguage\":\"fr-FR\"},{\"@type\":\"WebPage\",\"@id\":\"https:\/\/universnews224.com\/index.php\/interdiction-des-manif-cest-une-forme-de-dictature-ca-djani-alpha\/\",\"url\":\"https:\/\/universnews224.com\/index.php\/interdiction-des-manif-cest-une-forme-de-dictature-ca-djani-alpha\/\",\"name\":\"Interdiction des manif: \u201cC\u2019est une forme de dictature \u00e7a\\\" Djani Alpha. - UNIVERSNEWS224\",\"isPartOf\":{\"@id\":\"https:\/\/universnews224.com\/#website\"},\"datePublished\":\"2022-05-23T17:26:21+00:00\",\"dateModified\":\"2022-05-23T17:26:21+00:00\",\"inLanguage\":\"fr-FR\",\"potentialAction\":[{\"@type\":\"ReadAction\",\"target\":[\"https:\/\/universnews224.com\/index.php\/interdiction-des-manif-cest-une-forme-de-dictature-ca-djani-alpha\/\"]}]},{\"@type\":\"WebSite\",\"@id\":\"https:\/\/universnews224.com\/#website\",\"url\":\"https:\/\/universnews224.com\/\",\"name\":\"UNIVERSNEWS224\",\"description\":\"\",\"publisher\":{\"@id\":\"https:\/\/universnews224.com\/#organization\"},\"potentialAction\":[{\"@type\":\"SearchAction\",\"target\":{\"@type\":\"EntryPoint\",\"urlTemplate\":\"https:\/\/universnews224.com\/?s={search_term_string}\"},\"query-input\":\"required name=search_term_string\"}],\"inLanguage\":\"fr-FR\"},{\"@type\":\"Organization\",\"@id\":\"https:\/\/universnews224.com\/#organization\",\"name\":\"UNIVERSNEWS224\",\"url\":\"https:\/\/universnews224.com\/\",\"logo\":{\"@type\":\"ImageObject\",\"inLanguage\":\"fr-FR\",\"@id\":\"https:\/\/universnews224.com\/#\/schema\/logo\/image\/\",\"url\":\"https:\/\/universnews224.com\/wp-content\/uploads\/2022\/08\/cropped-cropped-logoban.jpg\",\"contentUrl\":\"https:\/\/universnews224.com\/wp-content\/uploads\/2022\/08\/cropped-cropped-logoban.jpg\",\"width\":1080,\"height\":138,\"caption\":\"UNIVERSNEWS224\"},\"image\":{\"@id\":\"https:\/\/universnews224.com\/#\/schema\/logo\/image\/\"}},{\"@type\":\"Person\",\"@id\":\"https:\/\/universnews224.com\/#\/schema\/person\/a4b7d4f94a4716df60456a491260485e\",\"name\":\"La R\u00e9daction\",\"image\":{\"@type\":\"ImageObject\",\"inLanguage\":\"fr-FR\",\"@id\":\"https:\/\/universnews224.com\/#\/schema\/person\/image\/\",\"url\":\"https:\/\/secure.gravatar.com\/avatar\/edb90acc7752b23e1b3307ad36c14f0d?s=96&d=mm&r=g\",\"contentUrl\":\"https:\/\/secure.gravatar.com\/avatar\/edb90acc7752b23e1b3307ad36c14f0d?s=96&d=mm&r=g\",\"caption\":\"La R\u00e9daction\"},\"sameAs\":[\"https:\/\/universnews224.com\"],\"url\":\"https:\/\/universnews224.com\/index.php\/author\/m-camara\/\"}]}<\/script>\n<!-- \/ Yoast SEO plugin. -->","yoast_head_json":{"title":"Interdiction des manif: \u201cC\u2019est une forme de dictature \u00e7a\" Djani Alpha. - UNIVERSNEWS224","robots":{"index":"index","follow":"follow","max-snippet":"max-snippet:-1","max-image-preview":"max-image-preview:large","max-video-preview":"max-video-preview:-1"},"canonical":"https:\/\/universnews224.com\/index.php\/interdiction-des-manif-cest-une-forme-de-dictature-ca-djani-alpha\/","og_locale":"fr_FR","og_type":"article","og_title":"Interdiction des manif: \u201cC\u2019est une forme de dictature \u00e7a\" Djani Alpha. - UNIVERSNEWS224","og_description":"La d\u00e9cision du CNRD d\u2019interdire les manifestations sur toute l\u2019\u00e9tendue du territoire national et ce,","og_url":"https:\/\/universnews224.com\/index.php\/interdiction-des-manif-cest-une-forme-de-dictature-ca-djani-alpha\/","og_site_name":"UNIVERSNEWS224","article_published_time":"2022-05-23T17:26:21+00:00","og_image":[{"width":720,"height":695,"url":"https:\/\/universnews224.com\/wp-content\/uploads\/2022\/05\/475EDAE3-C5AE-4E4F-B290-FE3FABAE85C2.jpeg","type":"image\/jpeg"}],"author":"La R\u00e9daction","twitter_misc":{"\u00c9crit par":"La R\u00e9daction","Dur\u00e9e de lecture estim\u00e9e":"2 minutes"},"schema":{"@context":"https:\/\/schema.org","@graph":[{"@type":"Article","@id":"https:\/\/universnews224.com\/index.php\/interdiction-des-manif-cest-une-forme-de-dictature-ca-djani-alpha\/#article","isPartOf":{"@id":"https:\/\/universnews224.com\/index.php\/interdiction-des-manif-cest-une-forme-de-dictature-ca-djani-alpha\/"},"author":{"name":"La R\u00e9daction","@id":"https:\/\/universnews224.com\/#\/schema\/person\/a4b7d4f94a4716df60456a491260485e"},"headline":"Interdiction des manif: \u201cC\u2019est une forme de dictature \u00e7a\u00a0\u00bb Djani Alpha.","datePublished":"2022-05-23T17:26:21+00:00","dateModified":"2022-05-23T17:26:21+00:00","mainEntityOfPage":{"@id":"https:\/\/universnews224.com\/index.php\/interdiction-des-manif-cest-une-forme-de-dictature-ca-djani-alpha\/"},"wordCount":354,"publisher":{"@id":"https:\/\/universnews224.com\/#organization"},"keywords":["La une"],"articleSection":["ACTU","POLITIQUE"],"inLanguage":"fr-FR"},{"@type":"WebPage","@id":"https:\/\/universnews224.com\/index.php\/interdiction-des-manif-cest-une-forme-de-dictature-ca-djani-alpha\/","url":"https:\/\/universnews224.com\/index.php\/interdiction-des-manif-cest-une-forme-de-dictature-ca-djani-alpha\/","name":"Interdiction des manif: \u201cC\u2019est une forme de dictature \u00e7a\" Djani Alpha. - UNIVERSNEWS224","isPartOf":{"@id":"https:\/\/universnews224.com\/#website"},"datePublished":"2022-05-23T17:26:21+00:00","dateModified":"2022-05-23T17:26:21+00:00","inLanguage":"fr-FR","potentialAction":[{"@type":"ReadAction","target":["https:\/\/universnews224.com\/index.php\/interdiction-des-manif-cest-une-forme-de-dictature-ca-djani-alpha\/"]}]},{"@type":"WebSite","@id":"https:\/\/universnews224.com\/#website","url":"https:\/\/universnews224.com\/","name":"UNIVERSNEWS224","description":"","publisher":{"@id":"https:\/\/universnews224.com\/#organization"},"potentialAction":[{"@type":"SearchAction","target":{"@type":"EntryPoint","urlTemplate":"https:\/\/universnews224.com\/?s={search_term_string}"},"query-input":"required name=search_term_string"}],"inLanguage":"fr-FR"},{"@type":"Organization","@id":"https:\/\/universnews224.com\/#organization","name":"UNIVERSNEWS224","url":"https:\/\/universnews224.com\/","logo":{"@type":"ImageObject","inLanguage":"fr-FR","@id":"https:\/\/universnews224.com\/#\/schema\/logo\/image\/","url":"https:\/\/universnews224.com\/wp-content\/uploads\/2022\/08\/cropped-cropped-logoban.jpg","contentUrl":"https:\/\/universnews224.com\/wp-content\/uploads\/2022\/08\/cropped-cropped-logoban.jpg","width":1080,"height":138,"caption":"UNIVERSNEWS224"},"image":{"@id":"https:\/\/universnews224.com\/#\/schema\/logo\/image\/"}},{"@type":"Person","@id":"https:\/\/universnews224.com\/#\/schema\/person\/a4b7d4f94a4716df60456a491260485e","name":"La R\u00e9daction","image":{"@type":"ImageObject","inLanguage":"fr-FR","@id":"https:\/\/universnews224.com\/#\/schema\/person\/image\/","url":"https:\/\/secure.gravatar.com\/avatar\/edb90acc7752b23e1b3307ad36c14f0d?s=96&d=mm&r=g","contentUrl":"https:\/\/secure.gravatar.com\/avatar\/edb90acc7752b23e1b3307ad36c14f0d?s=96&d=mm&r=g","caption":"La R\u00e9daction"},"sameAs":["https:\/\/universnews224.com"],"url":"https:\/\/universnews224.com\/index.php\/author\/m-camara\/"}]}},"_links":{"self":[{"href":"https:\/\/universnews224.com\/index.php\/wp-json\/wp\/v2\/posts\/1450"}],"collection":[{"href":"https:\/\/universnews224.com\/index.php\/wp-json\/wp\/v2\/posts"}],"about":[{"href":"https:\/\/universnews224.com\/index.php\/wp-json\/wp\/v2\/types\/post"}],"author":[{"embeddable":true,"href":"https:\/\/universnews224.com\/index.php\/wp-json\/wp\/v2\/users\/2"}],"replies":[{"embeddable":true,"href":"https:\/\/universnews224.com\/index.php\/wp-json\/wp\/v2\/comments?post=1450"}],"version-history":[{"count":1,"href":"https:\/\/universnews224.com\/index.php\/wp-json\/wp\/v2\/posts\/1450\/revisions"}],"predecessor-version":[{"id":1452,"href":"https:\/\/universnews224.com\/index.php\/wp-json\/wp\/v2\/posts\/1450\/revisions\/1452"}],"wp:featuredmedia":[{"embeddable":true,"href":"https:\/\/universnews224.com\/index.php\/wp-json\/wp\/v2\/media\/1451"}],"wp:attachment":[{"href":"https:\/\/universnews224.com\/index.php\/wp-json\/wp\/v2\/media?parent=1450"}],"wp:term":[{"taxonomy":"category","embeddable":true,"href":"https:\/\/universnews224.com\/index.php\/wp-json\/wp\/v2\/categories?post=1450"},{"taxonomy":"post_tag","embeddable":true,"href":"https:\/\/universnews224.com\/index.php\/wp-json\/wp\/v2\/tags?post=1450"}],"curies":[{"name":"wp","href":"https:\/\/api.w.org\/{rel}","templated":true}]}}