{"id":1455,"date":"2022-05-23T18:35:23","date_gmt":"2022-05-23T17:35:23","guid":{"rendered":"https:\/\/universnews224.com\/?p=1455"},"modified":"2022-05-23T18:35:23","modified_gmt":"2022-05-23T17:35:23","slug":"fode-balde-ufr-il-y-a-une-volonte-de-la-part-du-cnrd-a-valoir-confisquer-le-pouvoir-et-a-vouloir-y-rester","status":"publish","type":"post","link":"https:\/\/universnews224.com\/index.php\/fode-balde-ufr-il-y-a-une-volonte-de-la-part-du-cnrd-a-valoir-confisquer-le-pouvoir-et-a-vouloir-y-rester\/","title":{"rendered":"Fod\u00e9 Bald\u00e9 UFR:\u201c Il y a une volont\u00e9 de la part du CNRD \u00e0 valoir confisquer le pouvoir et \u00e0 vouloir y rester\u00a0\u00bb"},"content":{"rendered":"<p>La sortie du pr\u00e9sident de la commission de la CEDEAO,Jean Claude Kassi Brou sur la dur\u00e9e de la transition en Guin\u00e9e et la r\u00e9plique des autorit\u00e9s \u00e9t\u00e9 comment\u00e9es \u00e0 l\u2019assembl\u00e9e g\u00e9n\u00e9rale hebdomadaire de l\u2019UFR le week-end dernier.<\/p>\n<p>Selon Fod\u00e9 Bald\u00e9, responsable de communication de l\u2019UFR, les autorit\u00e9s de la transition ne devraient pas s\u2019offusquer sur cette sortie du pr\u00e9sident de la commission de l\u2019institution sous-r\u00e9gionale, s\u2019ils n\u2019ont pas l\u2019intention de s\u2019\u00e9terniser au pouvoir.<\/p>\n<p>\u201cLa CEDEO a clairement dit qu\u2019une transition est diff\u00e9rente d\u2019un mandat. On ne peut pas vouloir faire une transition et s\u2019octroyer un mandat pr\u00e9sidentiel d\u2019un pr\u00e9sident qui est \u00e9lu. Donc, si tu penses que tu n\u2019es pas venu faire un mandat, pourquoi tu vas t\u2019\u00e9nerver. Alors de quoi se m\u00ealent le porte-parole du gouvernement et le porte-parole du CNRD, s\u2019ils n\u2019ont pas l\u2019intention de faire un mandat pr\u00e9sidentiel. Sinon, je pense que c\u2019est un rappel qui est fait \u00e0 tout le monde pour dire que: voil\u00e0 comment la communaut\u00e9 CEDEAO fonctionne. On fait 3 ans ou 4 ans de transition, la CEDEAO dit voici les normes. Mais, s\u2019ils se plaignent c\u2019est que r\u00e9ellement les Guin\u00e9ens doivent comprendre qu\u2019il y a une volont\u00e9 de la part du CNRD \u00e0 valoir confisquer le pouvoir et \u00e0 vouloir y rester. C\u2019est \u00e7a la v\u00e9rit\u00e9\u00a0\u00bb a t-il d\u00e9clar\u00e9.<\/p>\n<p>Mohamed Camara<\/p>\n","protected":false},"excerpt":{"rendered":"<p>La sortie du pr\u00e9sident de la commission de la CEDEAO,Jean Claude Kassi Brou sur la<\/p>\n","protected":false},"author":2,"featured_media":1449,"comment_status":"closed","ping_status":"open","sticky":false,"template":"","format":"standard","meta":[],"categories":[3,4],"tags":[229],"yoast_head":"<!-- This site is optimized with the Yoast SEO plugin v19.13 - https:\/\/yoast.com\/wordpress\/plugins\/seo\/ -->\n<title>Fod\u00e9 Bald\u00e9 UFR:\u201c Il y a une volont\u00e9 de la part du CNRD \u00e0 valoir confisquer le pouvoir et \u00e0 vouloir y rester&quot; - UNIVERSNEWS224<\/title>\n<meta name=\"robots\" content=\"index, follow, max-snippet:-1, max-image-preview:large, max-video-preview:-1\" \/>\n<link rel=\"canonical\" href=\"https:\/\/universnews224.com\/index.php\/fode-balde-ufr-il-y-a-une-volonte-de-la-part-du-cnrd-a-valoir-confisquer-le-pouvoir-et-a-vouloir-y-rester\/\" \/>\n<meta property=\"og:locale\" content=\"fr_FR\" \/>\n<meta property=\"og:type\" content=\"article\" \/>\n<meta property=\"og:title\" content=\"Fod\u00e9 Bald\u00e9 UFR:\u201c Il y a une volont\u00e9 de la part du CNRD \u00e0 valoir confisquer le pouvoir et \u00e0 vouloir y rester&quot; - UNIVERSNEWS224\" \/>\n<meta property=\"og:description\" content=\"La sortie du pr\u00e9sident de la commission de la CEDEAO,Jean Claude Kassi Brou sur la\" \/>\n<meta property=\"og:url\" content=\"https:\/\/universnews224.com\/index.php\/fode-balde-ufr-il-y-a-une-volonte-de-la-part-du-cnrd-a-valoir-confisquer-le-pouvoir-et-a-vouloir-y-rester\/\" \/>\n<meta property=\"og:site_name\" content=\"UNIVERSNEWS224\" \/>\n<meta property=\"article:published_time\" content=\"2022-05-23T17:35:23+00:00\" \/>\n<meta property=\"og:image\" content=\"https:\/\/universnews224.com\/wp-content\/uploads\/2022\/05\/B73FA015-8553-4C60-A6F3-B8897E85E090-scaled.jpeg\" \/>\n\t<meta property=\"og:image:width\" content=\"2560\" \/>\n\t<meta property=\"og:image:height\" content=\"1920\" \/>\n\t<meta property=\"og:image:type\" content=\"image\/jpeg\" \/>\n<meta name=\"author\" content=\"La R\u00e9daction\" \/>\n<meta name=\"twitter:label1\" content=\"\u00c9crit par\" \/>\n\t<meta name=\"twitter:data1\" content=\"La R\u00e9daction\" \/>\n\t<meta name=\"twitter:label2\" content=\"Dur\u00e9e de lecture estim\u00e9e\" \/>\n\t<meta name=\"twitter:data2\" content=\"1 minute\" \/>\n<script type=\"application\/ld+json\" class=\"yoast-schema-graph\">{\"@context\":\"https:\/\/schema.org\",\"@graph\":[{\"@type\":\"Article\",\"@id\":\"https:\/\/universnews224.com\/index.php\/fode-balde-ufr-il-y-a-une-volonte-de-la-part-du-cnrd-a-valoir-confisquer-le-pouvoir-et-a-vouloir-y-rester\/#article\",\"isPartOf\":{\"@id\":\"https:\/\/universnews224.com\/index.php\/fode-balde-ufr-il-y-a-une-volonte-de-la-part-du-cnrd-a-valoir-confisquer-le-pouvoir-et-a-vouloir-y-rester\/\"},\"author\":{\"name\":\"La R\u00e9daction\",\"@id\":\"https:\/\/universnews224.com\/#\/schema\/person\/a4b7d4f94a4716df60456a491260485e\"},\"headline\":\"Fod\u00e9 Bald\u00e9 UFR:\u201c Il y a une volont\u00e9 de la part du CNRD \u00e0 valoir confisquer le pouvoir et \u00e0 vouloir y rester\u00a0\u00bb\",\"datePublished\":\"2022-05-23T17:35:23+00:00\",\"dateModified\":\"2022-05-23T17:35:23+00:00\",\"mainEntityOfPage\":{\"@id\":\"https:\/\/universnews224.com\/index.php\/fode-balde-ufr-il-y-a-une-volonte-de-la-part-du-cnrd-a-valoir-confisquer-le-pouvoir-et-a-vouloir-y-rester\/\"},\"wordCount\":279,\"publisher\":{\"@id\":\"https:\/\/universnews224.com\/#organization\"},\"keywords\":[\"La une\"],\"articleSection\":[\"ACTU\",\"POLITIQUE\"],\"inLanguage\":\"fr-FR\"},{\"@type\":\"WebPage\",\"@id\":\"https:\/\/universnews224.com\/index.php\/fode-balde-ufr-il-y-a-une-volonte-de-la-part-du-cnrd-a-valoir-confisquer-le-pouvoir-et-a-vouloir-y-rester\/\",\"url\":\"https:\/\/universnews224.com\/index.php\/fode-balde-ufr-il-y-a-une-volonte-de-la-part-du-cnrd-a-valoir-confisquer-le-pouvoir-et-a-vouloir-y-rester\/\",\"name\":\"Fod\u00e9 Bald\u00e9 UFR:\u201c Il y a une volont\u00e9 de la part du CNRD \u00e0 valoir confisquer le pouvoir et \u00e0 vouloir y rester\\\" - UNIVERSNEWS224\",\"isPartOf\":{\"@id\":\"https:\/\/universnews224.com\/#website\"},\"datePublished\":\"2022-05-23T17:35:23+00:00\",\"dateModified\":\"2022-05-23T17:35:23+00:00\",\"inLanguage\":\"fr-FR\",\"potentialAction\":[{\"@type\":\"ReadAction\",\"target\":[\"https:\/\/universnews224.com\/index.php\/fode-balde-ufr-il-y-a-une-volonte-de-la-part-du-cnrd-a-valoir-confisquer-le-pouvoir-et-a-vouloir-y-rester\/\"]}]},{\"@type\":\"WebSite\",\"@id\":\"https:\/\/universnews224.com\/#website\",\"url\":\"https:\/\/universnews224.com\/\",\"name\":\"UNIVERSNEWS224\",\"description\":\"\",\"publisher\":{\"@id\":\"https:\/\/universnews224.com\/#organization\"},\"potentialAction\":[{\"@type\":\"SearchAction\",\"target\":{\"@type\":\"EntryPoint\",\"urlTemplate\":\"https:\/\/universnews224.com\/?s={search_term_string}\"},\"query-input\":\"required name=search_term_string\"}],\"inLanguage\":\"fr-FR\"},{\"@type\":\"Organization\",\"@id\":\"https:\/\/universnews224.com\/#organization\",\"name\":\"UNIVERSNEWS224\",\"url\":\"https:\/\/universnews224.com\/\",\"logo\":{\"@type\":\"ImageObject\",\"inLanguage\":\"fr-FR\",\"@id\":\"https:\/\/universnews224.com\/#\/schema\/logo\/image\/\",\"url\":\"https:\/\/universnews224.com\/wp-content\/uploads\/2022\/08\/cropped-cropped-logoban.jpg\",\"contentUrl\":\"https:\/\/universnews224.com\/wp-content\/uploads\/2022\/08\/cropped-cropped-logoban.jpg\",\"width\":1080,\"height\":138,\"caption\":\"UNIVERSNEWS224\"},\"image\":{\"@id\":\"https:\/\/universnews224.com\/#\/schema\/logo\/image\/\"}},{\"@type\":\"Person\",\"@id\":\"https:\/\/universnews224.com\/#\/schema\/person\/a4b7d4f94a4716df60456a491260485e\",\"name\":\"La R\u00e9daction\",\"image\":{\"@type\":\"ImageObject\",\"inLanguage\":\"fr-FR\",\"@id\":\"https:\/\/universnews224.com\/#\/schema\/person\/image\/\",\"url\":\"https:\/\/secure.gravatar.com\/avatar\/edb90acc7752b23e1b3307ad36c14f0d?s=96&d=mm&r=g\",\"contentUrl\":\"https:\/\/secure.gravatar.com\/avatar\/edb90acc7752b23e1b3307ad36c14f0d?s=96&d=mm&r=g\",\"caption\":\"La R\u00e9daction\"},\"sameAs\":[\"https:\/\/universnews224.com\"],\"url\":\"https:\/\/universnews224.com\/index.php\/author\/m-camara\/\"}]}<\/script>\n<!-- \/ Yoast SEO plugin. -->","yoast_head_json":{"title":"Fod\u00e9 Bald\u00e9 UFR:\u201c Il y a une volont\u00e9 de la part du CNRD \u00e0 valoir confisquer le pouvoir et \u00e0 vouloir y rester\" - UNIVERSNEWS224","robots":{"index":"index","follow":"follow","max-snippet":"max-snippet:-1","max-image-preview":"max-image-preview:large","max-video-preview":"max-video-preview:-1"},"canonical":"https:\/\/universnews224.com\/index.php\/fode-balde-ufr-il-y-a-une-volonte-de-la-part-du-cnrd-a-valoir-confisquer-le-pouvoir-et-a-vouloir-y-rester\/","og_locale":"fr_FR","og_type":"article","og_title":"Fod\u00e9 Bald\u00e9 UFR:\u201c Il y a une volont\u00e9 de la part du CNRD \u00e0 valoir confisquer le pouvoir et \u00e0 vouloir y rester\" - UNIVERSNEWS224","og_description":"La sortie du pr\u00e9sident de la commission de la CEDEAO,Jean Claude Kassi Brou sur la","og_url":"https:\/\/universnews224.com\/index.php\/fode-balde-ufr-il-y-a-une-volonte-de-la-part-du-cnrd-a-valoir-confisquer-le-pouvoir-et-a-vouloir-y-rester\/","og_site_name":"UNIVERSNEWS224","article_published_time":"2022-05-23T17:35:23+00:00","og_image":[{"width":2560,"height":1920,"url":"https:\/\/universnews224.com\/wp-content\/uploads\/2022\/05\/B73FA015-8553-4C60-A6F3-B8897E85E090-scaled.jpeg","type":"image\/jpeg"}],"author":"La R\u00e9daction","twitter_misc":{"\u00c9crit par":"La R\u00e9daction","Dur\u00e9e de lecture estim\u00e9e":"1 minute"},"schema":{"@context":"https:\/\/schema.org","@graph":[{"@type":"Article","@id":"https:\/\/universnews224.com\/index.php\/fode-balde-ufr-il-y-a-une-volonte-de-la-part-du-cnrd-a-valoir-confisquer-le-pouvoir-et-a-vouloir-y-rester\/#article","isPartOf":{"@id":"https:\/\/universnews224.com\/index.php\/fode-balde-ufr-il-y-a-une-volonte-de-la-part-du-cnrd-a-valoir-confisquer-le-pouvoir-et-a-vouloir-y-rester\/"},"author":{"name":"La R\u00e9daction","@id":"https:\/\/universnews224.com\/#\/schema\/person\/a4b7d4f94a4716df60456a491260485e"},"headline":"Fod\u00e9 Bald\u00e9 UFR:\u201c Il y a une volont\u00e9 de la part du CNRD \u00e0 valoir confisquer le pouvoir et \u00e0 vouloir y rester\u00a0\u00bb","datePublished":"2022-05-23T17:35:23+00:00","dateModified":"2022-05-23T17:35:23+00:00","mainEntityOfPage":{"@id":"https:\/\/universnews224.com\/index.php\/fode-balde-ufr-il-y-a-une-volonte-de-la-part-du-cnrd-a-valoir-confisquer-le-pouvoir-et-a-vouloir-y-rester\/"},"wordCount":279,"publisher":{"@id":"https:\/\/universnews224.com\/#organization"},"keywords":["La une"],"articleSection":["ACTU","POLITIQUE"],"inLanguage":"fr-FR"},{"@type":"WebPage","@id":"https:\/\/universnews224.com\/index.php\/fode-balde-ufr-il-y-a-une-volonte-de-la-part-du-cnrd-a-valoir-confisquer-le-pouvoir-et-a-vouloir-y-rester\/","url":"https:\/\/universnews224.com\/index.php\/fode-balde-ufr-il-y-a-une-volonte-de-la-part-du-cnrd-a-valoir-confisquer-le-pouvoir-et-a-vouloir-y-rester\/","name":"Fod\u00e9 Bald\u00e9 UFR:\u201c Il y a une volont\u00e9 de la part du CNRD \u00e0 valoir confisquer le pouvoir et \u00e0 vouloir y rester\" - UNIVERSNEWS224","isPartOf":{"@id":"https:\/\/universnews224.com\/#website"},"datePublished":"2022-05-23T17:35:23+00:00","dateModified":"2022-05-23T17:35:23+00:00","inLanguage":"fr-FR","potentialAction":[{"@type":"ReadAction","target":["https:\/\/universnews224.com\/index.php\/fode-balde-ufr-il-y-a-une-volonte-de-la-part-du-cnrd-a-valoir-confisquer-le-pouvoir-et-a-vouloir-y-rester\/"]}]},{"@type":"WebSite","@id":"https:\/\/universnews224.com\/#website","url":"https:\/\/universnews224.com\/","name":"UNIVERSNEWS224","description":"","publisher":{"@id":"https:\/\/universnews224.com\/#organization"},"potentialAction":[{"@type":"SearchAction","target":{"@type":"EntryPoint","urlTemplate":"https:\/\/universnews224.com\/?s={search_term_string}"},"query-input":"required name=search_term_string"}],"inLanguage":"fr-FR"},{"@type":"Organization","@id":"https:\/\/universnews224.com\/#organization","name":"UNIVERSNEWS224","url":"https:\/\/universnews224.com\/","logo":{"@type":"ImageObject","inLanguage":"fr-FR","@id":"https:\/\/universnews224.com\/#\/schema\/logo\/image\/","url":"https:\/\/universnews224.com\/wp-content\/uploads\/2022\/08\/cropped-cropped-logoban.jpg","contentUrl":"https:\/\/universnews224.com\/wp-content\/uploads\/2022\/08\/cropped-cropped-logoban.jpg","width":1080,"height":138,"caption":"UNIVERSNEWS224"},"image":{"@id":"https:\/\/universnews224.com\/#\/schema\/logo\/image\/"}},{"@type":"Person","@id":"https:\/\/universnews224.com\/#\/schema\/person\/a4b7d4f94a4716df60456a491260485e","name":"La R\u00e9daction","image":{"@type":"ImageObject","inLanguage":"fr-FR","@id":"https:\/\/universnews224.com\/#\/schema\/person\/image\/","url":"https:\/\/secure.gravatar.com\/avatar\/edb90acc7752b23e1b3307ad36c14f0d?s=96&d=mm&r=g","contentUrl":"https:\/\/secure.gravatar.com\/avatar\/edb90acc7752b23e1b3307ad36c14f0d?s=96&d=mm&r=g","caption":"La R\u00e9daction"},"sameAs":["https:\/\/universnews224.com"],"url":"https:\/\/universnews224.com\/index.php\/author\/m-camara\/"}]}},"_links":{"self":[{"href":"https:\/\/universnews224.com\/index.php\/wp-json\/wp\/v2\/posts\/1455"}],"collection":[{"href":"https:\/\/universnews224.com\/index.php\/wp-json\/wp\/v2\/posts"}],"about":[{"href":"https:\/\/universnews224.com\/index.php\/wp-json\/wp\/v2\/types\/post"}],"author":[{"embeddable":true,"href":"https:\/\/universnews224.com\/index.php\/wp-json\/wp\/v2\/users\/2"}],"replies":[{"embeddable":true,"href":"https:\/\/universnews224.com\/index.php\/wp-json\/wp\/v2\/comments?post=1455"}],"version-history":[{"count":1,"href":"https:\/\/universnews224.com\/index.php\/wp-json\/wp\/v2\/posts\/1455\/revisions"}],"predecessor-version":[{"id":1456,"href":"https:\/\/universnews224.com\/index.php\/wp-json\/wp\/v2\/posts\/1455\/revisions\/1456"}],"wp:featuredmedia":[{"embeddable":true,"href":"https:\/\/universnews224.com\/index.php\/wp-json\/wp\/v2\/media\/1449"}],"wp:attachment":[{"href":"https:\/\/universnews224.com\/index.php\/wp-json\/wp\/v2\/media?parent=1455"}],"wp:term":[{"taxonomy":"category","embeddable":true,"href":"https:\/\/universnews224.com\/index.php\/wp-json\/wp\/v2\/categories?post=1455"},{"taxonomy":"post_tag","embeddable":true,"href":"https:\/\/universnews224.com\/index.php\/wp-json\/wp\/v2\/tags?post=1455"}],"curies":[{"name":"wp","href":"https:\/\/api.w.org\/{rel}","templated":true}]}}