{"id":1471,"date":"2022-05-26T21:43:55","date_gmt":"2022-05-26T20:43:55","guid":{"rendered":"https:\/\/universnews224.com\/?p=1471"},"modified":"2022-05-26T21:43:55","modified_gmt":"2022-05-26T20:43:55","slug":"convocation-del-hadj-cellou-dalein-diallo-a-la-crief-je-pense-que-linteret-quil-a-aujourdhui-cest-pour-venir-clarifier-cette-affaire-une-fois-po","status":"publish","type":"post","link":"https:\/\/universnews224.com\/index.php\/convocation-del-hadj-cellou-dalein-diallo-a-la-crief-je-pense-que-linteret-quil-a-aujourdhui-cest-pour-venir-clarifier-cette-affaire-une-fois-po\/","title":{"rendered":"Convocation d\u2019El hadj Cellou Dalein Diallo \u00e0 la CRIEF: \u201cJe pense que l\u2019int\u00e9r\u00eat qu\u2019il a aujourd\u2019hui, c\u2019est pour venir clarifier cette affaire une fois pour toute\u00a0\u00bb Mamadou Sylla."},"content":{"rendered":"<p>Invit\u00e9 de l\u2019\u00e9mission \u00abOn refait le monde\u00bb de Djoma de ce jeudi, 26 mai 2022, le pr\u00e9sident de l\u2019UDG, El hadj Mamadou Sylla s\u2019est exprim\u00e9 sur la convocation du pr\u00e9sident de l\u2019UFDG, El hadj Cellou Dalein Diallo par le CRIEF le 14 juin prochain.<\/p>\n<div>\n<div><\/div>\n<div>\n<div>Selon lui, comme tous les guin\u00e9ens \u00e9tant justiciables : \u201cje ne sais pas o\u00f9 est le probl\u00e8me. Tous les guin\u00e9ens sont justiciables, ce n\u2019est pas en Guin\u00e9e seulement, tous les citoyens du monde sont justiciables. M\u00eame un simple doute, la justice peut enclencher des actions contre quelqu\u2019un. C\u2019est nous qui avons vot\u00e9 les lois et on les mises l\u00e0. Pour moi, je crois qu\u2019il n y pas de probl\u00e8me tant qu\u2019on peut dire le droit, tant qu\u2019on peut respecter les droits des citoyens, il n\u2019y pas de probl\u00e8me. Personne ne peut condamner cela, m\u00eame les pays les plus d\u00e9velopp\u00e9s, d\u2019ailleurs eux, d\u00e8s qu\u2019on dise que quelqu\u2019un a un d\u00e9m\u00eal\u00e9 avec la justice, l\u2019int\u00e9ress\u00e9 se met automatiquement \u00e0 la disposition de la justice. Donc, ce n\u2019est pas mauvais pour en soi\u00a0\u00bba t-il soulign\u00e9<\/div>\n<div>\n<div><\/div>\n<div>Absent du pays depuis quelques mois, Mamadou Sylla demande au leader de l\u2019Union des Forces D\u00e9mocratiques de Guin\u00e9e \u00a0de rentrer en Guin\u00e9e afin de laver son honneur dans cette affaire.<\/div>\n<div><\/div>\n<div>\u201cJe pense que l\u2019int\u00e9r\u00eat qu\u2019il a aujourd\u2019hui, c\u2019est pour venir clarifier cette affaire une fois pour toute. Parce que l\u2019homme qui veut briguer la magistrature supr\u00eame dans un pays, je pense qu\u2019il doit \u00eatre clim avant d\u2019\u00eatre \u00e9lu. C\u2019est m\u00eame dans son int\u00e9r\u00eat qu\u2019il puisse venir pour la clarifier cette affaire\u00a0\u00bb a t-il dit.<\/div>\n<div><\/div>\n<div>Mohamed Camara<\/div>\n<\/div>\n<\/div>\n<\/div>\n","protected":false},"excerpt":{"rendered":"<p>Invit\u00e9 de l\u2019\u00e9mission \u00abOn refait le monde\u00bb de Djoma de ce jeudi, 26 mai 2022,<\/p>\n","protected":false},"author":2,"featured_media":1472,"comment_status":"closed","ping_status":"open","sticky":false,"template":"","format":"standard","meta":[],"categories":[3,4],"tags":[229],"yoast_head":"<!-- This site is optimized with the Yoast SEO plugin v19.13 - https:\/\/yoast.com\/wordpress\/plugins\/seo\/ -->\n<title>Convocation d\u2019El hadj Cellou Dalein Diallo \u00e0 la CRIEF: \u201cJe pense que l\u2019int\u00e9r\u00eat qu\u2019il a aujourd\u2019hui, c\u2019est pour venir clarifier cette affaire une fois pour toute&quot; Mamadou Sylla. - UNIVERSNEWS224<\/title>\n<meta name=\"robots\" content=\"index, follow, max-snippet:-1, max-image-preview:large, max-video-preview:-1\" \/>\n<link rel=\"canonical\" href=\"https:\/\/universnews224.com\/index.php\/convocation-del-hadj-cellou-dalein-diallo-a-la-crief-je-pense-que-linteret-quil-a-aujourdhui-cest-pour-venir-clarifier-cette-affaire-une-fois-po\/\" \/>\n<meta property=\"og:locale\" content=\"fr_FR\" \/>\n<meta property=\"og:type\" content=\"article\" \/>\n<meta property=\"og:title\" content=\"Convocation d\u2019El hadj Cellou Dalein Diallo \u00e0 la CRIEF: \u201cJe pense que l\u2019int\u00e9r\u00eat qu\u2019il a aujourd\u2019hui, c\u2019est pour venir clarifier cette affaire une fois pour toute&quot; Mamadou Sylla. - UNIVERSNEWS224\" \/>\n<meta property=\"og:description\" content=\"Invit\u00e9 de l\u2019\u00e9mission \u00abOn refait le monde\u00bb de Djoma de ce jeudi, 26 mai 2022,\" \/>\n<meta property=\"og:url\" content=\"https:\/\/universnews224.com\/index.php\/convocation-del-hadj-cellou-dalein-diallo-a-la-crief-je-pense-que-linteret-quil-a-aujourdhui-cest-pour-venir-clarifier-cette-affaire-une-fois-po\/\" \/>\n<meta property=\"og:site_name\" content=\"UNIVERSNEWS224\" \/>\n<meta property=\"article:published_time\" content=\"2022-05-26T20:43:55+00:00\" \/>\n<meta property=\"og:image\" content=\"https:\/\/universnews224.com\/wp-content\/uploads\/2022\/05\/598A038B-7988-4B0C-9FFF-57192ABFDD2E.jpeg\" \/>\n\t<meta property=\"og:image:width\" content=\"881\" \/>\n\t<meta property=\"og:image:height\" content=\"570\" \/>\n\t<meta property=\"og:image:type\" content=\"image\/jpeg\" \/>\n<meta name=\"author\" content=\"La R\u00e9daction\" \/>\n<meta name=\"twitter:label1\" content=\"\u00c9crit par\" \/>\n\t<meta name=\"twitter:data1\" content=\"La R\u00e9daction\" \/>\n\t<meta name=\"twitter:label2\" content=\"Dur\u00e9e de lecture estim\u00e9e\" \/>\n\t<meta name=\"twitter:data2\" content=\"2 minutes\" \/>\n<script type=\"application\/ld+json\" class=\"yoast-schema-graph\">{\"@context\":\"https:\/\/schema.org\",\"@graph\":[{\"@type\":\"Article\",\"@id\":\"https:\/\/universnews224.com\/index.php\/convocation-del-hadj-cellou-dalein-diallo-a-la-crief-je-pense-que-linteret-quil-a-aujourdhui-cest-pour-venir-clarifier-cette-affaire-une-fois-po\/#article\",\"isPartOf\":{\"@id\":\"https:\/\/universnews224.com\/index.php\/convocation-del-hadj-cellou-dalein-diallo-a-la-crief-je-pense-que-linteret-quil-a-aujourdhui-cest-pour-venir-clarifier-cette-affaire-une-fois-po\/\"},\"author\":{\"name\":\"La R\u00e9daction\",\"@id\":\"https:\/\/universnews224.com\/#\/schema\/person\/a4b7d4f94a4716df60456a491260485e\"},\"headline\":\"Convocation d\u2019El hadj Cellou Dalein Diallo \u00e0 la CRIEF: \u201cJe pense que l\u2019int\u00e9r\u00eat qu\u2019il a aujourd\u2019hui, c\u2019est pour venir clarifier cette affaire une fois pour toute\u00a0\u00bb Mamadou Sylla.\",\"datePublished\":\"2022-05-26T20:43:55+00:00\",\"dateModified\":\"2022-05-26T20:43:55+00:00\",\"mainEntityOfPage\":{\"@id\":\"https:\/\/universnews224.com\/index.php\/convocation-del-hadj-cellou-dalein-diallo-a-la-crief-je-pense-que-linteret-quil-a-aujourdhui-cest-pour-venir-clarifier-cette-affaire-une-fois-po\/\"},\"wordCount\":343,\"publisher\":{\"@id\":\"https:\/\/universnews224.com\/#organization\"},\"keywords\":[\"La une\"],\"articleSection\":[\"ACTU\",\"POLITIQUE\"],\"inLanguage\":\"fr-FR\"},{\"@type\":\"WebPage\",\"@id\":\"https:\/\/universnews224.com\/index.php\/convocation-del-hadj-cellou-dalein-diallo-a-la-crief-je-pense-que-linteret-quil-a-aujourdhui-cest-pour-venir-clarifier-cette-affaire-une-fois-po\/\",\"url\":\"https:\/\/universnews224.com\/index.php\/convocation-del-hadj-cellou-dalein-diallo-a-la-crief-je-pense-que-linteret-quil-a-aujourdhui-cest-pour-venir-clarifier-cette-affaire-une-fois-po\/\",\"name\":\"Convocation d\u2019El hadj Cellou Dalein Diallo \u00e0 la CRIEF: \u201cJe pense que l\u2019int\u00e9r\u00eat qu\u2019il a aujourd\u2019hui, c\u2019est pour venir clarifier cette affaire une fois pour toute\\\" Mamadou Sylla. - UNIVERSNEWS224\",\"isPartOf\":{\"@id\":\"https:\/\/universnews224.com\/#website\"},\"datePublished\":\"2022-05-26T20:43:55+00:00\",\"dateModified\":\"2022-05-26T20:43:55+00:00\",\"inLanguage\":\"fr-FR\",\"potentialAction\":[{\"@type\":\"ReadAction\",\"target\":[\"https:\/\/universnews224.com\/index.php\/convocation-del-hadj-cellou-dalein-diallo-a-la-crief-je-pense-que-linteret-quil-a-aujourdhui-cest-pour-venir-clarifier-cette-affaire-une-fois-po\/\"]}]},{\"@type\":\"WebSite\",\"@id\":\"https:\/\/universnews224.com\/#website\",\"url\":\"https:\/\/universnews224.com\/\",\"name\":\"UNIVERSNEWS224\",\"description\":\"\",\"publisher\":{\"@id\":\"https:\/\/universnews224.com\/#organization\"},\"potentialAction\":[{\"@type\":\"SearchAction\",\"target\":{\"@type\":\"EntryPoint\",\"urlTemplate\":\"https:\/\/universnews224.com\/?s={search_term_string}\"},\"query-input\":\"required name=search_term_string\"}],\"inLanguage\":\"fr-FR\"},{\"@type\":\"Organization\",\"@id\":\"https:\/\/universnews224.com\/#organization\",\"name\":\"UNIVERSNEWS224\",\"url\":\"https:\/\/universnews224.com\/\",\"logo\":{\"@type\":\"ImageObject\",\"inLanguage\":\"fr-FR\",\"@id\":\"https:\/\/universnews224.com\/#\/schema\/logo\/image\/\",\"url\":\"https:\/\/universnews224.com\/wp-content\/uploads\/2022\/08\/cropped-cropped-logoban.jpg\",\"contentUrl\":\"https:\/\/universnews224.com\/wp-content\/uploads\/2022\/08\/cropped-cropped-logoban.jpg\",\"width\":1080,\"height\":138,\"caption\":\"UNIVERSNEWS224\"},\"image\":{\"@id\":\"https:\/\/universnews224.com\/#\/schema\/logo\/image\/\"}},{\"@type\":\"Person\",\"@id\":\"https:\/\/universnews224.com\/#\/schema\/person\/a4b7d4f94a4716df60456a491260485e\",\"name\":\"La R\u00e9daction\",\"image\":{\"@type\":\"ImageObject\",\"inLanguage\":\"fr-FR\",\"@id\":\"https:\/\/universnews224.com\/#\/schema\/person\/image\/\",\"url\":\"https:\/\/secure.gravatar.com\/avatar\/edb90acc7752b23e1b3307ad36c14f0d?s=96&d=mm&r=g\",\"contentUrl\":\"https:\/\/secure.gravatar.com\/avatar\/edb90acc7752b23e1b3307ad36c14f0d?s=96&d=mm&r=g\",\"caption\":\"La R\u00e9daction\"},\"sameAs\":[\"https:\/\/universnews224.com\"],\"url\":\"https:\/\/universnews224.com\/index.php\/author\/m-camara\/\"}]}<\/script>\n<!-- \/ Yoast SEO plugin. -->","yoast_head_json":{"title":"Convocation d\u2019El hadj Cellou Dalein Diallo \u00e0 la CRIEF: \u201cJe pense que l\u2019int\u00e9r\u00eat qu\u2019il a aujourd\u2019hui, c\u2019est pour venir clarifier cette affaire une fois pour toute\" Mamadou Sylla. - UNIVERSNEWS224","robots":{"index":"index","follow":"follow","max-snippet":"max-snippet:-1","max-image-preview":"max-image-preview:large","max-video-preview":"max-video-preview:-1"},"canonical":"https:\/\/universnews224.com\/index.php\/convocation-del-hadj-cellou-dalein-diallo-a-la-crief-je-pense-que-linteret-quil-a-aujourdhui-cest-pour-venir-clarifier-cette-affaire-une-fois-po\/","og_locale":"fr_FR","og_type":"article","og_title":"Convocation d\u2019El hadj Cellou Dalein Diallo \u00e0 la CRIEF: \u201cJe pense que l\u2019int\u00e9r\u00eat qu\u2019il a aujourd\u2019hui, c\u2019est pour venir clarifier cette affaire une fois pour toute\" Mamadou Sylla. - UNIVERSNEWS224","og_description":"Invit\u00e9 de l\u2019\u00e9mission \u00abOn refait le monde\u00bb de Djoma de ce jeudi, 26 mai 2022,","og_url":"https:\/\/universnews224.com\/index.php\/convocation-del-hadj-cellou-dalein-diallo-a-la-crief-je-pense-que-linteret-quil-a-aujourdhui-cest-pour-venir-clarifier-cette-affaire-une-fois-po\/","og_site_name":"UNIVERSNEWS224","article_published_time":"2022-05-26T20:43:55+00:00","og_image":[{"width":881,"height":570,"url":"https:\/\/universnews224.com\/wp-content\/uploads\/2022\/05\/598A038B-7988-4B0C-9FFF-57192ABFDD2E.jpeg","type":"image\/jpeg"}],"author":"La R\u00e9daction","twitter_misc":{"\u00c9crit par":"La R\u00e9daction","Dur\u00e9e de lecture estim\u00e9e":"2 minutes"},"schema":{"@context":"https:\/\/schema.org","@graph":[{"@type":"Article","@id":"https:\/\/universnews224.com\/index.php\/convocation-del-hadj-cellou-dalein-diallo-a-la-crief-je-pense-que-linteret-quil-a-aujourdhui-cest-pour-venir-clarifier-cette-affaire-une-fois-po\/#article","isPartOf":{"@id":"https:\/\/universnews224.com\/index.php\/convocation-del-hadj-cellou-dalein-diallo-a-la-crief-je-pense-que-linteret-quil-a-aujourdhui-cest-pour-venir-clarifier-cette-affaire-une-fois-po\/"},"author":{"name":"La R\u00e9daction","@id":"https:\/\/universnews224.com\/#\/schema\/person\/a4b7d4f94a4716df60456a491260485e"},"headline":"Convocation d\u2019El hadj Cellou Dalein Diallo \u00e0 la CRIEF: \u201cJe pense que l\u2019int\u00e9r\u00eat qu\u2019il a aujourd\u2019hui, c\u2019est pour venir clarifier cette affaire une fois pour toute\u00a0\u00bb Mamadou Sylla.","datePublished":"2022-05-26T20:43:55+00:00","dateModified":"2022-05-26T20:43:55+00:00","mainEntityOfPage":{"@id":"https:\/\/universnews224.com\/index.php\/convocation-del-hadj-cellou-dalein-diallo-a-la-crief-je-pense-que-linteret-quil-a-aujourdhui-cest-pour-venir-clarifier-cette-affaire-une-fois-po\/"},"wordCount":343,"publisher":{"@id":"https:\/\/universnews224.com\/#organization"},"keywords":["La une"],"articleSection":["ACTU","POLITIQUE"],"inLanguage":"fr-FR"},{"@type":"WebPage","@id":"https:\/\/universnews224.com\/index.php\/convocation-del-hadj-cellou-dalein-diallo-a-la-crief-je-pense-que-linteret-quil-a-aujourdhui-cest-pour-venir-clarifier-cette-affaire-une-fois-po\/","url":"https:\/\/universnews224.com\/index.php\/convocation-del-hadj-cellou-dalein-diallo-a-la-crief-je-pense-que-linteret-quil-a-aujourdhui-cest-pour-venir-clarifier-cette-affaire-une-fois-po\/","name":"Convocation d\u2019El hadj Cellou Dalein Diallo \u00e0 la CRIEF: \u201cJe pense que l\u2019int\u00e9r\u00eat qu\u2019il a aujourd\u2019hui, c\u2019est pour venir clarifier cette affaire une fois pour toute\" Mamadou Sylla. - UNIVERSNEWS224","isPartOf":{"@id":"https:\/\/universnews224.com\/#website"},"datePublished":"2022-05-26T20:43:55+00:00","dateModified":"2022-05-26T20:43:55+00:00","inLanguage":"fr-FR","potentialAction":[{"@type":"ReadAction","target":["https:\/\/universnews224.com\/index.php\/convocation-del-hadj-cellou-dalein-diallo-a-la-crief-je-pense-que-linteret-quil-a-aujourdhui-cest-pour-venir-clarifier-cette-affaire-une-fois-po\/"]}]},{"@type":"WebSite","@id":"https:\/\/universnews224.com\/#website","url":"https:\/\/universnews224.com\/","name":"UNIVERSNEWS224","description":"","publisher":{"@id":"https:\/\/universnews224.com\/#organization"},"potentialAction":[{"@type":"SearchAction","target":{"@type":"EntryPoint","urlTemplate":"https:\/\/universnews224.com\/?s={search_term_string}"},"query-input":"required name=search_term_string"}],"inLanguage":"fr-FR"},{"@type":"Organization","@id":"https:\/\/universnews224.com\/#organization","name":"UNIVERSNEWS224","url":"https:\/\/universnews224.com\/","logo":{"@type":"ImageObject","inLanguage":"fr-FR","@id":"https:\/\/universnews224.com\/#\/schema\/logo\/image\/","url":"https:\/\/universnews224.com\/wp-content\/uploads\/2022\/08\/cropped-cropped-logoban.jpg","contentUrl":"https:\/\/universnews224.com\/wp-content\/uploads\/2022\/08\/cropped-cropped-logoban.jpg","width":1080,"height":138,"caption":"UNIVERSNEWS224"},"image":{"@id":"https:\/\/universnews224.com\/#\/schema\/logo\/image\/"}},{"@type":"Person","@id":"https:\/\/universnews224.com\/#\/schema\/person\/a4b7d4f94a4716df60456a491260485e","name":"La R\u00e9daction","image":{"@type":"ImageObject","inLanguage":"fr-FR","@id":"https:\/\/universnews224.com\/#\/schema\/person\/image\/","url":"https:\/\/secure.gravatar.com\/avatar\/edb90acc7752b23e1b3307ad36c14f0d?s=96&d=mm&r=g","contentUrl":"https:\/\/secure.gravatar.com\/avatar\/edb90acc7752b23e1b3307ad36c14f0d?s=96&d=mm&r=g","caption":"La R\u00e9daction"},"sameAs":["https:\/\/universnews224.com"],"url":"https:\/\/universnews224.com\/index.php\/author\/m-camara\/"}]}},"_links":{"self":[{"href":"https:\/\/universnews224.com\/index.php\/wp-json\/wp\/v2\/posts\/1471"}],"collection":[{"href":"https:\/\/universnews224.com\/index.php\/wp-json\/wp\/v2\/posts"}],"about":[{"href":"https:\/\/universnews224.com\/index.php\/wp-json\/wp\/v2\/types\/post"}],"author":[{"embeddable":true,"href":"https:\/\/universnews224.com\/index.php\/wp-json\/wp\/v2\/users\/2"}],"replies":[{"embeddable":true,"href":"https:\/\/universnews224.com\/index.php\/wp-json\/wp\/v2\/comments?post=1471"}],"version-history":[{"count":1,"href":"https:\/\/universnews224.com\/index.php\/wp-json\/wp\/v2\/posts\/1471\/revisions"}],"predecessor-version":[{"id":1473,"href":"https:\/\/universnews224.com\/index.php\/wp-json\/wp\/v2\/posts\/1471\/revisions\/1473"}],"wp:featuredmedia":[{"embeddable":true,"href":"https:\/\/universnews224.com\/index.php\/wp-json\/wp\/v2\/media\/1472"}],"wp:attachment":[{"href":"https:\/\/universnews224.com\/index.php\/wp-json\/wp\/v2\/media?parent=1471"}],"wp:term":[{"taxonomy":"category","embeddable":true,"href":"https:\/\/universnews224.com\/index.php\/wp-json\/wp\/v2\/categories?post=1471"},{"taxonomy":"post_tag","embeddable":true,"href":"https:\/\/universnews224.com\/index.php\/wp-json\/wp\/v2\/tags?post=1471"}],"curies":[{"name":"wp","href":"https:\/\/api.w.org\/{rel}","templated":true}]}}