{"id":1476,"date":"2022-05-29T19:50:54","date_gmt":"2022-05-29T18:50:54","guid":{"rendered":"https:\/\/universnews224.com\/?p=1476"},"modified":"2022-05-29T19:50:54","modified_gmt":"2022-05-29T18:50:54","slug":"seikou-yaya-barry-sur-les-propos-du-premier-ministre-tenus-a-zerekoure-cest-honteux-pour-lintellectuel-qui-a-vecu-dans-un-pays-ou-les-droits-sont-respectes","status":"publish","type":"post","link":"https:\/\/universnews224.com\/index.php\/seikou-yaya-barry-sur-les-propos-du-premier-ministre-tenus-a-zerekoure-cest-honteux-pour-lintellectuel-qui-a-vecu-dans-un-pays-ou-les-droits-sont-respectes\/","title":{"rendered":"Se\u00efkou Yaya Barry sur les propos du premier ministre tenus \u00e0 Z\u00e9rekour\u00e9:\u201c C\u2019est honteux pour l\u2019intellectuel qui a v\u00e9cu dans un pays o\u00f9 les droits sont respect\u00e9s\u00a0\u00bb."},"content":{"rendered":"<p>Prenant part \u00e0 l\u2019assembl\u00e9e g\u00e9n\u00e9rale hebdomadaire de son parti tenue ce samedi, 28 mai 2022 \u00e0 Matam, le secr\u00e9taire ex\u00e9cutif de l\u2019UFR, Se\u00efkou Yaya Barry, a fustig\u00e9 les propos tenus \u00e0 N\u2019Z\u00e9r\u00e9kor\u00e9 par le premier ministre, Mohamed B\u00e9avogu qui a invit\u00e9 les jeunes\u00ab ne pas accepter de mourir quelqu\u2019un\u00bb.<\/p>\n<p>Selon lui, un premier ministre ne doit tenir pas de tels propos.<\/p>\n<p>\u201cNous avons \u00e9cout\u00e9 un premier ministre malheureux, qui s\u2019est comport\u00e9 de fa\u00e7on tr\u00e8s d\u00e9sagr\u00e9able vis \u00e0 vis de ces compatriotes guin\u00e9ens pour qui, on avait beaucoup d\u2019estime. On a parl\u00e9 de lui, on pensait qu\u2019il \u00e9tait bon, parce que la soci\u00e9t\u00e9 civile a pens\u00e9 \u00e0 lui en 2007. \u00a0On a dit oui, si c\u2019est lui, le pays va se d\u00e9velopper. Mais l\u2019\u00e9l\u00e9phant a accouch\u00e9 d\u2019une souris. Mais, c\u2019est dommage. Il devrait garantir que c\u2019est quand m\u00eame les manifestations qui les a envoy\u00e9 l\u00e0, c\u2019est nous qui avons manifest\u00e9. J\u2019attends les gens dire que nous sommes aller \u00e0 la mort, non, c\u2019est nous (classe politique) qui est all\u00e9 \u00e0 \u00a0la mort, parce qu\u2019on \u00e9tait d\u00e9sarm\u00e9. Si on avait ce qu\u2019eux, ils avaient l\u00e0, longtemps Alpha Cond\u00e9 serait parti. Mais comme c\u2019est eux qu\u2019ils avaient ce qu\u2019ils avaient l\u00e0, ils ont attendu le moment opportun pour eux, pour faire le coup d\u2019\u00c9tat. Il faut qu\u2019il arr\u00eate. Mais, si Mohamed B\u00e9avogui permet d\u2019aller l\u00e0-bas dire \u00e7a, parce que tout simplement dans les privil\u00e8ges du pouvoir, ils ont les VA, o\u00f9 ils le carburant de l\u2019\u00c9tat, ils sont pay\u00e9s par l\u2019\u00c9tat, les avantages l\u00e0 \u00a0qu\u2019ils ne veulent pas perdre pour dire que, ne mourrez pas pour quelqu\u2019un, mais qui meurt pour quelqu\u2019un ici. Qui se bat pour quelqu\u2019un ici? On se bat pourquoi? On se bat parce qu\u2019on n\u2019a pas d\u2019emploi, on se bat parce qu\u2019il n y pas de bonnes routes. Mais la route l\u00e0, c\u2019est pour le politicien? Quand il y a une bonne route, qu\u2019est-ce que c\u2019est pour Sydia? Quand il y des h\u00f4pitaux, qu\u2019est-ce que c\u2019est pour Sydia? Mais, on se bat parce qu\u2019on sait que Sydia peut faire en sorte que cela soit obtenu, c\u2019est pourquoi on se bat derri\u00e8re lui. Il ignore compl\u00e8tement ce qui est la militantisme dans un parti politique. Ils sont entrain de berner les jeunes \u00e0 la base en disant ne mourrez pas pour quelqu\u2019un, mais tu peux que les gens meurent pour toi B\u00e9a?, \u00a0a t-il d\u00e9clar\u00e9 avant enfoncer le clou.<\/p>\n<p>\u201cC\u2019\u00e9tait lamentable, ce comportement. C\u2019est honteux pour l\u2019intellectuel qui a v\u00e9cu dans un pays o\u00f9 les droits sont respect\u00e9s. \u00a0Parce qu\u2019on a pens\u00e9 qu\u2019il va imprimer au moins un tout petit peu de ce qu\u2019il a connu \u00e0 l\u2019\u00e9tranger, m\u00eame \u00e7a, il est incapable. Mais je suis d\u00e9\u00e7u de lui. C\u2019\u00e9tait lui qui devait \u00eatre le conseiller de Mamadi Doumbouya, pour lui dire attention! Allons comme \u00e7a, faisons \u00e7a, mais il est incapable de faire ce travail. Ces communications lamentables sont entrain d\u2019enfoncer Mamadi Doumbouya pour qui, j\u2019ai de respect, mais qui est malheureusement mal entour\u00e9 a indiqu\u00e9 ce ancien d\u00e9put\u00e9 \u00e0 l\u2019assembl\u00e9e nationale.<\/p>\n<p>Mohamed Camara<\/p>\n","protected":false},"excerpt":{"rendered":"<p>Prenant part \u00e0 l\u2019assembl\u00e9e g\u00e9n\u00e9rale hebdomadaire de son parti tenue ce samedi, 28 mai 2022<\/p>\n","protected":false},"author":2,"featured_media":1477,"comment_status":"closed","ping_status":"open","sticky":false,"template":"","format":"standard","meta":[],"categories":[3,4],"tags":[229],"yoast_head":"<!-- This site is optimized with the Yoast SEO plugin v19.13 - https:\/\/yoast.com\/wordpress\/plugins\/seo\/ -->\n<title>Se\u00efkou Yaya Barry sur les propos du premier ministre tenus \u00e0 Z\u00e9rekour\u00e9:\u201c C\u2019est honteux pour l\u2019intellectuel qui a v\u00e9cu dans un pays o\u00f9 les droits sont respect\u00e9s&quot;. - UNIVERSNEWS224<\/title>\n<meta name=\"robots\" content=\"index, follow, max-snippet:-1, max-image-preview:large, max-video-preview:-1\" \/>\n<link rel=\"canonical\" href=\"https:\/\/universnews224.com\/index.php\/seikou-yaya-barry-sur-les-propos-du-premier-ministre-tenus-a-zerekoure-cest-honteux-pour-lintellectuel-qui-a-vecu-dans-un-pays-ou-les-droits-sont-respectes\/\" \/>\n<meta property=\"og:locale\" content=\"fr_FR\" \/>\n<meta property=\"og:type\" content=\"article\" \/>\n<meta property=\"og:title\" content=\"Se\u00efkou Yaya Barry sur les propos du premier ministre tenus \u00e0 Z\u00e9rekour\u00e9:\u201c C\u2019est honteux pour l\u2019intellectuel qui a v\u00e9cu dans un pays o\u00f9 les droits sont respect\u00e9s&quot;. - UNIVERSNEWS224\" \/>\n<meta property=\"og:description\" content=\"Prenant part \u00e0 l\u2019assembl\u00e9e g\u00e9n\u00e9rale hebdomadaire de son parti tenue ce samedi, 28 mai 2022\" \/>\n<meta property=\"og:url\" content=\"https:\/\/universnews224.com\/index.php\/seikou-yaya-barry-sur-les-propos-du-premier-ministre-tenus-a-zerekoure-cest-honteux-pour-lintellectuel-qui-a-vecu-dans-un-pays-ou-les-droits-sont-respectes\/\" \/>\n<meta property=\"og:site_name\" content=\"UNIVERSNEWS224\" \/>\n<meta property=\"article:published_time\" content=\"2022-05-29T18:50:54+00:00\" \/>\n<meta property=\"og:image\" content=\"https:\/\/universnews224.com\/wp-content\/uploads\/2022\/05\/6EE8C3FF-98ED-4A6B-9BDB-EE809984CC84-scaled.jpeg\" \/>\n\t<meta property=\"og:image:width\" content=\"2560\" \/>\n\t<meta property=\"og:image:height\" content=\"1920\" \/>\n\t<meta property=\"og:image:type\" content=\"image\/jpeg\" \/>\n<meta name=\"author\" content=\"La R\u00e9daction\" \/>\n<meta name=\"twitter:label1\" content=\"\u00c9crit par\" \/>\n\t<meta name=\"twitter:data1\" content=\"La R\u00e9daction\" \/>\n\t<meta name=\"twitter:label2\" content=\"Dur\u00e9e de lecture estim\u00e9e\" \/>\n\t<meta name=\"twitter:data2\" content=\"3 minutes\" \/>\n<script type=\"application\/ld+json\" class=\"yoast-schema-graph\">{\"@context\":\"https:\/\/schema.org\",\"@graph\":[{\"@type\":\"Article\",\"@id\":\"https:\/\/universnews224.com\/index.php\/seikou-yaya-barry-sur-les-propos-du-premier-ministre-tenus-a-zerekoure-cest-honteux-pour-lintellectuel-qui-a-vecu-dans-un-pays-ou-les-droits-sont-respectes\/#article\",\"isPartOf\":{\"@id\":\"https:\/\/universnews224.com\/index.php\/seikou-yaya-barry-sur-les-propos-du-premier-ministre-tenus-a-zerekoure-cest-honteux-pour-lintellectuel-qui-a-vecu-dans-un-pays-ou-les-droits-sont-respectes\/\"},\"author\":{\"name\":\"La R\u00e9daction\",\"@id\":\"https:\/\/universnews224.com\/#\/schema\/person\/a4b7d4f94a4716df60456a491260485e\"},\"headline\":\"Se\u00efkou Yaya Barry sur les propos du premier ministre tenus \u00e0 Z\u00e9rekour\u00e9:\u201c C\u2019est honteux pour l\u2019intellectuel qui a v\u00e9cu dans un pays o\u00f9 les droits sont respect\u00e9s\u00a0\u00bb.\",\"datePublished\":\"2022-05-29T18:50:54+00:00\",\"dateModified\":\"2022-05-29T18:50:54+00:00\",\"mainEntityOfPage\":{\"@id\":\"https:\/\/universnews224.com\/index.php\/seikou-yaya-barry-sur-les-propos-du-premier-ministre-tenus-a-zerekoure-cest-honteux-pour-lintellectuel-qui-a-vecu-dans-un-pays-ou-les-droits-sont-respectes\/\"},\"wordCount\":611,\"publisher\":{\"@id\":\"https:\/\/universnews224.com\/#organization\"},\"keywords\":[\"La une\"],\"articleSection\":[\"ACTU\",\"POLITIQUE\"],\"inLanguage\":\"fr-FR\"},{\"@type\":\"WebPage\",\"@id\":\"https:\/\/universnews224.com\/index.php\/seikou-yaya-barry-sur-les-propos-du-premier-ministre-tenus-a-zerekoure-cest-honteux-pour-lintellectuel-qui-a-vecu-dans-un-pays-ou-les-droits-sont-respectes\/\",\"url\":\"https:\/\/universnews224.com\/index.php\/seikou-yaya-barry-sur-les-propos-du-premier-ministre-tenus-a-zerekoure-cest-honteux-pour-lintellectuel-qui-a-vecu-dans-un-pays-ou-les-droits-sont-respectes\/\",\"name\":\"Se\u00efkou Yaya Barry sur les propos du premier ministre tenus \u00e0 Z\u00e9rekour\u00e9:\u201c C\u2019est honteux pour l\u2019intellectuel qui a v\u00e9cu dans un pays o\u00f9 les droits sont respect\u00e9s\\\". - UNIVERSNEWS224\",\"isPartOf\":{\"@id\":\"https:\/\/universnews224.com\/#website\"},\"datePublished\":\"2022-05-29T18:50:54+00:00\",\"dateModified\":\"2022-05-29T18:50:54+00:00\",\"inLanguage\":\"fr-FR\",\"potentialAction\":[{\"@type\":\"ReadAction\",\"target\":[\"https:\/\/universnews224.com\/index.php\/seikou-yaya-barry-sur-les-propos-du-premier-ministre-tenus-a-zerekoure-cest-honteux-pour-lintellectuel-qui-a-vecu-dans-un-pays-ou-les-droits-sont-respectes\/\"]}]},{\"@type\":\"WebSite\",\"@id\":\"https:\/\/universnews224.com\/#website\",\"url\":\"https:\/\/universnews224.com\/\",\"name\":\"UNIVERSNEWS224\",\"description\":\"\",\"publisher\":{\"@id\":\"https:\/\/universnews224.com\/#organization\"},\"potentialAction\":[{\"@type\":\"SearchAction\",\"target\":{\"@type\":\"EntryPoint\",\"urlTemplate\":\"https:\/\/universnews224.com\/?s={search_term_string}\"},\"query-input\":\"required name=search_term_string\"}],\"inLanguage\":\"fr-FR\"},{\"@type\":\"Organization\",\"@id\":\"https:\/\/universnews224.com\/#organization\",\"name\":\"UNIVERSNEWS224\",\"url\":\"https:\/\/universnews224.com\/\",\"logo\":{\"@type\":\"ImageObject\",\"inLanguage\":\"fr-FR\",\"@id\":\"https:\/\/universnews224.com\/#\/schema\/logo\/image\/\",\"url\":\"https:\/\/universnews224.com\/wp-content\/uploads\/2022\/08\/cropped-cropped-logoban.jpg\",\"contentUrl\":\"https:\/\/universnews224.com\/wp-content\/uploads\/2022\/08\/cropped-cropped-logoban.jpg\",\"width\":1080,\"height\":138,\"caption\":\"UNIVERSNEWS224\"},\"image\":{\"@id\":\"https:\/\/universnews224.com\/#\/schema\/logo\/image\/\"}},{\"@type\":\"Person\",\"@id\":\"https:\/\/universnews224.com\/#\/schema\/person\/a4b7d4f94a4716df60456a491260485e\",\"name\":\"La R\u00e9daction\",\"image\":{\"@type\":\"ImageObject\",\"inLanguage\":\"fr-FR\",\"@id\":\"https:\/\/universnews224.com\/#\/schema\/person\/image\/\",\"url\":\"https:\/\/secure.gravatar.com\/avatar\/edb90acc7752b23e1b3307ad36c14f0d?s=96&d=mm&r=g\",\"contentUrl\":\"https:\/\/secure.gravatar.com\/avatar\/edb90acc7752b23e1b3307ad36c14f0d?s=96&d=mm&r=g\",\"caption\":\"La R\u00e9daction\"},\"sameAs\":[\"https:\/\/universnews224.com\"],\"url\":\"https:\/\/universnews224.com\/index.php\/author\/m-camara\/\"}]}<\/script>\n<!-- \/ Yoast SEO plugin. -->","yoast_head_json":{"title":"Se\u00efkou Yaya Barry sur les propos du premier ministre tenus \u00e0 Z\u00e9rekour\u00e9:\u201c C\u2019est honteux pour l\u2019intellectuel qui a v\u00e9cu dans un pays o\u00f9 les droits sont respect\u00e9s\". - UNIVERSNEWS224","robots":{"index":"index","follow":"follow","max-snippet":"max-snippet:-1","max-image-preview":"max-image-preview:large","max-video-preview":"max-video-preview:-1"},"canonical":"https:\/\/universnews224.com\/index.php\/seikou-yaya-barry-sur-les-propos-du-premier-ministre-tenus-a-zerekoure-cest-honteux-pour-lintellectuel-qui-a-vecu-dans-un-pays-ou-les-droits-sont-respectes\/","og_locale":"fr_FR","og_type":"article","og_title":"Se\u00efkou Yaya Barry sur les propos du premier ministre tenus \u00e0 Z\u00e9rekour\u00e9:\u201c C\u2019est honteux pour l\u2019intellectuel qui a v\u00e9cu dans un pays o\u00f9 les droits sont respect\u00e9s\". - UNIVERSNEWS224","og_description":"Prenant part \u00e0 l\u2019assembl\u00e9e g\u00e9n\u00e9rale hebdomadaire de son parti tenue ce samedi, 28 mai 2022","og_url":"https:\/\/universnews224.com\/index.php\/seikou-yaya-barry-sur-les-propos-du-premier-ministre-tenus-a-zerekoure-cest-honteux-pour-lintellectuel-qui-a-vecu-dans-un-pays-ou-les-droits-sont-respectes\/","og_site_name":"UNIVERSNEWS224","article_published_time":"2022-05-29T18:50:54+00:00","og_image":[{"width":2560,"height":1920,"url":"https:\/\/universnews224.com\/wp-content\/uploads\/2022\/05\/6EE8C3FF-98ED-4A6B-9BDB-EE809984CC84-scaled.jpeg","type":"image\/jpeg"}],"author":"La R\u00e9daction","twitter_misc":{"\u00c9crit par":"La R\u00e9daction","Dur\u00e9e de lecture estim\u00e9e":"3 minutes"},"schema":{"@context":"https:\/\/schema.org","@graph":[{"@type":"Article","@id":"https:\/\/universnews224.com\/index.php\/seikou-yaya-barry-sur-les-propos-du-premier-ministre-tenus-a-zerekoure-cest-honteux-pour-lintellectuel-qui-a-vecu-dans-un-pays-ou-les-droits-sont-respectes\/#article","isPartOf":{"@id":"https:\/\/universnews224.com\/index.php\/seikou-yaya-barry-sur-les-propos-du-premier-ministre-tenus-a-zerekoure-cest-honteux-pour-lintellectuel-qui-a-vecu-dans-un-pays-ou-les-droits-sont-respectes\/"},"author":{"name":"La R\u00e9daction","@id":"https:\/\/universnews224.com\/#\/schema\/person\/a4b7d4f94a4716df60456a491260485e"},"headline":"Se\u00efkou Yaya Barry sur les propos du premier ministre tenus \u00e0 Z\u00e9rekour\u00e9:\u201c C\u2019est honteux pour l\u2019intellectuel qui a v\u00e9cu dans un pays o\u00f9 les droits sont respect\u00e9s\u00a0\u00bb.","datePublished":"2022-05-29T18:50:54+00:00","dateModified":"2022-05-29T18:50:54+00:00","mainEntityOfPage":{"@id":"https:\/\/universnews224.com\/index.php\/seikou-yaya-barry-sur-les-propos-du-premier-ministre-tenus-a-zerekoure-cest-honteux-pour-lintellectuel-qui-a-vecu-dans-un-pays-ou-les-droits-sont-respectes\/"},"wordCount":611,"publisher":{"@id":"https:\/\/universnews224.com\/#organization"},"keywords":["La une"],"articleSection":["ACTU","POLITIQUE"],"inLanguage":"fr-FR"},{"@type":"WebPage","@id":"https:\/\/universnews224.com\/index.php\/seikou-yaya-barry-sur-les-propos-du-premier-ministre-tenus-a-zerekoure-cest-honteux-pour-lintellectuel-qui-a-vecu-dans-un-pays-ou-les-droits-sont-respectes\/","url":"https:\/\/universnews224.com\/index.php\/seikou-yaya-barry-sur-les-propos-du-premier-ministre-tenus-a-zerekoure-cest-honteux-pour-lintellectuel-qui-a-vecu-dans-un-pays-ou-les-droits-sont-respectes\/","name":"Se\u00efkou Yaya Barry sur les propos du premier ministre tenus \u00e0 Z\u00e9rekour\u00e9:\u201c C\u2019est honteux pour l\u2019intellectuel qui a v\u00e9cu dans un pays o\u00f9 les droits sont respect\u00e9s\". - UNIVERSNEWS224","isPartOf":{"@id":"https:\/\/universnews224.com\/#website"},"datePublished":"2022-05-29T18:50:54+00:00","dateModified":"2022-05-29T18:50:54+00:00","inLanguage":"fr-FR","potentialAction":[{"@type":"ReadAction","target":["https:\/\/universnews224.com\/index.php\/seikou-yaya-barry-sur-les-propos-du-premier-ministre-tenus-a-zerekoure-cest-honteux-pour-lintellectuel-qui-a-vecu-dans-un-pays-ou-les-droits-sont-respectes\/"]}]},{"@type":"WebSite","@id":"https:\/\/universnews224.com\/#website","url":"https:\/\/universnews224.com\/","name":"UNIVERSNEWS224","description":"","publisher":{"@id":"https:\/\/universnews224.com\/#organization"},"potentialAction":[{"@type":"SearchAction","target":{"@type":"EntryPoint","urlTemplate":"https:\/\/universnews224.com\/?s={search_term_string}"},"query-input":"required name=search_term_string"}],"inLanguage":"fr-FR"},{"@type":"Organization","@id":"https:\/\/universnews224.com\/#organization","name":"UNIVERSNEWS224","url":"https:\/\/universnews224.com\/","logo":{"@type":"ImageObject","inLanguage":"fr-FR","@id":"https:\/\/universnews224.com\/#\/schema\/logo\/image\/","url":"https:\/\/universnews224.com\/wp-content\/uploads\/2022\/08\/cropped-cropped-logoban.jpg","contentUrl":"https:\/\/universnews224.com\/wp-content\/uploads\/2022\/08\/cropped-cropped-logoban.jpg","width":1080,"height":138,"caption":"UNIVERSNEWS224"},"image":{"@id":"https:\/\/universnews224.com\/#\/schema\/logo\/image\/"}},{"@type":"Person","@id":"https:\/\/universnews224.com\/#\/schema\/person\/a4b7d4f94a4716df60456a491260485e","name":"La R\u00e9daction","image":{"@type":"ImageObject","inLanguage":"fr-FR","@id":"https:\/\/universnews224.com\/#\/schema\/person\/image\/","url":"https:\/\/secure.gravatar.com\/avatar\/edb90acc7752b23e1b3307ad36c14f0d?s=96&d=mm&r=g","contentUrl":"https:\/\/secure.gravatar.com\/avatar\/edb90acc7752b23e1b3307ad36c14f0d?s=96&d=mm&r=g","caption":"La R\u00e9daction"},"sameAs":["https:\/\/universnews224.com"],"url":"https:\/\/universnews224.com\/index.php\/author\/m-camara\/"}]}},"_links":{"self":[{"href":"https:\/\/universnews224.com\/index.php\/wp-json\/wp\/v2\/posts\/1476"}],"collection":[{"href":"https:\/\/universnews224.com\/index.php\/wp-json\/wp\/v2\/posts"}],"about":[{"href":"https:\/\/universnews224.com\/index.php\/wp-json\/wp\/v2\/types\/post"}],"author":[{"embeddable":true,"href":"https:\/\/universnews224.com\/index.php\/wp-json\/wp\/v2\/users\/2"}],"replies":[{"embeddable":true,"href":"https:\/\/universnews224.com\/index.php\/wp-json\/wp\/v2\/comments?post=1476"}],"version-history":[{"count":1,"href":"https:\/\/universnews224.com\/index.php\/wp-json\/wp\/v2\/posts\/1476\/revisions"}],"predecessor-version":[{"id":1478,"href":"https:\/\/universnews224.com\/index.php\/wp-json\/wp\/v2\/posts\/1476\/revisions\/1478"}],"wp:featuredmedia":[{"embeddable":true,"href":"https:\/\/universnews224.com\/index.php\/wp-json\/wp\/v2\/media\/1477"}],"wp:attachment":[{"href":"https:\/\/universnews224.com\/index.php\/wp-json\/wp\/v2\/media?parent=1476"}],"wp:term":[{"taxonomy":"category","embeddable":true,"href":"https:\/\/universnews224.com\/index.php\/wp-json\/wp\/v2\/categories?post=1476"},{"taxonomy":"post_tag","embeddable":true,"href":"https:\/\/universnews224.com\/index.php\/wp-json\/wp\/v2\/tags?post=1476"}],"curies":[{"name":"wp","href":"https:\/\/api.w.org\/{rel}","templated":true}]}}