{"id":1492,"date":"2022-06-01T08:32:27","date_gmt":"2022-06-01T07:32:27","guid":{"rendered":"https:\/\/universnews224.com\/?p=1492"},"modified":"2022-06-01T08:32:27","modified_gmt":"2022-06-01T07:32:27","slug":"bogola-haba-si-m-le-president-de-lufdg-est-convoque-il-doit-etre-le-premier-a-accelerer-les-pas-pour-aller-repondre-a-cette-convocation","status":"publish","type":"post","link":"https:\/\/universnews224.com\/index.php\/bogola-haba-si-m-le-president-de-lufdg-est-convoque-il-doit-etre-le-premier-a-accelerer-les-pas-pour-aller-repondre-a-cette-convocation\/","title":{"rendered":"Bogola Haba: \u201csi M le pr\u00e9sident de l\u2019UFDG est convoqu\u00e9, il doit \u00eatre le premier \u00e0 acc\u00e9l\u00e9rer les pas pour aller r\u00e9pondre \u00e0 cette convocation\u00a0\u00bb."},"content":{"rendered":"<p>La convocation du leader de l\u2019Union des Forces D\u00e9mocratiques de Guin\u00e9e (l\u2019UFDG), Cellou Dalein Diallo, le 13 juin prochain \u00e0 la CRIEF continue de susciter les r\u00e9actions au sein de la classe politique Guin\u00e9enne.<\/p>\n<p>R\u00e9gissant sur cette actualit\u00e9 chez nos confr\u00e8res de Djoma m\u00e9dias dans l\u2019\u00e9mission \u00abOn refait le monde\u00bb de ce mardi, 31 mai 2022, l\u2019ancien charg\u00e9 de communication de l\u2019ANAD, Bogola Haba invite le pr\u00e9sident de l\u2019UFDG de rentrer au pays afin de laver son honneur dans cette affaire.<\/p>\n<p>\u201cL\u2019UFDG en adh\u00e9rant \u00e0 l\u2019ANAD \u00e9tait claire parce que nous avons une charte qui \u00e9tait d\u00e9j\u00e0 pr\u00e9d\u00e9finie. Cette charte mettait en valeur la gouvernance vertueuse et ceci en adh\u00e9rant \u00e0 cette charte l\u00e0 qui a \u00e9t\u00e9 reconduite pratiquement comme charte de l\u2019ANAD, je crois que l\u2019UFDG et son pr\u00e9sident ont accept\u00e9 que la gouvernance vertueuse est une r\u00e8gle. Et c\u2019est pourquoi ensemble, quand nous avons d\u00e9pos\u00e9 un m\u00e9morandum, le premier point de ce m\u00e9morandum au-del\u00e0 des \u00e9lections, c\u2019est la question des crimes de sang et des crimes \u00e9conomiques et financiers. En le faisant, \u00e7a veut dire que personne n\u2019est au-dessus de la loi. Donc, si M le pr\u00e9sident de l\u2019UFDG est convoqu\u00e9, il doit \u00eatre le premier \u00e0 acc\u00e9l\u00e9rer les pas pour aller r\u00e9pondre \u00e0 cette convocation parce que nous \u00e9tions les premiers \u00e0 demander(\u2026)Si vous voyez en 2008, M Cellou Dalein n\u2019a pas r\u00e9pondu \u00e0 l\u2019invitation des enqu\u00eateurs, parce qu\u2019il y a eu bien des audits, le rapport que j\u2019ai vu, il n\u2019a pas \u00e9t\u00e9 interrog\u00e9, il n\u2019\u00e9tait pas au pays. Et ceci dit, si aujourd\u2019hui encore, il n\u2019a pas le temps pour venir s\u2019expliquer, c\u2019est grave parce que \u00e7a fait deux fois, il rate une occasion pour dire ce qui s\u2019est pass\u00e9 dans cette affaire\u00a0\u00bb a t-il d\u00e9clar\u00e9.<\/p>\n<p>Camara Mohamed<\/p>\n","protected":false},"excerpt":{"rendered":"<p>La convocation du leader de l\u2019Union des Forces D\u00e9mocratiques de Guin\u00e9e (l\u2019UFDG), Cellou Dalein Diallo,<\/p>\n","protected":false},"author":2,"featured_media":1320,"comment_status":"closed","ping_status":"open","sticky":false,"template":"","format":"standard","meta":[],"categories":[3,4],"tags":[229],"yoast_head":"<!-- This site is optimized with the Yoast SEO plugin v19.13 - https:\/\/yoast.com\/wordpress\/plugins\/seo\/ -->\n<title>Bogola Haba: \u201csi M le pr\u00e9sident de l\u2019UFDG est convoqu\u00e9, il doit \u00eatre le premier \u00e0 acc\u00e9l\u00e9rer les pas pour aller r\u00e9pondre \u00e0 cette convocation&quot;. - UNIVERSNEWS224<\/title>\n<meta name=\"robots\" content=\"index, follow, max-snippet:-1, max-image-preview:large, max-video-preview:-1\" \/>\n<link rel=\"canonical\" href=\"https:\/\/universnews224.com\/index.php\/bogola-haba-si-m-le-president-de-lufdg-est-convoque-il-doit-etre-le-premier-a-accelerer-les-pas-pour-aller-repondre-a-cette-convocation\/\" \/>\n<meta property=\"og:locale\" content=\"fr_FR\" \/>\n<meta property=\"og:type\" content=\"article\" \/>\n<meta property=\"og:title\" content=\"Bogola Haba: \u201csi M le pr\u00e9sident de l\u2019UFDG est convoqu\u00e9, il doit \u00eatre le premier \u00e0 acc\u00e9l\u00e9rer les pas pour aller r\u00e9pondre \u00e0 cette convocation&quot;. - UNIVERSNEWS224\" \/>\n<meta property=\"og:description\" content=\"La convocation du leader de l\u2019Union des Forces D\u00e9mocratiques de Guin\u00e9e (l\u2019UFDG), Cellou Dalein Diallo,\" \/>\n<meta property=\"og:url\" content=\"https:\/\/universnews224.com\/index.php\/bogola-haba-si-m-le-president-de-lufdg-est-convoque-il-doit-etre-le-premier-a-accelerer-les-pas-pour-aller-repondre-a-cette-convocation\/\" \/>\n<meta property=\"og:site_name\" content=\"UNIVERSNEWS224\" \/>\n<meta property=\"article:published_time\" content=\"2022-06-01T07:32:27+00:00\" \/>\n<meta property=\"og:image\" content=\"https:\/\/universnews224.com\/wp-content\/uploads\/2022\/05\/5D0C35BD-4BBD-446A-947E-5B88375FC1C3.jpeg\" \/>\n\t<meta property=\"og:image:width\" content=\"800\" \/>\n\t<meta property=\"og:image:height\" content=\"591\" \/>\n\t<meta property=\"og:image:type\" content=\"image\/jpeg\" \/>\n<meta name=\"author\" content=\"La R\u00e9daction\" \/>\n<meta name=\"twitter:label1\" content=\"\u00c9crit par\" \/>\n\t<meta name=\"twitter:data1\" content=\"La R\u00e9daction\" \/>\n\t<meta name=\"twitter:label2\" content=\"Dur\u00e9e de lecture estim\u00e9e\" \/>\n\t<meta name=\"twitter:data2\" content=\"2 minutes\" \/>\n<script type=\"application\/ld+json\" class=\"yoast-schema-graph\">{\"@context\":\"https:\/\/schema.org\",\"@graph\":[{\"@type\":\"Article\",\"@id\":\"https:\/\/universnews224.com\/index.php\/bogola-haba-si-m-le-president-de-lufdg-est-convoque-il-doit-etre-le-premier-a-accelerer-les-pas-pour-aller-repondre-a-cette-convocation\/#article\",\"isPartOf\":{\"@id\":\"https:\/\/universnews224.com\/index.php\/bogola-haba-si-m-le-president-de-lufdg-est-convoque-il-doit-etre-le-premier-a-accelerer-les-pas-pour-aller-repondre-a-cette-convocation\/\"},\"author\":{\"name\":\"La R\u00e9daction\",\"@id\":\"https:\/\/universnews224.com\/#\/schema\/person\/a4b7d4f94a4716df60456a491260485e\"},\"headline\":\"Bogola Haba: \u201csi M le pr\u00e9sident de l\u2019UFDG est convoqu\u00e9, il doit \u00eatre le premier \u00e0 acc\u00e9l\u00e9rer les pas pour aller r\u00e9pondre \u00e0 cette convocation\u00a0\u00bb.\",\"datePublished\":\"2022-06-01T07:32:27+00:00\",\"dateModified\":\"2022-06-01T07:32:27+00:00\",\"mainEntityOfPage\":{\"@id\":\"https:\/\/universnews224.com\/index.php\/bogola-haba-si-m-le-president-de-lufdg-est-convoque-il-doit-etre-le-premier-a-accelerer-les-pas-pour-aller-repondre-a-cette-convocation\/\"},\"wordCount\":361,\"publisher\":{\"@id\":\"https:\/\/universnews224.com\/#organization\"},\"keywords\":[\"La une\"],\"articleSection\":[\"ACTU\",\"POLITIQUE\"],\"inLanguage\":\"fr-FR\"},{\"@type\":\"WebPage\",\"@id\":\"https:\/\/universnews224.com\/index.php\/bogola-haba-si-m-le-president-de-lufdg-est-convoque-il-doit-etre-le-premier-a-accelerer-les-pas-pour-aller-repondre-a-cette-convocation\/\",\"url\":\"https:\/\/universnews224.com\/index.php\/bogola-haba-si-m-le-president-de-lufdg-est-convoque-il-doit-etre-le-premier-a-accelerer-les-pas-pour-aller-repondre-a-cette-convocation\/\",\"name\":\"Bogola Haba: \u201csi M le pr\u00e9sident de l\u2019UFDG est convoqu\u00e9, il doit \u00eatre le premier \u00e0 acc\u00e9l\u00e9rer les pas pour aller r\u00e9pondre \u00e0 cette convocation\\\". - UNIVERSNEWS224\",\"isPartOf\":{\"@id\":\"https:\/\/universnews224.com\/#website\"},\"datePublished\":\"2022-06-01T07:32:27+00:00\",\"dateModified\":\"2022-06-01T07:32:27+00:00\",\"inLanguage\":\"fr-FR\",\"potentialAction\":[{\"@type\":\"ReadAction\",\"target\":[\"https:\/\/universnews224.com\/index.php\/bogola-haba-si-m-le-president-de-lufdg-est-convoque-il-doit-etre-le-premier-a-accelerer-les-pas-pour-aller-repondre-a-cette-convocation\/\"]}]},{\"@type\":\"WebSite\",\"@id\":\"https:\/\/universnews224.com\/#website\",\"url\":\"https:\/\/universnews224.com\/\",\"name\":\"UNIVERSNEWS224\",\"description\":\"\",\"publisher\":{\"@id\":\"https:\/\/universnews224.com\/#organization\"},\"potentialAction\":[{\"@type\":\"SearchAction\",\"target\":{\"@type\":\"EntryPoint\",\"urlTemplate\":\"https:\/\/universnews224.com\/?s={search_term_string}\"},\"query-input\":\"required name=search_term_string\"}],\"inLanguage\":\"fr-FR\"},{\"@type\":\"Organization\",\"@id\":\"https:\/\/universnews224.com\/#organization\",\"name\":\"UNIVERSNEWS224\",\"url\":\"https:\/\/universnews224.com\/\",\"logo\":{\"@type\":\"ImageObject\",\"inLanguage\":\"fr-FR\",\"@id\":\"https:\/\/universnews224.com\/#\/schema\/logo\/image\/\",\"url\":\"https:\/\/universnews224.com\/wp-content\/uploads\/2022\/08\/cropped-cropped-logoban.jpg\",\"contentUrl\":\"https:\/\/universnews224.com\/wp-content\/uploads\/2022\/08\/cropped-cropped-logoban.jpg\",\"width\":1080,\"height\":138,\"caption\":\"UNIVERSNEWS224\"},\"image\":{\"@id\":\"https:\/\/universnews224.com\/#\/schema\/logo\/image\/\"}},{\"@type\":\"Person\",\"@id\":\"https:\/\/universnews224.com\/#\/schema\/person\/a4b7d4f94a4716df60456a491260485e\",\"name\":\"La R\u00e9daction\",\"image\":{\"@type\":\"ImageObject\",\"inLanguage\":\"fr-FR\",\"@id\":\"https:\/\/universnews224.com\/#\/schema\/person\/image\/\",\"url\":\"https:\/\/secure.gravatar.com\/avatar\/edb90acc7752b23e1b3307ad36c14f0d?s=96&d=mm&r=g\",\"contentUrl\":\"https:\/\/secure.gravatar.com\/avatar\/edb90acc7752b23e1b3307ad36c14f0d?s=96&d=mm&r=g\",\"caption\":\"La R\u00e9daction\"},\"sameAs\":[\"https:\/\/universnews224.com\"],\"url\":\"https:\/\/universnews224.com\/index.php\/author\/m-camara\/\"}]}<\/script>\n<!-- \/ Yoast SEO plugin. -->","yoast_head_json":{"title":"Bogola Haba: \u201csi M le pr\u00e9sident de l\u2019UFDG est convoqu\u00e9, il doit \u00eatre le premier \u00e0 acc\u00e9l\u00e9rer les pas pour aller r\u00e9pondre \u00e0 cette convocation\". - UNIVERSNEWS224","robots":{"index":"index","follow":"follow","max-snippet":"max-snippet:-1","max-image-preview":"max-image-preview:large","max-video-preview":"max-video-preview:-1"},"canonical":"https:\/\/universnews224.com\/index.php\/bogola-haba-si-m-le-president-de-lufdg-est-convoque-il-doit-etre-le-premier-a-accelerer-les-pas-pour-aller-repondre-a-cette-convocation\/","og_locale":"fr_FR","og_type":"article","og_title":"Bogola Haba: \u201csi M le pr\u00e9sident de l\u2019UFDG est convoqu\u00e9, il doit \u00eatre le premier \u00e0 acc\u00e9l\u00e9rer les pas pour aller r\u00e9pondre \u00e0 cette convocation\". - UNIVERSNEWS224","og_description":"La convocation du leader de l\u2019Union des Forces D\u00e9mocratiques de Guin\u00e9e (l\u2019UFDG), Cellou Dalein Diallo,","og_url":"https:\/\/universnews224.com\/index.php\/bogola-haba-si-m-le-president-de-lufdg-est-convoque-il-doit-etre-le-premier-a-accelerer-les-pas-pour-aller-repondre-a-cette-convocation\/","og_site_name":"UNIVERSNEWS224","article_published_time":"2022-06-01T07:32:27+00:00","og_image":[{"width":800,"height":591,"url":"https:\/\/universnews224.com\/wp-content\/uploads\/2022\/05\/5D0C35BD-4BBD-446A-947E-5B88375FC1C3.jpeg","type":"image\/jpeg"}],"author":"La R\u00e9daction","twitter_misc":{"\u00c9crit par":"La R\u00e9daction","Dur\u00e9e de lecture estim\u00e9e":"2 minutes"},"schema":{"@context":"https:\/\/schema.org","@graph":[{"@type":"Article","@id":"https:\/\/universnews224.com\/index.php\/bogola-haba-si-m-le-president-de-lufdg-est-convoque-il-doit-etre-le-premier-a-accelerer-les-pas-pour-aller-repondre-a-cette-convocation\/#article","isPartOf":{"@id":"https:\/\/universnews224.com\/index.php\/bogola-haba-si-m-le-president-de-lufdg-est-convoque-il-doit-etre-le-premier-a-accelerer-les-pas-pour-aller-repondre-a-cette-convocation\/"},"author":{"name":"La R\u00e9daction","@id":"https:\/\/universnews224.com\/#\/schema\/person\/a4b7d4f94a4716df60456a491260485e"},"headline":"Bogola Haba: \u201csi M le pr\u00e9sident de l\u2019UFDG est convoqu\u00e9, il doit \u00eatre le premier \u00e0 acc\u00e9l\u00e9rer les pas pour aller r\u00e9pondre \u00e0 cette convocation\u00a0\u00bb.","datePublished":"2022-06-01T07:32:27+00:00","dateModified":"2022-06-01T07:32:27+00:00","mainEntityOfPage":{"@id":"https:\/\/universnews224.com\/index.php\/bogola-haba-si-m-le-president-de-lufdg-est-convoque-il-doit-etre-le-premier-a-accelerer-les-pas-pour-aller-repondre-a-cette-convocation\/"},"wordCount":361,"publisher":{"@id":"https:\/\/universnews224.com\/#organization"},"keywords":["La une"],"articleSection":["ACTU","POLITIQUE"],"inLanguage":"fr-FR"},{"@type":"WebPage","@id":"https:\/\/universnews224.com\/index.php\/bogola-haba-si-m-le-president-de-lufdg-est-convoque-il-doit-etre-le-premier-a-accelerer-les-pas-pour-aller-repondre-a-cette-convocation\/","url":"https:\/\/universnews224.com\/index.php\/bogola-haba-si-m-le-president-de-lufdg-est-convoque-il-doit-etre-le-premier-a-accelerer-les-pas-pour-aller-repondre-a-cette-convocation\/","name":"Bogola Haba: \u201csi M le pr\u00e9sident de l\u2019UFDG est convoqu\u00e9, il doit \u00eatre le premier \u00e0 acc\u00e9l\u00e9rer les pas pour aller r\u00e9pondre \u00e0 cette convocation\". - UNIVERSNEWS224","isPartOf":{"@id":"https:\/\/universnews224.com\/#website"},"datePublished":"2022-06-01T07:32:27+00:00","dateModified":"2022-06-01T07:32:27+00:00","inLanguage":"fr-FR","potentialAction":[{"@type":"ReadAction","target":["https:\/\/universnews224.com\/index.php\/bogola-haba-si-m-le-president-de-lufdg-est-convoque-il-doit-etre-le-premier-a-accelerer-les-pas-pour-aller-repondre-a-cette-convocation\/"]}]},{"@type":"WebSite","@id":"https:\/\/universnews224.com\/#website","url":"https:\/\/universnews224.com\/","name":"UNIVERSNEWS224","description":"","publisher":{"@id":"https:\/\/universnews224.com\/#organization"},"potentialAction":[{"@type":"SearchAction","target":{"@type":"EntryPoint","urlTemplate":"https:\/\/universnews224.com\/?s={search_term_string}"},"query-input":"required name=search_term_string"}],"inLanguage":"fr-FR"},{"@type":"Organization","@id":"https:\/\/universnews224.com\/#organization","name":"UNIVERSNEWS224","url":"https:\/\/universnews224.com\/","logo":{"@type":"ImageObject","inLanguage":"fr-FR","@id":"https:\/\/universnews224.com\/#\/schema\/logo\/image\/","url":"https:\/\/universnews224.com\/wp-content\/uploads\/2022\/08\/cropped-cropped-logoban.jpg","contentUrl":"https:\/\/universnews224.com\/wp-content\/uploads\/2022\/08\/cropped-cropped-logoban.jpg","width":1080,"height":138,"caption":"UNIVERSNEWS224"},"image":{"@id":"https:\/\/universnews224.com\/#\/schema\/logo\/image\/"}},{"@type":"Person","@id":"https:\/\/universnews224.com\/#\/schema\/person\/a4b7d4f94a4716df60456a491260485e","name":"La R\u00e9daction","image":{"@type":"ImageObject","inLanguage":"fr-FR","@id":"https:\/\/universnews224.com\/#\/schema\/person\/image\/","url":"https:\/\/secure.gravatar.com\/avatar\/edb90acc7752b23e1b3307ad36c14f0d?s=96&d=mm&r=g","contentUrl":"https:\/\/secure.gravatar.com\/avatar\/edb90acc7752b23e1b3307ad36c14f0d?s=96&d=mm&r=g","caption":"La R\u00e9daction"},"sameAs":["https:\/\/universnews224.com"],"url":"https:\/\/universnews224.com\/index.php\/author\/m-camara\/"}]}},"_links":{"self":[{"href":"https:\/\/universnews224.com\/index.php\/wp-json\/wp\/v2\/posts\/1492"}],"collection":[{"href":"https:\/\/universnews224.com\/index.php\/wp-json\/wp\/v2\/posts"}],"about":[{"href":"https:\/\/universnews224.com\/index.php\/wp-json\/wp\/v2\/types\/post"}],"author":[{"embeddable":true,"href":"https:\/\/universnews224.com\/index.php\/wp-json\/wp\/v2\/users\/2"}],"replies":[{"embeddable":true,"href":"https:\/\/universnews224.com\/index.php\/wp-json\/wp\/v2\/comments?post=1492"}],"version-history":[{"count":1,"href":"https:\/\/universnews224.com\/index.php\/wp-json\/wp\/v2\/posts\/1492\/revisions"}],"predecessor-version":[{"id":1493,"href":"https:\/\/universnews224.com\/index.php\/wp-json\/wp\/v2\/posts\/1492\/revisions\/1493"}],"wp:featuredmedia":[{"embeddable":true,"href":"https:\/\/universnews224.com\/index.php\/wp-json\/wp\/v2\/media\/1320"}],"wp:attachment":[{"href":"https:\/\/universnews224.com\/index.php\/wp-json\/wp\/v2\/media?parent=1492"}],"wp:term":[{"taxonomy":"category","embeddable":true,"href":"https:\/\/universnews224.com\/index.php\/wp-json\/wp\/v2\/categories?post=1492"},{"taxonomy":"post_tag","embeddable":true,"href":"https:\/\/universnews224.com\/index.php\/wp-json\/wp\/v2\/tags?post=1492"}],"curies":[{"name":"wp","href":"https:\/\/api.w.org\/{rel}","templated":true}]}}