{"id":1494,"date":"2022-06-01T22:31:54","date_gmt":"2022-06-01T21:31:54","guid":{"rendered":"https:\/\/universnews224.com\/?p=1494"},"modified":"2022-06-01T22:31:54","modified_gmt":"2022-06-01T21:31:54","slug":"augmentation-du-prix-du-carburant-ce-nest-pas-surprenant-pour-moi-en-tant-queconomiste-abdoulaye-kourouma","status":"publish","type":"post","link":"https:\/\/universnews224.com\/index.php\/augmentation-du-prix-du-carburant-ce-nest-pas-surprenant-pour-moi-en-tant-queconomiste-abdoulaye-kourouma\/","title":{"rendered":"Augmentation du prix du carburant:\u201c Ce n\u2019est pas surprenant pour moi en tant qu\u2019\u00e9conomiste,\u00a0\u00bb Abdoulaye Kourouma."},"content":{"rendered":"<p>Dans un communiqu\u00e9 diffus\u00e9 \u00e0 la t\u00e9l\u00e9vision nationale mardi, 31 mai 2022, le gouvernement Guin\u00e9en \u00e0 travers le minist\u00e8re de l\u2019\u00e9conomie, des finances et de plan a annonc\u00e9 l\u2019augmentation du prix du litre des produits p\u00e9troliers \u00e0 la pompe de 10 000 \u00e0 12 000 de francs guin\u00e9ens.<\/p>\n<p>Interrog\u00e9 ce mercredi, 1er juin 2022 par notre r\u00e9daction sur cette augmentation, le pr\u00e9sident du par RRD, Abdoulaye Kourouma se dit ne pas \u00eatre surpris par cette augmentation, mais d\u00e9nonce l\u2019amateurisme du gouvernement dans la fixation du prix.<\/p>\n<p>\u201c<em>Ce qu\u2019il faut reconna\u00eetre, le sommet de l\u2019\u00c9tat n\u2019est pas un lieu de stage. Les gens \u00e0 leur arriv\u00e9e, ils ont pris des d\u00e9cisions populistes et ils ont diminu\u00e9 le prix du carburant. Et puis , faire des communications inopportunes qui disaient que le carburant ne va pas diminuer tout de suite, en oubliant l\u2019\u00e9volution du co\u00fbt du carburant et la crise que le monde entier traverse actuellement. Donc, \u00e7a, ce sont les cons\u00e9quences de novicisme dans la gestion.Ce n\u2019est pas surprenant pour moi en tant qu\u2019\u00e9conomiste, mais il y a eu des charrues avant les b\u0153ufs. Il y a eu des communications publiques qui font que le peuple ne comprend pas<\/em>\u00a0\u00bb a t-il dit<\/p>\n<p>Poursuivant, cet ancien d\u00e9put\u00e9 regrette l\u2019exclusion par le gouvernement des acteurs concern\u00e9s avant le r\u00e9ajustement du prix du carburant \u00e0 la pompe.<\/p>\n<p>\u201c<em>Mais ce qu\u2019il faut regretter,c\u2019est le fait que le prix a \u00e9t\u00e9 fix\u00e9 de fa\u00e7on unilat\u00e9rale, sans associer les acteurs concern\u00e9s. J\u2019ai suivi le pr\u00e9sident du syndicat des transporteurs routiers qui dit qu\u2019ils n\u2019ont pas \u00e9t\u00e9 associ\u00e9s. Et l\u00e0, les gens font fixer les prix des transports de fa\u00e7on unilat\u00e9rale qui peut jouer sur les activit\u00e9s \u00e9conomiques et m\u00eames sur les prix des denr\u00e9es de premi\u00e8res n\u00e9cessit\u00e9s. Je pense que gouverner, c\u2019est pr\u00e9voir pour ne pas subir<\/em>\u00a0\u00bb a t-il d\u00e9plor\u00e9.<\/p>\n<p>Camara Mohamed<br \/>\n611 46 04 10<\/p>\n","protected":false},"excerpt":{"rendered":"<p>Dans un communiqu\u00e9 diffus\u00e9 \u00e0 la t\u00e9l\u00e9vision nationale mardi, 31 mai 2022, le gouvernement Guin\u00e9en<\/p>\n","protected":false},"author":2,"featured_media":1314,"comment_status":"closed","ping_status":"open","sticky":false,"template":"","format":"standard","meta":[],"categories":[3,4],"tags":[229],"yoast_head":"<!-- This site is optimized with the Yoast SEO plugin v19.13 - https:\/\/yoast.com\/wordpress\/plugins\/seo\/ -->\n<title>Augmentation du prix du carburant:\u201c Ce n\u2019est pas surprenant pour moi en tant qu\u2019\u00e9conomiste,&quot; Abdoulaye Kourouma. - UNIVERSNEWS224<\/title>\n<meta name=\"robots\" content=\"index, follow, max-snippet:-1, max-image-preview:large, max-video-preview:-1\" \/>\n<link rel=\"canonical\" href=\"https:\/\/universnews224.com\/index.php\/augmentation-du-prix-du-carburant-ce-nest-pas-surprenant-pour-moi-en-tant-queconomiste-abdoulaye-kourouma\/\" \/>\n<meta property=\"og:locale\" content=\"fr_FR\" \/>\n<meta property=\"og:type\" content=\"article\" \/>\n<meta property=\"og:title\" content=\"Augmentation du prix du carburant:\u201c Ce n\u2019est pas surprenant pour moi en tant qu\u2019\u00e9conomiste,&quot; Abdoulaye Kourouma. - UNIVERSNEWS224\" \/>\n<meta property=\"og:description\" content=\"Dans un communiqu\u00e9 diffus\u00e9 \u00e0 la t\u00e9l\u00e9vision nationale mardi, 31 mai 2022, le gouvernement Guin\u00e9en\" \/>\n<meta property=\"og:url\" content=\"https:\/\/universnews224.com\/index.php\/augmentation-du-prix-du-carburant-ce-nest-pas-surprenant-pour-moi-en-tant-queconomiste-abdoulaye-kourouma\/\" \/>\n<meta property=\"og:site_name\" content=\"UNIVERSNEWS224\" \/>\n<meta property=\"article:published_time\" content=\"2022-06-01T21:31:54+00:00\" \/>\n<meta property=\"og:image\" content=\"https:\/\/universnews224.com\/wp-content\/uploads\/2022\/05\/7D9EDF88-9836-4633-8EF3-A97D075C4A94.jpeg\" \/>\n\t<meta property=\"og:image:width\" content=\"700\" \/>\n\t<meta property=\"og:image:height\" content=\"700\" \/>\n\t<meta property=\"og:image:type\" content=\"image\/jpeg\" \/>\n<meta name=\"author\" content=\"La R\u00e9daction\" \/>\n<meta name=\"twitter:label1\" content=\"\u00c9crit par\" \/>\n\t<meta name=\"twitter:data1\" content=\"La R\u00e9daction\" \/>\n\t<meta name=\"twitter:label2\" content=\"Dur\u00e9e de lecture estim\u00e9e\" \/>\n\t<meta name=\"twitter:data2\" content=\"2 minutes\" \/>\n<script type=\"application\/ld+json\" class=\"yoast-schema-graph\">{\"@context\":\"https:\/\/schema.org\",\"@graph\":[{\"@type\":\"Article\",\"@id\":\"https:\/\/universnews224.com\/index.php\/augmentation-du-prix-du-carburant-ce-nest-pas-surprenant-pour-moi-en-tant-queconomiste-abdoulaye-kourouma\/#article\",\"isPartOf\":{\"@id\":\"https:\/\/universnews224.com\/index.php\/augmentation-du-prix-du-carburant-ce-nest-pas-surprenant-pour-moi-en-tant-queconomiste-abdoulaye-kourouma\/\"},\"author\":{\"name\":\"La R\u00e9daction\",\"@id\":\"https:\/\/universnews224.com\/#\/schema\/person\/a4b7d4f94a4716df60456a491260485e\"},\"headline\":\"Augmentation du prix du carburant:\u201c Ce n\u2019est pas surprenant pour moi en tant qu\u2019\u00e9conomiste,\u00a0\u00bb Abdoulaye Kourouma.\",\"datePublished\":\"2022-06-01T21:31:54+00:00\",\"dateModified\":\"2022-06-01T21:31:54+00:00\",\"mainEntityOfPage\":{\"@id\":\"https:\/\/universnews224.com\/index.php\/augmentation-du-prix-du-carburant-ce-nest-pas-surprenant-pour-moi-en-tant-queconomiste-abdoulaye-kourouma\/\"},\"wordCount\":360,\"publisher\":{\"@id\":\"https:\/\/universnews224.com\/#organization\"},\"keywords\":[\"La une\"],\"articleSection\":[\"ACTU\",\"POLITIQUE\"],\"inLanguage\":\"fr-FR\"},{\"@type\":\"WebPage\",\"@id\":\"https:\/\/universnews224.com\/index.php\/augmentation-du-prix-du-carburant-ce-nest-pas-surprenant-pour-moi-en-tant-queconomiste-abdoulaye-kourouma\/\",\"url\":\"https:\/\/universnews224.com\/index.php\/augmentation-du-prix-du-carburant-ce-nest-pas-surprenant-pour-moi-en-tant-queconomiste-abdoulaye-kourouma\/\",\"name\":\"Augmentation du prix du carburant:\u201c Ce n\u2019est pas surprenant pour moi en tant qu\u2019\u00e9conomiste,\\\" Abdoulaye Kourouma. - UNIVERSNEWS224\",\"isPartOf\":{\"@id\":\"https:\/\/universnews224.com\/#website\"},\"datePublished\":\"2022-06-01T21:31:54+00:00\",\"dateModified\":\"2022-06-01T21:31:54+00:00\",\"inLanguage\":\"fr-FR\",\"potentialAction\":[{\"@type\":\"ReadAction\",\"target\":[\"https:\/\/universnews224.com\/index.php\/augmentation-du-prix-du-carburant-ce-nest-pas-surprenant-pour-moi-en-tant-queconomiste-abdoulaye-kourouma\/\"]}]},{\"@type\":\"WebSite\",\"@id\":\"https:\/\/universnews224.com\/#website\",\"url\":\"https:\/\/universnews224.com\/\",\"name\":\"UNIVERSNEWS224\",\"description\":\"\",\"publisher\":{\"@id\":\"https:\/\/universnews224.com\/#organization\"},\"potentialAction\":[{\"@type\":\"SearchAction\",\"target\":{\"@type\":\"EntryPoint\",\"urlTemplate\":\"https:\/\/universnews224.com\/?s={search_term_string}\"},\"query-input\":\"required name=search_term_string\"}],\"inLanguage\":\"fr-FR\"},{\"@type\":\"Organization\",\"@id\":\"https:\/\/universnews224.com\/#organization\",\"name\":\"UNIVERSNEWS224\",\"url\":\"https:\/\/universnews224.com\/\",\"logo\":{\"@type\":\"ImageObject\",\"inLanguage\":\"fr-FR\",\"@id\":\"https:\/\/universnews224.com\/#\/schema\/logo\/image\/\",\"url\":\"https:\/\/universnews224.com\/wp-content\/uploads\/2022\/08\/cropped-cropped-logoban.jpg\",\"contentUrl\":\"https:\/\/universnews224.com\/wp-content\/uploads\/2022\/08\/cropped-cropped-logoban.jpg\",\"width\":1080,\"height\":138,\"caption\":\"UNIVERSNEWS224\"},\"image\":{\"@id\":\"https:\/\/universnews224.com\/#\/schema\/logo\/image\/\"}},{\"@type\":\"Person\",\"@id\":\"https:\/\/universnews224.com\/#\/schema\/person\/a4b7d4f94a4716df60456a491260485e\",\"name\":\"La R\u00e9daction\",\"image\":{\"@type\":\"ImageObject\",\"inLanguage\":\"fr-FR\",\"@id\":\"https:\/\/universnews224.com\/#\/schema\/person\/image\/\",\"url\":\"https:\/\/secure.gravatar.com\/avatar\/edb90acc7752b23e1b3307ad36c14f0d?s=96&d=mm&r=g\",\"contentUrl\":\"https:\/\/secure.gravatar.com\/avatar\/edb90acc7752b23e1b3307ad36c14f0d?s=96&d=mm&r=g\",\"caption\":\"La R\u00e9daction\"},\"sameAs\":[\"https:\/\/universnews224.com\"],\"url\":\"https:\/\/universnews224.com\/index.php\/author\/m-camara\/\"}]}<\/script>\n<!-- \/ Yoast SEO plugin. -->","yoast_head_json":{"title":"Augmentation du prix du carburant:\u201c Ce n\u2019est pas surprenant pour moi en tant qu\u2019\u00e9conomiste,\" Abdoulaye Kourouma. - UNIVERSNEWS224","robots":{"index":"index","follow":"follow","max-snippet":"max-snippet:-1","max-image-preview":"max-image-preview:large","max-video-preview":"max-video-preview:-1"},"canonical":"https:\/\/universnews224.com\/index.php\/augmentation-du-prix-du-carburant-ce-nest-pas-surprenant-pour-moi-en-tant-queconomiste-abdoulaye-kourouma\/","og_locale":"fr_FR","og_type":"article","og_title":"Augmentation du prix du carburant:\u201c Ce n\u2019est pas surprenant pour moi en tant qu\u2019\u00e9conomiste,\" Abdoulaye Kourouma. - UNIVERSNEWS224","og_description":"Dans un communiqu\u00e9 diffus\u00e9 \u00e0 la t\u00e9l\u00e9vision nationale mardi, 31 mai 2022, le gouvernement Guin\u00e9en","og_url":"https:\/\/universnews224.com\/index.php\/augmentation-du-prix-du-carburant-ce-nest-pas-surprenant-pour-moi-en-tant-queconomiste-abdoulaye-kourouma\/","og_site_name":"UNIVERSNEWS224","article_published_time":"2022-06-01T21:31:54+00:00","og_image":[{"width":700,"height":700,"url":"https:\/\/universnews224.com\/wp-content\/uploads\/2022\/05\/7D9EDF88-9836-4633-8EF3-A97D075C4A94.jpeg","type":"image\/jpeg"}],"author":"La R\u00e9daction","twitter_misc":{"\u00c9crit par":"La R\u00e9daction","Dur\u00e9e de lecture estim\u00e9e":"2 minutes"},"schema":{"@context":"https:\/\/schema.org","@graph":[{"@type":"Article","@id":"https:\/\/universnews224.com\/index.php\/augmentation-du-prix-du-carburant-ce-nest-pas-surprenant-pour-moi-en-tant-queconomiste-abdoulaye-kourouma\/#article","isPartOf":{"@id":"https:\/\/universnews224.com\/index.php\/augmentation-du-prix-du-carburant-ce-nest-pas-surprenant-pour-moi-en-tant-queconomiste-abdoulaye-kourouma\/"},"author":{"name":"La R\u00e9daction","@id":"https:\/\/universnews224.com\/#\/schema\/person\/a4b7d4f94a4716df60456a491260485e"},"headline":"Augmentation du prix du carburant:\u201c Ce n\u2019est pas surprenant pour moi en tant qu\u2019\u00e9conomiste,\u00a0\u00bb Abdoulaye Kourouma.","datePublished":"2022-06-01T21:31:54+00:00","dateModified":"2022-06-01T21:31:54+00:00","mainEntityOfPage":{"@id":"https:\/\/universnews224.com\/index.php\/augmentation-du-prix-du-carburant-ce-nest-pas-surprenant-pour-moi-en-tant-queconomiste-abdoulaye-kourouma\/"},"wordCount":360,"publisher":{"@id":"https:\/\/universnews224.com\/#organization"},"keywords":["La une"],"articleSection":["ACTU","POLITIQUE"],"inLanguage":"fr-FR"},{"@type":"WebPage","@id":"https:\/\/universnews224.com\/index.php\/augmentation-du-prix-du-carburant-ce-nest-pas-surprenant-pour-moi-en-tant-queconomiste-abdoulaye-kourouma\/","url":"https:\/\/universnews224.com\/index.php\/augmentation-du-prix-du-carburant-ce-nest-pas-surprenant-pour-moi-en-tant-queconomiste-abdoulaye-kourouma\/","name":"Augmentation du prix du carburant:\u201c Ce n\u2019est pas surprenant pour moi en tant qu\u2019\u00e9conomiste,\" Abdoulaye Kourouma. - UNIVERSNEWS224","isPartOf":{"@id":"https:\/\/universnews224.com\/#website"},"datePublished":"2022-06-01T21:31:54+00:00","dateModified":"2022-06-01T21:31:54+00:00","inLanguage":"fr-FR","potentialAction":[{"@type":"ReadAction","target":["https:\/\/universnews224.com\/index.php\/augmentation-du-prix-du-carburant-ce-nest-pas-surprenant-pour-moi-en-tant-queconomiste-abdoulaye-kourouma\/"]}]},{"@type":"WebSite","@id":"https:\/\/universnews224.com\/#website","url":"https:\/\/universnews224.com\/","name":"UNIVERSNEWS224","description":"","publisher":{"@id":"https:\/\/universnews224.com\/#organization"},"potentialAction":[{"@type":"SearchAction","target":{"@type":"EntryPoint","urlTemplate":"https:\/\/universnews224.com\/?s={search_term_string}"},"query-input":"required name=search_term_string"}],"inLanguage":"fr-FR"},{"@type":"Organization","@id":"https:\/\/universnews224.com\/#organization","name":"UNIVERSNEWS224","url":"https:\/\/universnews224.com\/","logo":{"@type":"ImageObject","inLanguage":"fr-FR","@id":"https:\/\/universnews224.com\/#\/schema\/logo\/image\/","url":"https:\/\/universnews224.com\/wp-content\/uploads\/2022\/08\/cropped-cropped-logoban.jpg","contentUrl":"https:\/\/universnews224.com\/wp-content\/uploads\/2022\/08\/cropped-cropped-logoban.jpg","width":1080,"height":138,"caption":"UNIVERSNEWS224"},"image":{"@id":"https:\/\/universnews224.com\/#\/schema\/logo\/image\/"}},{"@type":"Person","@id":"https:\/\/universnews224.com\/#\/schema\/person\/a4b7d4f94a4716df60456a491260485e","name":"La R\u00e9daction","image":{"@type":"ImageObject","inLanguage":"fr-FR","@id":"https:\/\/universnews224.com\/#\/schema\/person\/image\/","url":"https:\/\/secure.gravatar.com\/avatar\/edb90acc7752b23e1b3307ad36c14f0d?s=96&d=mm&r=g","contentUrl":"https:\/\/secure.gravatar.com\/avatar\/edb90acc7752b23e1b3307ad36c14f0d?s=96&d=mm&r=g","caption":"La R\u00e9daction"},"sameAs":["https:\/\/universnews224.com"],"url":"https:\/\/universnews224.com\/index.php\/author\/m-camara\/"}]}},"_links":{"self":[{"href":"https:\/\/universnews224.com\/index.php\/wp-json\/wp\/v2\/posts\/1494"}],"collection":[{"href":"https:\/\/universnews224.com\/index.php\/wp-json\/wp\/v2\/posts"}],"about":[{"href":"https:\/\/universnews224.com\/index.php\/wp-json\/wp\/v2\/types\/post"}],"author":[{"embeddable":true,"href":"https:\/\/universnews224.com\/index.php\/wp-json\/wp\/v2\/users\/2"}],"replies":[{"embeddable":true,"href":"https:\/\/universnews224.com\/index.php\/wp-json\/wp\/v2\/comments?post=1494"}],"version-history":[{"count":1,"href":"https:\/\/universnews224.com\/index.php\/wp-json\/wp\/v2\/posts\/1494\/revisions"}],"predecessor-version":[{"id":1495,"href":"https:\/\/universnews224.com\/index.php\/wp-json\/wp\/v2\/posts\/1494\/revisions\/1495"}],"wp:featuredmedia":[{"embeddable":true,"href":"https:\/\/universnews224.com\/index.php\/wp-json\/wp\/v2\/media\/1314"}],"wp:attachment":[{"href":"https:\/\/universnews224.com\/index.php\/wp-json\/wp\/v2\/media?parent=1494"}],"wp:term":[{"taxonomy":"category","embeddable":true,"href":"https:\/\/universnews224.com\/index.php\/wp-json\/wp\/v2\/categories?post=1494"},{"taxonomy":"post_tag","embeddable":true,"href":"https:\/\/universnews224.com\/index.php\/wp-json\/wp\/v2\/tags?post=1494"}],"curies":[{"name":"wp","href":"https:\/\/api.w.org\/{rel}","templated":true}]}}