{"id":1505,"date":"2022-06-08T21:05:46","date_gmt":"2022-06-08T20:05:46","guid":{"rendered":"https:\/\/universnews224.com\/?p=1505"},"modified":"2022-06-08T21:05:46","modified_gmt":"2022-06-08T20:05:46","slug":"elie-annonce-la-sortie-dune-chanson-contre-la-cedeaocest-un-son-contre-la-cedeao-parce-que-je-definis-la-cedeao-comme-lassociation-des-promoteurs-des-3eme-mandats","status":"publish","type":"post","link":"https:\/\/universnews224.com\/index.php\/elie-annonce-la-sortie-dune-chanson-contre-la-cedeaocest-un-son-contre-la-cedeao-parce-que-je-definis-la-cedeao-comme-lassociation-des-promoteurs-des-3eme-mandats\/","title":{"rendered":"Elie annonce la sortie d\u2019une chanson contre la CEDEAO:\u201cC\u2019est un son contre la CEDEAO parce que je d\u00e9finis la CEDEAO comme l\u2019association des promoteurs des 3\u00e8me mandats\u00a0\u00bb"},"content":{"rendered":"<p>Le pr\u00e9sident du Parti Guin\u00e9en pour la Solidarit\u00e9 et le D\u00e9veloppement (PGSD),Elie Kamano s\u2019est prononc\u00e9 sur la derni\u00e8re session extraordinaire des chefs d\u2019Etats de la CEDEAO qui s\u2019est le 4 juin dernier \u00e0 Accra. En lieu et place des sanctions contre les juntes militaires au pouvoirs en Guin\u00e9e, au Mali et au Burkina Faso, les chefs d\u2019Etats de l\u2019institution sous-r\u00e9gionale ont d\u00e9cid\u00e9 d\u2019attendre le sommet ordinaire qui se tiendra le 3 juillet prochain pour prendre leurs d\u00e9cisions.<\/p>\n<p>S\u2019exprimant sur cette actualit\u00e9 chez nos confr\u00e8res du Groupe \u00c9vasion dans l\u2019\u00e9mission \u00abRien \u00e0 Cacher\u00bb de ce mercredi, 8 juin 2022, le pr\u00e9sident du PGSD, Elie Kamano demande \u00e0 la CEDEAO de revoir sa copie \u00e0 effet de se faire ridiculiser devant le monde entier.<\/p>\n<p>\u201cJe trouve que la CEDEAO en fait de trop comme je l\u2019ai toujours dit. Il y a un ma\u00eetre qui m\u2019a une fois dit que lorsque vous \u00eates forts et que vous \u00eates avec un adversaire qui est conscient que vous \u00eates vraiment fort, ne sortez pas \u00e0 tout moment o\u00f9 \u00e0 moins occasion nos griffes. Parce que, s\u2019il arrive que la personne ou votre adversaire se rend compte de notre faiblesse, vous devenez la rus\u00e9e de tout le monde, et c\u2019est sur voie que la CEDEAO est entrain de se lancer. Je m\u2019explique,lorsque vous prenez le cas du Mali. Ce pays aujourd\u2019hui a rejet\u00e9 durant des mois sous les sanctions de la CEDEAO. \u00c7a veut dire que si la CEDEAO continue \u00e0 sanctionner des pays comme la Guin\u00e9e, comme le Burkina et le Mali, nous n\u2019allons plus avoir d\u2019autres recours que de tenir \u00e0 la CEDEAO, comme le Mali l\u2019a fait jusqu\u2019\u00e0 maintenant. Je crois que ceux qu\u2019ils ont fait, ils ont tir\u00e9 des le\u00e7ons de ces dures sanctions qu\u2019ils ont eu \u00e0 prendre contre ,pas la junte au pouvoir au Mali, mais plut\u00f4t contre la population malienne. Parce que des sanctions \u00e9conomiques concernent directement les populations et non les gouvernants. Alors, quand vous prenez des d\u00e9cisions comme \u00e7a et que vous ne pensez pas \u00e0 la population, \u00e7a veut dire que si \u00a0ces pays parviennent \u00e0 tenir t\u00eate \u00e0 ces sanctions, vous donnez le ton \u00e0 tous les pays membres de la CEDEAO, comme quoi, chacun peut faire ce qu\u2019il veut. Chacun peut changer la constitution, chacun peut faire le coup d\u2019Etat et se tenir t\u00eate \u00e0 la CEDEAO\u00a0\u00bb a t-il d\u00e9nonc\u00e9.<\/p>\n<p>Poursuivant, Elie Kamano annonce d\u2019ailleurs la sortie d\u2019un morceau pour d\u00e9noncer les faiblesses de l\u2019institution sous-r\u00e9gionale.<\/p>\n<p>\u201cC\u2019est un son contre la CEDEAO parce que je d\u00e9finis la CEDEAO comme l\u2019association des promoteurs des 3\u00e8me mandats. Parce qu\u2019il y a des donneurs de le\u00e7ons dans cette organisation aujourd\u2019hui qui ont chang\u00e9 leurs constitution au prix de certains citoyens leurs pays et devant la complicit\u00e9 de ceux-l\u00e0 qui sont entrain de dire la Guin\u00e9e, au Burkina et au Mali, comme quoi, qu\u2019ils ne sont pas d\u2019accord avec les dur\u00e9es des transitions. Le morceau que je suis entrain de faire, va en ad\u00e9quation carr\u00e9ment avec la majorit\u00e9 des pens\u00e9es des peuples Africains concernant cette CEDEAO\u00a0\u00bb a dit l\u2019ancien l\u2019artiste.<\/p>\n<p>Camara Mohamed<\/p>\n","protected":false},"excerpt":{"rendered":"<p>Le pr\u00e9sident du Parti Guin\u00e9en pour la Solidarit\u00e9 et le D\u00e9veloppement (PGSD),Elie Kamano s\u2019est prononc\u00e9<\/p>\n","protected":false},"author":2,"featured_media":1506,"comment_status":"closed","ping_status":"open","sticky":false,"template":"","format":"standard","meta":[],"categories":[3,4],"tags":[229],"yoast_head":"<!-- This site is optimized with the Yoast SEO plugin v19.13 - https:\/\/yoast.com\/wordpress\/plugins\/seo\/ -->\n<title>Elie annonce la sortie d\u2019une chanson contre la CEDEAO:\u201cC\u2019est un son contre la CEDEAO parce que je d\u00e9finis la CEDEAO comme l\u2019association des promoteurs des 3\u00e8me mandats&quot; - UNIVERSNEWS224<\/title>\n<meta name=\"robots\" content=\"index, follow, max-snippet:-1, max-image-preview:large, max-video-preview:-1\" \/>\n<link rel=\"canonical\" href=\"https:\/\/universnews224.com\/index.php\/elie-annonce-la-sortie-dune-chanson-contre-la-cedeaocest-un-son-contre-la-cedeao-parce-que-je-definis-la-cedeao-comme-lassociation-des-promoteurs-des-3eme-mandats\/\" \/>\n<meta property=\"og:locale\" content=\"fr_FR\" \/>\n<meta property=\"og:type\" content=\"article\" \/>\n<meta property=\"og:title\" content=\"Elie annonce la sortie d\u2019une chanson contre la CEDEAO:\u201cC\u2019est un son contre la CEDEAO parce que je d\u00e9finis la CEDEAO comme l\u2019association des promoteurs des 3\u00e8me mandats&quot; - UNIVERSNEWS224\" \/>\n<meta property=\"og:description\" content=\"Le pr\u00e9sident du Parti Guin\u00e9en pour la Solidarit\u00e9 et le D\u00e9veloppement (PGSD),Elie Kamano s\u2019est prononc\u00e9\" \/>\n<meta property=\"og:url\" content=\"https:\/\/universnews224.com\/index.php\/elie-annonce-la-sortie-dune-chanson-contre-la-cedeaocest-un-son-contre-la-cedeao-parce-que-je-definis-la-cedeao-comme-lassociation-des-promoteurs-des-3eme-mandats\/\" \/>\n<meta property=\"og:site_name\" content=\"UNIVERSNEWS224\" \/>\n<meta property=\"article:published_time\" content=\"2022-06-08T20:05:46+00:00\" \/>\n<meta property=\"og:image\" content=\"https:\/\/universnews224.com\/wp-content\/uploads\/2022\/06\/122A08FD-A933-4039-ABB0-7CF54AD437E0.jpeg\" \/>\n\t<meta property=\"og:image:width\" content=\"542\" \/>\n\t<meta property=\"og:image:height\" content=\"460\" \/>\n\t<meta property=\"og:image:type\" content=\"image\/jpeg\" \/>\n<meta name=\"author\" content=\"La R\u00e9daction\" \/>\n<meta name=\"twitter:label1\" content=\"\u00c9crit par\" \/>\n\t<meta name=\"twitter:data1\" content=\"La R\u00e9daction\" \/>\n\t<meta name=\"twitter:label2\" content=\"Dur\u00e9e de lecture estim\u00e9e\" \/>\n\t<meta name=\"twitter:data2\" content=\"3 minutes\" \/>\n<script type=\"application\/ld+json\" class=\"yoast-schema-graph\">{\"@context\":\"https:\/\/schema.org\",\"@graph\":[{\"@type\":\"Article\",\"@id\":\"https:\/\/universnews224.com\/index.php\/elie-annonce-la-sortie-dune-chanson-contre-la-cedeaocest-un-son-contre-la-cedeao-parce-que-je-definis-la-cedeao-comme-lassociation-des-promoteurs-des-3eme-mandats\/#article\",\"isPartOf\":{\"@id\":\"https:\/\/universnews224.com\/index.php\/elie-annonce-la-sortie-dune-chanson-contre-la-cedeaocest-un-son-contre-la-cedeao-parce-que-je-definis-la-cedeao-comme-lassociation-des-promoteurs-des-3eme-mandats\/\"},\"author\":{\"name\":\"La R\u00e9daction\",\"@id\":\"https:\/\/universnews224.com\/#\/schema\/person\/a4b7d4f94a4716df60456a491260485e\"},\"headline\":\"Elie annonce la sortie d\u2019une chanson contre la CEDEAO:\u201cC\u2019est un son contre la CEDEAO parce que je d\u00e9finis la CEDEAO comme l\u2019association des promoteurs des 3\u00e8me mandats\u00a0\u00bb\",\"datePublished\":\"2022-06-08T20:05:46+00:00\",\"dateModified\":\"2022-06-08T20:05:46+00:00\",\"mainEntityOfPage\":{\"@id\":\"https:\/\/universnews224.com\/index.php\/elie-annonce-la-sortie-dune-chanson-contre-la-cedeaocest-un-son-contre-la-cedeao-parce-que-je-definis-la-cedeao-comme-lassociation-des-promoteurs-des-3eme-mandats\/\"},\"wordCount\":590,\"publisher\":{\"@id\":\"https:\/\/universnews224.com\/#organization\"},\"keywords\":[\"La une\"],\"articleSection\":[\"ACTU\",\"POLITIQUE\"],\"inLanguage\":\"fr-FR\"},{\"@type\":\"WebPage\",\"@id\":\"https:\/\/universnews224.com\/index.php\/elie-annonce-la-sortie-dune-chanson-contre-la-cedeaocest-un-son-contre-la-cedeao-parce-que-je-definis-la-cedeao-comme-lassociation-des-promoteurs-des-3eme-mandats\/\",\"url\":\"https:\/\/universnews224.com\/index.php\/elie-annonce-la-sortie-dune-chanson-contre-la-cedeaocest-un-son-contre-la-cedeao-parce-que-je-definis-la-cedeao-comme-lassociation-des-promoteurs-des-3eme-mandats\/\",\"name\":\"Elie annonce la sortie d\u2019une chanson contre la CEDEAO:\u201cC\u2019est un son contre la CEDEAO parce que je d\u00e9finis la CEDEAO comme l\u2019association des promoteurs des 3\u00e8me mandats\\\" - UNIVERSNEWS224\",\"isPartOf\":{\"@id\":\"https:\/\/universnews224.com\/#website\"},\"datePublished\":\"2022-06-08T20:05:46+00:00\",\"dateModified\":\"2022-06-08T20:05:46+00:00\",\"inLanguage\":\"fr-FR\",\"potentialAction\":[{\"@type\":\"ReadAction\",\"target\":[\"https:\/\/universnews224.com\/index.php\/elie-annonce-la-sortie-dune-chanson-contre-la-cedeaocest-un-son-contre-la-cedeao-parce-que-je-definis-la-cedeao-comme-lassociation-des-promoteurs-des-3eme-mandats\/\"]}]},{\"@type\":\"WebSite\",\"@id\":\"https:\/\/universnews224.com\/#website\",\"url\":\"https:\/\/universnews224.com\/\",\"name\":\"UNIVERSNEWS224\",\"description\":\"\",\"publisher\":{\"@id\":\"https:\/\/universnews224.com\/#organization\"},\"potentialAction\":[{\"@type\":\"SearchAction\",\"target\":{\"@type\":\"EntryPoint\",\"urlTemplate\":\"https:\/\/universnews224.com\/?s={search_term_string}\"},\"query-input\":\"required name=search_term_string\"}],\"inLanguage\":\"fr-FR\"},{\"@type\":\"Organization\",\"@id\":\"https:\/\/universnews224.com\/#organization\",\"name\":\"UNIVERSNEWS224\",\"url\":\"https:\/\/universnews224.com\/\",\"logo\":{\"@type\":\"ImageObject\",\"inLanguage\":\"fr-FR\",\"@id\":\"https:\/\/universnews224.com\/#\/schema\/logo\/image\/\",\"url\":\"https:\/\/universnews224.com\/wp-content\/uploads\/2022\/08\/cropped-cropped-logoban.jpg\",\"contentUrl\":\"https:\/\/universnews224.com\/wp-content\/uploads\/2022\/08\/cropped-cropped-logoban.jpg\",\"width\":1080,\"height\":138,\"caption\":\"UNIVERSNEWS224\"},\"image\":{\"@id\":\"https:\/\/universnews224.com\/#\/schema\/logo\/image\/\"}},{\"@type\":\"Person\",\"@id\":\"https:\/\/universnews224.com\/#\/schema\/person\/a4b7d4f94a4716df60456a491260485e\",\"name\":\"La R\u00e9daction\",\"image\":{\"@type\":\"ImageObject\",\"inLanguage\":\"fr-FR\",\"@id\":\"https:\/\/universnews224.com\/#\/schema\/person\/image\/\",\"url\":\"https:\/\/secure.gravatar.com\/avatar\/edb90acc7752b23e1b3307ad36c14f0d?s=96&d=mm&r=g\",\"contentUrl\":\"https:\/\/secure.gravatar.com\/avatar\/edb90acc7752b23e1b3307ad36c14f0d?s=96&d=mm&r=g\",\"caption\":\"La R\u00e9daction\"},\"sameAs\":[\"https:\/\/universnews224.com\"],\"url\":\"https:\/\/universnews224.com\/index.php\/author\/m-camara\/\"}]}<\/script>\n<!-- \/ Yoast SEO plugin. -->","yoast_head_json":{"title":"Elie annonce la sortie d\u2019une chanson contre la CEDEAO:\u201cC\u2019est un son contre la CEDEAO parce que je d\u00e9finis la CEDEAO comme l\u2019association des promoteurs des 3\u00e8me mandats\" - UNIVERSNEWS224","robots":{"index":"index","follow":"follow","max-snippet":"max-snippet:-1","max-image-preview":"max-image-preview:large","max-video-preview":"max-video-preview:-1"},"canonical":"https:\/\/universnews224.com\/index.php\/elie-annonce-la-sortie-dune-chanson-contre-la-cedeaocest-un-son-contre-la-cedeao-parce-que-je-definis-la-cedeao-comme-lassociation-des-promoteurs-des-3eme-mandats\/","og_locale":"fr_FR","og_type":"article","og_title":"Elie annonce la sortie d\u2019une chanson contre la CEDEAO:\u201cC\u2019est un son contre la CEDEAO parce que je d\u00e9finis la CEDEAO comme l\u2019association des promoteurs des 3\u00e8me mandats\" - UNIVERSNEWS224","og_description":"Le pr\u00e9sident du Parti Guin\u00e9en pour la Solidarit\u00e9 et le D\u00e9veloppement (PGSD),Elie Kamano s\u2019est prononc\u00e9","og_url":"https:\/\/universnews224.com\/index.php\/elie-annonce-la-sortie-dune-chanson-contre-la-cedeaocest-un-son-contre-la-cedeao-parce-que-je-definis-la-cedeao-comme-lassociation-des-promoteurs-des-3eme-mandats\/","og_site_name":"UNIVERSNEWS224","article_published_time":"2022-06-08T20:05:46+00:00","og_image":[{"width":542,"height":460,"url":"https:\/\/universnews224.com\/wp-content\/uploads\/2022\/06\/122A08FD-A933-4039-ABB0-7CF54AD437E0.jpeg","type":"image\/jpeg"}],"author":"La R\u00e9daction","twitter_misc":{"\u00c9crit par":"La R\u00e9daction","Dur\u00e9e de lecture estim\u00e9e":"3 minutes"},"schema":{"@context":"https:\/\/schema.org","@graph":[{"@type":"Article","@id":"https:\/\/universnews224.com\/index.php\/elie-annonce-la-sortie-dune-chanson-contre-la-cedeaocest-un-son-contre-la-cedeao-parce-que-je-definis-la-cedeao-comme-lassociation-des-promoteurs-des-3eme-mandats\/#article","isPartOf":{"@id":"https:\/\/universnews224.com\/index.php\/elie-annonce-la-sortie-dune-chanson-contre-la-cedeaocest-un-son-contre-la-cedeao-parce-que-je-definis-la-cedeao-comme-lassociation-des-promoteurs-des-3eme-mandats\/"},"author":{"name":"La R\u00e9daction","@id":"https:\/\/universnews224.com\/#\/schema\/person\/a4b7d4f94a4716df60456a491260485e"},"headline":"Elie annonce la sortie d\u2019une chanson contre la CEDEAO:\u201cC\u2019est un son contre la CEDEAO parce que je d\u00e9finis la CEDEAO comme l\u2019association des promoteurs des 3\u00e8me mandats\u00a0\u00bb","datePublished":"2022-06-08T20:05:46+00:00","dateModified":"2022-06-08T20:05:46+00:00","mainEntityOfPage":{"@id":"https:\/\/universnews224.com\/index.php\/elie-annonce-la-sortie-dune-chanson-contre-la-cedeaocest-un-son-contre-la-cedeao-parce-que-je-definis-la-cedeao-comme-lassociation-des-promoteurs-des-3eme-mandats\/"},"wordCount":590,"publisher":{"@id":"https:\/\/universnews224.com\/#organization"},"keywords":["La une"],"articleSection":["ACTU","POLITIQUE"],"inLanguage":"fr-FR"},{"@type":"WebPage","@id":"https:\/\/universnews224.com\/index.php\/elie-annonce-la-sortie-dune-chanson-contre-la-cedeaocest-un-son-contre-la-cedeao-parce-que-je-definis-la-cedeao-comme-lassociation-des-promoteurs-des-3eme-mandats\/","url":"https:\/\/universnews224.com\/index.php\/elie-annonce-la-sortie-dune-chanson-contre-la-cedeaocest-un-son-contre-la-cedeao-parce-que-je-definis-la-cedeao-comme-lassociation-des-promoteurs-des-3eme-mandats\/","name":"Elie annonce la sortie d\u2019une chanson contre la CEDEAO:\u201cC\u2019est un son contre la CEDEAO parce que je d\u00e9finis la CEDEAO comme l\u2019association des promoteurs des 3\u00e8me mandats\" - UNIVERSNEWS224","isPartOf":{"@id":"https:\/\/universnews224.com\/#website"},"datePublished":"2022-06-08T20:05:46+00:00","dateModified":"2022-06-08T20:05:46+00:00","inLanguage":"fr-FR","potentialAction":[{"@type":"ReadAction","target":["https:\/\/universnews224.com\/index.php\/elie-annonce-la-sortie-dune-chanson-contre-la-cedeaocest-un-son-contre-la-cedeao-parce-que-je-definis-la-cedeao-comme-lassociation-des-promoteurs-des-3eme-mandats\/"]}]},{"@type":"WebSite","@id":"https:\/\/universnews224.com\/#website","url":"https:\/\/universnews224.com\/","name":"UNIVERSNEWS224","description":"","publisher":{"@id":"https:\/\/universnews224.com\/#organization"},"potentialAction":[{"@type":"SearchAction","target":{"@type":"EntryPoint","urlTemplate":"https:\/\/universnews224.com\/?s={search_term_string}"},"query-input":"required name=search_term_string"}],"inLanguage":"fr-FR"},{"@type":"Organization","@id":"https:\/\/universnews224.com\/#organization","name":"UNIVERSNEWS224","url":"https:\/\/universnews224.com\/","logo":{"@type":"ImageObject","inLanguage":"fr-FR","@id":"https:\/\/universnews224.com\/#\/schema\/logo\/image\/","url":"https:\/\/universnews224.com\/wp-content\/uploads\/2022\/08\/cropped-cropped-logoban.jpg","contentUrl":"https:\/\/universnews224.com\/wp-content\/uploads\/2022\/08\/cropped-cropped-logoban.jpg","width":1080,"height":138,"caption":"UNIVERSNEWS224"},"image":{"@id":"https:\/\/universnews224.com\/#\/schema\/logo\/image\/"}},{"@type":"Person","@id":"https:\/\/universnews224.com\/#\/schema\/person\/a4b7d4f94a4716df60456a491260485e","name":"La R\u00e9daction","image":{"@type":"ImageObject","inLanguage":"fr-FR","@id":"https:\/\/universnews224.com\/#\/schema\/person\/image\/","url":"https:\/\/secure.gravatar.com\/avatar\/edb90acc7752b23e1b3307ad36c14f0d?s=96&d=mm&r=g","contentUrl":"https:\/\/secure.gravatar.com\/avatar\/edb90acc7752b23e1b3307ad36c14f0d?s=96&d=mm&r=g","caption":"La R\u00e9daction"},"sameAs":["https:\/\/universnews224.com"],"url":"https:\/\/universnews224.com\/index.php\/author\/m-camara\/"}]}},"_links":{"self":[{"href":"https:\/\/universnews224.com\/index.php\/wp-json\/wp\/v2\/posts\/1505"}],"collection":[{"href":"https:\/\/universnews224.com\/index.php\/wp-json\/wp\/v2\/posts"}],"about":[{"href":"https:\/\/universnews224.com\/index.php\/wp-json\/wp\/v2\/types\/post"}],"author":[{"embeddable":true,"href":"https:\/\/universnews224.com\/index.php\/wp-json\/wp\/v2\/users\/2"}],"replies":[{"embeddable":true,"href":"https:\/\/universnews224.com\/index.php\/wp-json\/wp\/v2\/comments?post=1505"}],"version-history":[{"count":1,"href":"https:\/\/universnews224.com\/index.php\/wp-json\/wp\/v2\/posts\/1505\/revisions"}],"predecessor-version":[{"id":1507,"href":"https:\/\/universnews224.com\/index.php\/wp-json\/wp\/v2\/posts\/1505\/revisions\/1507"}],"wp:featuredmedia":[{"embeddable":true,"href":"https:\/\/universnews224.com\/index.php\/wp-json\/wp\/v2\/media\/1506"}],"wp:attachment":[{"href":"https:\/\/universnews224.com\/index.php\/wp-json\/wp\/v2\/media?parent=1505"}],"wp:term":[{"taxonomy":"category","embeddable":true,"href":"https:\/\/universnews224.com\/index.php\/wp-json\/wp\/v2\/categories?post=1505"},{"taxonomy":"post_tag","embeddable":true,"href":"https:\/\/universnews224.com\/index.php\/wp-json\/wp\/v2\/tags?post=1505"}],"curies":[{"name":"wp","href":"https:\/\/api.w.org\/{rel}","templated":true}]}}