{"id":1518,"date":"2022-06-20T09:27:16","date_gmt":"2022-06-20T08:27:16","guid":{"rendered":"https:\/\/universnews224.com\/?p=1518"},"modified":"2022-06-20T09:27:16","modified_gmt":"2022-06-20T08:27:16","slug":"cellou-balde-aux-jeunes-de-laxe-lhistoire-retiendra-que-vous-avez-contribue-dans-ce-pays-a-faire-instaurer-la-democratie-et-letat-de-droit","status":"publish","type":"post","link":"https:\/\/universnews224.com\/index.php\/cellou-balde-aux-jeunes-de-laxe-lhistoire-retiendra-que-vous-avez-contribue-dans-ce-pays-a-faire-instaurer-la-democratie-et-letat-de-droit\/","title":{"rendered":"Cellou Bald\u00e9 aux jeunes de l\u2019axe: \u201cL\u2019histoire retiendra que vous avez contribu\u00e9 dans ce pays \u00e0 faire instaurer la d\u00e9mocratie et l\u2019Etat de droit\u00a0\u00bb"},"content":{"rendered":"<p>Cellou Bald\u00e9 aux jeunes de l\u2019axe: \u201cL\u2019histoire retiendra que vous avez contribu\u00e9 dans ce pays \u00e0 faire instaurer la d\u00e9mocratie et l\u2019Etat de droit\u00a0\u00bb<\/p>\n<p>Suite la rencontre qui s\u2019est tenue le 9 juin dernier entre le pr\u00e9sident du CNT, Dr Dansa Kourouma et certains jeunes leaders qui r\u00e9clamaient de l\u2019Axe, \u00a0les jeunes leaders dudit Axe ont tenu une assembl\u00e9e g\u00e9n\u00e9rale ce dimanche 19 juin 2022 au si\u00e8ge de l\u2019UFDG sis \u00e0 la Mini\u00e8re dans la commune de Dixinn non seulement pour se d\u00e9solidariser de ces derniers, mais aussi et surtout apporter leur soutien ind\u00e9fectible au parti dirig\u00e9 par Cellou Dalein Diallo.<\/p>\n<p>\u201cDepuis son ascension \u00e0 l\u2019ind\u00e9pendance, la Guin\u00e9e peine \u00e0 s\u2019assoir les bases d\u2019une v\u00e9ritable d\u00e9mocratie du fait de l\u2019incapacit\u00e9 des diff\u00e9rents r\u00e9gimes politiques de poser les bases d\u2019un \u00c9tat en phase avec les d\u00e9fis du moment.<br \/>\nS\u2019il y a une couche qui a beaucoup souffert des mauvaises politiques publiques, c\u2019est bien la jeunesse Guin\u00e9enne malgr\u00e9 son poids d\u00e9mocratique et les potentialit\u00e9 dont elle dispose dans les domaines;politique, \u00e9conomique, social et culturel. L\u2019autre victime, c\u2019est bien la jeunesse de l\u2019axe qui lutte comme un beau diable contre l\u2019oppression et la tyrannie.<\/p>\n<p>Pour une raison ou pour une autre, beaucoup de politiciens v\u00e9reux ou de cadres \u00e0 la recherche d\u2019une hypoth\u00e9tique carri\u00e8re voient les jeunes de l\u2019axe comme des proies \u00e0 utiliser pour assouvir leurs int\u00e9r\u00eats. Portant, ils devraient se questionner pourquoi le r\u00e9gime corrompu d\u2019Alpha Cond\u00e9 malgr\u00e9 tous les moyens utilis\u00e9s n\u2019a pas pu acheter les consciences de la jeunesse de l\u2019axe ? La r\u00e9ponse \u00e0 cette question devrait \u00e9difier la lanterne des uns et des autres sur le proc\u00e8s combien juste on fait aux braves jeunes de l\u2019axe. Jamais, l\u2019argent n\u2019a pas pu acheter les hommes convaincus car sauf l\u2019int\u00e9r\u00eat g\u00e9n\u00e9ral prime chez ceux-l\u00e0. Alors, disons ici haut et fort que ceux qui pr\u00e9tendent d\u00e9tenir le monopole de la manipulation et de la d\u00e9sinformation se ressaisissent car l\u2019axe a d\u00e9montr\u00e9 qu\u2019il reste \u00a0et demeure un rempart contre les exc\u00e8s des gouvernants et qu\u2019il se bat aux c\u00f4t\u00e9s de l\u2019UFDG d\u2019El Hadj Cellou Dalein Diallo pour le triomphe de la v\u00e9rit\u00e9 contre le mensonge a Abdoul Salam Sow, vice-pr\u00e9sident de Ratoma.<\/p>\n<p>Poursuivant, M. Sow a tenu \u00e0 ajouter:<\/p>\n<p>\u201cNous invitons le pr\u00e9sident du CNT et les membres du gouvernement \u00e0 s\u2019occuper de la mission \u00e0 lui confier par la charte de la transition dont entre autres la r\u00e9daction et l\u2019adoption par voie r\u00e9f\u00e9rendaire d\u2019une nouvelle constitution et l\u2019organisation d\u2019\u00e9lections libres inclusives et transparentes. Mais r\u00e9unir des gens au nom de l\u2019axe pour faire comprendre \u00e0 l\u2019opinion et au Colonel Mamadi Doumbouya d\u2019une soit-disants maitrise des forces progressistes de l\u2019axe rel\u00e8ve de l\u2019utopie. Et bient\u00f4t, nous d\u00e9montrerons \u00e0 travers le soutien que nous allons apporter au FNDC et les forces vives de la nation que l\u2019axe de la d\u00e9mocratie n\u2019est pas chim\u00e9rique\u00a0\u00bb a t-il soulign\u00e9.<\/p>\n<p>Pr\u00e9sent \u00e0 cette assembl\u00e9e, Cellou Bald\u00e9,responsable des f\u00e9d\u00e9rations \u00e0 l\u2019int\u00e9rieur du pays a tout d\u2019abord remerci\u00e9 les jeunes de l\u2019axe pour la mobilisation avant de les exhorter a poursuivre le combat pour l\u2019instauration d\u2019une v\u00e9ritable d\u00e9mocratie et de l\u2019Etat de droit en Guin\u00e9e.<\/p>\n<p>\u201cCe combat, nous l\u2019avons commenc\u00e9 depuis de longues ann\u00e9es. C\u2019est pour cela que nous sommes condamn\u00e9s \u00e0 le continuer, mais \u00e9galement \u00e0 le gagner dans l\u2019int\u00e9r\u00eat de la d\u00e9mocratie, dans l\u2019int\u00e9r\u00eat de l\u2019Etat de droit et dans l\u2019int\u00e9r\u00eat du peuple de Guin\u00e9e. Et quand on parle de la d\u00e9mocratie et de l\u2019Etat de droit dans ce pays, on ne peut pas occulter la jeunesse de l\u2019axe. Soyez fiers que vous \u00eates de l\u2019axe. L\u2019histoire retiendra que vous avez contribu\u00e9 dans ce pays \u00e0 faire instaurer la d\u00e9mocratie et l\u2019Etat de droit. Le colonel Mamadi Doumbouya doit avoir du respect pour la jeunesse de l\u2019axe que vous \u00eates parce que si le 5 septembre est intervenu, c\u2019est aussi gr\u00e2ce \u00e0 votre combat, c\u2019est aussi gr\u00e2ce \u00e0 votre constance, mais c\u2019est aussi gr\u00e2ce \u00e0 notre conviction profonde \u00e0 la d\u00e9mocratie et \u00e0 l\u2019Etat de droit. Depuis janvier-f\u00e9vrier 2007, nous sommes sur terrain. De cette date jusqu\u2019\u00e0 maintenant \u00e7a fait plus de 15 ans que nous sommes entrain de lutter, que certains des jeunes qui sont nos copains d\u2019\u00e2ge, nos petits fr\u00e8res, nos s\u0153urs sont arrach\u00e9s \u00e0 notre affection . Assassin\u00e9s par balles, violes, violent\u00e9s,handicap\u00e9s \u00e0 vie, nos biens pil\u00e9s, des marmites renvers\u00e9es, mais cela ne vous a pas d\u00e9tourn\u00e9 du combat. Cela ne d\u00e9tournera pas du combat parce que nous ne luttons pas pour un bien mat\u00e9riel, nous ne luttons pas pour un homme, mais nous luttons pour notre pays, nous luttons pour notre nation\u00a0\u00bb a t-il not\u00e9.<\/p>\n<p>Plus loin, Cellou Bald\u00e9 invite les jeunes leaders de l\u2019axe \u00e0 une forte mobilisation pour accompagner la manifestation pacifique annonc\u00e9e par le FNDC le 23 juin prochain.<\/p>\n<p>\u201cTenez-vous bien, continuez le combat, mobilisons-nous massivement le 23 juin pour accompagner le FNDC. Marchons dans toutes les rues de Conakry pour prouver au CNRD que nous pouvons marcher pacifiquement que nous n\u2019allons jamais n\u00e9gocier la d\u00e9mocratie et l\u2019Etat de droit dans notre pays\u00a0\u00bb a t-il conclu.<\/p>\n<p>Camara Mohamed<\/p>\n","protected":false},"excerpt":{"rendered":"<p>Cellou Bald\u00e9 aux jeunes de l\u2019axe: \u201cL\u2019histoire retiendra que vous avez contribu\u00e9 dans ce pays<\/p>\n","protected":false},"author":2,"featured_media":1356,"comment_status":"closed","ping_status":"open","sticky":false,"template":"","format":"standard","meta":[],"categories":[1],"tags":[229],"yoast_head":"<!-- This site is optimized with the Yoast SEO plugin v19.13 - https:\/\/yoast.com\/wordpress\/plugins\/seo\/ -->\n<title>Cellou Bald\u00e9 aux jeunes de l\u2019axe: \u201cL\u2019histoire retiendra que vous avez contribu\u00e9 dans ce pays \u00e0 faire instaurer la d\u00e9mocratie et l\u2019Etat de droit&quot; - UNIVERSNEWS224<\/title>\n<meta name=\"robots\" content=\"index, follow, max-snippet:-1, max-image-preview:large, max-video-preview:-1\" \/>\n<link rel=\"canonical\" href=\"https:\/\/universnews224.com\/index.php\/cellou-balde-aux-jeunes-de-laxe-lhistoire-retiendra-que-vous-avez-contribue-dans-ce-pays-a-faire-instaurer-la-democratie-et-letat-de-droit\/\" \/>\n<meta property=\"og:locale\" content=\"fr_FR\" \/>\n<meta property=\"og:type\" content=\"article\" \/>\n<meta property=\"og:title\" content=\"Cellou Bald\u00e9 aux jeunes de l\u2019axe: \u201cL\u2019histoire retiendra que vous avez contribu\u00e9 dans ce pays \u00e0 faire instaurer la d\u00e9mocratie et l\u2019Etat de droit&quot; - UNIVERSNEWS224\" \/>\n<meta property=\"og:description\" content=\"Cellou Bald\u00e9 aux jeunes de l\u2019axe: \u201cL\u2019histoire retiendra que vous avez contribu\u00e9 dans ce pays\" \/>\n<meta property=\"og:url\" content=\"https:\/\/universnews224.com\/index.php\/cellou-balde-aux-jeunes-de-laxe-lhistoire-retiendra-que-vous-avez-contribue-dans-ce-pays-a-faire-instaurer-la-democratie-et-letat-de-droit\/\" \/>\n<meta property=\"og:site_name\" content=\"UNIVERSNEWS224\" \/>\n<meta property=\"article:published_time\" content=\"2022-06-20T08:27:16+00:00\" \/>\n<meta property=\"og:image\" content=\"https:\/\/universnews224.com\/wp-content\/uploads\/2022\/05\/2AA7A1DC-C667-4B19-83C2-246E41A0C775.jpeg\" \/>\n\t<meta property=\"og:image:width\" content=\"835\" \/>\n\t<meta property=\"og:image:height\" content=\"612\" \/>\n\t<meta property=\"og:image:type\" content=\"image\/jpeg\" \/>\n<meta name=\"author\" content=\"La R\u00e9daction\" \/>\n<meta name=\"twitter:label1\" content=\"\u00c9crit par\" \/>\n\t<meta name=\"twitter:data1\" content=\"La R\u00e9daction\" \/>\n\t<meta name=\"twitter:label2\" content=\"Dur\u00e9e de lecture estim\u00e9e\" \/>\n\t<meta name=\"twitter:data2\" content=\"5 minutes\" \/>\n<script type=\"application\/ld+json\" class=\"yoast-schema-graph\">{\"@context\":\"https:\/\/schema.org\",\"@graph\":[{\"@type\":\"Article\",\"@id\":\"https:\/\/universnews224.com\/index.php\/cellou-balde-aux-jeunes-de-laxe-lhistoire-retiendra-que-vous-avez-contribue-dans-ce-pays-a-faire-instaurer-la-democratie-et-letat-de-droit\/#article\",\"isPartOf\":{\"@id\":\"https:\/\/universnews224.com\/index.php\/cellou-balde-aux-jeunes-de-laxe-lhistoire-retiendra-que-vous-avez-contribue-dans-ce-pays-a-faire-instaurer-la-democratie-et-letat-de-droit\/\"},\"author\":{\"name\":\"La R\u00e9daction\",\"@id\":\"https:\/\/universnews224.com\/#\/schema\/person\/a4b7d4f94a4716df60456a491260485e\"},\"headline\":\"Cellou Bald\u00e9 aux jeunes de l\u2019axe: \u201cL\u2019histoire retiendra que vous avez contribu\u00e9 dans ce pays \u00e0 faire instaurer la d\u00e9mocratie et l\u2019Etat de droit\u00a0\u00bb\",\"datePublished\":\"2022-06-20T08:27:16+00:00\",\"dateModified\":\"2022-06-20T08:27:16+00:00\",\"mainEntityOfPage\":{\"@id\":\"https:\/\/universnews224.com\/index.php\/cellou-balde-aux-jeunes-de-laxe-lhistoire-retiendra-que-vous-avez-contribue-dans-ce-pays-a-faire-instaurer-la-democratie-et-letat-de-droit\/\"},\"wordCount\":993,\"publisher\":{\"@id\":\"https:\/\/universnews224.com\/#organization\"},\"keywords\":[\"La une\"],\"inLanguage\":\"fr-FR\"},{\"@type\":\"WebPage\",\"@id\":\"https:\/\/universnews224.com\/index.php\/cellou-balde-aux-jeunes-de-laxe-lhistoire-retiendra-que-vous-avez-contribue-dans-ce-pays-a-faire-instaurer-la-democratie-et-letat-de-droit\/\",\"url\":\"https:\/\/universnews224.com\/index.php\/cellou-balde-aux-jeunes-de-laxe-lhistoire-retiendra-que-vous-avez-contribue-dans-ce-pays-a-faire-instaurer-la-democratie-et-letat-de-droit\/\",\"name\":\"Cellou Bald\u00e9 aux jeunes de l\u2019axe: \u201cL\u2019histoire retiendra que vous avez contribu\u00e9 dans ce pays \u00e0 faire instaurer la d\u00e9mocratie et l\u2019Etat de droit\\\" - UNIVERSNEWS224\",\"isPartOf\":{\"@id\":\"https:\/\/universnews224.com\/#website\"},\"datePublished\":\"2022-06-20T08:27:16+00:00\",\"dateModified\":\"2022-06-20T08:27:16+00:00\",\"inLanguage\":\"fr-FR\",\"potentialAction\":[{\"@type\":\"ReadAction\",\"target\":[\"https:\/\/universnews224.com\/index.php\/cellou-balde-aux-jeunes-de-laxe-lhistoire-retiendra-que-vous-avez-contribue-dans-ce-pays-a-faire-instaurer-la-democratie-et-letat-de-droit\/\"]}]},{\"@type\":\"WebSite\",\"@id\":\"https:\/\/universnews224.com\/#website\",\"url\":\"https:\/\/universnews224.com\/\",\"name\":\"UNIVERSNEWS224\",\"description\":\"\",\"publisher\":{\"@id\":\"https:\/\/universnews224.com\/#organization\"},\"potentialAction\":[{\"@type\":\"SearchAction\",\"target\":{\"@type\":\"EntryPoint\",\"urlTemplate\":\"https:\/\/universnews224.com\/?s={search_term_string}\"},\"query-input\":\"required name=search_term_string\"}],\"inLanguage\":\"fr-FR\"},{\"@type\":\"Organization\",\"@id\":\"https:\/\/universnews224.com\/#organization\",\"name\":\"UNIVERSNEWS224\",\"url\":\"https:\/\/universnews224.com\/\",\"logo\":{\"@type\":\"ImageObject\",\"inLanguage\":\"fr-FR\",\"@id\":\"https:\/\/universnews224.com\/#\/schema\/logo\/image\/\",\"url\":\"https:\/\/universnews224.com\/wp-content\/uploads\/2022\/08\/cropped-cropped-logoban.jpg\",\"contentUrl\":\"https:\/\/universnews224.com\/wp-content\/uploads\/2022\/08\/cropped-cropped-logoban.jpg\",\"width\":1080,\"height\":138,\"caption\":\"UNIVERSNEWS224\"},\"image\":{\"@id\":\"https:\/\/universnews224.com\/#\/schema\/logo\/image\/\"}},{\"@type\":\"Person\",\"@id\":\"https:\/\/universnews224.com\/#\/schema\/person\/a4b7d4f94a4716df60456a491260485e\",\"name\":\"La R\u00e9daction\",\"image\":{\"@type\":\"ImageObject\",\"inLanguage\":\"fr-FR\",\"@id\":\"https:\/\/universnews224.com\/#\/schema\/person\/image\/\",\"url\":\"https:\/\/secure.gravatar.com\/avatar\/edb90acc7752b23e1b3307ad36c14f0d?s=96&d=mm&r=g\",\"contentUrl\":\"https:\/\/secure.gravatar.com\/avatar\/edb90acc7752b23e1b3307ad36c14f0d?s=96&d=mm&r=g\",\"caption\":\"La R\u00e9daction\"},\"sameAs\":[\"https:\/\/universnews224.com\"],\"url\":\"https:\/\/universnews224.com\/index.php\/author\/m-camara\/\"}]}<\/script>\n<!-- \/ Yoast SEO plugin. -->","yoast_head_json":{"title":"Cellou Bald\u00e9 aux jeunes de l\u2019axe: \u201cL\u2019histoire retiendra que vous avez contribu\u00e9 dans ce pays \u00e0 faire instaurer la d\u00e9mocratie et l\u2019Etat de droit\" - UNIVERSNEWS224","robots":{"index":"index","follow":"follow","max-snippet":"max-snippet:-1","max-image-preview":"max-image-preview:large","max-video-preview":"max-video-preview:-1"},"canonical":"https:\/\/universnews224.com\/index.php\/cellou-balde-aux-jeunes-de-laxe-lhistoire-retiendra-que-vous-avez-contribue-dans-ce-pays-a-faire-instaurer-la-democratie-et-letat-de-droit\/","og_locale":"fr_FR","og_type":"article","og_title":"Cellou Bald\u00e9 aux jeunes de l\u2019axe: \u201cL\u2019histoire retiendra que vous avez contribu\u00e9 dans ce pays \u00e0 faire instaurer la d\u00e9mocratie et l\u2019Etat de droit\" - UNIVERSNEWS224","og_description":"Cellou Bald\u00e9 aux jeunes de l\u2019axe: \u201cL\u2019histoire retiendra que vous avez contribu\u00e9 dans ce pays","og_url":"https:\/\/universnews224.com\/index.php\/cellou-balde-aux-jeunes-de-laxe-lhistoire-retiendra-que-vous-avez-contribue-dans-ce-pays-a-faire-instaurer-la-democratie-et-letat-de-droit\/","og_site_name":"UNIVERSNEWS224","article_published_time":"2022-06-20T08:27:16+00:00","og_image":[{"width":835,"height":612,"url":"https:\/\/universnews224.com\/wp-content\/uploads\/2022\/05\/2AA7A1DC-C667-4B19-83C2-246E41A0C775.jpeg","type":"image\/jpeg"}],"author":"La R\u00e9daction","twitter_misc":{"\u00c9crit par":"La R\u00e9daction","Dur\u00e9e de lecture estim\u00e9e":"5 minutes"},"schema":{"@context":"https:\/\/schema.org","@graph":[{"@type":"Article","@id":"https:\/\/universnews224.com\/index.php\/cellou-balde-aux-jeunes-de-laxe-lhistoire-retiendra-que-vous-avez-contribue-dans-ce-pays-a-faire-instaurer-la-democratie-et-letat-de-droit\/#article","isPartOf":{"@id":"https:\/\/universnews224.com\/index.php\/cellou-balde-aux-jeunes-de-laxe-lhistoire-retiendra-que-vous-avez-contribue-dans-ce-pays-a-faire-instaurer-la-democratie-et-letat-de-droit\/"},"author":{"name":"La R\u00e9daction","@id":"https:\/\/universnews224.com\/#\/schema\/person\/a4b7d4f94a4716df60456a491260485e"},"headline":"Cellou Bald\u00e9 aux jeunes de l\u2019axe: \u201cL\u2019histoire retiendra que vous avez contribu\u00e9 dans ce pays \u00e0 faire instaurer la d\u00e9mocratie et l\u2019Etat de droit\u00a0\u00bb","datePublished":"2022-06-20T08:27:16+00:00","dateModified":"2022-06-20T08:27:16+00:00","mainEntityOfPage":{"@id":"https:\/\/universnews224.com\/index.php\/cellou-balde-aux-jeunes-de-laxe-lhistoire-retiendra-que-vous-avez-contribue-dans-ce-pays-a-faire-instaurer-la-democratie-et-letat-de-droit\/"},"wordCount":993,"publisher":{"@id":"https:\/\/universnews224.com\/#organization"},"keywords":["La une"],"inLanguage":"fr-FR"},{"@type":"WebPage","@id":"https:\/\/universnews224.com\/index.php\/cellou-balde-aux-jeunes-de-laxe-lhistoire-retiendra-que-vous-avez-contribue-dans-ce-pays-a-faire-instaurer-la-democratie-et-letat-de-droit\/","url":"https:\/\/universnews224.com\/index.php\/cellou-balde-aux-jeunes-de-laxe-lhistoire-retiendra-que-vous-avez-contribue-dans-ce-pays-a-faire-instaurer-la-democratie-et-letat-de-droit\/","name":"Cellou Bald\u00e9 aux jeunes de l\u2019axe: \u201cL\u2019histoire retiendra que vous avez contribu\u00e9 dans ce pays \u00e0 faire instaurer la d\u00e9mocratie et l\u2019Etat de droit\" - UNIVERSNEWS224","isPartOf":{"@id":"https:\/\/universnews224.com\/#website"},"datePublished":"2022-06-20T08:27:16+00:00","dateModified":"2022-06-20T08:27:16+00:00","inLanguage":"fr-FR","potentialAction":[{"@type":"ReadAction","target":["https:\/\/universnews224.com\/index.php\/cellou-balde-aux-jeunes-de-laxe-lhistoire-retiendra-que-vous-avez-contribue-dans-ce-pays-a-faire-instaurer-la-democratie-et-letat-de-droit\/"]}]},{"@type":"WebSite","@id":"https:\/\/universnews224.com\/#website","url":"https:\/\/universnews224.com\/","name":"UNIVERSNEWS224","description":"","publisher":{"@id":"https:\/\/universnews224.com\/#organization"},"potentialAction":[{"@type":"SearchAction","target":{"@type":"EntryPoint","urlTemplate":"https:\/\/universnews224.com\/?s={search_term_string}"},"query-input":"required name=search_term_string"}],"inLanguage":"fr-FR"},{"@type":"Organization","@id":"https:\/\/universnews224.com\/#organization","name":"UNIVERSNEWS224","url":"https:\/\/universnews224.com\/","logo":{"@type":"ImageObject","inLanguage":"fr-FR","@id":"https:\/\/universnews224.com\/#\/schema\/logo\/image\/","url":"https:\/\/universnews224.com\/wp-content\/uploads\/2022\/08\/cropped-cropped-logoban.jpg","contentUrl":"https:\/\/universnews224.com\/wp-content\/uploads\/2022\/08\/cropped-cropped-logoban.jpg","width":1080,"height":138,"caption":"UNIVERSNEWS224"},"image":{"@id":"https:\/\/universnews224.com\/#\/schema\/logo\/image\/"}},{"@type":"Person","@id":"https:\/\/universnews224.com\/#\/schema\/person\/a4b7d4f94a4716df60456a491260485e","name":"La R\u00e9daction","image":{"@type":"ImageObject","inLanguage":"fr-FR","@id":"https:\/\/universnews224.com\/#\/schema\/person\/image\/","url":"https:\/\/secure.gravatar.com\/avatar\/edb90acc7752b23e1b3307ad36c14f0d?s=96&d=mm&r=g","contentUrl":"https:\/\/secure.gravatar.com\/avatar\/edb90acc7752b23e1b3307ad36c14f0d?s=96&d=mm&r=g","caption":"La R\u00e9daction"},"sameAs":["https:\/\/universnews224.com"],"url":"https:\/\/universnews224.com\/index.php\/author\/m-camara\/"}]}},"_links":{"self":[{"href":"https:\/\/universnews224.com\/index.php\/wp-json\/wp\/v2\/posts\/1518"}],"collection":[{"href":"https:\/\/universnews224.com\/index.php\/wp-json\/wp\/v2\/posts"}],"about":[{"href":"https:\/\/universnews224.com\/index.php\/wp-json\/wp\/v2\/types\/post"}],"author":[{"embeddable":true,"href":"https:\/\/universnews224.com\/index.php\/wp-json\/wp\/v2\/users\/2"}],"replies":[{"embeddable":true,"href":"https:\/\/universnews224.com\/index.php\/wp-json\/wp\/v2\/comments?post=1518"}],"version-history":[{"count":1,"href":"https:\/\/universnews224.com\/index.php\/wp-json\/wp\/v2\/posts\/1518\/revisions"}],"predecessor-version":[{"id":1520,"href":"https:\/\/universnews224.com\/index.php\/wp-json\/wp\/v2\/posts\/1518\/revisions\/1520"}],"wp:featuredmedia":[{"embeddable":true,"href":"https:\/\/universnews224.com\/index.php\/wp-json\/wp\/v2\/media\/1356"}],"wp:attachment":[{"href":"https:\/\/universnews224.com\/index.php\/wp-json\/wp\/v2\/media?parent=1518"}],"wp:term":[{"taxonomy":"category","embeddable":true,"href":"https:\/\/universnews224.com\/index.php\/wp-json\/wp\/v2\/categories?post=1518"},{"taxonomy":"post_tag","embeddable":true,"href":"https:\/\/universnews224.com\/index.php\/wp-json\/wp\/v2\/tags?post=1518"}],"curies":[{"name":"wp","href":"https:\/\/api.w.org\/{rel}","templated":true}]}}