{"id":1542,"date":"2022-07-02T20:02:41","date_gmt":"2022-07-02T19:02:41","guid":{"rendered":"https:\/\/universnews224.com\/?p=1542"},"modified":"2022-07-02T20:02:41","modified_gmt":"2022-07-02T19:02:41","slug":"fode-oussou-a-dr-dansa-kourouma-on-ne-peut-pas-interpeller-le-premier-ministre-dun-pays-avec-ce-ton","status":"publish","type":"post","link":"https:\/\/universnews224.com\/index.php\/fode-oussou-a-dr-dansa-kourouma-on-ne-peut-pas-interpeller-le-premier-ministre-dun-pays-avec-ce-ton\/","title":{"rendered":"Fod\u00e9 Oussou \u00e0 Dr Dansa Kourouma: \u00ab On ne peut pas interpeller le premier ministre d\u2019un pays avec ce ton\u00bb"},"content":{"rendered":"<p>Le vice-pr\u00e9sident de l\u2019Union des Forces de Guin\u00e9e (UFDG) Dr Fod\u00e9 Oussou Fofana, a au cours de l\u2019assembl\u00e9e g\u00e9n\u00e9rale de son parti tenue ce samedi, 2 juillet 2022 \u00e0 la Mini\u00e8re dans la commune de Dixinn s\u2019est prononc\u00e9 sur les propos du pr\u00e9sident du CNT, interpelant le premier ministre de pr\u00e9senter sa politique g\u00e9n\u00e9rale devant le CNT.<\/p>\n<p>Selon lui, ton employ\u00e9 par le pr\u00e9sident du CNT pour interpeller le premier ministre n\u2019est pas appropri\u00e9.<\/p>\n<p>\u201cNous avons suivi avec beaucoup de peines le pr\u00e9sident du CNT.Ce qui fait mal, ce n\u2019est pas ce qu\u2019il a dit. Non. Mais \u00a0c\u2019est le ton qu\u2019il a utilis\u00e9 pour interpeller le premier ministre. On ne peut pas interpeller le premier ministre d\u2019un pays avec ce ton. La question qu\u2019on se pose aujourd\u2019hui: entre le pr\u00e9sident du CNT et le premier ministre quels sont les rapports ? Le pr\u00e9sident du CNT interpelle le premier ministre de la R\u00e9publique de Guin\u00e9e en lui demandant, c\u2019est la derni\u00e8re fois que j\u2019interpelle, il faut que tu viennes devant nous pour \u00a0parler de ta politique, c\u2019est la derni\u00e8re fois . Dans un pays comme \u00e7a, si cela c\u2019est possible c\u2019est qu\u2019on est mal barr\u00e9.\u00c7a, ce n\u2019est pas bien parce qu\u2019on n\u2019a pas besoin d\u2019aller \u00e0 aller pour comprendre\u00a0\u00bb a t-il indiqu\u00e9.<\/p>\n<p>Poursuivant, le vice-pr\u00e9sident du parti dirig\u00e9 par Cellou Dalein Diallo demande aux autorit\u00e9s actuelles de vulgariser le contenu de la charte de la transition afin de permettre aux uns et autres de conna\u00eetre leurs pr\u00e9rogatives.<\/p>\n<p>\u00ab Il y a qu\u2019on appelle la charte, \u00e0 mon humble avis aujourd\u2019hui, on doit publier la charte, amener les pr\u00e9sidents des institutions dans une classe, appeler les juristes, leur expliquer le contenu de cette charte. Parce que c\u2019est important. Parce que quand on ne conna\u00eet pas quelques part , il faut savoir quelles sont tes limites.Il faut savoir c\u2019est quoi le CNT, quelles sont pr\u00e9rogatives du CNT. Il faut conna\u00eetre le rapport entre le pr\u00e9sident du CNT et le premier ministre, il faut conna\u00eetre les rapports entre le premier ministre et le pr\u00e9sident de la R\u00e9publique. Il faut savoir qui est qui, qui fait quoi, qui repr\u00e9sente quoi. Si on ne fait \u00e7a, \u00e7a sera le d\u00e9sordre. La d\u00e9claration de politique g\u00e9n\u00e9rale du gouvernement n\u2019a de sens que dans un r\u00e9gime o\u00f9 le premier ministre ou gouvernement est responsable devant le parlement. Or, en Guin\u00e9e la charte de la transition dit que le premier ministre est responsable devant le pr\u00e9sident de la transition. Donc, il n\u2019a pas besoin de la confiance du CNT\u00bb a t-il rappel\u00e9.<\/p>\n<p>Camara Mohamed<br \/>\n669 14 62 22<\/p>\n","protected":false},"excerpt":{"rendered":"<p>Le vice-pr\u00e9sident de l\u2019Union des Forces de Guin\u00e9e (UFDG) Dr Fod\u00e9 Oussou Fofana, a au<\/p>\n","protected":false},"author":2,"featured_media":1461,"comment_status":"closed","ping_status":"open","sticky":false,"template":"","format":"standard","meta":[],"categories":[1],"tags":[229],"yoast_head":"<!-- This site is optimized with the Yoast SEO plugin v19.13 - https:\/\/yoast.com\/wordpress\/plugins\/seo\/ -->\n<title>Fod\u00e9 Oussou \u00e0 Dr Dansa Kourouma: \u00ab On ne peut pas interpeller le premier ministre d\u2019un pays avec ce ton\u00bb - UNIVERSNEWS224<\/title>\n<meta name=\"robots\" content=\"index, follow, max-snippet:-1, max-image-preview:large, max-video-preview:-1\" \/>\n<link rel=\"canonical\" href=\"https:\/\/universnews224.com\/index.php\/fode-oussou-a-dr-dansa-kourouma-on-ne-peut-pas-interpeller-le-premier-ministre-dun-pays-avec-ce-ton\/\" \/>\n<meta property=\"og:locale\" content=\"fr_FR\" \/>\n<meta property=\"og:type\" content=\"article\" \/>\n<meta property=\"og:title\" content=\"Fod\u00e9 Oussou \u00e0 Dr Dansa Kourouma: \u00ab On ne peut pas interpeller le premier ministre d\u2019un pays avec ce ton\u00bb - UNIVERSNEWS224\" \/>\n<meta property=\"og:description\" content=\"Le vice-pr\u00e9sident de l\u2019Union des Forces de Guin\u00e9e (UFDG) Dr Fod\u00e9 Oussou Fofana, a au\" \/>\n<meta property=\"og:url\" content=\"https:\/\/universnews224.com\/index.php\/fode-oussou-a-dr-dansa-kourouma-on-ne-peut-pas-interpeller-le-premier-ministre-dun-pays-avec-ce-ton\/\" \/>\n<meta property=\"og:site_name\" content=\"UNIVERSNEWS224\" \/>\n<meta property=\"article:published_time\" content=\"2022-07-02T19:02:41+00:00\" \/>\n<meta property=\"og:image\" content=\"https:\/\/universnews224.com\/wp-content\/uploads\/2022\/05\/48881C28-0EAA-4B08-847D-F413C5F8746D.jpeg\" \/>\n\t<meta property=\"og:image:width\" content=\"720\" \/>\n\t<meta property=\"og:image:height\" content=\"430\" \/>\n\t<meta property=\"og:image:type\" content=\"image\/jpeg\" \/>\n<meta name=\"author\" content=\"La R\u00e9daction\" \/>\n<meta name=\"twitter:label1\" content=\"\u00c9crit par\" \/>\n\t<meta name=\"twitter:data1\" content=\"La R\u00e9daction\" \/>\n\t<meta name=\"twitter:label2\" content=\"Dur\u00e9e de lecture estim\u00e9e\" \/>\n\t<meta name=\"twitter:data2\" content=\"2 minutes\" \/>\n<script type=\"application\/ld+json\" class=\"yoast-schema-graph\">{\"@context\":\"https:\/\/schema.org\",\"@graph\":[{\"@type\":\"Article\",\"@id\":\"https:\/\/universnews224.com\/index.php\/fode-oussou-a-dr-dansa-kourouma-on-ne-peut-pas-interpeller-le-premier-ministre-dun-pays-avec-ce-ton\/#article\",\"isPartOf\":{\"@id\":\"https:\/\/universnews224.com\/index.php\/fode-oussou-a-dr-dansa-kourouma-on-ne-peut-pas-interpeller-le-premier-ministre-dun-pays-avec-ce-ton\/\"},\"author\":{\"name\":\"La R\u00e9daction\",\"@id\":\"https:\/\/universnews224.com\/#\/schema\/person\/a4b7d4f94a4716df60456a491260485e\"},\"headline\":\"Fod\u00e9 Oussou \u00e0 Dr Dansa Kourouma: \u00ab On ne peut pas interpeller le premier ministre d\u2019un pays avec ce ton\u00bb\",\"datePublished\":\"2022-07-02T19:02:41+00:00\",\"dateModified\":\"2022-07-02T19:02:41+00:00\",\"mainEntityOfPage\":{\"@id\":\"https:\/\/universnews224.com\/index.php\/fode-oussou-a-dr-dansa-kourouma-on-ne-peut-pas-interpeller-le-premier-ministre-dun-pays-avec-ce-ton\/\"},\"wordCount\":503,\"publisher\":{\"@id\":\"https:\/\/universnews224.com\/#organization\"},\"keywords\":[\"La une\"],\"inLanguage\":\"fr-FR\"},{\"@type\":\"WebPage\",\"@id\":\"https:\/\/universnews224.com\/index.php\/fode-oussou-a-dr-dansa-kourouma-on-ne-peut-pas-interpeller-le-premier-ministre-dun-pays-avec-ce-ton\/\",\"url\":\"https:\/\/universnews224.com\/index.php\/fode-oussou-a-dr-dansa-kourouma-on-ne-peut-pas-interpeller-le-premier-ministre-dun-pays-avec-ce-ton\/\",\"name\":\"Fod\u00e9 Oussou \u00e0 Dr Dansa Kourouma: \u00ab On ne peut pas interpeller le premier ministre d\u2019un pays avec ce ton\u00bb - UNIVERSNEWS224\",\"isPartOf\":{\"@id\":\"https:\/\/universnews224.com\/#website\"},\"datePublished\":\"2022-07-02T19:02:41+00:00\",\"dateModified\":\"2022-07-02T19:02:41+00:00\",\"inLanguage\":\"fr-FR\",\"potentialAction\":[{\"@type\":\"ReadAction\",\"target\":[\"https:\/\/universnews224.com\/index.php\/fode-oussou-a-dr-dansa-kourouma-on-ne-peut-pas-interpeller-le-premier-ministre-dun-pays-avec-ce-ton\/\"]}]},{\"@type\":\"WebSite\",\"@id\":\"https:\/\/universnews224.com\/#website\",\"url\":\"https:\/\/universnews224.com\/\",\"name\":\"UNIVERSNEWS224\",\"description\":\"\",\"publisher\":{\"@id\":\"https:\/\/universnews224.com\/#organization\"},\"potentialAction\":[{\"@type\":\"SearchAction\",\"target\":{\"@type\":\"EntryPoint\",\"urlTemplate\":\"https:\/\/universnews224.com\/?s={search_term_string}\"},\"query-input\":\"required name=search_term_string\"}],\"inLanguage\":\"fr-FR\"},{\"@type\":\"Organization\",\"@id\":\"https:\/\/universnews224.com\/#organization\",\"name\":\"UNIVERSNEWS224\",\"url\":\"https:\/\/universnews224.com\/\",\"logo\":{\"@type\":\"ImageObject\",\"inLanguage\":\"fr-FR\",\"@id\":\"https:\/\/universnews224.com\/#\/schema\/logo\/image\/\",\"url\":\"https:\/\/universnews224.com\/wp-content\/uploads\/2022\/08\/cropped-cropped-logoban.jpg\",\"contentUrl\":\"https:\/\/universnews224.com\/wp-content\/uploads\/2022\/08\/cropped-cropped-logoban.jpg\",\"width\":1080,\"height\":138,\"caption\":\"UNIVERSNEWS224\"},\"image\":{\"@id\":\"https:\/\/universnews224.com\/#\/schema\/logo\/image\/\"}},{\"@type\":\"Person\",\"@id\":\"https:\/\/universnews224.com\/#\/schema\/person\/a4b7d4f94a4716df60456a491260485e\",\"name\":\"La R\u00e9daction\",\"image\":{\"@type\":\"ImageObject\",\"inLanguage\":\"fr-FR\",\"@id\":\"https:\/\/universnews224.com\/#\/schema\/person\/image\/\",\"url\":\"https:\/\/secure.gravatar.com\/avatar\/edb90acc7752b23e1b3307ad36c14f0d?s=96&d=mm&r=g\",\"contentUrl\":\"https:\/\/secure.gravatar.com\/avatar\/edb90acc7752b23e1b3307ad36c14f0d?s=96&d=mm&r=g\",\"caption\":\"La R\u00e9daction\"},\"sameAs\":[\"https:\/\/universnews224.com\"],\"url\":\"https:\/\/universnews224.com\/index.php\/author\/m-camara\/\"}]}<\/script>\n<!-- \/ Yoast SEO plugin. -->","yoast_head_json":{"title":"Fod\u00e9 Oussou \u00e0 Dr Dansa Kourouma: \u00ab On ne peut pas interpeller le premier ministre d\u2019un pays avec ce ton\u00bb - UNIVERSNEWS224","robots":{"index":"index","follow":"follow","max-snippet":"max-snippet:-1","max-image-preview":"max-image-preview:large","max-video-preview":"max-video-preview:-1"},"canonical":"https:\/\/universnews224.com\/index.php\/fode-oussou-a-dr-dansa-kourouma-on-ne-peut-pas-interpeller-le-premier-ministre-dun-pays-avec-ce-ton\/","og_locale":"fr_FR","og_type":"article","og_title":"Fod\u00e9 Oussou \u00e0 Dr Dansa Kourouma: \u00ab On ne peut pas interpeller le premier ministre d\u2019un pays avec ce ton\u00bb - UNIVERSNEWS224","og_description":"Le vice-pr\u00e9sident de l\u2019Union des Forces de Guin\u00e9e (UFDG) Dr Fod\u00e9 Oussou Fofana, a au","og_url":"https:\/\/universnews224.com\/index.php\/fode-oussou-a-dr-dansa-kourouma-on-ne-peut-pas-interpeller-le-premier-ministre-dun-pays-avec-ce-ton\/","og_site_name":"UNIVERSNEWS224","article_published_time":"2022-07-02T19:02:41+00:00","og_image":[{"width":720,"height":430,"url":"https:\/\/universnews224.com\/wp-content\/uploads\/2022\/05\/48881C28-0EAA-4B08-847D-F413C5F8746D.jpeg","type":"image\/jpeg"}],"author":"La R\u00e9daction","twitter_misc":{"\u00c9crit par":"La R\u00e9daction","Dur\u00e9e de lecture estim\u00e9e":"2 minutes"},"schema":{"@context":"https:\/\/schema.org","@graph":[{"@type":"Article","@id":"https:\/\/universnews224.com\/index.php\/fode-oussou-a-dr-dansa-kourouma-on-ne-peut-pas-interpeller-le-premier-ministre-dun-pays-avec-ce-ton\/#article","isPartOf":{"@id":"https:\/\/universnews224.com\/index.php\/fode-oussou-a-dr-dansa-kourouma-on-ne-peut-pas-interpeller-le-premier-ministre-dun-pays-avec-ce-ton\/"},"author":{"name":"La R\u00e9daction","@id":"https:\/\/universnews224.com\/#\/schema\/person\/a4b7d4f94a4716df60456a491260485e"},"headline":"Fod\u00e9 Oussou \u00e0 Dr Dansa Kourouma: \u00ab On ne peut pas interpeller le premier ministre d\u2019un pays avec ce ton\u00bb","datePublished":"2022-07-02T19:02:41+00:00","dateModified":"2022-07-02T19:02:41+00:00","mainEntityOfPage":{"@id":"https:\/\/universnews224.com\/index.php\/fode-oussou-a-dr-dansa-kourouma-on-ne-peut-pas-interpeller-le-premier-ministre-dun-pays-avec-ce-ton\/"},"wordCount":503,"publisher":{"@id":"https:\/\/universnews224.com\/#organization"},"keywords":["La une"],"inLanguage":"fr-FR"},{"@type":"WebPage","@id":"https:\/\/universnews224.com\/index.php\/fode-oussou-a-dr-dansa-kourouma-on-ne-peut-pas-interpeller-le-premier-ministre-dun-pays-avec-ce-ton\/","url":"https:\/\/universnews224.com\/index.php\/fode-oussou-a-dr-dansa-kourouma-on-ne-peut-pas-interpeller-le-premier-ministre-dun-pays-avec-ce-ton\/","name":"Fod\u00e9 Oussou \u00e0 Dr Dansa Kourouma: \u00ab On ne peut pas interpeller le premier ministre d\u2019un pays avec ce ton\u00bb - UNIVERSNEWS224","isPartOf":{"@id":"https:\/\/universnews224.com\/#website"},"datePublished":"2022-07-02T19:02:41+00:00","dateModified":"2022-07-02T19:02:41+00:00","inLanguage":"fr-FR","potentialAction":[{"@type":"ReadAction","target":["https:\/\/universnews224.com\/index.php\/fode-oussou-a-dr-dansa-kourouma-on-ne-peut-pas-interpeller-le-premier-ministre-dun-pays-avec-ce-ton\/"]}]},{"@type":"WebSite","@id":"https:\/\/universnews224.com\/#website","url":"https:\/\/universnews224.com\/","name":"UNIVERSNEWS224","description":"","publisher":{"@id":"https:\/\/universnews224.com\/#organization"},"potentialAction":[{"@type":"SearchAction","target":{"@type":"EntryPoint","urlTemplate":"https:\/\/universnews224.com\/?s={search_term_string}"},"query-input":"required name=search_term_string"}],"inLanguage":"fr-FR"},{"@type":"Organization","@id":"https:\/\/universnews224.com\/#organization","name":"UNIVERSNEWS224","url":"https:\/\/universnews224.com\/","logo":{"@type":"ImageObject","inLanguage":"fr-FR","@id":"https:\/\/universnews224.com\/#\/schema\/logo\/image\/","url":"https:\/\/universnews224.com\/wp-content\/uploads\/2022\/08\/cropped-cropped-logoban.jpg","contentUrl":"https:\/\/universnews224.com\/wp-content\/uploads\/2022\/08\/cropped-cropped-logoban.jpg","width":1080,"height":138,"caption":"UNIVERSNEWS224"},"image":{"@id":"https:\/\/universnews224.com\/#\/schema\/logo\/image\/"}},{"@type":"Person","@id":"https:\/\/universnews224.com\/#\/schema\/person\/a4b7d4f94a4716df60456a491260485e","name":"La R\u00e9daction","image":{"@type":"ImageObject","inLanguage":"fr-FR","@id":"https:\/\/universnews224.com\/#\/schema\/person\/image\/","url":"https:\/\/secure.gravatar.com\/avatar\/edb90acc7752b23e1b3307ad36c14f0d?s=96&d=mm&r=g","contentUrl":"https:\/\/secure.gravatar.com\/avatar\/edb90acc7752b23e1b3307ad36c14f0d?s=96&d=mm&r=g","caption":"La R\u00e9daction"},"sameAs":["https:\/\/universnews224.com"],"url":"https:\/\/universnews224.com\/index.php\/author\/m-camara\/"}]}},"_links":{"self":[{"href":"https:\/\/universnews224.com\/index.php\/wp-json\/wp\/v2\/posts\/1542"}],"collection":[{"href":"https:\/\/universnews224.com\/index.php\/wp-json\/wp\/v2\/posts"}],"about":[{"href":"https:\/\/universnews224.com\/index.php\/wp-json\/wp\/v2\/types\/post"}],"author":[{"embeddable":true,"href":"https:\/\/universnews224.com\/index.php\/wp-json\/wp\/v2\/users\/2"}],"replies":[{"embeddable":true,"href":"https:\/\/universnews224.com\/index.php\/wp-json\/wp\/v2\/comments?post=1542"}],"version-history":[{"count":1,"href":"https:\/\/universnews224.com\/index.php\/wp-json\/wp\/v2\/posts\/1542\/revisions"}],"predecessor-version":[{"id":1544,"href":"https:\/\/universnews224.com\/index.php\/wp-json\/wp\/v2\/posts\/1542\/revisions\/1544"}],"wp:featuredmedia":[{"embeddable":true,"href":"https:\/\/universnews224.com\/index.php\/wp-json\/wp\/v2\/media\/1461"}],"wp:attachment":[{"href":"https:\/\/universnews224.com\/index.php\/wp-json\/wp\/v2\/media?parent=1542"}],"wp:term":[{"taxonomy":"category","embeddable":true,"href":"https:\/\/universnews224.com\/index.php\/wp-json\/wp\/v2\/categories?post=1542"},{"taxonomy":"post_tag","embeddable":true,"href":"https:\/\/universnews224.com\/index.php\/wp-json\/wp\/v2\/tags?post=1542"}],"curies":[{"name":"wp","href":"https:\/\/api.w.org\/{rel}","templated":true}]}}