{"id":1548,"date":"2022-07-05T13:50:54","date_gmt":"2022-07-05T12:50:54","guid":{"rendered":"https:\/\/universnews224.com\/?p=1548"},"modified":"2022-07-05T13:50:54","modified_gmt":"2022-07-05T12:50:54","slug":"abdourahamane-sano-japporte-mon-soutien-a-m-djani-alpha","status":"publish","type":"post","link":"https:\/\/universnews224.com\/index.php\/abdourahamane-sano-japporte-mon-soutien-a-m-djani-alpha\/","title":{"rendered":"Abdourahamane Sano:\u00ab j\u2019apporte mon soutien \u00e0 M Djani Alpha\u00bb"},"content":{"rendered":"<p>Lors de passage de son passage dans l\u2019\u00e9mission \u00abMirador\u00bb de la radio Fim Fm de ce lundi, 4 juillet 2022, l\u2019ancien \u00a0coordinateur du Front National pour la D\u00e9fense pour la Constitution (FNDC), Abdourahamane Sano a apport\u00e9 son soutien \u00e0 l\u2019artiste Djani Alpha, vis\u00e9 par une proc\u00e9dure judiciaire pour avoir tenus des propos injurieux \u00e0 l\u2019endroit du pr\u00e9sident du CNT, Dr Dansa Kourouma.<\/p>\n<p>\u00abJe ne peux pas du tout aller dans pol\u00e9mique. J\u2019ai au nom du principe de la libert\u00e9 d\u2019expression, de libert\u00e9 de parole, j\u2019ai dit que j\u2019apporte mon soutien \u00e0 M Djani Alpha.Jusque parce qu\u2019\u00e0 mon avis, il faut faire en sorte qu\u2019on puisse avoir la libert\u00e9 d\u2019exercice de sa citoyennet\u00e9. Voil\u00e0, la raison pour laquelle je l\u2019apporte mon appui \u00bb a t-il indiqu\u00e9.<\/p>\n<p>Poursuivant, l\u2019ancien coordinateur du mouvement anti 3\u00e8me mandat d\u2019Alpha Cond\u00e9 estime que les propos tenus par l\u2019artiste ont \u00e9t\u00e9 mal interpr\u00e9t\u00e9s par certaines personnes pour des fins inavou\u00e9es.<\/p>\n<p>\u00abJe pense qu\u2019il faut mieux qu\u2019on fasse en sorte qu\u2019on se calme souvent et qu\u2019on fasse la diff\u00e9rence entre les faits et leur perception. Pour ma part, je fais la diff\u00e9rence entre la r\u00e9alit\u00e9 et la perception qu\u2019on peut se faire ou les uns et autres peuvent se faire\u2026Essayons de remettre la balle \u00e0 terre, je dis il y a la r\u00e9alit\u00e9, il y a perception qu\u2019on a souvent \u00a0de la r\u00e9alit\u00e9. Vous avez notre soci\u00e9t\u00e9 est naturellement une soci\u00e9t\u00e9 o\u00f9 dans l\u2019interpr\u00e9tation des choses, beaucoup d\u2019extrapolations qui peuvent venir. On consid\u00e8re qu\u2019implicitement par exemple tel veut dire telle autre chose. Donc, nous pouvons \u00eatre tent\u00e9 de confondre les choses. Lorsqu\u2019on \u00e9coute bien, on fera bien, qu\u2019il y a d\u2019un c\u00f4t\u00e9 des propos tenus et de l\u2019autre c\u00f4t\u00e9 la perception qu\u2019on se fait de ces propos. C\u2019est cette perception l\u00e0 qui a tendance \u00e0 cr\u00e9er de l\u2019\u00e9motion au niveau de ceux-l\u00e0 qui sont entrain de condamner Djani. Et c\u2019est l\u2019un des gros probl\u00e8mes qu\u2019on a dans le d\u00e9bat publique en Guin\u00e9e que je regrette.\u00a0\u00bb \u00a0a t-il dit.<\/p>\n<p>Camara Mamadouba<\/p>\n","protected":false},"excerpt":{"rendered":"<p>Lors de passage de son passage dans l\u2019\u00e9mission \u00abMirador\u00bb de la radio Fim Fm de<\/p>\n","protected":false},"author":2,"featured_media":0,"comment_status":"closed","ping_status":"open","sticky":false,"template":"","format":"standard","meta":[],"categories":[1],"tags":[229],"yoast_head":"<!-- This site is optimized with the Yoast SEO plugin v19.13 - https:\/\/yoast.com\/wordpress\/plugins\/seo\/ -->\n<title>Abdourahamane Sano:\u00ab j\u2019apporte mon soutien \u00e0 M Djani Alpha\u00bb - UNIVERSNEWS224<\/title>\n<meta name=\"robots\" content=\"index, follow, max-snippet:-1, max-image-preview:large, max-video-preview:-1\" \/>\n<link rel=\"canonical\" href=\"https:\/\/universnews224.com\/index.php\/abdourahamane-sano-japporte-mon-soutien-a-m-djani-alpha\/\" \/>\n<meta property=\"og:locale\" content=\"fr_FR\" \/>\n<meta property=\"og:type\" content=\"article\" \/>\n<meta property=\"og:title\" content=\"Abdourahamane Sano:\u00ab j\u2019apporte mon soutien \u00e0 M Djani Alpha\u00bb - UNIVERSNEWS224\" \/>\n<meta property=\"og:description\" content=\"Lors de passage de son passage dans l\u2019\u00e9mission \u00abMirador\u00bb de la radio Fim Fm de\" \/>\n<meta property=\"og:url\" content=\"https:\/\/universnews224.com\/index.php\/abdourahamane-sano-japporte-mon-soutien-a-m-djani-alpha\/\" \/>\n<meta property=\"og:site_name\" content=\"UNIVERSNEWS224\" \/>\n<meta property=\"article:published_time\" content=\"2022-07-05T12:50:54+00:00\" \/>\n<meta name=\"author\" content=\"La R\u00e9daction\" \/>\n<meta name=\"twitter:label1\" content=\"\u00c9crit par\" \/>\n\t<meta name=\"twitter:data1\" content=\"La R\u00e9daction\" \/>\n\t<meta name=\"twitter:label2\" content=\"Dur\u00e9e de lecture estim\u00e9e\" \/>\n\t<meta name=\"twitter:data2\" content=\"2 minutes\" \/>\n<script type=\"application\/ld+json\" class=\"yoast-schema-graph\">{\"@context\":\"https:\/\/schema.org\",\"@graph\":[{\"@type\":\"Article\",\"@id\":\"https:\/\/universnews224.com\/index.php\/abdourahamane-sano-japporte-mon-soutien-a-m-djani-alpha\/#article\",\"isPartOf\":{\"@id\":\"https:\/\/universnews224.com\/index.php\/abdourahamane-sano-japporte-mon-soutien-a-m-djani-alpha\/\"},\"author\":{\"name\":\"La R\u00e9daction\",\"@id\":\"https:\/\/universnews224.com\/#\/schema\/person\/a4b7d4f94a4716df60456a491260485e\"},\"headline\":\"Abdourahamane Sano:\u00ab j\u2019apporte mon soutien \u00e0 M Djani Alpha\u00bb\",\"datePublished\":\"2022-07-05T12:50:54+00:00\",\"dateModified\":\"2022-07-05T12:50:54+00:00\",\"mainEntityOfPage\":{\"@id\":\"https:\/\/universnews224.com\/index.php\/abdourahamane-sano-japporte-mon-soutien-a-m-djani-alpha\/\"},\"wordCount\":390,\"publisher\":{\"@id\":\"https:\/\/universnews224.com\/#organization\"},\"keywords\":[\"La une\"],\"inLanguage\":\"fr-FR\"},{\"@type\":\"WebPage\",\"@id\":\"https:\/\/universnews224.com\/index.php\/abdourahamane-sano-japporte-mon-soutien-a-m-djani-alpha\/\",\"url\":\"https:\/\/universnews224.com\/index.php\/abdourahamane-sano-japporte-mon-soutien-a-m-djani-alpha\/\",\"name\":\"Abdourahamane Sano:\u00ab j\u2019apporte mon soutien \u00e0 M Djani Alpha\u00bb - UNIVERSNEWS224\",\"isPartOf\":{\"@id\":\"https:\/\/universnews224.com\/#website\"},\"datePublished\":\"2022-07-05T12:50:54+00:00\",\"dateModified\":\"2022-07-05T12:50:54+00:00\",\"inLanguage\":\"fr-FR\",\"potentialAction\":[{\"@type\":\"ReadAction\",\"target\":[\"https:\/\/universnews224.com\/index.php\/abdourahamane-sano-japporte-mon-soutien-a-m-djani-alpha\/\"]}]},{\"@type\":\"WebSite\",\"@id\":\"https:\/\/universnews224.com\/#website\",\"url\":\"https:\/\/universnews224.com\/\",\"name\":\"UNIVERSNEWS224\",\"description\":\"\",\"publisher\":{\"@id\":\"https:\/\/universnews224.com\/#organization\"},\"potentialAction\":[{\"@type\":\"SearchAction\",\"target\":{\"@type\":\"EntryPoint\",\"urlTemplate\":\"https:\/\/universnews224.com\/?s={search_term_string}\"},\"query-input\":\"required name=search_term_string\"}],\"inLanguage\":\"fr-FR\"},{\"@type\":\"Organization\",\"@id\":\"https:\/\/universnews224.com\/#organization\",\"name\":\"UNIVERSNEWS224\",\"url\":\"https:\/\/universnews224.com\/\",\"logo\":{\"@type\":\"ImageObject\",\"inLanguage\":\"fr-FR\",\"@id\":\"https:\/\/universnews224.com\/#\/schema\/logo\/image\/\",\"url\":\"https:\/\/universnews224.com\/wp-content\/uploads\/2022\/08\/cropped-cropped-logoban.jpg\",\"contentUrl\":\"https:\/\/universnews224.com\/wp-content\/uploads\/2022\/08\/cropped-cropped-logoban.jpg\",\"width\":1080,\"height\":138,\"caption\":\"UNIVERSNEWS224\"},\"image\":{\"@id\":\"https:\/\/universnews224.com\/#\/schema\/logo\/image\/\"}},{\"@type\":\"Person\",\"@id\":\"https:\/\/universnews224.com\/#\/schema\/person\/a4b7d4f94a4716df60456a491260485e\",\"name\":\"La R\u00e9daction\",\"image\":{\"@type\":\"ImageObject\",\"inLanguage\":\"fr-FR\",\"@id\":\"https:\/\/universnews224.com\/#\/schema\/person\/image\/\",\"url\":\"https:\/\/secure.gravatar.com\/avatar\/edb90acc7752b23e1b3307ad36c14f0d?s=96&d=mm&r=g\",\"contentUrl\":\"https:\/\/secure.gravatar.com\/avatar\/edb90acc7752b23e1b3307ad36c14f0d?s=96&d=mm&r=g\",\"caption\":\"La R\u00e9daction\"},\"sameAs\":[\"https:\/\/universnews224.com\"],\"url\":\"https:\/\/universnews224.com\/index.php\/author\/m-camara\/\"}]}<\/script>\n<!-- \/ Yoast SEO plugin. -->","yoast_head_json":{"title":"Abdourahamane Sano:\u00ab j\u2019apporte mon soutien \u00e0 M Djani Alpha\u00bb - UNIVERSNEWS224","robots":{"index":"index","follow":"follow","max-snippet":"max-snippet:-1","max-image-preview":"max-image-preview:large","max-video-preview":"max-video-preview:-1"},"canonical":"https:\/\/universnews224.com\/index.php\/abdourahamane-sano-japporte-mon-soutien-a-m-djani-alpha\/","og_locale":"fr_FR","og_type":"article","og_title":"Abdourahamane Sano:\u00ab j\u2019apporte mon soutien \u00e0 M Djani Alpha\u00bb - UNIVERSNEWS224","og_description":"Lors de passage de son passage dans l\u2019\u00e9mission \u00abMirador\u00bb de la radio Fim Fm de","og_url":"https:\/\/universnews224.com\/index.php\/abdourahamane-sano-japporte-mon-soutien-a-m-djani-alpha\/","og_site_name":"UNIVERSNEWS224","article_published_time":"2022-07-05T12:50:54+00:00","author":"La R\u00e9daction","twitter_misc":{"\u00c9crit par":"La R\u00e9daction","Dur\u00e9e de lecture estim\u00e9e":"2 minutes"},"schema":{"@context":"https:\/\/schema.org","@graph":[{"@type":"Article","@id":"https:\/\/universnews224.com\/index.php\/abdourahamane-sano-japporte-mon-soutien-a-m-djani-alpha\/#article","isPartOf":{"@id":"https:\/\/universnews224.com\/index.php\/abdourahamane-sano-japporte-mon-soutien-a-m-djani-alpha\/"},"author":{"name":"La R\u00e9daction","@id":"https:\/\/universnews224.com\/#\/schema\/person\/a4b7d4f94a4716df60456a491260485e"},"headline":"Abdourahamane Sano:\u00ab j\u2019apporte mon soutien \u00e0 M Djani Alpha\u00bb","datePublished":"2022-07-05T12:50:54+00:00","dateModified":"2022-07-05T12:50:54+00:00","mainEntityOfPage":{"@id":"https:\/\/universnews224.com\/index.php\/abdourahamane-sano-japporte-mon-soutien-a-m-djani-alpha\/"},"wordCount":390,"publisher":{"@id":"https:\/\/universnews224.com\/#organization"},"keywords":["La une"],"inLanguage":"fr-FR"},{"@type":"WebPage","@id":"https:\/\/universnews224.com\/index.php\/abdourahamane-sano-japporte-mon-soutien-a-m-djani-alpha\/","url":"https:\/\/universnews224.com\/index.php\/abdourahamane-sano-japporte-mon-soutien-a-m-djani-alpha\/","name":"Abdourahamane Sano:\u00ab j\u2019apporte mon soutien \u00e0 M Djani Alpha\u00bb - UNIVERSNEWS224","isPartOf":{"@id":"https:\/\/universnews224.com\/#website"},"datePublished":"2022-07-05T12:50:54+00:00","dateModified":"2022-07-05T12:50:54+00:00","inLanguage":"fr-FR","potentialAction":[{"@type":"ReadAction","target":["https:\/\/universnews224.com\/index.php\/abdourahamane-sano-japporte-mon-soutien-a-m-djani-alpha\/"]}]},{"@type":"WebSite","@id":"https:\/\/universnews224.com\/#website","url":"https:\/\/universnews224.com\/","name":"UNIVERSNEWS224","description":"","publisher":{"@id":"https:\/\/universnews224.com\/#organization"},"potentialAction":[{"@type":"SearchAction","target":{"@type":"EntryPoint","urlTemplate":"https:\/\/universnews224.com\/?s={search_term_string}"},"query-input":"required name=search_term_string"}],"inLanguage":"fr-FR"},{"@type":"Organization","@id":"https:\/\/universnews224.com\/#organization","name":"UNIVERSNEWS224","url":"https:\/\/universnews224.com\/","logo":{"@type":"ImageObject","inLanguage":"fr-FR","@id":"https:\/\/universnews224.com\/#\/schema\/logo\/image\/","url":"https:\/\/universnews224.com\/wp-content\/uploads\/2022\/08\/cropped-cropped-logoban.jpg","contentUrl":"https:\/\/universnews224.com\/wp-content\/uploads\/2022\/08\/cropped-cropped-logoban.jpg","width":1080,"height":138,"caption":"UNIVERSNEWS224"},"image":{"@id":"https:\/\/universnews224.com\/#\/schema\/logo\/image\/"}},{"@type":"Person","@id":"https:\/\/universnews224.com\/#\/schema\/person\/a4b7d4f94a4716df60456a491260485e","name":"La R\u00e9daction","image":{"@type":"ImageObject","inLanguage":"fr-FR","@id":"https:\/\/universnews224.com\/#\/schema\/person\/image\/","url":"https:\/\/secure.gravatar.com\/avatar\/edb90acc7752b23e1b3307ad36c14f0d?s=96&d=mm&r=g","contentUrl":"https:\/\/secure.gravatar.com\/avatar\/edb90acc7752b23e1b3307ad36c14f0d?s=96&d=mm&r=g","caption":"La R\u00e9daction"},"sameAs":["https:\/\/universnews224.com"],"url":"https:\/\/universnews224.com\/index.php\/author\/m-camara\/"}]}},"_links":{"self":[{"href":"https:\/\/universnews224.com\/index.php\/wp-json\/wp\/v2\/posts\/1548"}],"collection":[{"href":"https:\/\/universnews224.com\/index.php\/wp-json\/wp\/v2\/posts"}],"about":[{"href":"https:\/\/universnews224.com\/index.php\/wp-json\/wp\/v2\/types\/post"}],"author":[{"embeddable":true,"href":"https:\/\/universnews224.com\/index.php\/wp-json\/wp\/v2\/users\/2"}],"replies":[{"embeddable":true,"href":"https:\/\/universnews224.com\/index.php\/wp-json\/wp\/v2\/comments?post=1548"}],"version-history":[{"count":1,"href":"https:\/\/universnews224.com\/index.php\/wp-json\/wp\/v2\/posts\/1548\/revisions"}],"predecessor-version":[{"id":1550,"href":"https:\/\/universnews224.com\/index.php\/wp-json\/wp\/v2\/posts\/1548\/revisions\/1550"}],"wp:attachment":[{"href":"https:\/\/universnews224.com\/index.php\/wp-json\/wp\/v2\/media?parent=1548"}],"wp:term":[{"taxonomy":"category","embeddable":true,"href":"https:\/\/universnews224.com\/index.php\/wp-json\/wp\/v2\/categories?post=1548"},{"taxonomy":"post_tag","embeddable":true,"href":"https:\/\/universnews224.com\/index.php\/wp-json\/wp\/v2\/tags?post=1548"}],"curies":[{"name":"wp","href":"https:\/\/api.w.org\/{rel}","templated":true}]}}