{"id":1551,"date":"2022-07-05T20:52:15","date_gmt":"2022-07-05T19:52:15","guid":{"rendered":"https:\/\/universnews224.com\/?p=1551"},"modified":"2022-07-05T20:52:15","modified_gmt":"2022-07-05T19:52:15","slug":"sekou-koundouno-sur-larrestation-du-fonike-mangue-et-cie-ils-peineront-les-consequences-de-cette-forfaiture","status":"publish","type":"post","link":"https:\/\/universnews224.com\/index.php\/sekou-koundouno-sur-larrestation-du-fonike-mangue-et-cie-ils-peineront-les-consequences-de-cette-forfaiture\/","title":{"rendered":"Sekou Koundouno sur l\u2019arrestation du Fonik\u00e9 Mangu\u00e8 et CIE: \u00abIls peineront les cons\u00e9quences de cette  forfaiture\u00bb."},"content":{"rendered":"<div dir=\"ltr\">Le Responsable des Op\u00e9rateurs et Planification du Front National pour la D\u00e9fense de la Constitution( FNDC), Sekou Koundouno s\u2019est prononc\u00e9 sur l\u2019arrestation manu militari de certains membres du mouvement dont le coordinateur national, Fonik\u00e9 Mangu\u00e8.<\/p>\n<p>R\u00e9gissant sur cette actualit\u00e9 chez nos confr\u00e8res de Djoma m\u00e9dias dans l\u2019\u00e9mission \u00abOn refait le monde\u00bb de ce mardi, 5 septembre 2022, Sekou Koundouno accuse le CNRD de tout mettre en \u0153uvre pour d\u00e9capiter leur mouvement.<\/p>\n<p>\u00abIl y a de cela un mois o\u00f9 ces \u00e9v\u00e9nements ont \u00e9t\u00e9 planifi\u00e9s, orchestr\u00e9s par la partie toxique du CNRD qui a d\u00e9cid\u00e9 en rapport avec leur procureur en charge de mettre en ex\u00e9cution leur plan Machiav\u00e9lique, qui n\u2019est rien d\u2019autre que Charles Wright, d\u2019engager des actions de d\u00e9capitation et destruction syst\u00e9matique du FNDC. Et ce qui a envenim\u00e9 la situation, vous avez tous suivi que lors de la conf\u00e9rence des chefs d\u2019Etats et des gouvernements, les points saillants de revendications du FNDC ont \u00e9t\u00e9 pris en compte. Ces points les ont suffisamment affaibli. Ils ont jug\u00e9 n\u00e9cessaire qu\u2019il \u00e9tait temps ou jamais que comme ils ont perdu la face devant la communaut\u00e9 internationale, qu\u2019il serait judicieux que le FNDC ne puisse plus fonctionner. Il faudrait proc\u00e9der syst\u00e9matiquement \u00e0 d\u00e9truire et \u00e0 d\u00e9capiter le mouvement. Nous avons des sources concordantes. Charles Wright s\u2019est confi\u00e9 hier \u00e0 \u00a0un guide religieux du pays. Autour de lui, il y avait les militants Pro-d\u00e9mocratie du FNDC qui nous ont permis d\u2019\u00e9couter r\u00e9guli\u00e8rement tout ce qu\u2019ils se sont dit et Charles Wright s\u2019est engag\u00e9 \u00e0 r\u00e9gler les comptes de tous les leaders du FNDC. Donc, on est pas du tout surpris. Le choc comme vous le savez est total, c\u2019est une premi\u00e8re en Guin\u00e9e. Nous avons d\u00e9j\u00e0 saisi syst\u00e9matiquement toutes les ambassades accr\u00e9dit\u00e9es en Guin\u00e9e, des images et vid\u00e9os cette sc\u00e8ne surr\u00e9aliste. Nous n\u2019avons pas manqu\u00e9 aussi de saisir le tout nouveau pr\u00e9sident de la commission de la CEDEAO. Nous avons aussi saisi le pr\u00e9sident en exercice de la CEDEAO et d\u2019autres institutions de droit de l\u2019homme pour leur montrer le vrai visage de ce r\u00e9gime qui est entrain de nous vendre de l\u2019illusion et du mensonge depuis le 5 septembre dernier a l\u2019ancien coordinateur du Balai Citoyen.<\/p>\n<p>Poursuivant, M Koundouno dira que des d\u00e9cisions fortes seront prises dans les prochaines heures pour exiger la lib\u00e9ration des membres du FNDC.<\/p>\n<p>\u00abNous restons mobiliser et intraitables sur les valeurs et principes que nous d\u00e9fendions. Dans les heures qui suivent,des d\u00e9cisions fortes seront prises et nous allons engager une batterie d\u2019actions afin de neutraliser cette dictature. Ils peineront les cons\u00e9quences de cette \u00a0forfaiture. \u00c7a, nous leur promettons. Ce qu\u2019on a pas laiss\u00e9 \u00e0 Alpha Cond\u00e9, on ne laissera pas \u00e0 un r\u00e9gime ill\u00e9gal et ill\u00e9gitime \u00bb a t-il martel\u00e9.<\/p><\/div>\n<div dir=\"ltr\"><\/div>\n<div dir=\"ltr\">Camara Mamadouba<\/div>\n","protected":false},"excerpt":{"rendered":"<p>Le Responsable des Op\u00e9rateurs et Planification du Front National pour la D\u00e9fense de la Constitution(<\/p>\n","protected":false},"author":2,"featured_media":1552,"comment_status":"closed","ping_status":"open","sticky":false,"template":"","format":"standard","meta":[],"categories":[1],"tags":[229],"yoast_head":"<!-- This site is optimized with the Yoast SEO plugin v19.13 - https:\/\/yoast.com\/wordpress\/plugins\/seo\/ -->\n<title>Sekou Koundouno sur l\u2019arrestation du Fonik\u00e9 Mangu\u00e8 et CIE: \u00abIls peineront les cons\u00e9quences de cette forfaiture\u00bb. - UNIVERSNEWS224<\/title>\n<meta name=\"robots\" content=\"index, follow, max-snippet:-1, max-image-preview:large, max-video-preview:-1\" \/>\n<link rel=\"canonical\" href=\"https:\/\/universnews224.com\/index.php\/sekou-koundouno-sur-larrestation-du-fonike-mangue-et-cie-ils-peineront-les-consequences-de-cette-forfaiture\/\" \/>\n<meta property=\"og:locale\" content=\"fr_FR\" \/>\n<meta property=\"og:type\" content=\"article\" \/>\n<meta property=\"og:title\" content=\"Sekou Koundouno sur l\u2019arrestation du Fonik\u00e9 Mangu\u00e8 et CIE: \u00abIls peineront les cons\u00e9quences de cette forfaiture\u00bb. - UNIVERSNEWS224\" \/>\n<meta property=\"og:description\" content=\"Le Responsable des Op\u00e9rateurs et Planification du Front National pour la D\u00e9fense de la Constitution(\" \/>\n<meta property=\"og:url\" content=\"https:\/\/universnews224.com\/index.php\/sekou-koundouno-sur-larrestation-du-fonike-mangue-et-cie-ils-peineront-les-consequences-de-cette-forfaiture\/\" \/>\n<meta property=\"og:site_name\" content=\"UNIVERSNEWS224\" \/>\n<meta property=\"article:published_time\" content=\"2022-07-05T19:52:15+00:00\" \/>\n<meta property=\"og:image\" content=\"https:\/\/universnews224.com\/wp-content\/uploads\/2022\/07\/88B5F656-C824-4A53-A1CD-53726347D3A0.jpeg\" \/>\n\t<meta property=\"og:image:width\" content=\"746\" \/>\n\t<meta property=\"og:image:height\" content=\"938\" \/>\n\t<meta property=\"og:image:type\" content=\"image\/jpeg\" \/>\n<meta name=\"author\" content=\"La R\u00e9daction\" \/>\n<meta name=\"twitter:label1\" content=\"\u00c9crit par\" \/>\n\t<meta name=\"twitter:data1\" content=\"La R\u00e9daction\" \/>\n\t<meta name=\"twitter:label2\" content=\"Dur\u00e9e de lecture estim\u00e9e\" \/>\n\t<meta name=\"twitter:data2\" content=\"3 minutes\" \/>\n<script type=\"application\/ld+json\" class=\"yoast-schema-graph\">{\"@context\":\"https:\/\/schema.org\",\"@graph\":[{\"@type\":\"Article\",\"@id\":\"https:\/\/universnews224.com\/index.php\/sekou-koundouno-sur-larrestation-du-fonike-mangue-et-cie-ils-peineront-les-consequences-de-cette-forfaiture\/#article\",\"isPartOf\":{\"@id\":\"https:\/\/universnews224.com\/index.php\/sekou-koundouno-sur-larrestation-du-fonike-mangue-et-cie-ils-peineront-les-consequences-de-cette-forfaiture\/\"},\"author\":{\"name\":\"La R\u00e9daction\",\"@id\":\"https:\/\/universnews224.com\/#\/schema\/person\/a4b7d4f94a4716df60456a491260485e\"},\"headline\":\"Sekou Koundouno sur l\u2019arrestation du Fonik\u00e9 Mangu\u00e8 et CIE: \u00abIls peineront les cons\u00e9quences de cette forfaiture\u00bb.\",\"datePublished\":\"2022-07-05T19:52:15+00:00\",\"dateModified\":\"2022-07-05T19:52:15+00:00\",\"mainEntityOfPage\":{\"@id\":\"https:\/\/universnews224.com\/index.php\/sekou-koundouno-sur-larrestation-du-fonike-mangue-et-cie-ils-peineront-les-consequences-de-cette-forfaiture\/\"},\"wordCount\":530,\"publisher\":{\"@id\":\"https:\/\/universnews224.com\/#organization\"},\"keywords\":[\"La une\"],\"inLanguage\":\"fr-FR\"},{\"@type\":\"WebPage\",\"@id\":\"https:\/\/universnews224.com\/index.php\/sekou-koundouno-sur-larrestation-du-fonike-mangue-et-cie-ils-peineront-les-consequences-de-cette-forfaiture\/\",\"url\":\"https:\/\/universnews224.com\/index.php\/sekou-koundouno-sur-larrestation-du-fonike-mangue-et-cie-ils-peineront-les-consequences-de-cette-forfaiture\/\",\"name\":\"Sekou Koundouno sur l\u2019arrestation du Fonik\u00e9 Mangu\u00e8 et CIE: \u00abIls peineront les cons\u00e9quences de cette forfaiture\u00bb. - UNIVERSNEWS224\",\"isPartOf\":{\"@id\":\"https:\/\/universnews224.com\/#website\"},\"datePublished\":\"2022-07-05T19:52:15+00:00\",\"dateModified\":\"2022-07-05T19:52:15+00:00\",\"inLanguage\":\"fr-FR\",\"potentialAction\":[{\"@type\":\"ReadAction\",\"target\":[\"https:\/\/universnews224.com\/index.php\/sekou-koundouno-sur-larrestation-du-fonike-mangue-et-cie-ils-peineront-les-consequences-de-cette-forfaiture\/\"]}]},{\"@type\":\"WebSite\",\"@id\":\"https:\/\/universnews224.com\/#website\",\"url\":\"https:\/\/universnews224.com\/\",\"name\":\"UNIVERSNEWS224\",\"description\":\"\",\"publisher\":{\"@id\":\"https:\/\/universnews224.com\/#organization\"},\"potentialAction\":[{\"@type\":\"SearchAction\",\"target\":{\"@type\":\"EntryPoint\",\"urlTemplate\":\"https:\/\/universnews224.com\/?s={search_term_string}\"},\"query-input\":\"required name=search_term_string\"}],\"inLanguage\":\"fr-FR\"},{\"@type\":\"Organization\",\"@id\":\"https:\/\/universnews224.com\/#organization\",\"name\":\"UNIVERSNEWS224\",\"url\":\"https:\/\/universnews224.com\/\",\"logo\":{\"@type\":\"ImageObject\",\"inLanguage\":\"fr-FR\",\"@id\":\"https:\/\/universnews224.com\/#\/schema\/logo\/image\/\",\"url\":\"https:\/\/universnews224.com\/wp-content\/uploads\/2022\/08\/cropped-cropped-logoban.jpg\",\"contentUrl\":\"https:\/\/universnews224.com\/wp-content\/uploads\/2022\/08\/cropped-cropped-logoban.jpg\",\"width\":1080,\"height\":138,\"caption\":\"UNIVERSNEWS224\"},\"image\":{\"@id\":\"https:\/\/universnews224.com\/#\/schema\/logo\/image\/\"}},{\"@type\":\"Person\",\"@id\":\"https:\/\/universnews224.com\/#\/schema\/person\/a4b7d4f94a4716df60456a491260485e\",\"name\":\"La R\u00e9daction\",\"image\":{\"@type\":\"ImageObject\",\"inLanguage\":\"fr-FR\",\"@id\":\"https:\/\/universnews224.com\/#\/schema\/person\/image\/\",\"url\":\"https:\/\/secure.gravatar.com\/avatar\/edb90acc7752b23e1b3307ad36c14f0d?s=96&d=mm&r=g\",\"contentUrl\":\"https:\/\/secure.gravatar.com\/avatar\/edb90acc7752b23e1b3307ad36c14f0d?s=96&d=mm&r=g\",\"caption\":\"La R\u00e9daction\"},\"sameAs\":[\"https:\/\/universnews224.com\"],\"url\":\"https:\/\/universnews224.com\/index.php\/author\/m-camara\/\"}]}<\/script>\n<!-- \/ Yoast SEO plugin. -->","yoast_head_json":{"title":"Sekou Koundouno sur l\u2019arrestation du Fonik\u00e9 Mangu\u00e8 et CIE: \u00abIls peineront les cons\u00e9quences de cette forfaiture\u00bb. - UNIVERSNEWS224","robots":{"index":"index","follow":"follow","max-snippet":"max-snippet:-1","max-image-preview":"max-image-preview:large","max-video-preview":"max-video-preview:-1"},"canonical":"https:\/\/universnews224.com\/index.php\/sekou-koundouno-sur-larrestation-du-fonike-mangue-et-cie-ils-peineront-les-consequences-de-cette-forfaiture\/","og_locale":"fr_FR","og_type":"article","og_title":"Sekou Koundouno sur l\u2019arrestation du Fonik\u00e9 Mangu\u00e8 et CIE: \u00abIls peineront les cons\u00e9quences de cette forfaiture\u00bb. - UNIVERSNEWS224","og_description":"Le Responsable des Op\u00e9rateurs et Planification du Front National pour la D\u00e9fense de la Constitution(","og_url":"https:\/\/universnews224.com\/index.php\/sekou-koundouno-sur-larrestation-du-fonike-mangue-et-cie-ils-peineront-les-consequences-de-cette-forfaiture\/","og_site_name":"UNIVERSNEWS224","article_published_time":"2022-07-05T19:52:15+00:00","og_image":[{"width":746,"height":938,"url":"https:\/\/universnews224.com\/wp-content\/uploads\/2022\/07\/88B5F656-C824-4A53-A1CD-53726347D3A0.jpeg","type":"image\/jpeg"}],"author":"La R\u00e9daction","twitter_misc":{"\u00c9crit par":"La R\u00e9daction","Dur\u00e9e de lecture estim\u00e9e":"3 minutes"},"schema":{"@context":"https:\/\/schema.org","@graph":[{"@type":"Article","@id":"https:\/\/universnews224.com\/index.php\/sekou-koundouno-sur-larrestation-du-fonike-mangue-et-cie-ils-peineront-les-consequences-de-cette-forfaiture\/#article","isPartOf":{"@id":"https:\/\/universnews224.com\/index.php\/sekou-koundouno-sur-larrestation-du-fonike-mangue-et-cie-ils-peineront-les-consequences-de-cette-forfaiture\/"},"author":{"name":"La R\u00e9daction","@id":"https:\/\/universnews224.com\/#\/schema\/person\/a4b7d4f94a4716df60456a491260485e"},"headline":"Sekou Koundouno sur l\u2019arrestation du Fonik\u00e9 Mangu\u00e8 et CIE: \u00abIls peineront les cons\u00e9quences de cette forfaiture\u00bb.","datePublished":"2022-07-05T19:52:15+00:00","dateModified":"2022-07-05T19:52:15+00:00","mainEntityOfPage":{"@id":"https:\/\/universnews224.com\/index.php\/sekou-koundouno-sur-larrestation-du-fonike-mangue-et-cie-ils-peineront-les-consequences-de-cette-forfaiture\/"},"wordCount":530,"publisher":{"@id":"https:\/\/universnews224.com\/#organization"},"keywords":["La une"],"inLanguage":"fr-FR"},{"@type":"WebPage","@id":"https:\/\/universnews224.com\/index.php\/sekou-koundouno-sur-larrestation-du-fonike-mangue-et-cie-ils-peineront-les-consequences-de-cette-forfaiture\/","url":"https:\/\/universnews224.com\/index.php\/sekou-koundouno-sur-larrestation-du-fonike-mangue-et-cie-ils-peineront-les-consequences-de-cette-forfaiture\/","name":"Sekou Koundouno sur l\u2019arrestation du Fonik\u00e9 Mangu\u00e8 et CIE: \u00abIls peineront les cons\u00e9quences de cette forfaiture\u00bb. - UNIVERSNEWS224","isPartOf":{"@id":"https:\/\/universnews224.com\/#website"},"datePublished":"2022-07-05T19:52:15+00:00","dateModified":"2022-07-05T19:52:15+00:00","inLanguage":"fr-FR","potentialAction":[{"@type":"ReadAction","target":["https:\/\/universnews224.com\/index.php\/sekou-koundouno-sur-larrestation-du-fonike-mangue-et-cie-ils-peineront-les-consequences-de-cette-forfaiture\/"]}]},{"@type":"WebSite","@id":"https:\/\/universnews224.com\/#website","url":"https:\/\/universnews224.com\/","name":"UNIVERSNEWS224","description":"","publisher":{"@id":"https:\/\/universnews224.com\/#organization"},"potentialAction":[{"@type":"SearchAction","target":{"@type":"EntryPoint","urlTemplate":"https:\/\/universnews224.com\/?s={search_term_string}"},"query-input":"required name=search_term_string"}],"inLanguage":"fr-FR"},{"@type":"Organization","@id":"https:\/\/universnews224.com\/#organization","name":"UNIVERSNEWS224","url":"https:\/\/universnews224.com\/","logo":{"@type":"ImageObject","inLanguage":"fr-FR","@id":"https:\/\/universnews224.com\/#\/schema\/logo\/image\/","url":"https:\/\/universnews224.com\/wp-content\/uploads\/2022\/08\/cropped-cropped-logoban.jpg","contentUrl":"https:\/\/universnews224.com\/wp-content\/uploads\/2022\/08\/cropped-cropped-logoban.jpg","width":1080,"height":138,"caption":"UNIVERSNEWS224"},"image":{"@id":"https:\/\/universnews224.com\/#\/schema\/logo\/image\/"}},{"@type":"Person","@id":"https:\/\/universnews224.com\/#\/schema\/person\/a4b7d4f94a4716df60456a491260485e","name":"La R\u00e9daction","image":{"@type":"ImageObject","inLanguage":"fr-FR","@id":"https:\/\/universnews224.com\/#\/schema\/person\/image\/","url":"https:\/\/secure.gravatar.com\/avatar\/edb90acc7752b23e1b3307ad36c14f0d?s=96&d=mm&r=g","contentUrl":"https:\/\/secure.gravatar.com\/avatar\/edb90acc7752b23e1b3307ad36c14f0d?s=96&d=mm&r=g","caption":"La R\u00e9daction"},"sameAs":["https:\/\/universnews224.com"],"url":"https:\/\/universnews224.com\/index.php\/author\/m-camara\/"}]}},"_links":{"self":[{"href":"https:\/\/universnews224.com\/index.php\/wp-json\/wp\/v2\/posts\/1551"}],"collection":[{"href":"https:\/\/universnews224.com\/index.php\/wp-json\/wp\/v2\/posts"}],"about":[{"href":"https:\/\/universnews224.com\/index.php\/wp-json\/wp\/v2\/types\/post"}],"author":[{"embeddable":true,"href":"https:\/\/universnews224.com\/index.php\/wp-json\/wp\/v2\/users\/2"}],"replies":[{"embeddable":true,"href":"https:\/\/universnews224.com\/index.php\/wp-json\/wp\/v2\/comments?post=1551"}],"version-history":[{"count":1,"href":"https:\/\/universnews224.com\/index.php\/wp-json\/wp\/v2\/posts\/1551\/revisions"}],"predecessor-version":[{"id":1553,"href":"https:\/\/universnews224.com\/index.php\/wp-json\/wp\/v2\/posts\/1551\/revisions\/1553"}],"wp:featuredmedia":[{"embeddable":true,"href":"https:\/\/universnews224.com\/index.php\/wp-json\/wp\/v2\/media\/1552"}],"wp:attachment":[{"href":"https:\/\/universnews224.com\/index.php\/wp-json\/wp\/v2\/media?parent=1551"}],"wp:term":[{"taxonomy":"category","embeddable":true,"href":"https:\/\/universnews224.com\/index.php\/wp-json\/wp\/v2\/categories?post=1551"},{"taxonomy":"post_tag","embeddable":true,"href":"https:\/\/universnews224.com\/index.php\/wp-json\/wp\/v2\/tags?post=1551"}],"curies":[{"name":"wp","href":"https:\/\/api.w.org\/{rel}","templated":true}]}}