{"id":1560,"date":"2022-07-06T14:19:24","date_gmt":"2022-07-06T13:19:24","guid":{"rendered":"https:\/\/universnews224.com\/?p=1560"},"modified":"2022-07-06T14:19:24","modified_gmt":"2022-07-06T13:19:24","slug":"fonike-et-cie-arretes-le-model-demande-a-leurs-familles-de-porter-plainte-contre-les-fds-declaration","status":"publish","type":"post","link":"https:\/\/universnews224.com\/index.php\/fonike-et-cie-arretes-le-model-demande-a-leurs-familles-de-porter-plainte-contre-les-fds-declaration\/","title":{"rendered":"Fonik\u00e9 et cie arr\u00eat\u00e9s: le MoDeL demande \u00e0 leurs familles de porter plainte contre les FDS (d\u00e9claration)"},"content":{"rendered":"<p>Le peuple de Guin\u00e9e a \u00e9t\u00e9 t\u00e9moin ce mardi 05 juillet 2022 de l\u2019arrestation violente de Oumar Sylla (Fonik\u00e8 Mengu\u00e8), Alpha Midiaou Bah (Djani Alpha) et Mamadou Billo Bah.<\/p>\n<p>&nbsp;<\/p>\n<div class=\"jeg_ad jeg_ad_article jnews_content_inline_3_ads  \">\n<div class=\"ads-wrapper align-center \"><\/div>\n<\/div>\n<p>A l\u2019instar de nos compatriotes \u00e9pris de justice et de libert\u00e9, le MoDeL s\u2019indigne de ces pratiques barbares contraires aux valeurs de la R\u00e9publique, condamne avec la derni\u00e8re \u00e9nergie cette violence \u00e0 l\u2019encontre des leaders du FNDC, et regrette le recours \u00e0 des pratiques autoritaires et dictatoriales d\u2019une autre \u00e9poque.<\/p>\n<p>&nbsp;<\/p>\n<p>Le MoDeL apporte son soutien aux victimes de cette violence, \u00e0 leurs familles et \u00e0 tous les d\u00e9fenseurs de la d\u00e9mocratie. Dans le contexte actuel, ces actes ne sont pas de nature \u00e0 apaiser la transition encore moins \u00e0 faciliter le dialogue politique et social.<\/p>\n<p>&nbsp;<\/p>\n<p>Le MoDeL exige le respect scrupuleux des droits et libert\u00e9s des citoyens et invite les autorit\u00e9s \u00e0 la lib\u00e9ration sans d\u00e9lai et sans condition de Oumar Sylla (Fonik\u00e8 Mengu\u00e8), Alpha Midiaou Bah (Djani Alpha) et Mamadou Billo Bah.<\/p>\n<p>&nbsp;<\/p>\n<p>Le MoDeL sugg\u00e8re par la m\u00eame occasion aux familles des victimes de porter plaintes contre les agents de force de l\u2019ordre dont certains sont d\u2019ailleurs identifiables sur les vid\u00e9os ainsi que leurs commanditaires.<\/p>\n<p>&nbsp;<\/p>\n<p>La Cellule de communication<\/p>\n","protected":false},"excerpt":{"rendered":"<p>Le peuple de Guin\u00e9e a \u00e9t\u00e9 t\u00e9moin ce mardi 05 juillet 2022 de l\u2019arrestation violente<\/p>\n","protected":false},"author":2,"featured_media":0,"comment_status":"closed","ping_status":"open","sticky":false,"template":"","format":"standard","meta":[],"categories":[1],"tags":[229],"yoast_head":"<!-- This site is optimized with the Yoast SEO plugin v19.13 - https:\/\/yoast.com\/wordpress\/plugins\/seo\/ -->\n<title>Fonik\u00e9 et cie arr\u00eat\u00e9s: le MoDeL demande \u00e0 leurs familles de porter plainte contre les FDS (d\u00e9claration) - UNIVERSNEWS224<\/title>\n<meta name=\"robots\" content=\"index, follow, max-snippet:-1, max-image-preview:large, max-video-preview:-1\" \/>\n<link rel=\"canonical\" href=\"https:\/\/universnews224.com\/index.php\/fonike-et-cie-arretes-le-model-demande-a-leurs-familles-de-porter-plainte-contre-les-fds-declaration\/\" \/>\n<meta property=\"og:locale\" content=\"fr_FR\" \/>\n<meta property=\"og:type\" content=\"article\" \/>\n<meta property=\"og:title\" content=\"Fonik\u00e9 et cie arr\u00eat\u00e9s: le MoDeL demande \u00e0 leurs familles de porter plainte contre les FDS (d\u00e9claration) - UNIVERSNEWS224\" \/>\n<meta property=\"og:description\" content=\"Le peuple de Guin\u00e9e a \u00e9t\u00e9 t\u00e9moin ce mardi 05 juillet 2022 de l\u2019arrestation violente\" \/>\n<meta property=\"og:url\" content=\"https:\/\/universnews224.com\/index.php\/fonike-et-cie-arretes-le-model-demande-a-leurs-familles-de-porter-plainte-contre-les-fds-declaration\/\" \/>\n<meta property=\"og:site_name\" content=\"UNIVERSNEWS224\" \/>\n<meta property=\"article:published_time\" content=\"2022-07-06T13:19:24+00:00\" \/>\n<meta name=\"author\" content=\"La R\u00e9daction\" \/>\n<meta name=\"twitter:label1\" content=\"\u00c9crit par\" \/>\n\t<meta name=\"twitter:data1\" content=\"La R\u00e9daction\" \/>\n\t<meta name=\"twitter:label2\" content=\"Dur\u00e9e de lecture estim\u00e9e\" \/>\n\t<meta name=\"twitter:data2\" content=\"2 minutes\" \/>\n<script type=\"application\/ld+json\" class=\"yoast-schema-graph\">{\"@context\":\"https:\/\/schema.org\",\"@graph\":[{\"@type\":\"Article\",\"@id\":\"https:\/\/universnews224.com\/index.php\/fonike-et-cie-arretes-le-model-demande-a-leurs-familles-de-porter-plainte-contre-les-fds-declaration\/#article\",\"isPartOf\":{\"@id\":\"https:\/\/universnews224.com\/index.php\/fonike-et-cie-arretes-le-model-demande-a-leurs-familles-de-porter-plainte-contre-les-fds-declaration\/\"},\"author\":{\"name\":\"La R\u00e9daction\",\"@id\":\"https:\/\/universnews224.com\/#\/schema\/person\/a4b7d4f94a4716df60456a491260485e\"},\"headline\":\"Fonik\u00e9 et cie arr\u00eat\u00e9s: le MoDeL demande \u00e0 leurs familles de porter plainte contre les FDS (d\u00e9claration)\",\"datePublished\":\"2022-07-06T13:19:24+00:00\",\"dateModified\":\"2022-07-06T13:19:24+00:00\",\"mainEntityOfPage\":{\"@id\":\"https:\/\/universnews224.com\/index.php\/fonike-et-cie-arretes-le-model-demande-a-leurs-familles-de-porter-plainte-contre-les-fds-declaration\/\"},\"wordCount\":234,\"publisher\":{\"@id\":\"https:\/\/universnews224.com\/#organization\"},\"keywords\":[\"La une\"],\"inLanguage\":\"fr-FR\"},{\"@type\":\"WebPage\",\"@id\":\"https:\/\/universnews224.com\/index.php\/fonike-et-cie-arretes-le-model-demande-a-leurs-familles-de-porter-plainte-contre-les-fds-declaration\/\",\"url\":\"https:\/\/universnews224.com\/index.php\/fonike-et-cie-arretes-le-model-demande-a-leurs-familles-de-porter-plainte-contre-les-fds-declaration\/\",\"name\":\"Fonik\u00e9 et cie arr\u00eat\u00e9s: le MoDeL demande \u00e0 leurs familles de porter plainte contre les FDS (d\u00e9claration) - UNIVERSNEWS224\",\"isPartOf\":{\"@id\":\"https:\/\/universnews224.com\/#website\"},\"datePublished\":\"2022-07-06T13:19:24+00:00\",\"dateModified\":\"2022-07-06T13:19:24+00:00\",\"inLanguage\":\"fr-FR\",\"potentialAction\":[{\"@type\":\"ReadAction\",\"target\":[\"https:\/\/universnews224.com\/index.php\/fonike-et-cie-arretes-le-model-demande-a-leurs-familles-de-porter-plainte-contre-les-fds-declaration\/\"]}]},{\"@type\":\"WebSite\",\"@id\":\"https:\/\/universnews224.com\/#website\",\"url\":\"https:\/\/universnews224.com\/\",\"name\":\"UNIVERSNEWS224\",\"description\":\"\",\"publisher\":{\"@id\":\"https:\/\/universnews224.com\/#organization\"},\"potentialAction\":[{\"@type\":\"SearchAction\",\"target\":{\"@type\":\"EntryPoint\",\"urlTemplate\":\"https:\/\/universnews224.com\/?s={search_term_string}\"},\"query-input\":\"required name=search_term_string\"}],\"inLanguage\":\"fr-FR\"},{\"@type\":\"Organization\",\"@id\":\"https:\/\/universnews224.com\/#organization\",\"name\":\"UNIVERSNEWS224\",\"url\":\"https:\/\/universnews224.com\/\",\"logo\":{\"@type\":\"ImageObject\",\"inLanguage\":\"fr-FR\",\"@id\":\"https:\/\/universnews224.com\/#\/schema\/logo\/image\/\",\"url\":\"https:\/\/universnews224.com\/wp-content\/uploads\/2022\/08\/cropped-cropped-logoban.jpg\",\"contentUrl\":\"https:\/\/universnews224.com\/wp-content\/uploads\/2022\/08\/cropped-cropped-logoban.jpg\",\"width\":1080,\"height\":138,\"caption\":\"UNIVERSNEWS224\"},\"image\":{\"@id\":\"https:\/\/universnews224.com\/#\/schema\/logo\/image\/\"}},{\"@type\":\"Person\",\"@id\":\"https:\/\/universnews224.com\/#\/schema\/person\/a4b7d4f94a4716df60456a491260485e\",\"name\":\"La R\u00e9daction\",\"image\":{\"@type\":\"ImageObject\",\"inLanguage\":\"fr-FR\",\"@id\":\"https:\/\/universnews224.com\/#\/schema\/person\/image\/\",\"url\":\"https:\/\/secure.gravatar.com\/avatar\/edb90acc7752b23e1b3307ad36c14f0d?s=96&d=mm&r=g\",\"contentUrl\":\"https:\/\/secure.gravatar.com\/avatar\/edb90acc7752b23e1b3307ad36c14f0d?s=96&d=mm&r=g\",\"caption\":\"La R\u00e9daction\"},\"sameAs\":[\"https:\/\/universnews224.com\"],\"url\":\"https:\/\/universnews224.com\/index.php\/author\/m-camara\/\"}]}<\/script>\n<!-- \/ Yoast SEO plugin. -->","yoast_head_json":{"title":"Fonik\u00e9 et cie arr\u00eat\u00e9s: le MoDeL demande \u00e0 leurs familles de porter plainte contre les FDS (d\u00e9claration) - UNIVERSNEWS224","robots":{"index":"index","follow":"follow","max-snippet":"max-snippet:-1","max-image-preview":"max-image-preview:large","max-video-preview":"max-video-preview:-1"},"canonical":"https:\/\/universnews224.com\/index.php\/fonike-et-cie-arretes-le-model-demande-a-leurs-familles-de-porter-plainte-contre-les-fds-declaration\/","og_locale":"fr_FR","og_type":"article","og_title":"Fonik\u00e9 et cie arr\u00eat\u00e9s: le MoDeL demande \u00e0 leurs familles de porter plainte contre les FDS (d\u00e9claration) - UNIVERSNEWS224","og_description":"Le peuple de Guin\u00e9e a \u00e9t\u00e9 t\u00e9moin ce mardi 05 juillet 2022 de l\u2019arrestation violente","og_url":"https:\/\/universnews224.com\/index.php\/fonike-et-cie-arretes-le-model-demande-a-leurs-familles-de-porter-plainte-contre-les-fds-declaration\/","og_site_name":"UNIVERSNEWS224","article_published_time":"2022-07-06T13:19:24+00:00","author":"La R\u00e9daction","twitter_misc":{"\u00c9crit par":"La R\u00e9daction","Dur\u00e9e de lecture estim\u00e9e":"2 minutes"},"schema":{"@context":"https:\/\/schema.org","@graph":[{"@type":"Article","@id":"https:\/\/universnews224.com\/index.php\/fonike-et-cie-arretes-le-model-demande-a-leurs-familles-de-porter-plainte-contre-les-fds-declaration\/#article","isPartOf":{"@id":"https:\/\/universnews224.com\/index.php\/fonike-et-cie-arretes-le-model-demande-a-leurs-familles-de-porter-plainte-contre-les-fds-declaration\/"},"author":{"name":"La R\u00e9daction","@id":"https:\/\/universnews224.com\/#\/schema\/person\/a4b7d4f94a4716df60456a491260485e"},"headline":"Fonik\u00e9 et cie arr\u00eat\u00e9s: le MoDeL demande \u00e0 leurs familles de porter plainte contre les FDS (d\u00e9claration)","datePublished":"2022-07-06T13:19:24+00:00","dateModified":"2022-07-06T13:19:24+00:00","mainEntityOfPage":{"@id":"https:\/\/universnews224.com\/index.php\/fonike-et-cie-arretes-le-model-demande-a-leurs-familles-de-porter-plainte-contre-les-fds-declaration\/"},"wordCount":234,"publisher":{"@id":"https:\/\/universnews224.com\/#organization"},"keywords":["La une"],"inLanguage":"fr-FR"},{"@type":"WebPage","@id":"https:\/\/universnews224.com\/index.php\/fonike-et-cie-arretes-le-model-demande-a-leurs-familles-de-porter-plainte-contre-les-fds-declaration\/","url":"https:\/\/universnews224.com\/index.php\/fonike-et-cie-arretes-le-model-demande-a-leurs-familles-de-porter-plainte-contre-les-fds-declaration\/","name":"Fonik\u00e9 et cie arr\u00eat\u00e9s: le MoDeL demande \u00e0 leurs familles de porter plainte contre les FDS (d\u00e9claration) - UNIVERSNEWS224","isPartOf":{"@id":"https:\/\/universnews224.com\/#website"},"datePublished":"2022-07-06T13:19:24+00:00","dateModified":"2022-07-06T13:19:24+00:00","inLanguage":"fr-FR","potentialAction":[{"@type":"ReadAction","target":["https:\/\/universnews224.com\/index.php\/fonike-et-cie-arretes-le-model-demande-a-leurs-familles-de-porter-plainte-contre-les-fds-declaration\/"]}]},{"@type":"WebSite","@id":"https:\/\/universnews224.com\/#website","url":"https:\/\/universnews224.com\/","name":"UNIVERSNEWS224","description":"","publisher":{"@id":"https:\/\/universnews224.com\/#organization"},"potentialAction":[{"@type":"SearchAction","target":{"@type":"EntryPoint","urlTemplate":"https:\/\/universnews224.com\/?s={search_term_string}"},"query-input":"required name=search_term_string"}],"inLanguage":"fr-FR"},{"@type":"Organization","@id":"https:\/\/universnews224.com\/#organization","name":"UNIVERSNEWS224","url":"https:\/\/universnews224.com\/","logo":{"@type":"ImageObject","inLanguage":"fr-FR","@id":"https:\/\/universnews224.com\/#\/schema\/logo\/image\/","url":"https:\/\/universnews224.com\/wp-content\/uploads\/2022\/08\/cropped-cropped-logoban.jpg","contentUrl":"https:\/\/universnews224.com\/wp-content\/uploads\/2022\/08\/cropped-cropped-logoban.jpg","width":1080,"height":138,"caption":"UNIVERSNEWS224"},"image":{"@id":"https:\/\/universnews224.com\/#\/schema\/logo\/image\/"}},{"@type":"Person","@id":"https:\/\/universnews224.com\/#\/schema\/person\/a4b7d4f94a4716df60456a491260485e","name":"La R\u00e9daction","image":{"@type":"ImageObject","inLanguage":"fr-FR","@id":"https:\/\/universnews224.com\/#\/schema\/person\/image\/","url":"https:\/\/secure.gravatar.com\/avatar\/edb90acc7752b23e1b3307ad36c14f0d?s=96&d=mm&r=g","contentUrl":"https:\/\/secure.gravatar.com\/avatar\/edb90acc7752b23e1b3307ad36c14f0d?s=96&d=mm&r=g","caption":"La R\u00e9daction"},"sameAs":["https:\/\/universnews224.com"],"url":"https:\/\/universnews224.com\/index.php\/author\/m-camara\/"}]}},"_links":{"self":[{"href":"https:\/\/universnews224.com\/index.php\/wp-json\/wp\/v2\/posts\/1560"}],"collection":[{"href":"https:\/\/universnews224.com\/index.php\/wp-json\/wp\/v2\/posts"}],"about":[{"href":"https:\/\/universnews224.com\/index.php\/wp-json\/wp\/v2\/types\/post"}],"author":[{"embeddable":true,"href":"https:\/\/universnews224.com\/index.php\/wp-json\/wp\/v2\/users\/2"}],"replies":[{"embeddable":true,"href":"https:\/\/universnews224.com\/index.php\/wp-json\/wp\/v2\/comments?post=1560"}],"version-history":[{"count":1,"href":"https:\/\/universnews224.com\/index.php\/wp-json\/wp\/v2\/posts\/1560\/revisions"}],"predecessor-version":[{"id":1562,"href":"https:\/\/universnews224.com\/index.php\/wp-json\/wp\/v2\/posts\/1560\/revisions\/1562"}],"wp:attachment":[{"href":"https:\/\/universnews224.com\/index.php\/wp-json\/wp\/v2\/media?parent=1560"}],"wp:term":[{"taxonomy":"category","embeddable":true,"href":"https:\/\/universnews224.com\/index.php\/wp-json\/wp\/v2\/categories?post=1560"},{"taxonomy":"post_tag","embeddable":true,"href":"https:\/\/universnews224.com\/index.php\/wp-json\/wp\/v2\/tags?post=1560"}],"curies":[{"name":"wp","href":"https:\/\/api.w.org\/{rel}","templated":true}]}}