{"id":1563,"date":"2022-07-06T14:23:12","date_gmt":"2022-07-06T13:23:12","guid":{"rendered":"https:\/\/universnews224.com\/?p=1563"},"modified":"2022-07-06T14:23:12","modified_gmt":"2022-07-06T13:23:12","slug":"me-traore-a-charles-wright-je-suis-etonne-quil-nous-fasse-une-telle-declaration-hier-sachant-parfaitement-quil-est-dans-son-tort","status":"publish","type":"post","link":"https:\/\/universnews224.com\/index.php\/me-traore-a-charles-wright-je-suis-etonne-quil-nous-fasse-une-telle-declaration-hier-sachant-parfaitement-quil-est-dans-son-tort\/","title":{"rendered":"Me Traor\u00e9 \u00e0  Charles Wright: \u2018\u2019je suis \u00e9tonn\u00e9 qu\u2019il nous fasse une telle d\u00e9claration hier sachant parfaitement qu\u2019il est dans son tort\u2019\u2019"},"content":{"rendered":"<p>La cha\u00eene d\u2019indignation contre la fa\u00e7on de proc\u00e9der \u00e0 l\u2019arrestation des leaders du FNDC continue \u00e0 s\u2019\u00e9largir. Apr\u00e8s des politiques et quelques artistes, c\u2019est au tour des juristes de prendre la parole pour d\u00e9noncer cette autre fa\u00e7on de faire des nouvelles autorit\u00e9s. Invit\u00e9 de l\u2019\u00e9mission Mirador de FIM Fm ce mercredi, 6 juillet 2022, l\u2019ancien B\u00e2tonnier de l\u2019ordre des avocats dit haut et fort que la proc\u00e9dure d\u2019interpellation de Fonik\u00e9 Mengu\u00e8 et ses coll\u00e8gues n\u2019a pas \u00e9t\u00e9 r\u00e9guli\u00e8re.<\/p>\n<p>Lerevelateur<\/p>\n<div class=\"jeg_ad jeg_ad_article jnews_content_inline_3_ads  \">\n<div class=\"ads-wrapper align-center \"><\/div>\n<\/div>\n<p>Le conseiller au CNT dit \u00eatre \u00e9tonn\u00e9 de la volte-face du Procureur g\u00e9n\u00e9ral pr\u00e8s la Cour d\u2019Appel de Conakry, qu\u2019il croit d\u2019ailleurs sur une mauvaise piste.<\/p>\n<p>&nbsp;<\/p>\n<p>&nbsp;<\/p>\n<p>\u2018\u2019 Le procureur lui-m\u00eame a r\u00e9pondu \u00e0 cette question lors d\u2019un de ses nombreux passages dans votre \u00e9mission et j\u2019\u00e9coutais m\u00eame ses propos ce matin encore quand il disait qu\u2019en mati\u00e8re d\u2019injures qu\u2019il ne peut pas agir d\u2019office sans une plainte pr\u00e9alable de la victime. C\u2019est lui-m\u00eame qui l\u2019a dit et d\u2019ailleurs, il en est ainsi dans la plus part des infractions qui concernent l\u2019int\u00e9grit\u00e9 morale de la personne. Maintenant\u00a0 il y a bien entendu une exception, mais il a voulu \u00e9tendre cette exception \u00e0 des cas qui ne sont pas pr\u00e9vus. Quelle est l\u2019exception, lorsque l\u2019injure ou la diffamation vise le chef de l\u2019Etat, le procureur G\u00e9n\u00e9ral peut agir d\u2019office sans m\u00eame une plainte pr\u00e9alable. Et le chef de l\u2019Etat peut lui-m\u00eame demander l\u2019arr\u00eat des poursuites. Et puis dans ces conditions, les poursuites s\u2019arr\u00eatent maintenant pour que les autres parce qu\u2019il a vis\u00e9 des personnes, il a parl\u00e9 par exemple des membres du Gouvernement. Donc par extension, il a surement sans le dire explicitement, les membres d\u2019Institutions comme le CNT qui fait office d\u2019Assembl\u00e9e Nationale. Mais dans cette hypoth\u00e8se pr\u00e9cise, le texte est tr\u00e8s clair, la loi sur la libert\u00e9 de la presse parce que c\u2019est sur \u00e7a il se fonde pour parler. La loi sur la libert\u00e9 de la presse dit clairement que lorsque la diffamation ou l\u2019injure concerne un ou plusieurs membres de l\u2019Assembl\u00e9e Nationale, l\u2019action publique ne peut \u00eatre mise en mouvement que par une plainte de la personne qui se sent victime. Je pense que sur ces questions l\u00e0, y a pas trop \u00e0 tergiverser, ce sont des r\u00e8gles basiques que nous apprenons tous en proc\u00e9dure p\u00e9nale en deuxi\u00e8me ann\u00e9e de droit, donc je suis \u00e9tonn\u00e9 qu\u2019il nous face une telle d\u00e9claration hier dans votre studio en sachant parfaitement qu\u2019il est dans son tort.<\/p>\n<p>&nbsp;<\/p>\n<p>D\u00e8s lors que la mise en mouvement de l\u2019action publique est subordonn\u00e9e \u00e0 l\u2019existence d\u2019une plainte pr\u00e9alable, le retrait de la plainte met automatiquement fin\u00a0 \u00e0 l\u2019action publique. C\u2019est dire concr\u00e8tement, m\u00eame si le CNT ou un membre du CNT\u00a0 avait introduit une plainte pour diffamation contre ces acteurs l\u00e0, d\u00e8s lors que la plainte a \u00e9t\u00e9 retir\u00e9e, l\u2019action\u00a0 publique prend fin automatiquement\u2018\u2019, explique Me Mohamed Traor\u00e9 avant de poursuivre:<\/p>\n<p>&nbsp;<\/p>\n<p>\u2018\u2019 Dans l\u2019hypoth\u00e8se de l\u2019injure simplement, d\u00e8s qu\u2019il a \u00e9t\u00e9 constat\u00e9 que y a pas de plainte dans le dossier les mis en cause doivent \u00eatre lib\u00e9r\u00e9s imm\u00e9diatement mais je sais aussi qu\u2019on pourrait passer par une autre m\u00e9thode pour les garder. C\u2019est certainement pour cela qu\u2019on pense \u00e0 cette question d\u2019outrage \u00e0 magistrat o\u00f9 il n\u2019est pas question de plainte pr\u00e9alable. Donc si vraiment nous sommes dans l\u2019hypoth\u00e8se de l\u2019injure, \u00e0 partir du moment o\u00f9 il est \u00e9tabli qu\u2019une plainte n\u2019a pas \u00e9t\u00e9 d\u00e9pos\u00e9e par ceux qui pouvaient le faire, la cons\u00e9quence devra \u00eatre la mise en libert\u00e9 imm\u00e9diate des personnes qui ont \u00e9t\u00e9 arr\u00eat\u00e9es\u00a0\u00bb, dit-t-il.<\/p>\n","protected":false},"excerpt":{"rendered":"<p>La cha\u00eene d\u2019indignation contre la fa\u00e7on de proc\u00e9der \u00e0 l\u2019arrestation des leaders du FNDC continue<\/p>\n","protected":false},"author":2,"featured_media":0,"comment_status":"closed","ping_status":"open","sticky":false,"template":"","format":"standard","meta":[],"categories":[1],"tags":[],"yoast_head":"<!-- This site is optimized with the Yoast SEO plugin v19.13 - https:\/\/yoast.com\/wordpress\/plugins\/seo\/ -->\n<title>Me Traor\u00e9 \u00e0 Charles Wright: \u2018\u2019je suis \u00e9tonn\u00e9 qu\u2019il nous fasse une telle d\u00e9claration hier sachant parfaitement qu\u2019il est dans son tort\u2019\u2019 - UNIVERSNEWS224<\/title>\n<meta name=\"robots\" content=\"index, follow, max-snippet:-1, max-image-preview:large, max-video-preview:-1\" \/>\n<link rel=\"canonical\" href=\"https:\/\/universnews224.com\/index.php\/me-traore-a-charles-wright-je-suis-etonne-quil-nous-fasse-une-telle-declaration-hier-sachant-parfaitement-quil-est-dans-son-tort\/\" \/>\n<meta property=\"og:locale\" content=\"fr_FR\" \/>\n<meta property=\"og:type\" content=\"article\" \/>\n<meta property=\"og:title\" content=\"Me Traor\u00e9 \u00e0 Charles Wright: \u2018\u2019je suis \u00e9tonn\u00e9 qu\u2019il nous fasse une telle d\u00e9claration hier sachant parfaitement qu\u2019il est dans son tort\u2019\u2019 - UNIVERSNEWS224\" \/>\n<meta property=\"og:description\" content=\"La cha\u00eene d\u2019indignation contre la fa\u00e7on de proc\u00e9der \u00e0 l\u2019arrestation des leaders du FNDC continue\" \/>\n<meta property=\"og:url\" content=\"https:\/\/universnews224.com\/index.php\/me-traore-a-charles-wright-je-suis-etonne-quil-nous-fasse-une-telle-declaration-hier-sachant-parfaitement-quil-est-dans-son-tort\/\" \/>\n<meta property=\"og:site_name\" content=\"UNIVERSNEWS224\" \/>\n<meta property=\"article:published_time\" content=\"2022-07-06T13:23:12+00:00\" \/>\n<meta name=\"author\" content=\"La R\u00e9daction\" \/>\n<meta name=\"twitter:label1\" content=\"\u00c9crit par\" \/>\n\t<meta name=\"twitter:data1\" content=\"La R\u00e9daction\" \/>\n\t<meta name=\"twitter:label2\" content=\"Dur\u00e9e de lecture estim\u00e9e\" \/>\n\t<meta name=\"twitter:data2\" content=\"3 minutes\" \/>\n<script type=\"application\/ld+json\" class=\"yoast-schema-graph\">{\"@context\":\"https:\/\/schema.org\",\"@graph\":[{\"@type\":\"Article\",\"@id\":\"https:\/\/universnews224.com\/index.php\/me-traore-a-charles-wright-je-suis-etonne-quil-nous-fasse-une-telle-declaration-hier-sachant-parfaitement-quil-est-dans-son-tort\/#article\",\"isPartOf\":{\"@id\":\"https:\/\/universnews224.com\/index.php\/me-traore-a-charles-wright-je-suis-etonne-quil-nous-fasse-une-telle-declaration-hier-sachant-parfaitement-quil-est-dans-son-tort\/\"},\"author\":{\"name\":\"La R\u00e9daction\",\"@id\":\"https:\/\/universnews224.com\/#\/schema\/person\/a4b7d4f94a4716df60456a491260485e\"},\"headline\":\"Me Traor\u00e9 \u00e0 Charles Wright: \u2018\u2019je suis \u00e9tonn\u00e9 qu\u2019il nous fasse une telle d\u00e9claration hier sachant parfaitement qu\u2019il est dans son tort\u2019\u2019\",\"datePublished\":\"2022-07-06T13:23:12+00:00\",\"dateModified\":\"2022-07-06T13:23:12+00:00\",\"mainEntityOfPage\":{\"@id\":\"https:\/\/universnews224.com\/index.php\/me-traore-a-charles-wright-je-suis-etonne-quil-nous-fasse-une-telle-declaration-hier-sachant-parfaitement-quil-est-dans-son-tort\/\"},\"wordCount\":713,\"publisher\":{\"@id\":\"https:\/\/universnews224.com\/#organization\"},\"inLanguage\":\"fr-FR\"},{\"@type\":\"WebPage\",\"@id\":\"https:\/\/universnews224.com\/index.php\/me-traore-a-charles-wright-je-suis-etonne-quil-nous-fasse-une-telle-declaration-hier-sachant-parfaitement-quil-est-dans-son-tort\/\",\"url\":\"https:\/\/universnews224.com\/index.php\/me-traore-a-charles-wright-je-suis-etonne-quil-nous-fasse-une-telle-declaration-hier-sachant-parfaitement-quil-est-dans-son-tort\/\",\"name\":\"Me Traor\u00e9 \u00e0 Charles Wright: \u2018\u2019je suis \u00e9tonn\u00e9 qu\u2019il nous fasse une telle d\u00e9claration hier sachant parfaitement qu\u2019il est dans son tort\u2019\u2019 - UNIVERSNEWS224\",\"isPartOf\":{\"@id\":\"https:\/\/universnews224.com\/#website\"},\"datePublished\":\"2022-07-06T13:23:12+00:00\",\"dateModified\":\"2022-07-06T13:23:12+00:00\",\"inLanguage\":\"fr-FR\",\"potentialAction\":[{\"@type\":\"ReadAction\",\"target\":[\"https:\/\/universnews224.com\/index.php\/me-traore-a-charles-wright-je-suis-etonne-quil-nous-fasse-une-telle-declaration-hier-sachant-parfaitement-quil-est-dans-son-tort\/\"]}]},{\"@type\":\"WebSite\",\"@id\":\"https:\/\/universnews224.com\/#website\",\"url\":\"https:\/\/universnews224.com\/\",\"name\":\"UNIVERSNEWS224\",\"description\":\"\",\"publisher\":{\"@id\":\"https:\/\/universnews224.com\/#organization\"},\"potentialAction\":[{\"@type\":\"SearchAction\",\"target\":{\"@type\":\"EntryPoint\",\"urlTemplate\":\"https:\/\/universnews224.com\/?s={search_term_string}\"},\"query-input\":\"required name=search_term_string\"}],\"inLanguage\":\"fr-FR\"},{\"@type\":\"Organization\",\"@id\":\"https:\/\/universnews224.com\/#organization\",\"name\":\"UNIVERSNEWS224\",\"url\":\"https:\/\/universnews224.com\/\",\"logo\":{\"@type\":\"ImageObject\",\"inLanguage\":\"fr-FR\",\"@id\":\"https:\/\/universnews224.com\/#\/schema\/logo\/image\/\",\"url\":\"https:\/\/universnews224.com\/wp-content\/uploads\/2022\/08\/cropped-cropped-logoban.jpg\",\"contentUrl\":\"https:\/\/universnews224.com\/wp-content\/uploads\/2022\/08\/cropped-cropped-logoban.jpg\",\"width\":1080,\"height\":138,\"caption\":\"UNIVERSNEWS224\"},\"image\":{\"@id\":\"https:\/\/universnews224.com\/#\/schema\/logo\/image\/\"}},{\"@type\":\"Person\",\"@id\":\"https:\/\/universnews224.com\/#\/schema\/person\/a4b7d4f94a4716df60456a491260485e\",\"name\":\"La R\u00e9daction\",\"image\":{\"@type\":\"ImageObject\",\"inLanguage\":\"fr-FR\",\"@id\":\"https:\/\/universnews224.com\/#\/schema\/person\/image\/\",\"url\":\"https:\/\/secure.gravatar.com\/avatar\/edb90acc7752b23e1b3307ad36c14f0d?s=96&d=mm&r=g\",\"contentUrl\":\"https:\/\/secure.gravatar.com\/avatar\/edb90acc7752b23e1b3307ad36c14f0d?s=96&d=mm&r=g\",\"caption\":\"La R\u00e9daction\"},\"sameAs\":[\"https:\/\/universnews224.com\"],\"url\":\"https:\/\/universnews224.com\/index.php\/author\/m-camara\/\"}]}<\/script>\n<!-- \/ Yoast SEO plugin. -->","yoast_head_json":{"title":"Me Traor\u00e9 \u00e0 Charles Wright: \u2018\u2019je suis \u00e9tonn\u00e9 qu\u2019il nous fasse une telle d\u00e9claration hier sachant parfaitement qu\u2019il est dans son tort\u2019\u2019 - UNIVERSNEWS224","robots":{"index":"index","follow":"follow","max-snippet":"max-snippet:-1","max-image-preview":"max-image-preview:large","max-video-preview":"max-video-preview:-1"},"canonical":"https:\/\/universnews224.com\/index.php\/me-traore-a-charles-wright-je-suis-etonne-quil-nous-fasse-une-telle-declaration-hier-sachant-parfaitement-quil-est-dans-son-tort\/","og_locale":"fr_FR","og_type":"article","og_title":"Me Traor\u00e9 \u00e0 Charles Wright: \u2018\u2019je suis \u00e9tonn\u00e9 qu\u2019il nous fasse une telle d\u00e9claration hier sachant parfaitement qu\u2019il est dans son tort\u2019\u2019 - UNIVERSNEWS224","og_description":"La cha\u00eene d\u2019indignation contre la fa\u00e7on de proc\u00e9der \u00e0 l\u2019arrestation des leaders du FNDC continue","og_url":"https:\/\/universnews224.com\/index.php\/me-traore-a-charles-wright-je-suis-etonne-quil-nous-fasse-une-telle-declaration-hier-sachant-parfaitement-quil-est-dans-son-tort\/","og_site_name":"UNIVERSNEWS224","article_published_time":"2022-07-06T13:23:12+00:00","author":"La R\u00e9daction","twitter_misc":{"\u00c9crit par":"La R\u00e9daction","Dur\u00e9e de lecture estim\u00e9e":"3 minutes"},"schema":{"@context":"https:\/\/schema.org","@graph":[{"@type":"Article","@id":"https:\/\/universnews224.com\/index.php\/me-traore-a-charles-wright-je-suis-etonne-quil-nous-fasse-une-telle-declaration-hier-sachant-parfaitement-quil-est-dans-son-tort\/#article","isPartOf":{"@id":"https:\/\/universnews224.com\/index.php\/me-traore-a-charles-wright-je-suis-etonne-quil-nous-fasse-une-telle-declaration-hier-sachant-parfaitement-quil-est-dans-son-tort\/"},"author":{"name":"La R\u00e9daction","@id":"https:\/\/universnews224.com\/#\/schema\/person\/a4b7d4f94a4716df60456a491260485e"},"headline":"Me Traor\u00e9 \u00e0 Charles Wright: \u2018\u2019je suis \u00e9tonn\u00e9 qu\u2019il nous fasse une telle d\u00e9claration hier sachant parfaitement qu\u2019il est dans son tort\u2019\u2019","datePublished":"2022-07-06T13:23:12+00:00","dateModified":"2022-07-06T13:23:12+00:00","mainEntityOfPage":{"@id":"https:\/\/universnews224.com\/index.php\/me-traore-a-charles-wright-je-suis-etonne-quil-nous-fasse-une-telle-declaration-hier-sachant-parfaitement-quil-est-dans-son-tort\/"},"wordCount":713,"publisher":{"@id":"https:\/\/universnews224.com\/#organization"},"inLanguage":"fr-FR"},{"@type":"WebPage","@id":"https:\/\/universnews224.com\/index.php\/me-traore-a-charles-wright-je-suis-etonne-quil-nous-fasse-une-telle-declaration-hier-sachant-parfaitement-quil-est-dans-son-tort\/","url":"https:\/\/universnews224.com\/index.php\/me-traore-a-charles-wright-je-suis-etonne-quil-nous-fasse-une-telle-declaration-hier-sachant-parfaitement-quil-est-dans-son-tort\/","name":"Me Traor\u00e9 \u00e0 Charles Wright: \u2018\u2019je suis \u00e9tonn\u00e9 qu\u2019il nous fasse une telle d\u00e9claration hier sachant parfaitement qu\u2019il est dans son tort\u2019\u2019 - UNIVERSNEWS224","isPartOf":{"@id":"https:\/\/universnews224.com\/#website"},"datePublished":"2022-07-06T13:23:12+00:00","dateModified":"2022-07-06T13:23:12+00:00","inLanguage":"fr-FR","potentialAction":[{"@type":"ReadAction","target":["https:\/\/universnews224.com\/index.php\/me-traore-a-charles-wright-je-suis-etonne-quil-nous-fasse-une-telle-declaration-hier-sachant-parfaitement-quil-est-dans-son-tort\/"]}]},{"@type":"WebSite","@id":"https:\/\/universnews224.com\/#website","url":"https:\/\/universnews224.com\/","name":"UNIVERSNEWS224","description":"","publisher":{"@id":"https:\/\/universnews224.com\/#organization"},"potentialAction":[{"@type":"SearchAction","target":{"@type":"EntryPoint","urlTemplate":"https:\/\/universnews224.com\/?s={search_term_string}"},"query-input":"required name=search_term_string"}],"inLanguage":"fr-FR"},{"@type":"Organization","@id":"https:\/\/universnews224.com\/#organization","name":"UNIVERSNEWS224","url":"https:\/\/universnews224.com\/","logo":{"@type":"ImageObject","inLanguage":"fr-FR","@id":"https:\/\/universnews224.com\/#\/schema\/logo\/image\/","url":"https:\/\/universnews224.com\/wp-content\/uploads\/2022\/08\/cropped-cropped-logoban.jpg","contentUrl":"https:\/\/universnews224.com\/wp-content\/uploads\/2022\/08\/cropped-cropped-logoban.jpg","width":1080,"height":138,"caption":"UNIVERSNEWS224"},"image":{"@id":"https:\/\/universnews224.com\/#\/schema\/logo\/image\/"}},{"@type":"Person","@id":"https:\/\/universnews224.com\/#\/schema\/person\/a4b7d4f94a4716df60456a491260485e","name":"La R\u00e9daction","image":{"@type":"ImageObject","inLanguage":"fr-FR","@id":"https:\/\/universnews224.com\/#\/schema\/person\/image\/","url":"https:\/\/secure.gravatar.com\/avatar\/edb90acc7752b23e1b3307ad36c14f0d?s=96&d=mm&r=g","contentUrl":"https:\/\/secure.gravatar.com\/avatar\/edb90acc7752b23e1b3307ad36c14f0d?s=96&d=mm&r=g","caption":"La R\u00e9daction"},"sameAs":["https:\/\/universnews224.com"],"url":"https:\/\/universnews224.com\/index.php\/author\/m-camara\/"}]}},"_links":{"self":[{"href":"https:\/\/universnews224.com\/index.php\/wp-json\/wp\/v2\/posts\/1563"}],"collection":[{"href":"https:\/\/universnews224.com\/index.php\/wp-json\/wp\/v2\/posts"}],"about":[{"href":"https:\/\/universnews224.com\/index.php\/wp-json\/wp\/v2\/types\/post"}],"author":[{"embeddable":true,"href":"https:\/\/universnews224.com\/index.php\/wp-json\/wp\/v2\/users\/2"}],"replies":[{"embeddable":true,"href":"https:\/\/universnews224.com\/index.php\/wp-json\/wp\/v2\/comments?post=1563"}],"version-history":[{"count":1,"href":"https:\/\/universnews224.com\/index.php\/wp-json\/wp\/v2\/posts\/1563\/revisions"}],"predecessor-version":[{"id":1565,"href":"https:\/\/universnews224.com\/index.php\/wp-json\/wp\/v2\/posts\/1563\/revisions\/1565"}],"wp:attachment":[{"href":"https:\/\/universnews224.com\/index.php\/wp-json\/wp\/v2\/media?parent=1563"}],"wp:term":[{"taxonomy":"category","embeddable":true,"href":"https:\/\/universnews224.com\/index.php\/wp-json\/wp\/v2\/categories?post=1563"},{"taxonomy":"post_tag","embeddable":true,"href":"https:\/\/universnews224.com\/index.php\/wp-json\/wp\/v2\/tags?post=1563"}],"curies":[{"name":"wp","href":"https:\/\/api.w.org\/{rel}","templated":true}]}}