{"id":1578,"date":"2022-07-07T18:41:37","date_gmt":"2022-07-07T17:41:37","guid":{"rendered":"https:\/\/universnews224.com\/?p=1578"},"modified":"2022-07-07T18:41:37","modified_gmt":"2022-07-07T17:41:37","slug":"fonike-mengue-et-cie-inculpes-et-places-sous-mandat-de-depot-a-la-maison-darret-de-conakry","status":"publish","type":"post","link":"https:\/\/universnews224.com\/index.php\/fonike-mengue-et-cie-inculpes-et-places-sous-mandat-de-depot-a-la-maison-darret-de-conakry\/","title":{"rendered":"Fonik\u00e9 Mengu\u00e8 et cie inculp\u00e9s et plac\u00e9s sous mandat de d\u00e9p\u00f4t \u00e0 la maison d\u2019arr\u00eat de Conakry."},"content":{"rendered":"<p>Apr\u00e8s des heures d\u2019audition chez le juge d\u2019instruction du Tribunal de Premi\u00e8re Instance de Dixinn, Fonik\u00e9 Mengu\u00e8, Coordinateur du FNDC et ses coll\u00e8gues Djanii Alfa et Billo Bah ont \u00e9t\u00e9 inculp\u00e9s pour des faits d\u2019outrage \u00e0 magistrat et injures. De facto, ils ont \u00e9t\u00e9 conduits \u00e0 la maison centrale de Conakry ( Coronthie) o\u00f9 ils passeront leur premi\u00e8re nuit en prison ce jeudi, 7 juillet 2022.<\/p>\n<p>&nbsp;<\/p>\n<div class=\"jeg_ad jeg_ad_article jnews_content_inline_3_ads \">\n<div class=\"ads-wrapper align-center \"><\/div>\n<\/div>\n<p>Prenant la parole au sortir de cette audition, ma\u00eetre Halimatou Camara, avocate des pr\u00e9venus est revenue sur les faits pour lesquels, ses clients seront jug\u00e9s ce vendredi au TPI de Dixinn.<\/p>\n<p>&nbsp;<\/p>\n<p>\u201cNous sommes l\u00e0 dans le cadre de la proc\u00e9dure judiciaire contre Fonike Mengu\u00e9 et autres. Et dans cette proc\u00e9dure, le procureur de la R\u00e9publique pr\u00e8s le Tribunal de Premi\u00e8re Instance de Dixinn\u00a0 a d\u00e9cid\u00e9 de prendre cette affaire en flagrant d\u00e9lit et l\u2019affaire devra \u00eatre jug\u00e9e demain, normalement. Dans le cadre de cette proc\u00e9dure, nos clients sont poursuivis pour outrage \u00e0 magistrat et injures. Donc nous attendons demain pour assurer leur d\u00e9fense\u201d, a-t-elle expliqu\u00e9.<\/p>\n<p><img loading=\"lazy\" class=\"alignnone size-full wp-image-1621\" src=\"https:\/\/influencesnews.com\/wp-content\/uploads\/2022\/07\/27407F93-0161-4306-AFFE-9676020D97AE.jpeg\" alt=\"\" width=\"717\" height=\"379\" \/>Il faudra donc attendre demain pour conna\u00eetre la suite de cette affaire.<\/p>\n<p>lerevelateur<\/p>\n","protected":false},"excerpt":{"rendered":"<p>Apr\u00e8s des heures d\u2019audition chez le juge d\u2019instruction du Tribunal de Premi\u00e8re Instance de Dixinn,<\/p>\n","protected":false},"author":2,"featured_media":1579,"comment_status":"closed","ping_status":"open","sticky":false,"template":"","format":"standard","meta":[],"categories":[1],"tags":[229],"yoast_head":"<!-- This site is optimized with the Yoast SEO plugin v19.13 - https:\/\/yoast.com\/wordpress\/plugins\/seo\/ -->\n<title>Fonik\u00e9 Mengu\u00e8 et cie inculp\u00e9s et plac\u00e9s sous mandat de d\u00e9p\u00f4t \u00e0 la maison d\u2019arr\u00eat de Conakry. - UNIVERSNEWS224<\/title>\n<meta name=\"robots\" content=\"index, follow, max-snippet:-1, max-image-preview:large, max-video-preview:-1\" \/>\n<link rel=\"canonical\" href=\"https:\/\/universnews224.com\/index.php\/fonike-mengue-et-cie-inculpes-et-places-sous-mandat-de-depot-a-la-maison-darret-de-conakry\/\" \/>\n<meta property=\"og:locale\" content=\"fr_FR\" \/>\n<meta property=\"og:type\" content=\"article\" \/>\n<meta property=\"og:title\" content=\"Fonik\u00e9 Mengu\u00e8 et cie inculp\u00e9s et plac\u00e9s sous mandat de d\u00e9p\u00f4t \u00e0 la maison d\u2019arr\u00eat de Conakry. - UNIVERSNEWS224\" \/>\n<meta property=\"og:description\" content=\"Apr\u00e8s des heures d\u2019audition chez le juge d\u2019instruction du Tribunal de Premi\u00e8re Instance de Dixinn,\" \/>\n<meta property=\"og:url\" content=\"https:\/\/universnews224.com\/index.php\/fonike-mengue-et-cie-inculpes-et-places-sous-mandat-de-depot-a-la-maison-darret-de-conakry\/\" \/>\n<meta property=\"og:site_name\" content=\"UNIVERSNEWS224\" \/>\n<meta property=\"article:published_time\" content=\"2022-07-07T17:41:37+00:00\" \/>\n<meta property=\"og:image\" content=\"https:\/\/universnews224.com\/wp-content\/uploads\/2022\/07\/66DD55EB-A4C4-4261-87D1-EF9817C8BD50.jpeg\" \/>\n\t<meta property=\"og:image:width\" content=\"706\" \/>\n\t<meta property=\"og:image:height\" content=\"392\" \/>\n\t<meta property=\"og:image:type\" content=\"image\/jpeg\" \/>\n<meta name=\"author\" content=\"La R\u00e9daction\" \/>\n<meta name=\"twitter:label1\" content=\"\u00c9crit par\" \/>\n\t<meta name=\"twitter:data1\" content=\"La R\u00e9daction\" \/>\n\t<meta name=\"twitter:label2\" content=\"Dur\u00e9e de lecture estim\u00e9e\" \/>\n\t<meta name=\"twitter:data2\" content=\"2 minutes\" \/>\n<script type=\"application\/ld+json\" class=\"yoast-schema-graph\">{\"@context\":\"https:\/\/schema.org\",\"@graph\":[{\"@type\":\"Article\",\"@id\":\"https:\/\/universnews224.com\/index.php\/fonike-mengue-et-cie-inculpes-et-places-sous-mandat-de-depot-a-la-maison-darret-de-conakry\/#article\",\"isPartOf\":{\"@id\":\"https:\/\/universnews224.com\/index.php\/fonike-mengue-et-cie-inculpes-et-places-sous-mandat-de-depot-a-la-maison-darret-de-conakry\/\"},\"author\":{\"name\":\"La R\u00e9daction\",\"@id\":\"https:\/\/universnews224.com\/#\/schema\/person\/a4b7d4f94a4716df60456a491260485e\"},\"headline\":\"Fonik\u00e9 Mengu\u00e8 et cie inculp\u00e9s et plac\u00e9s sous mandat de d\u00e9p\u00f4t \u00e0 la maison d\u2019arr\u00eat de Conakry.\",\"datePublished\":\"2022-07-07T17:41:37+00:00\",\"dateModified\":\"2022-07-07T17:41:37+00:00\",\"mainEntityOfPage\":{\"@id\":\"https:\/\/universnews224.com\/index.php\/fonike-mengue-et-cie-inculpes-et-places-sous-mandat-de-depot-a-la-maison-darret-de-conakry\/\"},\"wordCount\":225,\"publisher\":{\"@id\":\"https:\/\/universnews224.com\/#organization\"},\"keywords\":[\"La une\"],\"inLanguage\":\"fr-FR\"},{\"@type\":\"WebPage\",\"@id\":\"https:\/\/universnews224.com\/index.php\/fonike-mengue-et-cie-inculpes-et-places-sous-mandat-de-depot-a-la-maison-darret-de-conakry\/\",\"url\":\"https:\/\/universnews224.com\/index.php\/fonike-mengue-et-cie-inculpes-et-places-sous-mandat-de-depot-a-la-maison-darret-de-conakry\/\",\"name\":\"Fonik\u00e9 Mengu\u00e8 et cie inculp\u00e9s et plac\u00e9s sous mandat de d\u00e9p\u00f4t \u00e0 la maison d\u2019arr\u00eat de Conakry. - UNIVERSNEWS224\",\"isPartOf\":{\"@id\":\"https:\/\/universnews224.com\/#website\"},\"datePublished\":\"2022-07-07T17:41:37+00:00\",\"dateModified\":\"2022-07-07T17:41:37+00:00\",\"inLanguage\":\"fr-FR\",\"potentialAction\":[{\"@type\":\"ReadAction\",\"target\":[\"https:\/\/universnews224.com\/index.php\/fonike-mengue-et-cie-inculpes-et-places-sous-mandat-de-depot-a-la-maison-darret-de-conakry\/\"]}]},{\"@type\":\"WebSite\",\"@id\":\"https:\/\/universnews224.com\/#website\",\"url\":\"https:\/\/universnews224.com\/\",\"name\":\"UNIVERSNEWS224\",\"description\":\"\",\"publisher\":{\"@id\":\"https:\/\/universnews224.com\/#organization\"},\"potentialAction\":[{\"@type\":\"SearchAction\",\"target\":{\"@type\":\"EntryPoint\",\"urlTemplate\":\"https:\/\/universnews224.com\/?s={search_term_string}\"},\"query-input\":\"required name=search_term_string\"}],\"inLanguage\":\"fr-FR\"},{\"@type\":\"Organization\",\"@id\":\"https:\/\/universnews224.com\/#organization\",\"name\":\"UNIVERSNEWS224\",\"url\":\"https:\/\/universnews224.com\/\",\"logo\":{\"@type\":\"ImageObject\",\"inLanguage\":\"fr-FR\",\"@id\":\"https:\/\/universnews224.com\/#\/schema\/logo\/image\/\",\"url\":\"https:\/\/universnews224.com\/wp-content\/uploads\/2022\/08\/cropped-cropped-logoban.jpg\",\"contentUrl\":\"https:\/\/universnews224.com\/wp-content\/uploads\/2022\/08\/cropped-cropped-logoban.jpg\",\"width\":1080,\"height\":138,\"caption\":\"UNIVERSNEWS224\"},\"image\":{\"@id\":\"https:\/\/universnews224.com\/#\/schema\/logo\/image\/\"}},{\"@type\":\"Person\",\"@id\":\"https:\/\/universnews224.com\/#\/schema\/person\/a4b7d4f94a4716df60456a491260485e\",\"name\":\"La R\u00e9daction\",\"image\":{\"@type\":\"ImageObject\",\"inLanguage\":\"fr-FR\",\"@id\":\"https:\/\/universnews224.com\/#\/schema\/person\/image\/\",\"url\":\"https:\/\/secure.gravatar.com\/avatar\/edb90acc7752b23e1b3307ad36c14f0d?s=96&d=mm&r=g\",\"contentUrl\":\"https:\/\/secure.gravatar.com\/avatar\/edb90acc7752b23e1b3307ad36c14f0d?s=96&d=mm&r=g\",\"caption\":\"La R\u00e9daction\"},\"sameAs\":[\"https:\/\/universnews224.com\"],\"url\":\"https:\/\/universnews224.com\/index.php\/author\/m-camara\/\"}]}<\/script>\n<!-- \/ Yoast SEO plugin. -->","yoast_head_json":{"title":"Fonik\u00e9 Mengu\u00e8 et cie inculp\u00e9s et plac\u00e9s sous mandat de d\u00e9p\u00f4t \u00e0 la maison d\u2019arr\u00eat de Conakry. - UNIVERSNEWS224","robots":{"index":"index","follow":"follow","max-snippet":"max-snippet:-1","max-image-preview":"max-image-preview:large","max-video-preview":"max-video-preview:-1"},"canonical":"https:\/\/universnews224.com\/index.php\/fonike-mengue-et-cie-inculpes-et-places-sous-mandat-de-depot-a-la-maison-darret-de-conakry\/","og_locale":"fr_FR","og_type":"article","og_title":"Fonik\u00e9 Mengu\u00e8 et cie inculp\u00e9s et plac\u00e9s sous mandat de d\u00e9p\u00f4t \u00e0 la maison d\u2019arr\u00eat de Conakry. - UNIVERSNEWS224","og_description":"Apr\u00e8s des heures d\u2019audition chez le juge d\u2019instruction du Tribunal de Premi\u00e8re Instance de Dixinn,","og_url":"https:\/\/universnews224.com\/index.php\/fonike-mengue-et-cie-inculpes-et-places-sous-mandat-de-depot-a-la-maison-darret-de-conakry\/","og_site_name":"UNIVERSNEWS224","article_published_time":"2022-07-07T17:41:37+00:00","og_image":[{"width":706,"height":392,"url":"https:\/\/universnews224.com\/wp-content\/uploads\/2022\/07\/66DD55EB-A4C4-4261-87D1-EF9817C8BD50.jpeg","type":"image\/jpeg"}],"author":"La R\u00e9daction","twitter_misc":{"\u00c9crit par":"La R\u00e9daction","Dur\u00e9e de lecture estim\u00e9e":"2 minutes"},"schema":{"@context":"https:\/\/schema.org","@graph":[{"@type":"Article","@id":"https:\/\/universnews224.com\/index.php\/fonike-mengue-et-cie-inculpes-et-places-sous-mandat-de-depot-a-la-maison-darret-de-conakry\/#article","isPartOf":{"@id":"https:\/\/universnews224.com\/index.php\/fonike-mengue-et-cie-inculpes-et-places-sous-mandat-de-depot-a-la-maison-darret-de-conakry\/"},"author":{"name":"La R\u00e9daction","@id":"https:\/\/universnews224.com\/#\/schema\/person\/a4b7d4f94a4716df60456a491260485e"},"headline":"Fonik\u00e9 Mengu\u00e8 et cie inculp\u00e9s et plac\u00e9s sous mandat de d\u00e9p\u00f4t \u00e0 la maison d\u2019arr\u00eat de Conakry.","datePublished":"2022-07-07T17:41:37+00:00","dateModified":"2022-07-07T17:41:37+00:00","mainEntityOfPage":{"@id":"https:\/\/universnews224.com\/index.php\/fonike-mengue-et-cie-inculpes-et-places-sous-mandat-de-depot-a-la-maison-darret-de-conakry\/"},"wordCount":225,"publisher":{"@id":"https:\/\/universnews224.com\/#organization"},"keywords":["La une"],"inLanguage":"fr-FR"},{"@type":"WebPage","@id":"https:\/\/universnews224.com\/index.php\/fonike-mengue-et-cie-inculpes-et-places-sous-mandat-de-depot-a-la-maison-darret-de-conakry\/","url":"https:\/\/universnews224.com\/index.php\/fonike-mengue-et-cie-inculpes-et-places-sous-mandat-de-depot-a-la-maison-darret-de-conakry\/","name":"Fonik\u00e9 Mengu\u00e8 et cie inculp\u00e9s et plac\u00e9s sous mandat de d\u00e9p\u00f4t \u00e0 la maison d\u2019arr\u00eat de Conakry. - UNIVERSNEWS224","isPartOf":{"@id":"https:\/\/universnews224.com\/#website"},"datePublished":"2022-07-07T17:41:37+00:00","dateModified":"2022-07-07T17:41:37+00:00","inLanguage":"fr-FR","potentialAction":[{"@type":"ReadAction","target":["https:\/\/universnews224.com\/index.php\/fonike-mengue-et-cie-inculpes-et-places-sous-mandat-de-depot-a-la-maison-darret-de-conakry\/"]}]},{"@type":"WebSite","@id":"https:\/\/universnews224.com\/#website","url":"https:\/\/universnews224.com\/","name":"UNIVERSNEWS224","description":"","publisher":{"@id":"https:\/\/universnews224.com\/#organization"},"potentialAction":[{"@type":"SearchAction","target":{"@type":"EntryPoint","urlTemplate":"https:\/\/universnews224.com\/?s={search_term_string}"},"query-input":"required name=search_term_string"}],"inLanguage":"fr-FR"},{"@type":"Organization","@id":"https:\/\/universnews224.com\/#organization","name":"UNIVERSNEWS224","url":"https:\/\/universnews224.com\/","logo":{"@type":"ImageObject","inLanguage":"fr-FR","@id":"https:\/\/universnews224.com\/#\/schema\/logo\/image\/","url":"https:\/\/universnews224.com\/wp-content\/uploads\/2022\/08\/cropped-cropped-logoban.jpg","contentUrl":"https:\/\/universnews224.com\/wp-content\/uploads\/2022\/08\/cropped-cropped-logoban.jpg","width":1080,"height":138,"caption":"UNIVERSNEWS224"},"image":{"@id":"https:\/\/universnews224.com\/#\/schema\/logo\/image\/"}},{"@type":"Person","@id":"https:\/\/universnews224.com\/#\/schema\/person\/a4b7d4f94a4716df60456a491260485e","name":"La R\u00e9daction","image":{"@type":"ImageObject","inLanguage":"fr-FR","@id":"https:\/\/universnews224.com\/#\/schema\/person\/image\/","url":"https:\/\/secure.gravatar.com\/avatar\/edb90acc7752b23e1b3307ad36c14f0d?s=96&d=mm&r=g","contentUrl":"https:\/\/secure.gravatar.com\/avatar\/edb90acc7752b23e1b3307ad36c14f0d?s=96&d=mm&r=g","caption":"La R\u00e9daction"},"sameAs":["https:\/\/universnews224.com"],"url":"https:\/\/universnews224.com\/index.php\/author\/m-camara\/"}]}},"_links":{"self":[{"href":"https:\/\/universnews224.com\/index.php\/wp-json\/wp\/v2\/posts\/1578"}],"collection":[{"href":"https:\/\/universnews224.com\/index.php\/wp-json\/wp\/v2\/posts"}],"about":[{"href":"https:\/\/universnews224.com\/index.php\/wp-json\/wp\/v2\/types\/post"}],"author":[{"embeddable":true,"href":"https:\/\/universnews224.com\/index.php\/wp-json\/wp\/v2\/users\/2"}],"replies":[{"embeddable":true,"href":"https:\/\/universnews224.com\/index.php\/wp-json\/wp\/v2\/comments?post=1578"}],"version-history":[{"count":1,"href":"https:\/\/universnews224.com\/index.php\/wp-json\/wp\/v2\/posts\/1578\/revisions"}],"predecessor-version":[{"id":1580,"href":"https:\/\/universnews224.com\/index.php\/wp-json\/wp\/v2\/posts\/1578\/revisions\/1580"}],"wp:featuredmedia":[{"embeddable":true,"href":"https:\/\/universnews224.com\/index.php\/wp-json\/wp\/v2\/media\/1579"}],"wp:attachment":[{"href":"https:\/\/universnews224.com\/index.php\/wp-json\/wp\/v2\/media?parent=1578"}],"wp:term":[{"taxonomy":"category","embeddable":true,"href":"https:\/\/universnews224.com\/index.php\/wp-json\/wp\/v2\/categories?post=1578"},{"taxonomy":"post_tag","embeddable":true,"href":"https:\/\/universnews224.com\/index.php\/wp-json\/wp\/v2\/tags?post=1578"}],"curies":[{"name":"wp","href":"https:\/\/api.w.org\/{rel}","templated":true}]}}