{"id":1590,"date":"2022-07-08T22:44:52","date_gmt":"2022-07-08T21:44:52","guid":{"rendered":"https:\/\/universnews224.com\/?p=1590"},"modified":"2022-07-08T22:44:52","modified_gmt":"2022-07-08T21:44:52","slug":"urgent-alphonse-charles-wright-nomme-ministre-de-la-justice-garde-des-sceaux","status":"publish","type":"post","link":"https:\/\/universnews224.com\/index.php\/urgent-alphonse-charles-wright-nomme-ministre-de-la-justice-garde-des-sceaux\/","title":{"rendered":"Urgent: Alphonse Charles Wright nomm\u00e9 ministre de la justice, garde des sceaux."},"content":{"rendered":"<div dir=\"ltr\">Dans un d\u00e9cret rendu public ce vendredi, 08 juillet 2022 \u00e0 la t\u00e9l\u00e9vision nationale, le pr\u00e9sident de la transition, colonel Mamadi Doumbouya \u00a0a nomm\u00e9, Alphonse Charles Wright, pr\u00e9c\u00e9demment procureur g\u00e9n\u00e9ral pr\u00e8s de la cour d\u2019appel de Conakry, Alphonse, ministre de la justice et garde des sceaux.\u00a0Il remplace ainsi Mme Alain Kon\u00e9.<\/div>\n<div dir=\"ltr\"><\/div>\n<div dir=\"ltr\">Universnews224.com<\/div>\n","protected":false},"excerpt":{"rendered":"<p>Dans un d\u00e9cret rendu public ce vendredi, 08 juillet 2022 \u00e0 la t\u00e9l\u00e9vision nationale, le<\/p>\n","protected":false},"author":2,"featured_media":1403,"comment_status":"closed","ping_status":"open","sticky":false,"template":"","format":"standard","meta":[],"categories":[1],"tags":[229],"yoast_head":"<!-- This site is optimized with the Yoast SEO plugin v19.13 - https:\/\/yoast.com\/wordpress\/plugins\/seo\/ -->\n<title>Urgent: Alphonse Charles Wright nomm\u00e9 ministre de la justice, garde des sceaux. - UNIVERSNEWS224<\/title>\n<meta name=\"robots\" content=\"index, follow, max-snippet:-1, max-image-preview:large, max-video-preview:-1\" \/>\n<link rel=\"canonical\" href=\"https:\/\/universnews224.com\/index.php\/urgent-alphonse-charles-wright-nomme-ministre-de-la-justice-garde-des-sceaux\/\" \/>\n<meta property=\"og:locale\" content=\"fr_FR\" \/>\n<meta property=\"og:type\" content=\"article\" \/>\n<meta property=\"og:title\" content=\"Urgent: Alphonse Charles Wright nomm\u00e9 ministre de la justice, garde des sceaux. - UNIVERSNEWS224\" \/>\n<meta property=\"og:description\" content=\"Dans un d\u00e9cret rendu public ce vendredi, 08 juillet 2022 \u00e0 la t\u00e9l\u00e9vision nationale, le\" \/>\n<meta property=\"og:url\" content=\"https:\/\/universnews224.com\/index.php\/urgent-alphonse-charles-wright-nomme-ministre-de-la-justice-garde-des-sceaux\/\" \/>\n<meta property=\"og:site_name\" content=\"UNIVERSNEWS224\" \/>\n<meta property=\"article:published_time\" content=\"2022-07-08T21:44:52+00:00\" \/>\n<meta property=\"og:image\" content=\"https:\/\/universnews224.com\/wp-content\/uploads\/2022\/05\/7426BF73-F965-4470-BC31-0E43661F6730-scaled.jpeg\" \/>\n\t<meta property=\"og:image:width\" content=\"2560\" \/>\n\t<meta property=\"og:image:height\" content=\"1920\" \/>\n\t<meta property=\"og:image:type\" content=\"image\/jpeg\" \/>\n<meta name=\"author\" content=\"La R\u00e9daction\" \/>\n<meta name=\"twitter:label1\" content=\"\u00c9crit par\" \/>\n\t<meta name=\"twitter:data1\" content=\"La R\u00e9daction\" \/>\n\t<meta name=\"twitter:label2\" content=\"Dur\u00e9e de lecture estim\u00e9e\" \/>\n\t<meta name=\"twitter:data2\" content=\"1 minute\" \/>\n<script type=\"application\/ld+json\" class=\"yoast-schema-graph\">{\"@context\":\"https:\/\/schema.org\",\"@graph\":[{\"@type\":\"Article\",\"@id\":\"https:\/\/universnews224.com\/index.php\/urgent-alphonse-charles-wright-nomme-ministre-de-la-justice-garde-des-sceaux\/#article\",\"isPartOf\":{\"@id\":\"https:\/\/universnews224.com\/index.php\/urgent-alphonse-charles-wright-nomme-ministre-de-la-justice-garde-des-sceaux\/\"},\"author\":{\"name\":\"La R\u00e9daction\",\"@id\":\"https:\/\/universnews224.com\/#\/schema\/person\/a4b7d4f94a4716df60456a491260485e\"},\"headline\":\"Urgent: Alphonse Charles Wright nomm\u00e9 ministre de la justice, garde des sceaux.\",\"datePublished\":\"2022-07-08T21:44:52+00:00\",\"dateModified\":\"2022-07-08T21:44:52+00:00\",\"mainEntityOfPage\":{\"@id\":\"https:\/\/universnews224.com\/index.php\/urgent-alphonse-charles-wright-nomme-ministre-de-la-justice-garde-des-sceaux\/\"},\"wordCount\":73,\"publisher\":{\"@id\":\"https:\/\/universnews224.com\/#organization\"},\"keywords\":[\"La une\"],\"inLanguage\":\"fr-FR\"},{\"@type\":\"WebPage\",\"@id\":\"https:\/\/universnews224.com\/index.php\/urgent-alphonse-charles-wright-nomme-ministre-de-la-justice-garde-des-sceaux\/\",\"url\":\"https:\/\/universnews224.com\/index.php\/urgent-alphonse-charles-wright-nomme-ministre-de-la-justice-garde-des-sceaux\/\",\"name\":\"Urgent: Alphonse Charles Wright nomm\u00e9 ministre de la justice, garde des sceaux. - UNIVERSNEWS224\",\"isPartOf\":{\"@id\":\"https:\/\/universnews224.com\/#website\"},\"datePublished\":\"2022-07-08T21:44:52+00:00\",\"dateModified\":\"2022-07-08T21:44:52+00:00\",\"inLanguage\":\"fr-FR\",\"potentialAction\":[{\"@type\":\"ReadAction\",\"target\":[\"https:\/\/universnews224.com\/index.php\/urgent-alphonse-charles-wright-nomme-ministre-de-la-justice-garde-des-sceaux\/\"]}]},{\"@type\":\"WebSite\",\"@id\":\"https:\/\/universnews224.com\/#website\",\"url\":\"https:\/\/universnews224.com\/\",\"name\":\"UNIVERSNEWS224\",\"description\":\"\",\"publisher\":{\"@id\":\"https:\/\/universnews224.com\/#organization\"},\"potentialAction\":[{\"@type\":\"SearchAction\",\"target\":{\"@type\":\"EntryPoint\",\"urlTemplate\":\"https:\/\/universnews224.com\/?s={search_term_string}\"},\"query-input\":\"required name=search_term_string\"}],\"inLanguage\":\"fr-FR\"},{\"@type\":\"Organization\",\"@id\":\"https:\/\/universnews224.com\/#organization\",\"name\":\"UNIVERSNEWS224\",\"url\":\"https:\/\/universnews224.com\/\",\"logo\":{\"@type\":\"ImageObject\",\"inLanguage\":\"fr-FR\",\"@id\":\"https:\/\/universnews224.com\/#\/schema\/logo\/image\/\",\"url\":\"https:\/\/universnews224.com\/wp-content\/uploads\/2022\/08\/cropped-cropped-logoban.jpg\",\"contentUrl\":\"https:\/\/universnews224.com\/wp-content\/uploads\/2022\/08\/cropped-cropped-logoban.jpg\",\"width\":1080,\"height\":138,\"caption\":\"UNIVERSNEWS224\"},\"image\":{\"@id\":\"https:\/\/universnews224.com\/#\/schema\/logo\/image\/\"}},{\"@type\":\"Person\",\"@id\":\"https:\/\/universnews224.com\/#\/schema\/person\/a4b7d4f94a4716df60456a491260485e\",\"name\":\"La R\u00e9daction\",\"image\":{\"@type\":\"ImageObject\",\"inLanguage\":\"fr-FR\",\"@id\":\"https:\/\/universnews224.com\/#\/schema\/person\/image\/\",\"url\":\"https:\/\/secure.gravatar.com\/avatar\/edb90acc7752b23e1b3307ad36c14f0d?s=96&d=mm&r=g\",\"contentUrl\":\"https:\/\/secure.gravatar.com\/avatar\/edb90acc7752b23e1b3307ad36c14f0d?s=96&d=mm&r=g\",\"caption\":\"La R\u00e9daction\"},\"sameAs\":[\"https:\/\/universnews224.com\"],\"url\":\"https:\/\/universnews224.com\/index.php\/author\/m-camara\/\"}]}<\/script>\n<!-- \/ Yoast SEO plugin. -->","yoast_head_json":{"title":"Urgent: Alphonse Charles Wright nomm\u00e9 ministre de la justice, garde des sceaux. - UNIVERSNEWS224","robots":{"index":"index","follow":"follow","max-snippet":"max-snippet:-1","max-image-preview":"max-image-preview:large","max-video-preview":"max-video-preview:-1"},"canonical":"https:\/\/universnews224.com\/index.php\/urgent-alphonse-charles-wright-nomme-ministre-de-la-justice-garde-des-sceaux\/","og_locale":"fr_FR","og_type":"article","og_title":"Urgent: Alphonse Charles Wright nomm\u00e9 ministre de la justice, garde des sceaux. - UNIVERSNEWS224","og_description":"Dans un d\u00e9cret rendu public ce vendredi, 08 juillet 2022 \u00e0 la t\u00e9l\u00e9vision nationale, le","og_url":"https:\/\/universnews224.com\/index.php\/urgent-alphonse-charles-wright-nomme-ministre-de-la-justice-garde-des-sceaux\/","og_site_name":"UNIVERSNEWS224","article_published_time":"2022-07-08T21:44:52+00:00","og_image":[{"width":2560,"height":1920,"url":"https:\/\/universnews224.com\/wp-content\/uploads\/2022\/05\/7426BF73-F965-4470-BC31-0E43661F6730-scaled.jpeg","type":"image\/jpeg"}],"author":"La R\u00e9daction","twitter_misc":{"\u00c9crit par":"La R\u00e9daction","Dur\u00e9e de lecture estim\u00e9e":"1 minute"},"schema":{"@context":"https:\/\/schema.org","@graph":[{"@type":"Article","@id":"https:\/\/universnews224.com\/index.php\/urgent-alphonse-charles-wright-nomme-ministre-de-la-justice-garde-des-sceaux\/#article","isPartOf":{"@id":"https:\/\/universnews224.com\/index.php\/urgent-alphonse-charles-wright-nomme-ministre-de-la-justice-garde-des-sceaux\/"},"author":{"name":"La R\u00e9daction","@id":"https:\/\/universnews224.com\/#\/schema\/person\/a4b7d4f94a4716df60456a491260485e"},"headline":"Urgent: Alphonse Charles Wright nomm\u00e9 ministre de la justice, garde des sceaux.","datePublished":"2022-07-08T21:44:52+00:00","dateModified":"2022-07-08T21:44:52+00:00","mainEntityOfPage":{"@id":"https:\/\/universnews224.com\/index.php\/urgent-alphonse-charles-wright-nomme-ministre-de-la-justice-garde-des-sceaux\/"},"wordCount":73,"publisher":{"@id":"https:\/\/universnews224.com\/#organization"},"keywords":["La une"],"inLanguage":"fr-FR"},{"@type":"WebPage","@id":"https:\/\/universnews224.com\/index.php\/urgent-alphonse-charles-wright-nomme-ministre-de-la-justice-garde-des-sceaux\/","url":"https:\/\/universnews224.com\/index.php\/urgent-alphonse-charles-wright-nomme-ministre-de-la-justice-garde-des-sceaux\/","name":"Urgent: Alphonse Charles Wright nomm\u00e9 ministre de la justice, garde des sceaux. - UNIVERSNEWS224","isPartOf":{"@id":"https:\/\/universnews224.com\/#website"},"datePublished":"2022-07-08T21:44:52+00:00","dateModified":"2022-07-08T21:44:52+00:00","inLanguage":"fr-FR","potentialAction":[{"@type":"ReadAction","target":["https:\/\/universnews224.com\/index.php\/urgent-alphonse-charles-wright-nomme-ministre-de-la-justice-garde-des-sceaux\/"]}]},{"@type":"WebSite","@id":"https:\/\/universnews224.com\/#website","url":"https:\/\/universnews224.com\/","name":"UNIVERSNEWS224","description":"","publisher":{"@id":"https:\/\/universnews224.com\/#organization"},"potentialAction":[{"@type":"SearchAction","target":{"@type":"EntryPoint","urlTemplate":"https:\/\/universnews224.com\/?s={search_term_string}"},"query-input":"required name=search_term_string"}],"inLanguage":"fr-FR"},{"@type":"Organization","@id":"https:\/\/universnews224.com\/#organization","name":"UNIVERSNEWS224","url":"https:\/\/universnews224.com\/","logo":{"@type":"ImageObject","inLanguage":"fr-FR","@id":"https:\/\/universnews224.com\/#\/schema\/logo\/image\/","url":"https:\/\/universnews224.com\/wp-content\/uploads\/2022\/08\/cropped-cropped-logoban.jpg","contentUrl":"https:\/\/universnews224.com\/wp-content\/uploads\/2022\/08\/cropped-cropped-logoban.jpg","width":1080,"height":138,"caption":"UNIVERSNEWS224"},"image":{"@id":"https:\/\/universnews224.com\/#\/schema\/logo\/image\/"}},{"@type":"Person","@id":"https:\/\/universnews224.com\/#\/schema\/person\/a4b7d4f94a4716df60456a491260485e","name":"La R\u00e9daction","image":{"@type":"ImageObject","inLanguage":"fr-FR","@id":"https:\/\/universnews224.com\/#\/schema\/person\/image\/","url":"https:\/\/secure.gravatar.com\/avatar\/edb90acc7752b23e1b3307ad36c14f0d?s=96&d=mm&r=g","contentUrl":"https:\/\/secure.gravatar.com\/avatar\/edb90acc7752b23e1b3307ad36c14f0d?s=96&d=mm&r=g","caption":"La R\u00e9daction"},"sameAs":["https:\/\/universnews224.com"],"url":"https:\/\/universnews224.com\/index.php\/author\/m-camara\/"}]}},"_links":{"self":[{"href":"https:\/\/universnews224.com\/index.php\/wp-json\/wp\/v2\/posts\/1590"}],"collection":[{"href":"https:\/\/universnews224.com\/index.php\/wp-json\/wp\/v2\/posts"}],"about":[{"href":"https:\/\/universnews224.com\/index.php\/wp-json\/wp\/v2\/types\/post"}],"author":[{"embeddable":true,"href":"https:\/\/universnews224.com\/index.php\/wp-json\/wp\/v2\/users\/2"}],"replies":[{"embeddable":true,"href":"https:\/\/universnews224.com\/index.php\/wp-json\/wp\/v2\/comments?post=1590"}],"version-history":[{"count":1,"href":"https:\/\/universnews224.com\/index.php\/wp-json\/wp\/v2\/posts\/1590\/revisions"}],"predecessor-version":[{"id":1592,"href":"https:\/\/universnews224.com\/index.php\/wp-json\/wp\/v2\/posts\/1590\/revisions\/1592"}],"wp:featuredmedia":[{"embeddable":true,"href":"https:\/\/universnews224.com\/index.php\/wp-json\/wp\/v2\/media\/1403"}],"wp:attachment":[{"href":"https:\/\/universnews224.com\/index.php\/wp-json\/wp\/v2\/media?parent=1590"}],"wp:term":[{"taxonomy":"category","embeddable":true,"href":"https:\/\/universnews224.com\/index.php\/wp-json\/wp\/v2\/categories?post=1590"},{"taxonomy":"post_tag","embeddable":true,"href":"https:\/\/universnews224.com\/index.php\/wp-json\/wp\/v2\/tags?post=1590"}],"curies":[{"name":"wp","href":"https:\/\/api.w.org\/{rel}","templated":true}]}}