{"id":1612,"date":"2022-07-14T23:14:47","date_gmt":"2022-07-14T22:14:47","guid":{"rendered":"https:\/\/universnews224.com\/?p=1612"},"modified":"2022-07-14T23:14:47","modified_gmt":"2022-07-14T22:14:47","slug":"guineele-forum-inter-religieux-lance-a-conakry","status":"publish","type":"post","link":"https:\/\/universnews224.com\/index.php\/guineele-forum-inter-religieux-lance-a-conakry\/","title":{"rendered":"Guin\u00e9e:le forum inter-religieux lanc\u00e9 \u00e0 Conakry."},"content":{"rendered":"<div dir=\"ltr\">Dans le cadre du renforcement de la paix et de la coh\u00e9sion sociale en R\u00e9publique de Guin\u00e9e, le Conseil National de la Transition (CNT) \u00e0 travers la commission r\u00e9conciliation, justice et affaires religieuses, a organis\u00e9 ce jeudi, 14 juillet 2022 \u00e0 Conakry, \u00a0le Forum National Inter-religieux.<\/div>\n<div dir=\"ltr\">\n<div dir=\"ltr\">\n<div dir=\"ltr\">\n<p>La c\u00e9r\u00e9monie d\u2019ouverture a \u00e9t\u00e9 pr\u00e9sid\u00e9e par le pr\u00e9sident du CNT Dr Dansa Kourouma, en pr\u00e9sence de leaders religieux de confession musulmane et chr\u00e9tienne, des oul\u00e9mas venus du S\u00e9n\u00e9gal, Mali et du Maroc, pour ne citer que ceux-l\u00e0.<\/p>\n<p>Pendant deux jours, plus de deux cent leaders religieux venus de tout le pays font \u00e9changer autour des th\u00e9matiques li\u00e9es \u00e0 la paix \u00e0 la r\u00e9conciliation nationale en Guin\u00e9e. <a href=\"https:\/\/universnews224.com\/wp-content\/uploads\/2022\/07\/F925903E-18E9-44A5-8B41-ECBBAA4E689A.jpeg\"><img loading=\"lazy\" class=\"alignnone size-medium wp-image-1613\" src=\"https:\/\/universnews224.com\/wp-content\/uploads\/2022\/07\/F925903E-18E9-44A5-8B41-ECBBAA4E689A-300x200.jpeg\" alt=\"\" width=\"300\" height=\"200\" srcset=\"https:\/\/universnews224.com\/wp-content\/uploads\/2022\/07\/F925903E-18E9-44A5-8B41-ECBBAA4E689A-300x200.jpeg 300w, https:\/\/universnews224.com\/wp-content\/uploads\/2022\/07\/F925903E-18E9-44A5-8B41-ECBBAA4E689A-768x512.jpeg 768w, https:\/\/universnews224.com\/wp-content\/uploads\/2022\/07\/F925903E-18E9-44A5-8B41-ECBBAA4E689A.jpeg 960w\" sizes=\"(max-width: 300px) 100vw, 300px\" \/><\/a><\/p>\n<p>Dans son discours de circonstance, El Hadj Abdoul Karim Dioubat\u00e9, pr\u00e9sident de la commission r\u00e9conciliation, justice et affaires religieuses au CNT a rappel\u00e9 que l\u2019objectif de ce forum vise\u00a0\u00e0 rassembler les leaders religieux de toutes confessions afin de discuter sur les approches pouvant conduire \u00e0 une v\u00e9ritable r\u00e9conciliation nationale en Guin\u00e9e.<\/p>\n<p>De son c\u00f4t\u00e9, le pr\u00e9sident du conseil national de la transition, Dr Dansa Kourouma a laiss\u00e9 entendre que ce forum doit \u00eatre une occasion pour les Guin\u00e9ens se parler et de se donner les mains pour une v\u00e9ritable r\u00e9conciliation dans le pays. Il a ensuite appel\u00e9 les leaders religieux \u00e0 s\u2019impliquer chacun dans sa localit\u00e9 pour la promotion de la paix et l\u2019unit\u00e9 nationale, gage de tout d\u00e9veloppement.<\/p>\n<p><span style=\"color: #333333;font-family: Helvetica Neue, Helvetica, Roboto, Arial, sans-serif;font-size: medium\">Camara Mamadouba<\/span><\/p>\n<p>&nbsp;<\/p>\n<\/div>\n<\/div>\n<\/div>\n","protected":false},"excerpt":{"rendered":"<p>Dans le cadre du renforcement de la paix et de la coh\u00e9sion sociale en R\u00e9publique<\/p>\n","protected":false},"author":2,"featured_media":1614,"comment_status":"closed","ping_status":"open","sticky":false,"template":"","format":"standard","meta":[],"categories":[1],"tags":[231,229],"yoast_head":"<!-- This site is optimized with the Yoast SEO plugin v19.13 - https:\/\/yoast.com\/wordpress\/plugins\/seo\/ -->\n<title>Guin\u00e9e:le forum inter-religieux lanc\u00e9 \u00e0 Conakry. - UNIVERSNEWS224<\/title>\n<meta name=\"robots\" content=\"index, follow, max-snippet:-1, max-image-preview:large, max-video-preview:-1\" \/>\n<link rel=\"canonical\" href=\"https:\/\/universnews224.com\/index.php\/guineele-forum-inter-religieux-lance-a-conakry\/\" \/>\n<meta property=\"og:locale\" content=\"fr_FR\" \/>\n<meta property=\"og:type\" content=\"article\" \/>\n<meta property=\"og:title\" content=\"Guin\u00e9e:le forum inter-religieux lanc\u00e9 \u00e0 Conakry. - UNIVERSNEWS224\" \/>\n<meta property=\"og:description\" content=\"Dans le cadre du renforcement de la paix et de la coh\u00e9sion sociale en R\u00e9publique\" \/>\n<meta property=\"og:url\" content=\"https:\/\/universnews224.com\/index.php\/guineele-forum-inter-religieux-lance-a-conakry\/\" \/>\n<meta property=\"og:site_name\" content=\"UNIVERSNEWS224\" \/>\n<meta property=\"article:published_time\" content=\"2022-07-14T22:14:47+00:00\" \/>\n<meta property=\"og:image\" content=\"https:\/\/universnews224.com\/wp-content\/uploads\/2022\/07\/3D5661FD-0D59-4988-A161-C09FD92C7AD9.jpeg\" \/>\n\t<meta property=\"og:image:width\" content=\"960\" \/>\n\t<meta property=\"og:image:height\" content=\"640\" \/>\n\t<meta property=\"og:image:type\" content=\"image\/jpeg\" \/>\n<meta name=\"author\" content=\"La R\u00e9daction\" \/>\n<meta name=\"twitter:label1\" content=\"\u00c9crit par\" \/>\n\t<meta name=\"twitter:data1\" content=\"La R\u00e9daction\" \/>\n\t<meta name=\"twitter:label2\" content=\"Dur\u00e9e de lecture estim\u00e9e\" \/>\n\t<meta name=\"twitter:data2\" content=\"2 minutes\" \/>\n<script type=\"application\/ld+json\" class=\"yoast-schema-graph\">{\"@context\":\"https:\/\/schema.org\",\"@graph\":[{\"@type\":\"Article\",\"@id\":\"https:\/\/universnews224.com\/index.php\/guineele-forum-inter-religieux-lance-a-conakry\/#article\",\"isPartOf\":{\"@id\":\"https:\/\/universnews224.com\/index.php\/guineele-forum-inter-religieux-lance-a-conakry\/\"},\"author\":{\"name\":\"La R\u00e9daction\",\"@id\":\"https:\/\/universnews224.com\/#\/schema\/person\/a4b7d4f94a4716df60456a491260485e\"},\"headline\":\"Guin\u00e9e:le forum inter-religieux lanc\u00e9 \u00e0 Conakry.\",\"datePublished\":\"2022-07-14T22:14:47+00:00\",\"dateModified\":\"2022-07-14T22:14:47+00:00\",\"mainEntityOfPage\":{\"@id\":\"https:\/\/universnews224.com\/index.php\/guineele-forum-inter-religieux-lance-a-conakry\/\"},\"wordCount\":267,\"publisher\":{\"@id\":\"https:\/\/universnews224.com\/#organization\"},\"keywords\":[\"d\u00e9cision\",\"La une\"],\"inLanguage\":\"fr-FR\"},{\"@type\":\"WebPage\",\"@id\":\"https:\/\/universnews224.com\/index.php\/guineele-forum-inter-religieux-lance-a-conakry\/\",\"url\":\"https:\/\/universnews224.com\/index.php\/guineele-forum-inter-religieux-lance-a-conakry\/\",\"name\":\"Guin\u00e9e:le forum inter-religieux lanc\u00e9 \u00e0 Conakry. - UNIVERSNEWS224\",\"isPartOf\":{\"@id\":\"https:\/\/universnews224.com\/#website\"},\"datePublished\":\"2022-07-14T22:14:47+00:00\",\"dateModified\":\"2022-07-14T22:14:47+00:00\",\"inLanguage\":\"fr-FR\",\"potentialAction\":[{\"@type\":\"ReadAction\",\"target\":[\"https:\/\/universnews224.com\/index.php\/guineele-forum-inter-religieux-lance-a-conakry\/\"]}]},{\"@type\":\"WebSite\",\"@id\":\"https:\/\/universnews224.com\/#website\",\"url\":\"https:\/\/universnews224.com\/\",\"name\":\"UNIVERSNEWS224\",\"description\":\"\",\"publisher\":{\"@id\":\"https:\/\/universnews224.com\/#organization\"},\"potentialAction\":[{\"@type\":\"SearchAction\",\"target\":{\"@type\":\"EntryPoint\",\"urlTemplate\":\"https:\/\/universnews224.com\/?s={search_term_string}\"},\"query-input\":\"required name=search_term_string\"}],\"inLanguage\":\"fr-FR\"},{\"@type\":\"Organization\",\"@id\":\"https:\/\/universnews224.com\/#organization\",\"name\":\"UNIVERSNEWS224\",\"url\":\"https:\/\/universnews224.com\/\",\"logo\":{\"@type\":\"ImageObject\",\"inLanguage\":\"fr-FR\",\"@id\":\"https:\/\/universnews224.com\/#\/schema\/logo\/image\/\",\"url\":\"https:\/\/universnews224.com\/wp-content\/uploads\/2022\/08\/cropped-cropped-logoban.jpg\",\"contentUrl\":\"https:\/\/universnews224.com\/wp-content\/uploads\/2022\/08\/cropped-cropped-logoban.jpg\",\"width\":1080,\"height\":138,\"caption\":\"UNIVERSNEWS224\"},\"image\":{\"@id\":\"https:\/\/universnews224.com\/#\/schema\/logo\/image\/\"}},{\"@type\":\"Person\",\"@id\":\"https:\/\/universnews224.com\/#\/schema\/person\/a4b7d4f94a4716df60456a491260485e\",\"name\":\"La R\u00e9daction\",\"image\":{\"@type\":\"ImageObject\",\"inLanguage\":\"fr-FR\",\"@id\":\"https:\/\/universnews224.com\/#\/schema\/person\/image\/\",\"url\":\"https:\/\/secure.gravatar.com\/avatar\/edb90acc7752b23e1b3307ad36c14f0d?s=96&d=mm&r=g\",\"contentUrl\":\"https:\/\/secure.gravatar.com\/avatar\/edb90acc7752b23e1b3307ad36c14f0d?s=96&d=mm&r=g\",\"caption\":\"La R\u00e9daction\"},\"sameAs\":[\"https:\/\/universnews224.com\"],\"url\":\"https:\/\/universnews224.com\/index.php\/author\/m-camara\/\"}]}<\/script>\n<!-- \/ Yoast SEO plugin. -->","yoast_head_json":{"title":"Guin\u00e9e:le forum inter-religieux lanc\u00e9 \u00e0 Conakry. - UNIVERSNEWS224","robots":{"index":"index","follow":"follow","max-snippet":"max-snippet:-1","max-image-preview":"max-image-preview:large","max-video-preview":"max-video-preview:-1"},"canonical":"https:\/\/universnews224.com\/index.php\/guineele-forum-inter-religieux-lance-a-conakry\/","og_locale":"fr_FR","og_type":"article","og_title":"Guin\u00e9e:le forum inter-religieux lanc\u00e9 \u00e0 Conakry. - UNIVERSNEWS224","og_description":"Dans le cadre du renforcement de la paix et de la coh\u00e9sion sociale en R\u00e9publique","og_url":"https:\/\/universnews224.com\/index.php\/guineele-forum-inter-religieux-lance-a-conakry\/","og_site_name":"UNIVERSNEWS224","article_published_time":"2022-07-14T22:14:47+00:00","og_image":[{"width":960,"height":640,"url":"https:\/\/universnews224.com\/wp-content\/uploads\/2022\/07\/3D5661FD-0D59-4988-A161-C09FD92C7AD9.jpeg","type":"image\/jpeg"}],"author":"La R\u00e9daction","twitter_misc":{"\u00c9crit par":"La R\u00e9daction","Dur\u00e9e de lecture estim\u00e9e":"2 minutes"},"schema":{"@context":"https:\/\/schema.org","@graph":[{"@type":"Article","@id":"https:\/\/universnews224.com\/index.php\/guineele-forum-inter-religieux-lance-a-conakry\/#article","isPartOf":{"@id":"https:\/\/universnews224.com\/index.php\/guineele-forum-inter-religieux-lance-a-conakry\/"},"author":{"name":"La R\u00e9daction","@id":"https:\/\/universnews224.com\/#\/schema\/person\/a4b7d4f94a4716df60456a491260485e"},"headline":"Guin\u00e9e:le forum inter-religieux lanc\u00e9 \u00e0 Conakry.","datePublished":"2022-07-14T22:14:47+00:00","dateModified":"2022-07-14T22:14:47+00:00","mainEntityOfPage":{"@id":"https:\/\/universnews224.com\/index.php\/guineele-forum-inter-religieux-lance-a-conakry\/"},"wordCount":267,"publisher":{"@id":"https:\/\/universnews224.com\/#organization"},"keywords":["d\u00e9cision","La une"],"inLanguage":"fr-FR"},{"@type":"WebPage","@id":"https:\/\/universnews224.com\/index.php\/guineele-forum-inter-religieux-lance-a-conakry\/","url":"https:\/\/universnews224.com\/index.php\/guineele-forum-inter-religieux-lance-a-conakry\/","name":"Guin\u00e9e:le forum inter-religieux lanc\u00e9 \u00e0 Conakry. - UNIVERSNEWS224","isPartOf":{"@id":"https:\/\/universnews224.com\/#website"},"datePublished":"2022-07-14T22:14:47+00:00","dateModified":"2022-07-14T22:14:47+00:00","inLanguage":"fr-FR","potentialAction":[{"@type":"ReadAction","target":["https:\/\/universnews224.com\/index.php\/guineele-forum-inter-religieux-lance-a-conakry\/"]}]},{"@type":"WebSite","@id":"https:\/\/universnews224.com\/#website","url":"https:\/\/universnews224.com\/","name":"UNIVERSNEWS224","description":"","publisher":{"@id":"https:\/\/universnews224.com\/#organization"},"potentialAction":[{"@type":"SearchAction","target":{"@type":"EntryPoint","urlTemplate":"https:\/\/universnews224.com\/?s={search_term_string}"},"query-input":"required name=search_term_string"}],"inLanguage":"fr-FR"},{"@type":"Organization","@id":"https:\/\/universnews224.com\/#organization","name":"UNIVERSNEWS224","url":"https:\/\/universnews224.com\/","logo":{"@type":"ImageObject","inLanguage":"fr-FR","@id":"https:\/\/universnews224.com\/#\/schema\/logo\/image\/","url":"https:\/\/universnews224.com\/wp-content\/uploads\/2022\/08\/cropped-cropped-logoban.jpg","contentUrl":"https:\/\/universnews224.com\/wp-content\/uploads\/2022\/08\/cropped-cropped-logoban.jpg","width":1080,"height":138,"caption":"UNIVERSNEWS224"},"image":{"@id":"https:\/\/universnews224.com\/#\/schema\/logo\/image\/"}},{"@type":"Person","@id":"https:\/\/universnews224.com\/#\/schema\/person\/a4b7d4f94a4716df60456a491260485e","name":"La R\u00e9daction","image":{"@type":"ImageObject","inLanguage":"fr-FR","@id":"https:\/\/universnews224.com\/#\/schema\/person\/image\/","url":"https:\/\/secure.gravatar.com\/avatar\/edb90acc7752b23e1b3307ad36c14f0d?s=96&d=mm&r=g","contentUrl":"https:\/\/secure.gravatar.com\/avatar\/edb90acc7752b23e1b3307ad36c14f0d?s=96&d=mm&r=g","caption":"La R\u00e9daction"},"sameAs":["https:\/\/universnews224.com"],"url":"https:\/\/universnews224.com\/index.php\/author\/m-camara\/"}]}},"_links":{"self":[{"href":"https:\/\/universnews224.com\/index.php\/wp-json\/wp\/v2\/posts\/1612"}],"collection":[{"href":"https:\/\/universnews224.com\/index.php\/wp-json\/wp\/v2\/posts"}],"about":[{"href":"https:\/\/universnews224.com\/index.php\/wp-json\/wp\/v2\/types\/post"}],"author":[{"embeddable":true,"href":"https:\/\/universnews224.com\/index.php\/wp-json\/wp\/v2\/users\/2"}],"replies":[{"embeddable":true,"href":"https:\/\/universnews224.com\/index.php\/wp-json\/wp\/v2\/comments?post=1612"}],"version-history":[{"count":1,"href":"https:\/\/universnews224.com\/index.php\/wp-json\/wp\/v2\/posts\/1612\/revisions"}],"predecessor-version":[{"id":1615,"href":"https:\/\/universnews224.com\/index.php\/wp-json\/wp\/v2\/posts\/1612\/revisions\/1615"}],"wp:featuredmedia":[{"embeddable":true,"href":"https:\/\/universnews224.com\/index.php\/wp-json\/wp\/v2\/media\/1614"}],"wp:attachment":[{"href":"https:\/\/universnews224.com\/index.php\/wp-json\/wp\/v2\/media?parent=1612"}],"wp:term":[{"taxonomy":"category","embeddable":true,"href":"https:\/\/universnews224.com\/index.php\/wp-json\/wp\/v2\/categories?post=1612"},{"taxonomy":"post_tag","embeddable":true,"href":"https:\/\/universnews224.com\/index.php\/wp-json\/wp\/v2\/tags?post=1612"}],"curies":[{"name":"wp","href":"https:\/\/api.w.org\/{rel}","templated":true}]}}