{"id":1625,"date":"2022-07-16T22:21:08","date_gmt":"2022-07-16T21:21:08","guid":{"rendered":"https:\/\/universnews224.com\/?p=1625"},"modified":"2022-07-16T22:21:08","modified_gmt":"2022-07-16T21:21:08","slug":"urgent-dr-bernard-goumou-nomme-premier-ministre-par-interim","status":"publish","type":"post","link":"https:\/\/universnews224.com\/index.php\/urgent-dr-bernard-goumou-nomme-premier-ministre-par-interim\/","title":{"rendered":"Urgent: Dr Bernard Goumou nomm\u00e9 premier ministre par int\u00e9rim."},"content":{"rendered":"<div>Dans un d\u00e9cret lu \u00e0 la t\u00e9l\u00e9vision nationale ce samedi, 16 juillet 2022, le pr\u00e9sident de la transition, le colonel Mamadi Doumbouya a nomm\u00e9, Dr \u00a0Bernard Gomou \u00a0premier ministre par int\u00e9rim.<\/p>\n<div>\nIl va donc, assurer cette fonction du premier ministre par int\u00e9rim cumulativement \u00e0 celle de sa fonction du ministre du Commerce, de l\u2019Industrie et PME pendant l\u2019absence du premier ministre, Mohamed B\u00e9avogui.<\/div>\n<div><\/div>\n<\/div>\n","protected":false},"excerpt":{"rendered":"<p>Dans un d\u00e9cret lu \u00e0 la t\u00e9l\u00e9vision nationale ce samedi, 16 juillet 2022, le pr\u00e9sident<\/p>\n","protected":false},"author":2,"featured_media":1626,"comment_status":"closed","ping_status":"open","sticky":false,"template":"","format":"standard","meta":[],"categories":[1],"tags":[229],"yoast_head":"<!-- This site is optimized with the Yoast SEO plugin v19.13 - https:\/\/yoast.com\/wordpress\/plugins\/seo\/ -->\n<title>Urgent: Dr Bernard Goumou nomm\u00e9 premier ministre par int\u00e9rim. - UNIVERSNEWS224<\/title>\n<meta name=\"robots\" content=\"index, follow, max-snippet:-1, max-image-preview:large, max-video-preview:-1\" \/>\n<link rel=\"canonical\" href=\"https:\/\/universnews224.com\/index.php\/urgent-dr-bernard-goumou-nomme-premier-ministre-par-interim\/\" \/>\n<meta property=\"og:locale\" content=\"fr_FR\" \/>\n<meta property=\"og:type\" content=\"article\" \/>\n<meta property=\"og:title\" content=\"Urgent: Dr Bernard Goumou nomm\u00e9 premier ministre par int\u00e9rim. - UNIVERSNEWS224\" \/>\n<meta property=\"og:description\" content=\"Dans un d\u00e9cret lu \u00e0 la t\u00e9l\u00e9vision nationale ce samedi, 16 juillet 2022, le pr\u00e9sident\" \/>\n<meta property=\"og:url\" content=\"https:\/\/universnews224.com\/index.php\/urgent-dr-bernard-goumou-nomme-premier-ministre-par-interim\/\" \/>\n<meta property=\"og:site_name\" content=\"UNIVERSNEWS224\" \/>\n<meta property=\"article:published_time\" content=\"2022-07-16T21:21:08+00:00\" \/>\n<meta property=\"og:image\" content=\"https:\/\/universnews224.com\/wp-content\/uploads\/2022\/07\/26069D52-5685-4AEC-B1BA-F27D33613730.jpeg\" \/>\n\t<meta property=\"og:image:width\" content=\"715\" \/>\n\t<meta property=\"og:image:height\" content=\"477\" \/>\n\t<meta property=\"og:image:type\" content=\"image\/jpeg\" \/>\n<meta name=\"author\" content=\"La R\u00e9daction\" \/>\n<meta name=\"twitter:label1\" content=\"\u00c9crit par\" \/>\n\t<meta name=\"twitter:data1\" content=\"La R\u00e9daction\" \/>\n\t<meta name=\"twitter:label2\" content=\"Dur\u00e9e de lecture estim\u00e9e\" \/>\n\t<meta name=\"twitter:data2\" content=\"1 minute\" \/>\n<script type=\"application\/ld+json\" class=\"yoast-schema-graph\">{\"@context\":\"https:\/\/schema.org\",\"@graph\":[{\"@type\":\"Article\",\"@id\":\"https:\/\/universnews224.com\/index.php\/urgent-dr-bernard-goumou-nomme-premier-ministre-par-interim\/#article\",\"isPartOf\":{\"@id\":\"https:\/\/universnews224.com\/index.php\/urgent-dr-bernard-goumou-nomme-premier-ministre-par-interim\/\"},\"author\":{\"name\":\"La R\u00e9daction\",\"@id\":\"https:\/\/universnews224.com\/#\/schema\/person\/a4b7d4f94a4716df60456a491260485e\"},\"headline\":\"Urgent: Dr Bernard Goumou nomm\u00e9 premier ministre par int\u00e9rim.\",\"datePublished\":\"2022-07-16T21:21:08+00:00\",\"dateModified\":\"2022-07-16T21:21:08+00:00\",\"mainEntityOfPage\":{\"@id\":\"https:\/\/universnews224.com\/index.php\/urgent-dr-bernard-goumou-nomme-premier-ministre-par-interim\/\"},\"wordCount\":78,\"publisher\":{\"@id\":\"https:\/\/universnews224.com\/#organization\"},\"keywords\":[\"La une\"],\"inLanguage\":\"fr-FR\"},{\"@type\":\"WebPage\",\"@id\":\"https:\/\/universnews224.com\/index.php\/urgent-dr-bernard-goumou-nomme-premier-ministre-par-interim\/\",\"url\":\"https:\/\/universnews224.com\/index.php\/urgent-dr-bernard-goumou-nomme-premier-ministre-par-interim\/\",\"name\":\"Urgent: Dr Bernard Goumou nomm\u00e9 premier ministre par int\u00e9rim. - UNIVERSNEWS224\",\"isPartOf\":{\"@id\":\"https:\/\/universnews224.com\/#website\"},\"datePublished\":\"2022-07-16T21:21:08+00:00\",\"dateModified\":\"2022-07-16T21:21:08+00:00\",\"inLanguage\":\"fr-FR\",\"potentialAction\":[{\"@type\":\"ReadAction\",\"target\":[\"https:\/\/universnews224.com\/index.php\/urgent-dr-bernard-goumou-nomme-premier-ministre-par-interim\/\"]}]},{\"@type\":\"WebSite\",\"@id\":\"https:\/\/universnews224.com\/#website\",\"url\":\"https:\/\/universnews224.com\/\",\"name\":\"UNIVERSNEWS224\",\"description\":\"\",\"publisher\":{\"@id\":\"https:\/\/universnews224.com\/#organization\"},\"potentialAction\":[{\"@type\":\"SearchAction\",\"target\":{\"@type\":\"EntryPoint\",\"urlTemplate\":\"https:\/\/universnews224.com\/?s={search_term_string}\"},\"query-input\":\"required name=search_term_string\"}],\"inLanguage\":\"fr-FR\"},{\"@type\":\"Organization\",\"@id\":\"https:\/\/universnews224.com\/#organization\",\"name\":\"UNIVERSNEWS224\",\"url\":\"https:\/\/universnews224.com\/\",\"logo\":{\"@type\":\"ImageObject\",\"inLanguage\":\"fr-FR\",\"@id\":\"https:\/\/universnews224.com\/#\/schema\/logo\/image\/\",\"url\":\"https:\/\/universnews224.com\/wp-content\/uploads\/2022\/08\/cropped-cropped-logoban.jpg\",\"contentUrl\":\"https:\/\/universnews224.com\/wp-content\/uploads\/2022\/08\/cropped-cropped-logoban.jpg\",\"width\":1080,\"height\":138,\"caption\":\"UNIVERSNEWS224\"},\"image\":{\"@id\":\"https:\/\/universnews224.com\/#\/schema\/logo\/image\/\"}},{\"@type\":\"Person\",\"@id\":\"https:\/\/universnews224.com\/#\/schema\/person\/a4b7d4f94a4716df60456a491260485e\",\"name\":\"La R\u00e9daction\",\"image\":{\"@type\":\"ImageObject\",\"inLanguage\":\"fr-FR\",\"@id\":\"https:\/\/universnews224.com\/#\/schema\/person\/image\/\",\"url\":\"https:\/\/secure.gravatar.com\/avatar\/edb90acc7752b23e1b3307ad36c14f0d?s=96&d=mm&r=g\",\"contentUrl\":\"https:\/\/secure.gravatar.com\/avatar\/edb90acc7752b23e1b3307ad36c14f0d?s=96&d=mm&r=g\",\"caption\":\"La R\u00e9daction\"},\"sameAs\":[\"https:\/\/universnews224.com\"],\"url\":\"https:\/\/universnews224.com\/index.php\/author\/m-camara\/\"}]}<\/script>\n<!-- \/ Yoast SEO plugin. -->","yoast_head_json":{"title":"Urgent: Dr Bernard Goumou nomm\u00e9 premier ministre par int\u00e9rim. - UNIVERSNEWS224","robots":{"index":"index","follow":"follow","max-snippet":"max-snippet:-1","max-image-preview":"max-image-preview:large","max-video-preview":"max-video-preview:-1"},"canonical":"https:\/\/universnews224.com\/index.php\/urgent-dr-bernard-goumou-nomme-premier-ministre-par-interim\/","og_locale":"fr_FR","og_type":"article","og_title":"Urgent: Dr Bernard Goumou nomm\u00e9 premier ministre par int\u00e9rim. - UNIVERSNEWS224","og_description":"Dans un d\u00e9cret lu \u00e0 la t\u00e9l\u00e9vision nationale ce samedi, 16 juillet 2022, le pr\u00e9sident","og_url":"https:\/\/universnews224.com\/index.php\/urgent-dr-bernard-goumou-nomme-premier-ministre-par-interim\/","og_site_name":"UNIVERSNEWS224","article_published_time":"2022-07-16T21:21:08+00:00","og_image":[{"width":715,"height":477,"url":"https:\/\/universnews224.com\/wp-content\/uploads\/2022\/07\/26069D52-5685-4AEC-B1BA-F27D33613730.jpeg","type":"image\/jpeg"}],"author":"La R\u00e9daction","twitter_misc":{"\u00c9crit par":"La R\u00e9daction","Dur\u00e9e de lecture estim\u00e9e":"1 minute"},"schema":{"@context":"https:\/\/schema.org","@graph":[{"@type":"Article","@id":"https:\/\/universnews224.com\/index.php\/urgent-dr-bernard-goumou-nomme-premier-ministre-par-interim\/#article","isPartOf":{"@id":"https:\/\/universnews224.com\/index.php\/urgent-dr-bernard-goumou-nomme-premier-ministre-par-interim\/"},"author":{"name":"La R\u00e9daction","@id":"https:\/\/universnews224.com\/#\/schema\/person\/a4b7d4f94a4716df60456a491260485e"},"headline":"Urgent: Dr Bernard Goumou nomm\u00e9 premier ministre par int\u00e9rim.","datePublished":"2022-07-16T21:21:08+00:00","dateModified":"2022-07-16T21:21:08+00:00","mainEntityOfPage":{"@id":"https:\/\/universnews224.com\/index.php\/urgent-dr-bernard-goumou-nomme-premier-ministre-par-interim\/"},"wordCount":78,"publisher":{"@id":"https:\/\/universnews224.com\/#organization"},"keywords":["La une"],"inLanguage":"fr-FR"},{"@type":"WebPage","@id":"https:\/\/universnews224.com\/index.php\/urgent-dr-bernard-goumou-nomme-premier-ministre-par-interim\/","url":"https:\/\/universnews224.com\/index.php\/urgent-dr-bernard-goumou-nomme-premier-ministre-par-interim\/","name":"Urgent: Dr Bernard Goumou nomm\u00e9 premier ministre par int\u00e9rim. - UNIVERSNEWS224","isPartOf":{"@id":"https:\/\/universnews224.com\/#website"},"datePublished":"2022-07-16T21:21:08+00:00","dateModified":"2022-07-16T21:21:08+00:00","inLanguage":"fr-FR","potentialAction":[{"@type":"ReadAction","target":["https:\/\/universnews224.com\/index.php\/urgent-dr-bernard-goumou-nomme-premier-ministre-par-interim\/"]}]},{"@type":"WebSite","@id":"https:\/\/universnews224.com\/#website","url":"https:\/\/universnews224.com\/","name":"UNIVERSNEWS224","description":"","publisher":{"@id":"https:\/\/universnews224.com\/#organization"},"potentialAction":[{"@type":"SearchAction","target":{"@type":"EntryPoint","urlTemplate":"https:\/\/universnews224.com\/?s={search_term_string}"},"query-input":"required name=search_term_string"}],"inLanguage":"fr-FR"},{"@type":"Organization","@id":"https:\/\/universnews224.com\/#organization","name":"UNIVERSNEWS224","url":"https:\/\/universnews224.com\/","logo":{"@type":"ImageObject","inLanguage":"fr-FR","@id":"https:\/\/universnews224.com\/#\/schema\/logo\/image\/","url":"https:\/\/universnews224.com\/wp-content\/uploads\/2022\/08\/cropped-cropped-logoban.jpg","contentUrl":"https:\/\/universnews224.com\/wp-content\/uploads\/2022\/08\/cropped-cropped-logoban.jpg","width":1080,"height":138,"caption":"UNIVERSNEWS224"},"image":{"@id":"https:\/\/universnews224.com\/#\/schema\/logo\/image\/"}},{"@type":"Person","@id":"https:\/\/universnews224.com\/#\/schema\/person\/a4b7d4f94a4716df60456a491260485e","name":"La R\u00e9daction","image":{"@type":"ImageObject","inLanguage":"fr-FR","@id":"https:\/\/universnews224.com\/#\/schema\/person\/image\/","url":"https:\/\/secure.gravatar.com\/avatar\/edb90acc7752b23e1b3307ad36c14f0d?s=96&d=mm&r=g","contentUrl":"https:\/\/secure.gravatar.com\/avatar\/edb90acc7752b23e1b3307ad36c14f0d?s=96&d=mm&r=g","caption":"La R\u00e9daction"},"sameAs":["https:\/\/universnews224.com"],"url":"https:\/\/universnews224.com\/index.php\/author\/m-camara\/"}]}},"_links":{"self":[{"href":"https:\/\/universnews224.com\/index.php\/wp-json\/wp\/v2\/posts\/1625"}],"collection":[{"href":"https:\/\/universnews224.com\/index.php\/wp-json\/wp\/v2\/posts"}],"about":[{"href":"https:\/\/universnews224.com\/index.php\/wp-json\/wp\/v2\/types\/post"}],"author":[{"embeddable":true,"href":"https:\/\/universnews224.com\/index.php\/wp-json\/wp\/v2\/users\/2"}],"replies":[{"embeddable":true,"href":"https:\/\/universnews224.com\/index.php\/wp-json\/wp\/v2\/comments?post=1625"}],"version-history":[{"count":1,"href":"https:\/\/universnews224.com\/index.php\/wp-json\/wp\/v2\/posts\/1625\/revisions"}],"predecessor-version":[{"id":1627,"href":"https:\/\/universnews224.com\/index.php\/wp-json\/wp\/v2\/posts\/1625\/revisions\/1627"}],"wp:featuredmedia":[{"embeddable":true,"href":"https:\/\/universnews224.com\/index.php\/wp-json\/wp\/v2\/media\/1626"}],"wp:attachment":[{"href":"https:\/\/universnews224.com\/index.php\/wp-json\/wp\/v2\/media?parent=1625"}],"wp:term":[{"taxonomy":"category","embeddable":true,"href":"https:\/\/universnews224.com\/index.php\/wp-json\/wp\/v2\/categories?post=1625"},{"taxonomy":"post_tag","embeddable":true,"href":"https:\/\/universnews224.com\/index.php\/wp-json\/wp\/v2\/tags?post=1625"}],"curies":[{"name":"wp","href":"https:\/\/api.w.org\/{rel}","templated":true}]}}