{"id":1651,"date":"2022-07-21T10:18:14","date_gmt":"2022-07-21T09:18:14","guid":{"rendered":"https:\/\/universnews224.com\/?p=1651"},"modified":"2022-07-21T10:18:14","modified_gmt":"2022-07-21T09:18:14","slug":"le-ministre-de-la-sante-annonce-la-construction-dun-hopital-flambant-neuf-en-lieu-et-de-lhopital-ignace-deen","status":"publish","type":"post","link":"https:\/\/universnews224.com\/index.php\/le-ministre-de-la-sante-annonce-la-construction-dun-hopital-flambant-neuf-en-lieu-et-de-lhopital-ignace-deen\/","title":{"rendered":"Le ministre de la Sant\u00e9 annonce la construction d\u2019un h\u00f4pital flambant neuf en lieu et de l\u2019h\u00f4pital Ignace Deen."},"content":{"rendered":"<p>Apr\u00e8s la r\u00e9vocation et l\u2019\u00e9quipement de l\u2019h\u00f4pital national de Donka qui sera tr\u00e8s bient\u00f4t op\u00e9rationnel, le ministre de la Sant\u00e9 et de l\u2019Hygi\u00e8ne publique, Mamadou P\u00e8th\u00e8 Diallo, a annonc\u00e9 ce mercredi, 20 juillet 2022 lors de son passage dans l\u2019\u00e9mission \u00abMirador\u00bb, la construction d\u2019un h\u00f4pital flambant neuf en lieu de de l\u2019h\u00f4pital Ignace Deen.<\/p>\n<p>\u201c(\u2026) Une fois que Donka est ouvert, nous allons nous appesantir sur le projet \u00abIgance Deen\u00bb parce que l\u00e0-bas, ce n\u2019est pas une r\u00e9novation,c\u2019est une construction. Nous allons construire des nouveaux b\u00e2timents. Si vous souhaitez voir l\u2019h\u00f4pital Ignace Deen tel qu\u2019il est avant qu\u2019on le casse, allez prendre des photos parce que vous ne verrez plus que dans le mus\u00e9e. \u00c7a sera un h\u00f4pital de 21\u00e8me qui va \u00eatre h\u00e9riss\u00e9 sur le site, une fois qu\u2019on l\u2019aura fait\u00a0\u00bba t-il dit.<\/p>\n<p>\u00c0 la question de savoir: si le gouvernement va t-il achever de la construction de cet h\u00f4tel avant la fin de la transition, le ministre Guin\u00e9en en charge de la Sant\u00e9 et de l\u2019Hygi\u00e8ne publique r\u00e9pond.<\/p>\n<p>\u201cL\u2019action gouvernementale, c\u2019est la continuit\u00e9. Nous, notre ambition, c\u2019est de poser des jalons qui sont s\u00e9rieux et que le gouvernement suivant qui sera choisi par le peuple viendra continuer\u00a0\u00bb.<\/p>\n<p>Camara Mamadouba<br \/>\n611 46 04 10<\/p>\n","protected":false},"excerpt":{"rendered":"<p>Apr\u00e8s la r\u00e9vocation et l\u2019\u00e9quipement de l\u2019h\u00f4pital national de Donka qui sera tr\u00e8s bient\u00f4t op\u00e9rationnel,<\/p>\n","protected":false},"author":2,"featured_media":1652,"comment_status":"closed","ping_status":"open","sticky":false,"template":"","format":"standard","meta":[],"categories":[1],"tags":[229],"yoast_head":"<!-- This site is optimized with the Yoast SEO plugin v19.13 - https:\/\/yoast.com\/wordpress\/plugins\/seo\/ -->\n<title>Le ministre de la Sant\u00e9 annonce la construction d\u2019un h\u00f4pital flambant neuf en lieu et de l\u2019h\u00f4pital Ignace Deen. - UNIVERSNEWS224<\/title>\n<meta name=\"robots\" content=\"index, follow, max-snippet:-1, max-image-preview:large, max-video-preview:-1\" \/>\n<link rel=\"canonical\" href=\"https:\/\/universnews224.com\/index.php\/le-ministre-de-la-sante-annonce-la-construction-dun-hopital-flambant-neuf-en-lieu-et-de-lhopital-ignace-deen\/\" \/>\n<meta property=\"og:locale\" content=\"fr_FR\" \/>\n<meta property=\"og:type\" content=\"article\" \/>\n<meta property=\"og:title\" content=\"Le ministre de la Sant\u00e9 annonce la construction d\u2019un h\u00f4pital flambant neuf en lieu et de l\u2019h\u00f4pital Ignace Deen. - UNIVERSNEWS224\" \/>\n<meta property=\"og:description\" content=\"Apr\u00e8s la r\u00e9vocation et l\u2019\u00e9quipement de l\u2019h\u00f4pital national de Donka qui sera tr\u00e8s bient\u00f4t op\u00e9rationnel,\" \/>\n<meta property=\"og:url\" content=\"https:\/\/universnews224.com\/index.php\/le-ministre-de-la-sante-annonce-la-construction-dun-hopital-flambant-neuf-en-lieu-et-de-lhopital-ignace-deen\/\" \/>\n<meta property=\"og:site_name\" content=\"UNIVERSNEWS224\" \/>\n<meta property=\"article:published_time\" content=\"2022-07-21T09:18:14+00:00\" \/>\n<meta property=\"og:image\" content=\"https:\/\/universnews224.com\/wp-content\/uploads\/2022\/07\/17BABA54-6B7F-4448-BF96-E7F9AC223447.jpeg\" \/>\n\t<meta property=\"og:image:width\" content=\"574\" \/>\n\t<meta property=\"og:image:height\" content=\"446\" \/>\n\t<meta property=\"og:image:type\" content=\"image\/jpeg\" \/>\n<meta name=\"author\" content=\"La R\u00e9daction\" \/>\n<meta name=\"twitter:label1\" content=\"\u00c9crit par\" \/>\n\t<meta name=\"twitter:data1\" content=\"La R\u00e9daction\" \/>\n\t<meta name=\"twitter:label2\" content=\"Dur\u00e9e de lecture estim\u00e9e\" \/>\n\t<meta name=\"twitter:data2\" content=\"2 minutes\" \/>\n<script type=\"application\/ld+json\" class=\"yoast-schema-graph\">{\"@context\":\"https:\/\/schema.org\",\"@graph\":[{\"@type\":\"Article\",\"@id\":\"https:\/\/universnews224.com\/index.php\/le-ministre-de-la-sante-annonce-la-construction-dun-hopital-flambant-neuf-en-lieu-et-de-lhopital-ignace-deen\/#article\",\"isPartOf\":{\"@id\":\"https:\/\/universnews224.com\/index.php\/le-ministre-de-la-sante-annonce-la-construction-dun-hopital-flambant-neuf-en-lieu-et-de-lhopital-ignace-deen\/\"},\"author\":{\"name\":\"La R\u00e9daction\",\"@id\":\"https:\/\/universnews224.com\/#\/schema\/person\/a4b7d4f94a4716df60456a491260485e\"},\"headline\":\"Le ministre de la Sant\u00e9 annonce la construction d\u2019un h\u00f4pital flambant neuf en lieu et de l\u2019h\u00f4pital Ignace Deen.\",\"datePublished\":\"2022-07-21T09:18:14+00:00\",\"dateModified\":\"2022-07-21T09:18:14+00:00\",\"mainEntityOfPage\":{\"@id\":\"https:\/\/universnews224.com\/index.php\/le-ministre-de-la-sante-annonce-la-construction-dun-hopital-flambant-neuf-en-lieu-et-de-lhopital-ignace-deen\/\"},\"wordCount\":261,\"publisher\":{\"@id\":\"https:\/\/universnews224.com\/#organization\"},\"keywords\":[\"La une\"],\"inLanguage\":\"fr-FR\"},{\"@type\":\"WebPage\",\"@id\":\"https:\/\/universnews224.com\/index.php\/le-ministre-de-la-sante-annonce-la-construction-dun-hopital-flambant-neuf-en-lieu-et-de-lhopital-ignace-deen\/\",\"url\":\"https:\/\/universnews224.com\/index.php\/le-ministre-de-la-sante-annonce-la-construction-dun-hopital-flambant-neuf-en-lieu-et-de-lhopital-ignace-deen\/\",\"name\":\"Le ministre de la Sant\u00e9 annonce la construction d\u2019un h\u00f4pital flambant neuf en lieu et de l\u2019h\u00f4pital Ignace Deen. - UNIVERSNEWS224\",\"isPartOf\":{\"@id\":\"https:\/\/universnews224.com\/#website\"},\"datePublished\":\"2022-07-21T09:18:14+00:00\",\"dateModified\":\"2022-07-21T09:18:14+00:00\",\"inLanguage\":\"fr-FR\",\"potentialAction\":[{\"@type\":\"ReadAction\",\"target\":[\"https:\/\/universnews224.com\/index.php\/le-ministre-de-la-sante-annonce-la-construction-dun-hopital-flambant-neuf-en-lieu-et-de-lhopital-ignace-deen\/\"]}]},{\"@type\":\"WebSite\",\"@id\":\"https:\/\/universnews224.com\/#website\",\"url\":\"https:\/\/universnews224.com\/\",\"name\":\"UNIVERSNEWS224\",\"description\":\"\",\"publisher\":{\"@id\":\"https:\/\/universnews224.com\/#organization\"},\"potentialAction\":[{\"@type\":\"SearchAction\",\"target\":{\"@type\":\"EntryPoint\",\"urlTemplate\":\"https:\/\/universnews224.com\/?s={search_term_string}\"},\"query-input\":\"required name=search_term_string\"}],\"inLanguage\":\"fr-FR\"},{\"@type\":\"Organization\",\"@id\":\"https:\/\/universnews224.com\/#organization\",\"name\":\"UNIVERSNEWS224\",\"url\":\"https:\/\/universnews224.com\/\",\"logo\":{\"@type\":\"ImageObject\",\"inLanguage\":\"fr-FR\",\"@id\":\"https:\/\/universnews224.com\/#\/schema\/logo\/image\/\",\"url\":\"https:\/\/universnews224.com\/wp-content\/uploads\/2022\/08\/cropped-cropped-logoban.jpg\",\"contentUrl\":\"https:\/\/universnews224.com\/wp-content\/uploads\/2022\/08\/cropped-cropped-logoban.jpg\",\"width\":1080,\"height\":138,\"caption\":\"UNIVERSNEWS224\"},\"image\":{\"@id\":\"https:\/\/universnews224.com\/#\/schema\/logo\/image\/\"}},{\"@type\":\"Person\",\"@id\":\"https:\/\/universnews224.com\/#\/schema\/person\/a4b7d4f94a4716df60456a491260485e\",\"name\":\"La R\u00e9daction\",\"image\":{\"@type\":\"ImageObject\",\"inLanguage\":\"fr-FR\",\"@id\":\"https:\/\/universnews224.com\/#\/schema\/person\/image\/\",\"url\":\"https:\/\/secure.gravatar.com\/avatar\/edb90acc7752b23e1b3307ad36c14f0d?s=96&d=mm&r=g\",\"contentUrl\":\"https:\/\/secure.gravatar.com\/avatar\/edb90acc7752b23e1b3307ad36c14f0d?s=96&d=mm&r=g\",\"caption\":\"La R\u00e9daction\"},\"sameAs\":[\"https:\/\/universnews224.com\"],\"url\":\"https:\/\/universnews224.com\/index.php\/author\/m-camara\/\"}]}<\/script>\n<!-- \/ Yoast SEO plugin. -->","yoast_head_json":{"title":"Le ministre de la Sant\u00e9 annonce la construction d\u2019un h\u00f4pital flambant neuf en lieu et de l\u2019h\u00f4pital Ignace Deen. - UNIVERSNEWS224","robots":{"index":"index","follow":"follow","max-snippet":"max-snippet:-1","max-image-preview":"max-image-preview:large","max-video-preview":"max-video-preview:-1"},"canonical":"https:\/\/universnews224.com\/index.php\/le-ministre-de-la-sante-annonce-la-construction-dun-hopital-flambant-neuf-en-lieu-et-de-lhopital-ignace-deen\/","og_locale":"fr_FR","og_type":"article","og_title":"Le ministre de la Sant\u00e9 annonce la construction d\u2019un h\u00f4pital flambant neuf en lieu et de l\u2019h\u00f4pital Ignace Deen. - UNIVERSNEWS224","og_description":"Apr\u00e8s la r\u00e9vocation et l\u2019\u00e9quipement de l\u2019h\u00f4pital national de Donka qui sera tr\u00e8s bient\u00f4t op\u00e9rationnel,","og_url":"https:\/\/universnews224.com\/index.php\/le-ministre-de-la-sante-annonce-la-construction-dun-hopital-flambant-neuf-en-lieu-et-de-lhopital-ignace-deen\/","og_site_name":"UNIVERSNEWS224","article_published_time":"2022-07-21T09:18:14+00:00","og_image":[{"width":574,"height":446,"url":"https:\/\/universnews224.com\/wp-content\/uploads\/2022\/07\/17BABA54-6B7F-4448-BF96-E7F9AC223447.jpeg","type":"image\/jpeg"}],"author":"La R\u00e9daction","twitter_misc":{"\u00c9crit par":"La R\u00e9daction","Dur\u00e9e de lecture estim\u00e9e":"2 minutes"},"schema":{"@context":"https:\/\/schema.org","@graph":[{"@type":"Article","@id":"https:\/\/universnews224.com\/index.php\/le-ministre-de-la-sante-annonce-la-construction-dun-hopital-flambant-neuf-en-lieu-et-de-lhopital-ignace-deen\/#article","isPartOf":{"@id":"https:\/\/universnews224.com\/index.php\/le-ministre-de-la-sante-annonce-la-construction-dun-hopital-flambant-neuf-en-lieu-et-de-lhopital-ignace-deen\/"},"author":{"name":"La R\u00e9daction","@id":"https:\/\/universnews224.com\/#\/schema\/person\/a4b7d4f94a4716df60456a491260485e"},"headline":"Le ministre de la Sant\u00e9 annonce la construction d\u2019un h\u00f4pital flambant neuf en lieu et de l\u2019h\u00f4pital Ignace Deen.","datePublished":"2022-07-21T09:18:14+00:00","dateModified":"2022-07-21T09:18:14+00:00","mainEntityOfPage":{"@id":"https:\/\/universnews224.com\/index.php\/le-ministre-de-la-sante-annonce-la-construction-dun-hopital-flambant-neuf-en-lieu-et-de-lhopital-ignace-deen\/"},"wordCount":261,"publisher":{"@id":"https:\/\/universnews224.com\/#organization"},"keywords":["La une"],"inLanguage":"fr-FR"},{"@type":"WebPage","@id":"https:\/\/universnews224.com\/index.php\/le-ministre-de-la-sante-annonce-la-construction-dun-hopital-flambant-neuf-en-lieu-et-de-lhopital-ignace-deen\/","url":"https:\/\/universnews224.com\/index.php\/le-ministre-de-la-sante-annonce-la-construction-dun-hopital-flambant-neuf-en-lieu-et-de-lhopital-ignace-deen\/","name":"Le ministre de la Sant\u00e9 annonce la construction d\u2019un h\u00f4pital flambant neuf en lieu et de l\u2019h\u00f4pital Ignace Deen. - UNIVERSNEWS224","isPartOf":{"@id":"https:\/\/universnews224.com\/#website"},"datePublished":"2022-07-21T09:18:14+00:00","dateModified":"2022-07-21T09:18:14+00:00","inLanguage":"fr-FR","potentialAction":[{"@type":"ReadAction","target":["https:\/\/universnews224.com\/index.php\/le-ministre-de-la-sante-annonce-la-construction-dun-hopital-flambant-neuf-en-lieu-et-de-lhopital-ignace-deen\/"]}]},{"@type":"WebSite","@id":"https:\/\/universnews224.com\/#website","url":"https:\/\/universnews224.com\/","name":"UNIVERSNEWS224","description":"","publisher":{"@id":"https:\/\/universnews224.com\/#organization"},"potentialAction":[{"@type":"SearchAction","target":{"@type":"EntryPoint","urlTemplate":"https:\/\/universnews224.com\/?s={search_term_string}"},"query-input":"required name=search_term_string"}],"inLanguage":"fr-FR"},{"@type":"Organization","@id":"https:\/\/universnews224.com\/#organization","name":"UNIVERSNEWS224","url":"https:\/\/universnews224.com\/","logo":{"@type":"ImageObject","inLanguage":"fr-FR","@id":"https:\/\/universnews224.com\/#\/schema\/logo\/image\/","url":"https:\/\/universnews224.com\/wp-content\/uploads\/2022\/08\/cropped-cropped-logoban.jpg","contentUrl":"https:\/\/universnews224.com\/wp-content\/uploads\/2022\/08\/cropped-cropped-logoban.jpg","width":1080,"height":138,"caption":"UNIVERSNEWS224"},"image":{"@id":"https:\/\/universnews224.com\/#\/schema\/logo\/image\/"}},{"@type":"Person","@id":"https:\/\/universnews224.com\/#\/schema\/person\/a4b7d4f94a4716df60456a491260485e","name":"La R\u00e9daction","image":{"@type":"ImageObject","inLanguage":"fr-FR","@id":"https:\/\/universnews224.com\/#\/schema\/person\/image\/","url":"https:\/\/secure.gravatar.com\/avatar\/edb90acc7752b23e1b3307ad36c14f0d?s=96&d=mm&r=g","contentUrl":"https:\/\/secure.gravatar.com\/avatar\/edb90acc7752b23e1b3307ad36c14f0d?s=96&d=mm&r=g","caption":"La R\u00e9daction"},"sameAs":["https:\/\/universnews224.com"],"url":"https:\/\/universnews224.com\/index.php\/author\/m-camara\/"}]}},"_links":{"self":[{"href":"https:\/\/universnews224.com\/index.php\/wp-json\/wp\/v2\/posts\/1651"}],"collection":[{"href":"https:\/\/universnews224.com\/index.php\/wp-json\/wp\/v2\/posts"}],"about":[{"href":"https:\/\/universnews224.com\/index.php\/wp-json\/wp\/v2\/types\/post"}],"author":[{"embeddable":true,"href":"https:\/\/universnews224.com\/index.php\/wp-json\/wp\/v2\/users\/2"}],"replies":[{"embeddable":true,"href":"https:\/\/universnews224.com\/index.php\/wp-json\/wp\/v2\/comments?post=1651"}],"version-history":[{"count":1,"href":"https:\/\/universnews224.com\/index.php\/wp-json\/wp\/v2\/posts\/1651\/revisions"}],"predecessor-version":[{"id":1653,"href":"https:\/\/universnews224.com\/index.php\/wp-json\/wp\/v2\/posts\/1651\/revisions\/1653"}],"wp:featuredmedia":[{"embeddable":true,"href":"https:\/\/universnews224.com\/index.php\/wp-json\/wp\/v2\/media\/1652"}],"wp:attachment":[{"href":"https:\/\/universnews224.com\/index.php\/wp-json\/wp\/v2\/media?parent=1651"}],"wp:term":[{"taxonomy":"category","embeddable":true,"href":"https:\/\/universnews224.com\/index.php\/wp-json\/wp\/v2\/categories?post=1651"},{"taxonomy":"post_tag","embeddable":true,"href":"https:\/\/universnews224.com\/index.php\/wp-json\/wp\/v2\/tags?post=1651"}],"curies":[{"name":"wp","href":"https:\/\/api.w.org\/{rel}","templated":true}]}}