{"id":1664,"date":"2022-07-24T17:23:02","date_gmt":"2022-07-24T16:23:02","guid":{"rendered":"https:\/\/universnews224.com\/?p=1664"},"modified":"2022-07-24T17:23:02","modified_gmt":"2022-07-24T16:23:02","slug":"cellou-balde-nous-demandons-de-vous-mobiliser-et-daccompagner-le-mot-dordre-de-manifestation-du-fndc","status":"publish","type":"post","link":"https:\/\/universnews224.com\/index.php\/cellou-balde-nous-demandons-de-vous-mobiliser-et-daccompagner-le-mot-dordre-de-manifestation-du-fndc\/","title":{"rendered":"Cellou Bald\u00e9: \u00abnous demandons de vous mobiliser et d\u2019accompagner le mot d\u2019ordre de manifestation du FNDC \u00bb"},"content":{"rendered":"<p>Prenant part \u00e0 l\u2019Assembl\u00e9e g\u00e9n\u00e9rale de l\u2019Union des forces d\u00e9mocratiques de Guin\u00e9e (UFDG) tenue ce samedi 23 juillet, \u00e0 la Mini\u00e8re dans la commune de Dixinn, le coordinateur des f\u00e9d\u00e9rations de l\u2019int\u00e9rieur du pays de l\u2019UFDG, Cellou Bald\u00e9 a invit\u00e9 les militants de sa formation politique d\u2019accompagner la manifestation du FNDC pr\u00e9vue le 28 juillet.<\/p>\n<p>&nbsp;<\/p>\n<p>\u00ab Le FNDC, notre rempart contre la dictature, notre rempart contre la confiscation du pouvoir a d\u00e9cid\u00e9 de lancer le mot d\u2019ordre des manifestations sur les voies et forces publiques. Et nous, UFDG et ANAD avons de d\u00e9cider de les accompagner. Nous lan\u00e7ons un appel solennelle pour le 28 juillet, le jeudi prochain. L\u2019ensemble des f\u00e9d\u00e9rations du Grand Conakry, nos trois f\u00e9d\u00e9rations de Ratoma, les trois f\u00e9d\u00e9rations de Matoto, les deux f\u00e9d\u00e9rations de Dixinn, la f\u00e9d\u00e9ration de Matam, la f\u00e9d\u00e9ration de Coyah, les f\u00e9d\u00e9rations de Dubr\u00e9ka et la f\u00e9d\u00e9ration de Man\u00e9ah, nous vous demandons de vous mobiliser et d\u2019accompagner le mot d\u2019ordre de manifestation lanc\u00e9 par le front national pour la d\u00e9fense de la constitution. Le FNDC d\u00e9voilera les itin\u00e9raires mais comme nous le savons tous, nous avons d\u00e9cid\u00e9 de ne pas nous plier \u00e0 l\u2019interdiction de manifestation. Et donc, si demain vous apprenez que le gouvernement, \u00e0 travers le minist\u00e8re de l\u2019administration du territoire, \u00e0 travers qui que ce soit ou des maires n\u2019ont pas donn\u00e9 d\u2019autorisation, sachez que la manifestation du FNDC reste maintenue en tout \u00e9tat de cause \u00bb a t-il martel\u00e9.<\/p>\n<p>Camara Mamadouba<\/p>\n","protected":false},"excerpt":{"rendered":"<p>Prenant part \u00e0 l\u2019Assembl\u00e9e g\u00e9n\u00e9rale de l\u2019Union des forces d\u00e9mocratiques de Guin\u00e9e (UFDG) tenue ce<\/p>\n","protected":false},"author":2,"featured_media":1665,"comment_status":"closed","ping_status":"open","sticky":false,"template":"","format":"standard","meta":[],"categories":[1],"tags":[229],"yoast_head":"<!-- This site is optimized with the Yoast SEO plugin v19.13 - https:\/\/yoast.com\/wordpress\/plugins\/seo\/ -->\n<title>Cellou Bald\u00e9: \u00abnous demandons de vous mobiliser et d\u2019accompagner le mot d\u2019ordre de manifestation du FNDC \u00bb - UNIVERSNEWS224<\/title>\n<meta name=\"robots\" content=\"index, follow, max-snippet:-1, max-image-preview:large, max-video-preview:-1\" \/>\n<link rel=\"canonical\" href=\"https:\/\/universnews224.com\/index.php\/cellou-balde-nous-demandons-de-vous-mobiliser-et-daccompagner-le-mot-dordre-de-manifestation-du-fndc\/\" \/>\n<meta property=\"og:locale\" content=\"fr_FR\" \/>\n<meta property=\"og:type\" content=\"article\" \/>\n<meta property=\"og:title\" content=\"Cellou Bald\u00e9: \u00abnous demandons de vous mobiliser et d\u2019accompagner le mot d\u2019ordre de manifestation du FNDC \u00bb - UNIVERSNEWS224\" \/>\n<meta property=\"og:description\" content=\"Prenant part \u00e0 l\u2019Assembl\u00e9e g\u00e9n\u00e9rale de l\u2019Union des forces d\u00e9mocratiques de Guin\u00e9e (UFDG) tenue ce\" \/>\n<meta property=\"og:url\" content=\"https:\/\/universnews224.com\/index.php\/cellou-balde-nous-demandons-de-vous-mobiliser-et-daccompagner-le-mot-dordre-de-manifestation-du-fndc\/\" \/>\n<meta property=\"og:site_name\" content=\"UNIVERSNEWS224\" \/>\n<meta property=\"article:published_time\" content=\"2022-07-24T16:23:02+00:00\" \/>\n<meta property=\"og:image\" content=\"https:\/\/universnews224.com\/wp-content\/uploads\/2022\/07\/86964202-8431-446E-8283-2A5B97DA906C.png\" \/>\n\t<meta property=\"og:image:width\" content=\"870\" \/>\n\t<meta property=\"og:image:height\" content=\"522\" \/>\n\t<meta property=\"og:image:type\" content=\"image\/png\" \/>\n<meta name=\"author\" content=\"La R\u00e9daction\" \/>\n<meta name=\"twitter:label1\" content=\"\u00c9crit par\" \/>\n\t<meta name=\"twitter:data1\" content=\"La R\u00e9daction\" \/>\n\t<meta name=\"twitter:label2\" content=\"Dur\u00e9e de lecture estim\u00e9e\" \/>\n\t<meta name=\"twitter:data2\" content=\"2 minutes\" \/>\n<script type=\"application\/ld+json\" class=\"yoast-schema-graph\">{\"@context\":\"https:\/\/schema.org\",\"@graph\":[{\"@type\":\"Article\",\"@id\":\"https:\/\/universnews224.com\/index.php\/cellou-balde-nous-demandons-de-vous-mobiliser-et-daccompagner-le-mot-dordre-de-manifestation-du-fndc\/#article\",\"isPartOf\":{\"@id\":\"https:\/\/universnews224.com\/index.php\/cellou-balde-nous-demandons-de-vous-mobiliser-et-daccompagner-le-mot-dordre-de-manifestation-du-fndc\/\"},\"author\":{\"name\":\"La R\u00e9daction\",\"@id\":\"https:\/\/universnews224.com\/#\/schema\/person\/a4b7d4f94a4716df60456a491260485e\"},\"headline\":\"Cellou Bald\u00e9: \u00abnous demandons de vous mobiliser et d\u2019accompagner le mot d\u2019ordre de manifestation du FNDC \u00bb\",\"datePublished\":\"2022-07-24T16:23:02+00:00\",\"dateModified\":\"2022-07-24T16:23:02+00:00\",\"mainEntityOfPage\":{\"@id\":\"https:\/\/universnews224.com\/index.php\/cellou-balde-nous-demandons-de-vous-mobiliser-et-daccompagner-le-mot-dordre-de-manifestation-du-fndc\/\"},\"wordCount\":300,\"publisher\":{\"@id\":\"https:\/\/universnews224.com\/#organization\"},\"keywords\":[\"La une\"],\"inLanguage\":\"fr-FR\"},{\"@type\":\"WebPage\",\"@id\":\"https:\/\/universnews224.com\/index.php\/cellou-balde-nous-demandons-de-vous-mobiliser-et-daccompagner-le-mot-dordre-de-manifestation-du-fndc\/\",\"url\":\"https:\/\/universnews224.com\/index.php\/cellou-balde-nous-demandons-de-vous-mobiliser-et-daccompagner-le-mot-dordre-de-manifestation-du-fndc\/\",\"name\":\"Cellou Bald\u00e9: \u00abnous demandons de vous mobiliser et d\u2019accompagner le mot d\u2019ordre de manifestation du FNDC \u00bb - UNIVERSNEWS224\",\"isPartOf\":{\"@id\":\"https:\/\/universnews224.com\/#website\"},\"datePublished\":\"2022-07-24T16:23:02+00:00\",\"dateModified\":\"2022-07-24T16:23:02+00:00\",\"inLanguage\":\"fr-FR\",\"potentialAction\":[{\"@type\":\"ReadAction\",\"target\":[\"https:\/\/universnews224.com\/index.php\/cellou-balde-nous-demandons-de-vous-mobiliser-et-daccompagner-le-mot-dordre-de-manifestation-du-fndc\/\"]}]},{\"@type\":\"WebSite\",\"@id\":\"https:\/\/universnews224.com\/#website\",\"url\":\"https:\/\/universnews224.com\/\",\"name\":\"UNIVERSNEWS224\",\"description\":\"\",\"publisher\":{\"@id\":\"https:\/\/universnews224.com\/#organization\"},\"potentialAction\":[{\"@type\":\"SearchAction\",\"target\":{\"@type\":\"EntryPoint\",\"urlTemplate\":\"https:\/\/universnews224.com\/?s={search_term_string}\"},\"query-input\":\"required name=search_term_string\"}],\"inLanguage\":\"fr-FR\"},{\"@type\":\"Organization\",\"@id\":\"https:\/\/universnews224.com\/#organization\",\"name\":\"UNIVERSNEWS224\",\"url\":\"https:\/\/universnews224.com\/\",\"logo\":{\"@type\":\"ImageObject\",\"inLanguage\":\"fr-FR\",\"@id\":\"https:\/\/universnews224.com\/#\/schema\/logo\/image\/\",\"url\":\"https:\/\/universnews224.com\/wp-content\/uploads\/2022\/08\/cropped-cropped-logoban.jpg\",\"contentUrl\":\"https:\/\/universnews224.com\/wp-content\/uploads\/2022\/08\/cropped-cropped-logoban.jpg\",\"width\":1080,\"height\":138,\"caption\":\"UNIVERSNEWS224\"},\"image\":{\"@id\":\"https:\/\/universnews224.com\/#\/schema\/logo\/image\/\"}},{\"@type\":\"Person\",\"@id\":\"https:\/\/universnews224.com\/#\/schema\/person\/a4b7d4f94a4716df60456a491260485e\",\"name\":\"La R\u00e9daction\",\"image\":{\"@type\":\"ImageObject\",\"inLanguage\":\"fr-FR\",\"@id\":\"https:\/\/universnews224.com\/#\/schema\/person\/image\/\",\"url\":\"https:\/\/secure.gravatar.com\/avatar\/edb90acc7752b23e1b3307ad36c14f0d?s=96&d=mm&r=g\",\"contentUrl\":\"https:\/\/secure.gravatar.com\/avatar\/edb90acc7752b23e1b3307ad36c14f0d?s=96&d=mm&r=g\",\"caption\":\"La R\u00e9daction\"},\"sameAs\":[\"https:\/\/universnews224.com\"],\"url\":\"https:\/\/universnews224.com\/index.php\/author\/m-camara\/\"}]}<\/script>\n<!-- \/ Yoast SEO plugin. -->","yoast_head_json":{"title":"Cellou Bald\u00e9: \u00abnous demandons de vous mobiliser et d\u2019accompagner le mot d\u2019ordre de manifestation du FNDC \u00bb - UNIVERSNEWS224","robots":{"index":"index","follow":"follow","max-snippet":"max-snippet:-1","max-image-preview":"max-image-preview:large","max-video-preview":"max-video-preview:-1"},"canonical":"https:\/\/universnews224.com\/index.php\/cellou-balde-nous-demandons-de-vous-mobiliser-et-daccompagner-le-mot-dordre-de-manifestation-du-fndc\/","og_locale":"fr_FR","og_type":"article","og_title":"Cellou Bald\u00e9: \u00abnous demandons de vous mobiliser et d\u2019accompagner le mot d\u2019ordre de manifestation du FNDC \u00bb - UNIVERSNEWS224","og_description":"Prenant part \u00e0 l\u2019Assembl\u00e9e g\u00e9n\u00e9rale de l\u2019Union des forces d\u00e9mocratiques de Guin\u00e9e (UFDG) tenue ce","og_url":"https:\/\/universnews224.com\/index.php\/cellou-balde-nous-demandons-de-vous-mobiliser-et-daccompagner-le-mot-dordre-de-manifestation-du-fndc\/","og_site_name":"UNIVERSNEWS224","article_published_time":"2022-07-24T16:23:02+00:00","og_image":[{"width":870,"height":522,"url":"https:\/\/universnews224.com\/wp-content\/uploads\/2022\/07\/86964202-8431-446E-8283-2A5B97DA906C.png","type":"image\/png"}],"author":"La R\u00e9daction","twitter_misc":{"\u00c9crit par":"La R\u00e9daction","Dur\u00e9e de lecture estim\u00e9e":"2 minutes"},"schema":{"@context":"https:\/\/schema.org","@graph":[{"@type":"Article","@id":"https:\/\/universnews224.com\/index.php\/cellou-balde-nous-demandons-de-vous-mobiliser-et-daccompagner-le-mot-dordre-de-manifestation-du-fndc\/#article","isPartOf":{"@id":"https:\/\/universnews224.com\/index.php\/cellou-balde-nous-demandons-de-vous-mobiliser-et-daccompagner-le-mot-dordre-de-manifestation-du-fndc\/"},"author":{"name":"La R\u00e9daction","@id":"https:\/\/universnews224.com\/#\/schema\/person\/a4b7d4f94a4716df60456a491260485e"},"headline":"Cellou Bald\u00e9: \u00abnous demandons de vous mobiliser et d\u2019accompagner le mot d\u2019ordre de manifestation du FNDC \u00bb","datePublished":"2022-07-24T16:23:02+00:00","dateModified":"2022-07-24T16:23:02+00:00","mainEntityOfPage":{"@id":"https:\/\/universnews224.com\/index.php\/cellou-balde-nous-demandons-de-vous-mobiliser-et-daccompagner-le-mot-dordre-de-manifestation-du-fndc\/"},"wordCount":300,"publisher":{"@id":"https:\/\/universnews224.com\/#organization"},"keywords":["La une"],"inLanguage":"fr-FR"},{"@type":"WebPage","@id":"https:\/\/universnews224.com\/index.php\/cellou-balde-nous-demandons-de-vous-mobiliser-et-daccompagner-le-mot-dordre-de-manifestation-du-fndc\/","url":"https:\/\/universnews224.com\/index.php\/cellou-balde-nous-demandons-de-vous-mobiliser-et-daccompagner-le-mot-dordre-de-manifestation-du-fndc\/","name":"Cellou Bald\u00e9: \u00abnous demandons de vous mobiliser et d\u2019accompagner le mot d\u2019ordre de manifestation du FNDC \u00bb - UNIVERSNEWS224","isPartOf":{"@id":"https:\/\/universnews224.com\/#website"},"datePublished":"2022-07-24T16:23:02+00:00","dateModified":"2022-07-24T16:23:02+00:00","inLanguage":"fr-FR","potentialAction":[{"@type":"ReadAction","target":["https:\/\/universnews224.com\/index.php\/cellou-balde-nous-demandons-de-vous-mobiliser-et-daccompagner-le-mot-dordre-de-manifestation-du-fndc\/"]}]},{"@type":"WebSite","@id":"https:\/\/universnews224.com\/#website","url":"https:\/\/universnews224.com\/","name":"UNIVERSNEWS224","description":"","publisher":{"@id":"https:\/\/universnews224.com\/#organization"},"potentialAction":[{"@type":"SearchAction","target":{"@type":"EntryPoint","urlTemplate":"https:\/\/universnews224.com\/?s={search_term_string}"},"query-input":"required name=search_term_string"}],"inLanguage":"fr-FR"},{"@type":"Organization","@id":"https:\/\/universnews224.com\/#organization","name":"UNIVERSNEWS224","url":"https:\/\/universnews224.com\/","logo":{"@type":"ImageObject","inLanguage":"fr-FR","@id":"https:\/\/universnews224.com\/#\/schema\/logo\/image\/","url":"https:\/\/universnews224.com\/wp-content\/uploads\/2022\/08\/cropped-cropped-logoban.jpg","contentUrl":"https:\/\/universnews224.com\/wp-content\/uploads\/2022\/08\/cropped-cropped-logoban.jpg","width":1080,"height":138,"caption":"UNIVERSNEWS224"},"image":{"@id":"https:\/\/universnews224.com\/#\/schema\/logo\/image\/"}},{"@type":"Person","@id":"https:\/\/universnews224.com\/#\/schema\/person\/a4b7d4f94a4716df60456a491260485e","name":"La R\u00e9daction","image":{"@type":"ImageObject","inLanguage":"fr-FR","@id":"https:\/\/universnews224.com\/#\/schema\/person\/image\/","url":"https:\/\/secure.gravatar.com\/avatar\/edb90acc7752b23e1b3307ad36c14f0d?s=96&d=mm&r=g","contentUrl":"https:\/\/secure.gravatar.com\/avatar\/edb90acc7752b23e1b3307ad36c14f0d?s=96&d=mm&r=g","caption":"La R\u00e9daction"},"sameAs":["https:\/\/universnews224.com"],"url":"https:\/\/universnews224.com\/index.php\/author\/m-camara\/"}]}},"_links":{"self":[{"href":"https:\/\/universnews224.com\/index.php\/wp-json\/wp\/v2\/posts\/1664"}],"collection":[{"href":"https:\/\/universnews224.com\/index.php\/wp-json\/wp\/v2\/posts"}],"about":[{"href":"https:\/\/universnews224.com\/index.php\/wp-json\/wp\/v2\/types\/post"}],"author":[{"embeddable":true,"href":"https:\/\/universnews224.com\/index.php\/wp-json\/wp\/v2\/users\/2"}],"replies":[{"embeddable":true,"href":"https:\/\/universnews224.com\/index.php\/wp-json\/wp\/v2\/comments?post=1664"}],"version-history":[{"count":1,"href":"https:\/\/universnews224.com\/index.php\/wp-json\/wp\/v2\/posts\/1664\/revisions"}],"predecessor-version":[{"id":1666,"href":"https:\/\/universnews224.com\/index.php\/wp-json\/wp\/v2\/posts\/1664\/revisions\/1666"}],"wp:featuredmedia":[{"embeddable":true,"href":"https:\/\/universnews224.com\/index.php\/wp-json\/wp\/v2\/media\/1665"}],"wp:attachment":[{"href":"https:\/\/universnews224.com\/index.php\/wp-json\/wp\/v2\/media?parent=1664"}],"wp:term":[{"taxonomy":"category","embeddable":true,"href":"https:\/\/universnews224.com\/index.php\/wp-json\/wp\/v2\/categories?post=1664"},{"taxonomy":"post_tag","embeddable":true,"href":"https:\/\/universnews224.com\/index.php\/wp-json\/wp\/v2\/tags?post=1664"}],"curies":[{"name":"wp","href":"https:\/\/api.w.org\/{rel}","templated":true}]}}