{"id":1670,"date":"2022-07-25T18:49:00","date_gmt":"2022-07-25T17:49:00","guid":{"rendered":"https:\/\/universnews224.com\/?p=1670"},"modified":"2022-07-25T18:49:00","modified_gmt":"2022-07-25T17:49:00","slug":"ibrahima-diallo-du-fndc-pour-nous-rien-ne-peut-empecher-cette-manifestation-du-28-juillet","status":"publish","type":"post","link":"https:\/\/universnews224.com\/index.php\/ibrahima-diallo-du-fndc-pour-nous-rien-ne-peut-empecher-cette-manifestation-du-28-juillet\/","title":{"rendered":"Ibrahima Diallo du FNDC : \u00abpour nous, rien ne peut emp\u00eacher cette manifestation du 28 juillet\u00bb."},"content":{"rendered":"<p>Le Front National pour la D\u00e9fense de la Constitution (FNDC) est pr\u00eat \u00e0 en d\u00e9coudre avec la junte au pouvoir en Guin\u00e9e pour un retour rapide \u00e0 l\u2019ordre constitutionnel.<\/p>\n<p>Invit\u00e9 de l\u2019\u00e9mission \u00abMirador\u00bb de ce lundi, 25 juillet 2022, le Responsable des Op\u00e9rations du mouvement anti 3\u00e8me mandat, Ibrahima Diallo a d\u00e9clar\u00e9 haut et fort que rien ne \u00a0peut emp\u00eacher la manifestation \u00ab pacifique et citoyenne\u00bb qu\u2019ils comptent organiser le 28 juillet prochain dans les rues de Grand Conakry.<\/p>\n<p>\u00abPour nous, rien ne peut emp\u00eacher cette manifestation du 28 juillet, sauf la satisfaction des revendications du FNDC\u00bb a t-il dit.<\/p>\n<p>Poursuivant, cet acteur de la soci\u00e9t\u00e9 civile regrette qu\u2019on en arrive l\u00e0.Pour lui, s\u2019il y a une possibilit\u00e9 d\u2019emp\u00eacher cette manifestation par un dialogue franc et sinc\u00e8re, son mouvement renoncerait \u00e0 l\u2019organisation des manifestations.<\/p>\n<p>\u00abNous aurions souhait\u00e9 que cette manifestation n\u2019ait pas lieu. Je vous ai rappel\u00e9 tout \u00e0 l\u2019heure que la manifestation constitue un dernier et nous n\u2019allons jamais \u00e0 la suite d\u2019une manifestation, r\u00e9clamer une victoire quelconque. Parce que pour nous, c\u2019est un dernier recours. Si on peut emp\u00eacher une manifestation par la dialogue sinc\u00e8re et franc, par la satisfaction des revendications du FNDC, je vous jure le FNDC ne va pas s\u2019engager dans l\u2019organisation des manifestations.Je crois que si le CNRD \u00e9coute ces paroles, c\u2019est \u00e0 lui de retirer la conclusion de cette situation\u00a0\u00bb \u00a0a t-il martel\u00e9.<\/p>\n<p>Camara Mamadouba<\/p>\n","protected":false},"excerpt":{"rendered":"<p>Le Front National pour la D\u00e9fense de la Constitution (FNDC) est pr\u00eat \u00e0 en d\u00e9coudre<\/p>\n","protected":false},"author":2,"featured_media":1537,"comment_status":"closed","ping_status":"open","sticky":false,"template":"","format":"standard","meta":[],"categories":[1],"tags":[],"yoast_head":"<!-- This site is optimized with the Yoast SEO plugin v19.13 - https:\/\/yoast.com\/wordpress\/plugins\/seo\/ -->\n<title>Ibrahima Diallo du FNDC : \u00abpour nous, rien ne peut emp\u00eacher cette manifestation du 28 juillet\u00bb. - UNIVERSNEWS224<\/title>\n<meta name=\"robots\" content=\"index, follow, max-snippet:-1, max-image-preview:large, max-video-preview:-1\" \/>\n<link rel=\"canonical\" href=\"https:\/\/universnews224.com\/index.php\/ibrahima-diallo-du-fndc-pour-nous-rien-ne-peut-empecher-cette-manifestation-du-28-juillet\/\" \/>\n<meta property=\"og:locale\" content=\"fr_FR\" \/>\n<meta property=\"og:type\" content=\"article\" \/>\n<meta property=\"og:title\" content=\"Ibrahima Diallo du FNDC : \u00abpour nous, rien ne peut emp\u00eacher cette manifestation du 28 juillet\u00bb. - UNIVERSNEWS224\" \/>\n<meta property=\"og:description\" content=\"Le Front National pour la D\u00e9fense de la Constitution (FNDC) est pr\u00eat \u00e0 en d\u00e9coudre\" \/>\n<meta property=\"og:url\" content=\"https:\/\/universnews224.com\/index.php\/ibrahima-diallo-du-fndc-pour-nous-rien-ne-peut-empecher-cette-manifestation-du-28-juillet\/\" \/>\n<meta property=\"og:site_name\" content=\"UNIVERSNEWS224\" \/>\n<meta property=\"article:published_time\" content=\"2022-07-25T17:49:00+00:00\" \/>\n<meta property=\"og:image\" content=\"https:\/\/universnews224.com\/wp-content\/uploads\/2022\/07\/34BF8EB4-7CED-49C1-A35B-A96B44F90365.jpeg\" \/>\n\t<meta property=\"og:image:width\" content=\"700\" \/>\n\t<meta property=\"og:image:height\" content=\"372\" \/>\n\t<meta property=\"og:image:type\" content=\"image\/jpeg\" \/>\n<meta name=\"author\" content=\"La R\u00e9daction\" \/>\n<meta name=\"twitter:label1\" content=\"\u00c9crit par\" \/>\n\t<meta name=\"twitter:data1\" content=\"La R\u00e9daction\" \/>\n\t<meta name=\"twitter:label2\" content=\"Dur\u00e9e de lecture estim\u00e9e\" \/>\n\t<meta name=\"twitter:data2\" content=\"2 minutes\" \/>\n<script type=\"application\/ld+json\" class=\"yoast-schema-graph\">{\"@context\":\"https:\/\/schema.org\",\"@graph\":[{\"@type\":\"Article\",\"@id\":\"https:\/\/universnews224.com\/index.php\/ibrahima-diallo-du-fndc-pour-nous-rien-ne-peut-empecher-cette-manifestation-du-28-juillet\/#article\",\"isPartOf\":{\"@id\":\"https:\/\/universnews224.com\/index.php\/ibrahima-diallo-du-fndc-pour-nous-rien-ne-peut-empecher-cette-manifestation-du-28-juillet\/\"},\"author\":{\"name\":\"La R\u00e9daction\",\"@id\":\"https:\/\/universnews224.com\/#\/schema\/person\/a4b7d4f94a4716df60456a491260485e\"},\"headline\":\"Ibrahima Diallo du FNDC : \u00abpour nous, rien ne peut emp\u00eacher cette manifestation du 28 juillet\u00bb.\",\"datePublished\":\"2022-07-25T17:49:00+00:00\",\"dateModified\":\"2022-07-25T17:49:00+00:00\",\"mainEntityOfPage\":{\"@id\":\"https:\/\/universnews224.com\/index.php\/ibrahima-diallo-du-fndc-pour-nous-rien-ne-peut-empecher-cette-manifestation-du-28-juillet\/\"},\"wordCount\":267,\"publisher\":{\"@id\":\"https:\/\/universnews224.com\/#organization\"},\"inLanguage\":\"fr-FR\"},{\"@type\":\"WebPage\",\"@id\":\"https:\/\/universnews224.com\/index.php\/ibrahima-diallo-du-fndc-pour-nous-rien-ne-peut-empecher-cette-manifestation-du-28-juillet\/\",\"url\":\"https:\/\/universnews224.com\/index.php\/ibrahima-diallo-du-fndc-pour-nous-rien-ne-peut-empecher-cette-manifestation-du-28-juillet\/\",\"name\":\"Ibrahima Diallo du FNDC : \u00abpour nous, rien ne peut emp\u00eacher cette manifestation du 28 juillet\u00bb. - UNIVERSNEWS224\",\"isPartOf\":{\"@id\":\"https:\/\/universnews224.com\/#website\"},\"datePublished\":\"2022-07-25T17:49:00+00:00\",\"dateModified\":\"2022-07-25T17:49:00+00:00\",\"inLanguage\":\"fr-FR\",\"potentialAction\":[{\"@type\":\"ReadAction\",\"target\":[\"https:\/\/universnews224.com\/index.php\/ibrahima-diallo-du-fndc-pour-nous-rien-ne-peut-empecher-cette-manifestation-du-28-juillet\/\"]}]},{\"@type\":\"WebSite\",\"@id\":\"https:\/\/universnews224.com\/#website\",\"url\":\"https:\/\/universnews224.com\/\",\"name\":\"UNIVERSNEWS224\",\"description\":\"\",\"publisher\":{\"@id\":\"https:\/\/universnews224.com\/#organization\"},\"potentialAction\":[{\"@type\":\"SearchAction\",\"target\":{\"@type\":\"EntryPoint\",\"urlTemplate\":\"https:\/\/universnews224.com\/?s={search_term_string}\"},\"query-input\":\"required name=search_term_string\"}],\"inLanguage\":\"fr-FR\"},{\"@type\":\"Organization\",\"@id\":\"https:\/\/universnews224.com\/#organization\",\"name\":\"UNIVERSNEWS224\",\"url\":\"https:\/\/universnews224.com\/\",\"logo\":{\"@type\":\"ImageObject\",\"inLanguage\":\"fr-FR\",\"@id\":\"https:\/\/universnews224.com\/#\/schema\/logo\/image\/\",\"url\":\"https:\/\/universnews224.com\/wp-content\/uploads\/2022\/08\/cropped-cropped-logoban.jpg\",\"contentUrl\":\"https:\/\/universnews224.com\/wp-content\/uploads\/2022\/08\/cropped-cropped-logoban.jpg\",\"width\":1080,\"height\":138,\"caption\":\"UNIVERSNEWS224\"},\"image\":{\"@id\":\"https:\/\/universnews224.com\/#\/schema\/logo\/image\/\"}},{\"@type\":\"Person\",\"@id\":\"https:\/\/universnews224.com\/#\/schema\/person\/a4b7d4f94a4716df60456a491260485e\",\"name\":\"La R\u00e9daction\",\"image\":{\"@type\":\"ImageObject\",\"inLanguage\":\"fr-FR\",\"@id\":\"https:\/\/universnews224.com\/#\/schema\/person\/image\/\",\"url\":\"https:\/\/secure.gravatar.com\/avatar\/edb90acc7752b23e1b3307ad36c14f0d?s=96&d=mm&r=g\",\"contentUrl\":\"https:\/\/secure.gravatar.com\/avatar\/edb90acc7752b23e1b3307ad36c14f0d?s=96&d=mm&r=g\",\"caption\":\"La R\u00e9daction\"},\"sameAs\":[\"https:\/\/universnews224.com\"],\"url\":\"https:\/\/universnews224.com\/index.php\/author\/m-camara\/\"}]}<\/script>\n<!-- \/ Yoast SEO plugin. -->","yoast_head_json":{"title":"Ibrahima Diallo du FNDC : \u00abpour nous, rien ne peut emp\u00eacher cette manifestation du 28 juillet\u00bb. - UNIVERSNEWS224","robots":{"index":"index","follow":"follow","max-snippet":"max-snippet:-1","max-image-preview":"max-image-preview:large","max-video-preview":"max-video-preview:-1"},"canonical":"https:\/\/universnews224.com\/index.php\/ibrahima-diallo-du-fndc-pour-nous-rien-ne-peut-empecher-cette-manifestation-du-28-juillet\/","og_locale":"fr_FR","og_type":"article","og_title":"Ibrahima Diallo du FNDC : \u00abpour nous, rien ne peut emp\u00eacher cette manifestation du 28 juillet\u00bb. - UNIVERSNEWS224","og_description":"Le Front National pour la D\u00e9fense de la Constitution (FNDC) est pr\u00eat \u00e0 en d\u00e9coudre","og_url":"https:\/\/universnews224.com\/index.php\/ibrahima-diallo-du-fndc-pour-nous-rien-ne-peut-empecher-cette-manifestation-du-28-juillet\/","og_site_name":"UNIVERSNEWS224","article_published_time":"2022-07-25T17:49:00+00:00","og_image":[{"width":700,"height":372,"url":"https:\/\/universnews224.com\/wp-content\/uploads\/2022\/07\/34BF8EB4-7CED-49C1-A35B-A96B44F90365.jpeg","type":"image\/jpeg"}],"author":"La R\u00e9daction","twitter_misc":{"\u00c9crit par":"La R\u00e9daction","Dur\u00e9e de lecture estim\u00e9e":"2 minutes"},"schema":{"@context":"https:\/\/schema.org","@graph":[{"@type":"Article","@id":"https:\/\/universnews224.com\/index.php\/ibrahima-diallo-du-fndc-pour-nous-rien-ne-peut-empecher-cette-manifestation-du-28-juillet\/#article","isPartOf":{"@id":"https:\/\/universnews224.com\/index.php\/ibrahima-diallo-du-fndc-pour-nous-rien-ne-peut-empecher-cette-manifestation-du-28-juillet\/"},"author":{"name":"La R\u00e9daction","@id":"https:\/\/universnews224.com\/#\/schema\/person\/a4b7d4f94a4716df60456a491260485e"},"headline":"Ibrahima Diallo du FNDC : \u00abpour nous, rien ne peut emp\u00eacher cette manifestation du 28 juillet\u00bb.","datePublished":"2022-07-25T17:49:00+00:00","dateModified":"2022-07-25T17:49:00+00:00","mainEntityOfPage":{"@id":"https:\/\/universnews224.com\/index.php\/ibrahima-diallo-du-fndc-pour-nous-rien-ne-peut-empecher-cette-manifestation-du-28-juillet\/"},"wordCount":267,"publisher":{"@id":"https:\/\/universnews224.com\/#organization"},"inLanguage":"fr-FR"},{"@type":"WebPage","@id":"https:\/\/universnews224.com\/index.php\/ibrahima-diallo-du-fndc-pour-nous-rien-ne-peut-empecher-cette-manifestation-du-28-juillet\/","url":"https:\/\/universnews224.com\/index.php\/ibrahima-diallo-du-fndc-pour-nous-rien-ne-peut-empecher-cette-manifestation-du-28-juillet\/","name":"Ibrahima Diallo du FNDC : \u00abpour nous, rien ne peut emp\u00eacher cette manifestation du 28 juillet\u00bb. - UNIVERSNEWS224","isPartOf":{"@id":"https:\/\/universnews224.com\/#website"},"datePublished":"2022-07-25T17:49:00+00:00","dateModified":"2022-07-25T17:49:00+00:00","inLanguage":"fr-FR","potentialAction":[{"@type":"ReadAction","target":["https:\/\/universnews224.com\/index.php\/ibrahima-diallo-du-fndc-pour-nous-rien-ne-peut-empecher-cette-manifestation-du-28-juillet\/"]}]},{"@type":"WebSite","@id":"https:\/\/universnews224.com\/#website","url":"https:\/\/universnews224.com\/","name":"UNIVERSNEWS224","description":"","publisher":{"@id":"https:\/\/universnews224.com\/#organization"},"potentialAction":[{"@type":"SearchAction","target":{"@type":"EntryPoint","urlTemplate":"https:\/\/universnews224.com\/?s={search_term_string}"},"query-input":"required name=search_term_string"}],"inLanguage":"fr-FR"},{"@type":"Organization","@id":"https:\/\/universnews224.com\/#organization","name":"UNIVERSNEWS224","url":"https:\/\/universnews224.com\/","logo":{"@type":"ImageObject","inLanguage":"fr-FR","@id":"https:\/\/universnews224.com\/#\/schema\/logo\/image\/","url":"https:\/\/universnews224.com\/wp-content\/uploads\/2022\/08\/cropped-cropped-logoban.jpg","contentUrl":"https:\/\/universnews224.com\/wp-content\/uploads\/2022\/08\/cropped-cropped-logoban.jpg","width":1080,"height":138,"caption":"UNIVERSNEWS224"},"image":{"@id":"https:\/\/universnews224.com\/#\/schema\/logo\/image\/"}},{"@type":"Person","@id":"https:\/\/universnews224.com\/#\/schema\/person\/a4b7d4f94a4716df60456a491260485e","name":"La R\u00e9daction","image":{"@type":"ImageObject","inLanguage":"fr-FR","@id":"https:\/\/universnews224.com\/#\/schema\/person\/image\/","url":"https:\/\/secure.gravatar.com\/avatar\/edb90acc7752b23e1b3307ad36c14f0d?s=96&d=mm&r=g","contentUrl":"https:\/\/secure.gravatar.com\/avatar\/edb90acc7752b23e1b3307ad36c14f0d?s=96&d=mm&r=g","caption":"La R\u00e9daction"},"sameAs":["https:\/\/universnews224.com"],"url":"https:\/\/universnews224.com\/index.php\/author\/m-camara\/"}]}},"_links":{"self":[{"href":"https:\/\/universnews224.com\/index.php\/wp-json\/wp\/v2\/posts\/1670"}],"collection":[{"href":"https:\/\/universnews224.com\/index.php\/wp-json\/wp\/v2\/posts"}],"about":[{"href":"https:\/\/universnews224.com\/index.php\/wp-json\/wp\/v2\/types\/post"}],"author":[{"embeddable":true,"href":"https:\/\/universnews224.com\/index.php\/wp-json\/wp\/v2\/users\/2"}],"replies":[{"embeddable":true,"href":"https:\/\/universnews224.com\/index.php\/wp-json\/wp\/v2\/comments?post=1670"}],"version-history":[{"count":1,"href":"https:\/\/universnews224.com\/index.php\/wp-json\/wp\/v2\/posts\/1670\/revisions"}],"predecessor-version":[{"id":1671,"href":"https:\/\/universnews224.com\/index.php\/wp-json\/wp\/v2\/posts\/1670\/revisions\/1671"}],"wp:featuredmedia":[{"embeddable":true,"href":"https:\/\/universnews224.com\/index.php\/wp-json\/wp\/v2\/media\/1537"}],"wp:attachment":[{"href":"https:\/\/universnews224.com\/index.php\/wp-json\/wp\/v2\/media?parent=1670"}],"wp:term":[{"taxonomy":"category","embeddable":true,"href":"https:\/\/universnews224.com\/index.php\/wp-json\/wp\/v2\/categories?post=1670"},{"taxonomy":"post_tag","embeddable":true,"href":"https:\/\/universnews224.com\/index.php\/wp-json\/wp\/v2\/tags?post=1670"}],"curies":[{"name":"wp","href":"https:\/\/api.w.org\/{rel}","templated":true}]}}