{"id":1672,"date":"2022-07-25T18:52:15","date_gmt":"2022-07-25T17:52:15","guid":{"rendered":"https:\/\/universnews224.com\/?p=1672"},"modified":"2022-07-25T18:52:15","modified_gmt":"2022-07-25T17:52:15","slug":"dossier-air-guinee-les-avocats-de-cellou-dalein-diallo-portent-plainte-contre-deux-magistrats-de-la-crief-pour-faute-ou-insuffisance-professionnelle","status":"publish","type":"post","link":"https:\/\/universnews224.com\/index.php\/dossier-air-guinee-les-avocats-de-cellou-dalein-diallo-portent-plainte-contre-deux-magistrats-de-la-crief-pour-faute-ou-insuffisance-professionnelle\/","title":{"rendered":"Dossier Air Guin\u00e9e: les avocats de Cellou Dalein Diallo portent plainte contre deux magistrats de la CRIEF pour\u00ab faute ou insuffisance professionnelLe\u00bb"},"content":{"rendered":"<p>Les avocats de l\u2019ancien premier ministre, Cellou Dalein Diallo, accus\u00e9 par la Cour de R\u00e9pression des Infractions \u00c9conomiques et Financi\u00e8re (CRIEF) \u00abde d\u00e9tournement des deniers publics, corruption, enrichissement illicite\u00bb dans le dossier Air Guin\u00e9e d\u00e9cident de trimballer deux magistrats de la dite cour devant le Conseil Sup\u00e9rieur de la Magistrature (CSM).<\/p>\n<p>Les conseils de Cellou Dalein Diallo ont port\u00e9 plainte pour\u00abfaute ou insuffisance professionnelle\u00bb contre les Magistrats Mohamed Bama Camara et Aly Tour\u00e9, respectivement pr\u00e9sident de la Chambre d\u2019Instruction et Procureur Sp\u00e9cial de la CRIEF.<\/p>\n<p>\u00abMonsieur Cellou Dalein Diallo nous confie un dossier qui laisse para\u00eetre que, dans la proc\u00e9dure engag\u00e9e contre lui par la CRIEF, les d\u00e9lais et les formalit\u00e9s pr\u00e9vus par le code de proc\u00e9dure p\u00e9nale, notamment en son article 144,n\u2019ont pas \u00e9t\u00e9 observ\u00e9s par le pr\u00e9sident de la Chambre d\u2019Instruction qui a sign\u00e9 les deux convocations.<br \/>\nDe m\u00eame, l\u2019examen sommaire des \u00e9l\u00e9ments de faits et de droit du dossier laisse appara\u00eetre \u00e9galement un manquement grave \u00e0 l\u2019obligation d\u2019exactitude et d\u2019impartialit\u00e9 du procureur g\u00e9n\u00e9ral dans l\u2019ouverture d\u2019informations judiciaires et les choix des accusations port\u00e9es contre lui\u00bb ont -t-ils not\u00e9 dans la plainte.<\/p>\n<p>Dans la plainte qu\u2019ils ont adress\u00e9e ce lundi, 25 juillet \u00e0 Alphonse Charles \u00a0Wright, ministre de la justice, garde des sceaux et vice-pr\u00e9sident president du Conseil Sup\u00e9rieur de la Magistrature, ces avocats expriment une certaine crainte.<\/p>\n<p>\u00abIl faut craindre que l\u2019insuffisance professionnelle ou faute professionnelle observ\u00e9e, dans ce dossier Air Guin\u00e9e, ne puisse pas permettre \u00e0 Monsieur Cellou Dalein Diallo d\u2019avoir droit \u00e0 un proc\u00e8s juste et \u00e9quitable devant ces magistrats, d\u2019ores et d\u00e9j\u00e0 , il y a atteinte grave \u00e0 son honneur et \u00e0 son droit \u00e0 la pr\u00e9somption d\u2019innocence\u00bb ont -ils \u00e9crit.<\/p>\n<p>Camara Mamadouba<\/p>\n","protected":false},"excerpt":{"rendered":"<p>Les avocats de l\u2019ancien premier ministre, Cellou Dalein Diallo, accus\u00e9 par la Cour de R\u00e9pression<\/p>\n","protected":false},"author":2,"featured_media":0,"comment_status":"closed","ping_status":"open","sticky":false,"template":"","format":"standard","meta":[],"categories":[1],"tags":[229],"yoast_head":"<!-- This site is optimized with the Yoast SEO plugin v19.13 - https:\/\/yoast.com\/wordpress\/plugins\/seo\/ -->\n<title>Dossier Air Guin\u00e9e: les avocats de Cellou Dalein Diallo portent plainte contre deux magistrats de la CRIEF pour\u00ab faute ou insuffisance professionnelLe\u00bb - UNIVERSNEWS224<\/title>\n<meta name=\"robots\" content=\"index, follow, max-snippet:-1, max-image-preview:large, max-video-preview:-1\" \/>\n<link rel=\"canonical\" href=\"https:\/\/universnews224.com\/index.php\/dossier-air-guinee-les-avocats-de-cellou-dalein-diallo-portent-plainte-contre-deux-magistrats-de-la-crief-pour-faute-ou-insuffisance-professionnelle\/\" \/>\n<meta property=\"og:locale\" content=\"fr_FR\" \/>\n<meta property=\"og:type\" content=\"article\" \/>\n<meta property=\"og:title\" content=\"Dossier Air Guin\u00e9e: les avocats de Cellou Dalein Diallo portent plainte contre deux magistrats de la CRIEF pour\u00ab faute ou insuffisance professionnelLe\u00bb - UNIVERSNEWS224\" \/>\n<meta property=\"og:description\" content=\"Les avocats de l\u2019ancien premier ministre, Cellou Dalein Diallo, accus\u00e9 par la Cour de R\u00e9pression\" \/>\n<meta property=\"og:url\" content=\"https:\/\/universnews224.com\/index.php\/dossier-air-guinee-les-avocats-de-cellou-dalein-diallo-portent-plainte-contre-deux-magistrats-de-la-crief-pour-faute-ou-insuffisance-professionnelle\/\" \/>\n<meta property=\"og:site_name\" content=\"UNIVERSNEWS224\" \/>\n<meta property=\"article:published_time\" content=\"2022-07-25T17:52:15+00:00\" \/>\n<meta name=\"author\" content=\"La R\u00e9daction\" \/>\n<meta name=\"twitter:label1\" content=\"\u00c9crit par\" \/>\n\t<meta name=\"twitter:data1\" content=\"La R\u00e9daction\" \/>\n\t<meta name=\"twitter:label2\" content=\"Dur\u00e9e de lecture estim\u00e9e\" \/>\n\t<meta name=\"twitter:data2\" content=\"2 minutes\" \/>\n<script type=\"application\/ld+json\" class=\"yoast-schema-graph\">{\"@context\":\"https:\/\/schema.org\",\"@graph\":[{\"@type\":\"Article\",\"@id\":\"https:\/\/universnews224.com\/index.php\/dossier-air-guinee-les-avocats-de-cellou-dalein-diallo-portent-plainte-contre-deux-magistrats-de-la-crief-pour-faute-ou-insuffisance-professionnelle\/#article\",\"isPartOf\":{\"@id\":\"https:\/\/universnews224.com\/index.php\/dossier-air-guinee-les-avocats-de-cellou-dalein-diallo-portent-plainte-contre-deux-magistrats-de-la-crief-pour-faute-ou-insuffisance-professionnelle\/\"},\"author\":{\"name\":\"La R\u00e9daction\",\"@id\":\"https:\/\/universnews224.com\/#\/schema\/person\/a4b7d4f94a4716df60456a491260485e\"},\"headline\":\"Dossier Air Guin\u00e9e: les avocats de Cellou Dalein Diallo portent plainte contre deux magistrats de la CRIEF pour\u00ab faute ou insuffisance professionnelLe\u00bb\",\"datePublished\":\"2022-07-25T17:52:15+00:00\",\"dateModified\":\"2022-07-25T17:52:15+00:00\",\"mainEntityOfPage\":{\"@id\":\"https:\/\/universnews224.com\/index.php\/dossier-air-guinee-les-avocats-de-cellou-dalein-diallo-portent-plainte-contre-deux-magistrats-de-la-crief-pour-faute-ou-insuffisance-professionnelle\/\"},\"wordCount\":342,\"publisher\":{\"@id\":\"https:\/\/universnews224.com\/#organization\"},\"keywords\":[\"La une\"],\"inLanguage\":\"fr-FR\"},{\"@type\":\"WebPage\",\"@id\":\"https:\/\/universnews224.com\/index.php\/dossier-air-guinee-les-avocats-de-cellou-dalein-diallo-portent-plainte-contre-deux-magistrats-de-la-crief-pour-faute-ou-insuffisance-professionnelle\/\",\"url\":\"https:\/\/universnews224.com\/index.php\/dossier-air-guinee-les-avocats-de-cellou-dalein-diallo-portent-plainte-contre-deux-magistrats-de-la-crief-pour-faute-ou-insuffisance-professionnelle\/\",\"name\":\"Dossier Air Guin\u00e9e: les avocats de Cellou Dalein Diallo portent plainte contre deux magistrats de la CRIEF pour\u00ab faute ou insuffisance professionnelLe\u00bb - UNIVERSNEWS224\",\"isPartOf\":{\"@id\":\"https:\/\/universnews224.com\/#website\"},\"datePublished\":\"2022-07-25T17:52:15+00:00\",\"dateModified\":\"2022-07-25T17:52:15+00:00\",\"inLanguage\":\"fr-FR\",\"potentialAction\":[{\"@type\":\"ReadAction\",\"target\":[\"https:\/\/universnews224.com\/index.php\/dossier-air-guinee-les-avocats-de-cellou-dalein-diallo-portent-plainte-contre-deux-magistrats-de-la-crief-pour-faute-ou-insuffisance-professionnelle\/\"]}]},{\"@type\":\"WebSite\",\"@id\":\"https:\/\/universnews224.com\/#website\",\"url\":\"https:\/\/universnews224.com\/\",\"name\":\"UNIVERSNEWS224\",\"description\":\"\",\"publisher\":{\"@id\":\"https:\/\/universnews224.com\/#organization\"},\"potentialAction\":[{\"@type\":\"SearchAction\",\"target\":{\"@type\":\"EntryPoint\",\"urlTemplate\":\"https:\/\/universnews224.com\/?s={search_term_string}\"},\"query-input\":\"required name=search_term_string\"}],\"inLanguage\":\"fr-FR\"},{\"@type\":\"Organization\",\"@id\":\"https:\/\/universnews224.com\/#organization\",\"name\":\"UNIVERSNEWS224\",\"url\":\"https:\/\/universnews224.com\/\",\"logo\":{\"@type\":\"ImageObject\",\"inLanguage\":\"fr-FR\",\"@id\":\"https:\/\/universnews224.com\/#\/schema\/logo\/image\/\",\"url\":\"https:\/\/universnews224.com\/wp-content\/uploads\/2022\/08\/cropped-cropped-logoban.jpg\",\"contentUrl\":\"https:\/\/universnews224.com\/wp-content\/uploads\/2022\/08\/cropped-cropped-logoban.jpg\",\"width\":1080,\"height\":138,\"caption\":\"UNIVERSNEWS224\"},\"image\":{\"@id\":\"https:\/\/universnews224.com\/#\/schema\/logo\/image\/\"}},{\"@type\":\"Person\",\"@id\":\"https:\/\/universnews224.com\/#\/schema\/person\/a4b7d4f94a4716df60456a491260485e\",\"name\":\"La R\u00e9daction\",\"image\":{\"@type\":\"ImageObject\",\"inLanguage\":\"fr-FR\",\"@id\":\"https:\/\/universnews224.com\/#\/schema\/person\/image\/\",\"url\":\"https:\/\/secure.gravatar.com\/avatar\/edb90acc7752b23e1b3307ad36c14f0d?s=96&d=mm&r=g\",\"contentUrl\":\"https:\/\/secure.gravatar.com\/avatar\/edb90acc7752b23e1b3307ad36c14f0d?s=96&d=mm&r=g\",\"caption\":\"La R\u00e9daction\"},\"sameAs\":[\"https:\/\/universnews224.com\"],\"url\":\"https:\/\/universnews224.com\/index.php\/author\/m-camara\/\"}]}<\/script>\n<!-- \/ Yoast SEO plugin. -->","yoast_head_json":{"title":"Dossier Air Guin\u00e9e: les avocats de Cellou Dalein Diallo portent plainte contre deux magistrats de la CRIEF pour\u00ab faute ou insuffisance professionnelLe\u00bb - UNIVERSNEWS224","robots":{"index":"index","follow":"follow","max-snippet":"max-snippet:-1","max-image-preview":"max-image-preview:large","max-video-preview":"max-video-preview:-1"},"canonical":"https:\/\/universnews224.com\/index.php\/dossier-air-guinee-les-avocats-de-cellou-dalein-diallo-portent-plainte-contre-deux-magistrats-de-la-crief-pour-faute-ou-insuffisance-professionnelle\/","og_locale":"fr_FR","og_type":"article","og_title":"Dossier Air Guin\u00e9e: les avocats de Cellou Dalein Diallo portent plainte contre deux magistrats de la CRIEF pour\u00ab faute ou insuffisance professionnelLe\u00bb - UNIVERSNEWS224","og_description":"Les avocats de l\u2019ancien premier ministre, Cellou Dalein Diallo, accus\u00e9 par la Cour de R\u00e9pression","og_url":"https:\/\/universnews224.com\/index.php\/dossier-air-guinee-les-avocats-de-cellou-dalein-diallo-portent-plainte-contre-deux-magistrats-de-la-crief-pour-faute-ou-insuffisance-professionnelle\/","og_site_name":"UNIVERSNEWS224","article_published_time":"2022-07-25T17:52:15+00:00","author":"La R\u00e9daction","twitter_misc":{"\u00c9crit par":"La R\u00e9daction","Dur\u00e9e de lecture estim\u00e9e":"2 minutes"},"schema":{"@context":"https:\/\/schema.org","@graph":[{"@type":"Article","@id":"https:\/\/universnews224.com\/index.php\/dossier-air-guinee-les-avocats-de-cellou-dalein-diallo-portent-plainte-contre-deux-magistrats-de-la-crief-pour-faute-ou-insuffisance-professionnelle\/#article","isPartOf":{"@id":"https:\/\/universnews224.com\/index.php\/dossier-air-guinee-les-avocats-de-cellou-dalein-diallo-portent-plainte-contre-deux-magistrats-de-la-crief-pour-faute-ou-insuffisance-professionnelle\/"},"author":{"name":"La R\u00e9daction","@id":"https:\/\/universnews224.com\/#\/schema\/person\/a4b7d4f94a4716df60456a491260485e"},"headline":"Dossier Air Guin\u00e9e: les avocats de Cellou Dalein Diallo portent plainte contre deux magistrats de la CRIEF pour\u00ab faute ou insuffisance professionnelLe\u00bb","datePublished":"2022-07-25T17:52:15+00:00","dateModified":"2022-07-25T17:52:15+00:00","mainEntityOfPage":{"@id":"https:\/\/universnews224.com\/index.php\/dossier-air-guinee-les-avocats-de-cellou-dalein-diallo-portent-plainte-contre-deux-magistrats-de-la-crief-pour-faute-ou-insuffisance-professionnelle\/"},"wordCount":342,"publisher":{"@id":"https:\/\/universnews224.com\/#organization"},"keywords":["La une"],"inLanguage":"fr-FR"},{"@type":"WebPage","@id":"https:\/\/universnews224.com\/index.php\/dossier-air-guinee-les-avocats-de-cellou-dalein-diallo-portent-plainte-contre-deux-magistrats-de-la-crief-pour-faute-ou-insuffisance-professionnelle\/","url":"https:\/\/universnews224.com\/index.php\/dossier-air-guinee-les-avocats-de-cellou-dalein-diallo-portent-plainte-contre-deux-magistrats-de-la-crief-pour-faute-ou-insuffisance-professionnelle\/","name":"Dossier Air Guin\u00e9e: les avocats de Cellou Dalein Diallo portent plainte contre deux magistrats de la CRIEF pour\u00ab faute ou insuffisance professionnelLe\u00bb - UNIVERSNEWS224","isPartOf":{"@id":"https:\/\/universnews224.com\/#website"},"datePublished":"2022-07-25T17:52:15+00:00","dateModified":"2022-07-25T17:52:15+00:00","inLanguage":"fr-FR","potentialAction":[{"@type":"ReadAction","target":["https:\/\/universnews224.com\/index.php\/dossier-air-guinee-les-avocats-de-cellou-dalein-diallo-portent-plainte-contre-deux-magistrats-de-la-crief-pour-faute-ou-insuffisance-professionnelle\/"]}]},{"@type":"WebSite","@id":"https:\/\/universnews224.com\/#website","url":"https:\/\/universnews224.com\/","name":"UNIVERSNEWS224","description":"","publisher":{"@id":"https:\/\/universnews224.com\/#organization"},"potentialAction":[{"@type":"SearchAction","target":{"@type":"EntryPoint","urlTemplate":"https:\/\/universnews224.com\/?s={search_term_string}"},"query-input":"required name=search_term_string"}],"inLanguage":"fr-FR"},{"@type":"Organization","@id":"https:\/\/universnews224.com\/#organization","name":"UNIVERSNEWS224","url":"https:\/\/universnews224.com\/","logo":{"@type":"ImageObject","inLanguage":"fr-FR","@id":"https:\/\/universnews224.com\/#\/schema\/logo\/image\/","url":"https:\/\/universnews224.com\/wp-content\/uploads\/2022\/08\/cropped-cropped-logoban.jpg","contentUrl":"https:\/\/universnews224.com\/wp-content\/uploads\/2022\/08\/cropped-cropped-logoban.jpg","width":1080,"height":138,"caption":"UNIVERSNEWS224"},"image":{"@id":"https:\/\/universnews224.com\/#\/schema\/logo\/image\/"}},{"@type":"Person","@id":"https:\/\/universnews224.com\/#\/schema\/person\/a4b7d4f94a4716df60456a491260485e","name":"La R\u00e9daction","image":{"@type":"ImageObject","inLanguage":"fr-FR","@id":"https:\/\/universnews224.com\/#\/schema\/person\/image\/","url":"https:\/\/secure.gravatar.com\/avatar\/edb90acc7752b23e1b3307ad36c14f0d?s=96&d=mm&r=g","contentUrl":"https:\/\/secure.gravatar.com\/avatar\/edb90acc7752b23e1b3307ad36c14f0d?s=96&d=mm&r=g","caption":"La R\u00e9daction"},"sameAs":["https:\/\/universnews224.com"],"url":"https:\/\/universnews224.com\/index.php\/author\/m-camara\/"}]}},"_links":{"self":[{"href":"https:\/\/universnews224.com\/index.php\/wp-json\/wp\/v2\/posts\/1672"}],"collection":[{"href":"https:\/\/universnews224.com\/index.php\/wp-json\/wp\/v2\/posts"}],"about":[{"href":"https:\/\/universnews224.com\/index.php\/wp-json\/wp\/v2\/types\/post"}],"author":[{"embeddable":true,"href":"https:\/\/universnews224.com\/index.php\/wp-json\/wp\/v2\/users\/2"}],"replies":[{"embeddable":true,"href":"https:\/\/universnews224.com\/index.php\/wp-json\/wp\/v2\/comments?post=1672"}],"version-history":[{"count":1,"href":"https:\/\/universnews224.com\/index.php\/wp-json\/wp\/v2\/posts\/1672\/revisions"}],"predecessor-version":[{"id":1673,"href":"https:\/\/universnews224.com\/index.php\/wp-json\/wp\/v2\/posts\/1672\/revisions\/1673"}],"wp:attachment":[{"href":"https:\/\/universnews224.com\/index.php\/wp-json\/wp\/v2\/media?parent=1672"}],"wp:term":[{"taxonomy":"category","embeddable":true,"href":"https:\/\/universnews224.com\/index.php\/wp-json\/wp\/v2\/categories?post=1672"},{"taxonomy":"post_tag","embeddable":true,"href":"https:\/\/universnews224.com\/index.php\/wp-json\/wp\/v2\/tags?post=1672"}],"curies":[{"name":"wp","href":"https:\/\/api.w.org\/{rel}","templated":true}]}}