{"id":1674,"date":"2022-07-27T02:56:43","date_gmt":"2022-07-27T01:56:43","guid":{"rendered":"https:\/\/universnews224.com\/?p=1674"},"modified":"2022-07-27T02:56:43","modified_gmt":"2022-07-27T01:56:43","slug":"risque-de-represailles-de-manif-du-28-juillet-les-avocats-du-fndc-saisissent-lonu-et-accusent-les-hauts-responsables-du-cnrd","status":"publish","type":"post","link":"https:\/\/universnews224.com\/index.php\/risque-de-represailles-de-manif-du-28-juillet-les-avocats-du-fndc-saisissent-lonu-et-accusent-les-hauts-responsables-du-cnrd\/","title":{"rendered":"Risque de repr\u00e9sailles de manif du 28 juillet: Les avocats du FNDC saisissent l\u2019ONU et accusent les hauts responsables du CNRD."},"content":{"rendered":"<div dir=\"ltr\">\u00c0 24 heure de la marche projet\u00e9e par le Front National pour la Constitution (FNDC) pour exiger le retour rapide \u00e0 l\u2019ordre constitutionnel. Les avocats internationaux du mouvement anti 3\u00e8me mandat ont, dans une correspondance adress\u00e9e \u00e0 la Haut-Commissaire des droits de l\u2019homme, Michelle Bachelet disent craindre des repr\u00e9sailles contre leurs clients et chargent gravement les hauts responsables de la junte militaire au pouvoir en Guin\u00e9e.<\/div>\n<div dir=\"ltr\"><\/div>\n<div dir=\"ltr\">\u00ab(\u2026)Nous redoutons \u00e9galement que ces actions d\u00e9sormais dirig\u00e9es contre la soci\u00e9t\u00e9 civile \u00e0 travers le FNDC aient pour effet de r\u00e9primer durement les prochaines manifestations pacifiques et citoyennes du FNDC projet\u00e9es le 28 juillet 2022 dans le grand Conakry et le 04 aout 2022 sur tout le territoire national. Ces inqui\u00e9tudes sont notamment justifi\u00e9es par les derni\u00e8res nominations au sein de la police guin\u00e9enne \u00e0 travers le retour des officiers susceptibles d\u2019\u00eatre impliqu\u00e9s dans la r\u00e9pression des manifestations contre le troisi\u00e8me mandat de Monsieur Alpha cond\u00e9. Il est important de signaler que le coup d\u2019\u00e9tat du 05 septembre 2021 dirig\u00e9 par les colonels Mamady Doumbouya (ancien commandant des forces sp\u00e9ciales), Balla Samoura (ancien coordinateur des unit\u00e9s de gendarmerie de la ville de conakry) et Abdoulaye Keita (ancien commandant du Bataillon autonome des troupes a\u00e9roport\u00e9s) aurait, selon les informations dont dispose le FNDC, entrain\u00e9 des d\u00e9c\u00e8s. Or, aucune enqu\u00eate n\u2019a \u00e9t\u00e9 diligent\u00e9e et les corps des d\u00e9funts n\u2019ont pas \u00e9t\u00e9 restitu\u00e9es aux familles endeuill\u00e9es qui l\u2019exigent. Nous nous interrogeons \u00e9galement sur l\u2019implication de ces trois officiers dans la r\u00e9pression sanglante et meurtri\u00e8re du double scrutin contest\u00e9 du 22 mars 2020\u00bb mart\u00e8le la correspondance.<\/div>\n<div dir=\"ltr\"><\/div>\n<div dir=\"ltr\">Camara Mamadouba<\/div>\n","protected":false},"excerpt":{"rendered":"<p>\u00c0 24 heure de la marche projet\u00e9e par le Front National pour la Constitution (FNDC)<\/p>\n","protected":false},"author":2,"featured_media":1675,"comment_status":"closed","ping_status":"open","sticky":false,"template":"","format":"standard","meta":[],"categories":[1],"tags":[229],"yoast_head":"<!-- This site is optimized with the Yoast SEO plugin v19.13 - https:\/\/yoast.com\/wordpress\/plugins\/seo\/ -->\n<title>Risque de repr\u00e9sailles de manif du 28 juillet: Les avocats du FNDC saisissent l\u2019ONU et accusent les hauts responsables du CNRD. - UNIVERSNEWS224<\/title>\n<meta name=\"robots\" content=\"index, follow, max-snippet:-1, max-image-preview:large, max-video-preview:-1\" \/>\n<link rel=\"canonical\" href=\"https:\/\/universnews224.com\/index.php\/risque-de-represailles-de-manif-du-28-juillet-les-avocats-du-fndc-saisissent-lonu-et-accusent-les-hauts-responsables-du-cnrd\/\" \/>\n<meta property=\"og:locale\" content=\"fr_FR\" \/>\n<meta property=\"og:type\" content=\"article\" \/>\n<meta property=\"og:title\" content=\"Risque de repr\u00e9sailles de manif du 28 juillet: Les avocats du FNDC saisissent l\u2019ONU et accusent les hauts responsables du CNRD. - UNIVERSNEWS224\" \/>\n<meta property=\"og:description\" content=\"\u00c0 24 heure de la marche projet\u00e9e par le Front National pour la Constitution (FNDC)\" \/>\n<meta property=\"og:url\" content=\"https:\/\/universnews224.com\/index.php\/risque-de-represailles-de-manif-du-28-juillet-les-avocats-du-fndc-saisissent-lonu-et-accusent-les-hauts-responsables-du-cnrd\/\" \/>\n<meta property=\"og:site_name\" content=\"UNIVERSNEWS224\" \/>\n<meta property=\"article:published_time\" content=\"2022-07-27T01:56:43+00:00\" \/>\n<meta property=\"og:image\" content=\"https:\/\/universnews224.com\/wp-content\/uploads\/2022\/07\/2885DDF8-71AE-4791-8D7C-583736E12D1D.jpeg\" \/>\n\t<meta property=\"og:image:width\" content=\"1080\" \/>\n\t<meta property=\"og:image:height\" content=\"831\" \/>\n\t<meta property=\"og:image:type\" content=\"image\/jpeg\" \/>\n<meta name=\"author\" content=\"La R\u00e9daction\" \/>\n<meta name=\"twitter:label1\" content=\"\u00c9crit par\" \/>\n\t<meta name=\"twitter:data1\" content=\"La R\u00e9daction\" \/>\n\t<meta name=\"twitter:label2\" content=\"Dur\u00e9e de lecture estim\u00e9e\" \/>\n\t<meta name=\"twitter:data2\" content=\"2 minutes\" \/>\n<script type=\"application\/ld+json\" class=\"yoast-schema-graph\">{\"@context\":\"https:\/\/schema.org\",\"@graph\":[{\"@type\":\"Article\",\"@id\":\"https:\/\/universnews224.com\/index.php\/risque-de-represailles-de-manif-du-28-juillet-les-avocats-du-fndc-saisissent-lonu-et-accusent-les-hauts-responsables-du-cnrd\/#article\",\"isPartOf\":{\"@id\":\"https:\/\/universnews224.com\/index.php\/risque-de-represailles-de-manif-du-28-juillet-les-avocats-du-fndc-saisissent-lonu-et-accusent-les-hauts-responsables-du-cnrd\/\"},\"author\":{\"name\":\"La R\u00e9daction\",\"@id\":\"https:\/\/universnews224.com\/#\/schema\/person\/a4b7d4f94a4716df60456a491260485e\"},\"headline\":\"Risque de repr\u00e9sailles de manif du 28 juillet: Les avocats du FNDC saisissent l\u2019ONU et accusent les hauts responsables du CNRD.\",\"datePublished\":\"2022-07-27T01:56:43+00:00\",\"dateModified\":\"2022-07-27T01:56:43+00:00\",\"mainEntityOfPage\":{\"@id\":\"https:\/\/universnews224.com\/index.php\/risque-de-represailles-de-manif-du-28-juillet-les-avocats-du-fndc-saisissent-lonu-et-accusent-les-hauts-responsables-du-cnrd\/\"},\"wordCount\":306,\"publisher\":{\"@id\":\"https:\/\/universnews224.com\/#organization\"},\"keywords\":[\"La une\"],\"inLanguage\":\"fr-FR\"},{\"@type\":\"WebPage\",\"@id\":\"https:\/\/universnews224.com\/index.php\/risque-de-represailles-de-manif-du-28-juillet-les-avocats-du-fndc-saisissent-lonu-et-accusent-les-hauts-responsables-du-cnrd\/\",\"url\":\"https:\/\/universnews224.com\/index.php\/risque-de-represailles-de-manif-du-28-juillet-les-avocats-du-fndc-saisissent-lonu-et-accusent-les-hauts-responsables-du-cnrd\/\",\"name\":\"Risque de repr\u00e9sailles de manif du 28 juillet: Les avocats du FNDC saisissent l\u2019ONU et accusent les hauts responsables du CNRD. - UNIVERSNEWS224\",\"isPartOf\":{\"@id\":\"https:\/\/universnews224.com\/#website\"},\"datePublished\":\"2022-07-27T01:56:43+00:00\",\"dateModified\":\"2022-07-27T01:56:43+00:00\",\"inLanguage\":\"fr-FR\",\"potentialAction\":[{\"@type\":\"ReadAction\",\"target\":[\"https:\/\/universnews224.com\/index.php\/risque-de-represailles-de-manif-du-28-juillet-les-avocats-du-fndc-saisissent-lonu-et-accusent-les-hauts-responsables-du-cnrd\/\"]}]},{\"@type\":\"WebSite\",\"@id\":\"https:\/\/universnews224.com\/#website\",\"url\":\"https:\/\/universnews224.com\/\",\"name\":\"UNIVERSNEWS224\",\"description\":\"\",\"publisher\":{\"@id\":\"https:\/\/universnews224.com\/#organization\"},\"potentialAction\":[{\"@type\":\"SearchAction\",\"target\":{\"@type\":\"EntryPoint\",\"urlTemplate\":\"https:\/\/universnews224.com\/?s={search_term_string}\"},\"query-input\":\"required name=search_term_string\"}],\"inLanguage\":\"fr-FR\"},{\"@type\":\"Organization\",\"@id\":\"https:\/\/universnews224.com\/#organization\",\"name\":\"UNIVERSNEWS224\",\"url\":\"https:\/\/universnews224.com\/\",\"logo\":{\"@type\":\"ImageObject\",\"inLanguage\":\"fr-FR\",\"@id\":\"https:\/\/universnews224.com\/#\/schema\/logo\/image\/\",\"url\":\"https:\/\/universnews224.com\/wp-content\/uploads\/2022\/08\/cropped-cropped-logoban.jpg\",\"contentUrl\":\"https:\/\/universnews224.com\/wp-content\/uploads\/2022\/08\/cropped-cropped-logoban.jpg\",\"width\":1080,\"height\":138,\"caption\":\"UNIVERSNEWS224\"},\"image\":{\"@id\":\"https:\/\/universnews224.com\/#\/schema\/logo\/image\/\"}},{\"@type\":\"Person\",\"@id\":\"https:\/\/universnews224.com\/#\/schema\/person\/a4b7d4f94a4716df60456a491260485e\",\"name\":\"La R\u00e9daction\",\"image\":{\"@type\":\"ImageObject\",\"inLanguage\":\"fr-FR\",\"@id\":\"https:\/\/universnews224.com\/#\/schema\/person\/image\/\",\"url\":\"https:\/\/secure.gravatar.com\/avatar\/edb90acc7752b23e1b3307ad36c14f0d?s=96&d=mm&r=g\",\"contentUrl\":\"https:\/\/secure.gravatar.com\/avatar\/edb90acc7752b23e1b3307ad36c14f0d?s=96&d=mm&r=g\",\"caption\":\"La R\u00e9daction\"},\"sameAs\":[\"https:\/\/universnews224.com\"],\"url\":\"https:\/\/universnews224.com\/index.php\/author\/m-camara\/\"}]}<\/script>\n<!-- \/ Yoast SEO plugin. -->","yoast_head_json":{"title":"Risque de repr\u00e9sailles de manif du 28 juillet: Les avocats du FNDC saisissent l\u2019ONU et accusent les hauts responsables du CNRD. - UNIVERSNEWS224","robots":{"index":"index","follow":"follow","max-snippet":"max-snippet:-1","max-image-preview":"max-image-preview:large","max-video-preview":"max-video-preview:-1"},"canonical":"https:\/\/universnews224.com\/index.php\/risque-de-represailles-de-manif-du-28-juillet-les-avocats-du-fndc-saisissent-lonu-et-accusent-les-hauts-responsables-du-cnrd\/","og_locale":"fr_FR","og_type":"article","og_title":"Risque de repr\u00e9sailles de manif du 28 juillet: Les avocats du FNDC saisissent l\u2019ONU et accusent les hauts responsables du CNRD. - UNIVERSNEWS224","og_description":"\u00c0 24 heure de la marche projet\u00e9e par le Front National pour la Constitution (FNDC)","og_url":"https:\/\/universnews224.com\/index.php\/risque-de-represailles-de-manif-du-28-juillet-les-avocats-du-fndc-saisissent-lonu-et-accusent-les-hauts-responsables-du-cnrd\/","og_site_name":"UNIVERSNEWS224","article_published_time":"2022-07-27T01:56:43+00:00","og_image":[{"width":1080,"height":831,"url":"https:\/\/universnews224.com\/wp-content\/uploads\/2022\/07\/2885DDF8-71AE-4791-8D7C-583736E12D1D.jpeg","type":"image\/jpeg"}],"author":"La R\u00e9daction","twitter_misc":{"\u00c9crit par":"La R\u00e9daction","Dur\u00e9e de lecture estim\u00e9e":"2 minutes"},"schema":{"@context":"https:\/\/schema.org","@graph":[{"@type":"Article","@id":"https:\/\/universnews224.com\/index.php\/risque-de-represailles-de-manif-du-28-juillet-les-avocats-du-fndc-saisissent-lonu-et-accusent-les-hauts-responsables-du-cnrd\/#article","isPartOf":{"@id":"https:\/\/universnews224.com\/index.php\/risque-de-represailles-de-manif-du-28-juillet-les-avocats-du-fndc-saisissent-lonu-et-accusent-les-hauts-responsables-du-cnrd\/"},"author":{"name":"La R\u00e9daction","@id":"https:\/\/universnews224.com\/#\/schema\/person\/a4b7d4f94a4716df60456a491260485e"},"headline":"Risque de repr\u00e9sailles de manif du 28 juillet: Les avocats du FNDC saisissent l\u2019ONU et accusent les hauts responsables du CNRD.","datePublished":"2022-07-27T01:56:43+00:00","dateModified":"2022-07-27T01:56:43+00:00","mainEntityOfPage":{"@id":"https:\/\/universnews224.com\/index.php\/risque-de-represailles-de-manif-du-28-juillet-les-avocats-du-fndc-saisissent-lonu-et-accusent-les-hauts-responsables-du-cnrd\/"},"wordCount":306,"publisher":{"@id":"https:\/\/universnews224.com\/#organization"},"keywords":["La une"],"inLanguage":"fr-FR"},{"@type":"WebPage","@id":"https:\/\/universnews224.com\/index.php\/risque-de-represailles-de-manif-du-28-juillet-les-avocats-du-fndc-saisissent-lonu-et-accusent-les-hauts-responsables-du-cnrd\/","url":"https:\/\/universnews224.com\/index.php\/risque-de-represailles-de-manif-du-28-juillet-les-avocats-du-fndc-saisissent-lonu-et-accusent-les-hauts-responsables-du-cnrd\/","name":"Risque de repr\u00e9sailles de manif du 28 juillet: Les avocats du FNDC saisissent l\u2019ONU et accusent les hauts responsables du CNRD. - UNIVERSNEWS224","isPartOf":{"@id":"https:\/\/universnews224.com\/#website"},"datePublished":"2022-07-27T01:56:43+00:00","dateModified":"2022-07-27T01:56:43+00:00","inLanguage":"fr-FR","potentialAction":[{"@type":"ReadAction","target":["https:\/\/universnews224.com\/index.php\/risque-de-represailles-de-manif-du-28-juillet-les-avocats-du-fndc-saisissent-lonu-et-accusent-les-hauts-responsables-du-cnrd\/"]}]},{"@type":"WebSite","@id":"https:\/\/universnews224.com\/#website","url":"https:\/\/universnews224.com\/","name":"UNIVERSNEWS224","description":"","publisher":{"@id":"https:\/\/universnews224.com\/#organization"},"potentialAction":[{"@type":"SearchAction","target":{"@type":"EntryPoint","urlTemplate":"https:\/\/universnews224.com\/?s={search_term_string}"},"query-input":"required name=search_term_string"}],"inLanguage":"fr-FR"},{"@type":"Organization","@id":"https:\/\/universnews224.com\/#organization","name":"UNIVERSNEWS224","url":"https:\/\/universnews224.com\/","logo":{"@type":"ImageObject","inLanguage":"fr-FR","@id":"https:\/\/universnews224.com\/#\/schema\/logo\/image\/","url":"https:\/\/universnews224.com\/wp-content\/uploads\/2022\/08\/cropped-cropped-logoban.jpg","contentUrl":"https:\/\/universnews224.com\/wp-content\/uploads\/2022\/08\/cropped-cropped-logoban.jpg","width":1080,"height":138,"caption":"UNIVERSNEWS224"},"image":{"@id":"https:\/\/universnews224.com\/#\/schema\/logo\/image\/"}},{"@type":"Person","@id":"https:\/\/universnews224.com\/#\/schema\/person\/a4b7d4f94a4716df60456a491260485e","name":"La R\u00e9daction","image":{"@type":"ImageObject","inLanguage":"fr-FR","@id":"https:\/\/universnews224.com\/#\/schema\/person\/image\/","url":"https:\/\/secure.gravatar.com\/avatar\/edb90acc7752b23e1b3307ad36c14f0d?s=96&d=mm&r=g","contentUrl":"https:\/\/secure.gravatar.com\/avatar\/edb90acc7752b23e1b3307ad36c14f0d?s=96&d=mm&r=g","caption":"La R\u00e9daction"},"sameAs":["https:\/\/universnews224.com"],"url":"https:\/\/universnews224.com\/index.php\/author\/m-camara\/"}]}},"_links":{"self":[{"href":"https:\/\/universnews224.com\/index.php\/wp-json\/wp\/v2\/posts\/1674"}],"collection":[{"href":"https:\/\/universnews224.com\/index.php\/wp-json\/wp\/v2\/posts"}],"about":[{"href":"https:\/\/universnews224.com\/index.php\/wp-json\/wp\/v2\/types\/post"}],"author":[{"embeddable":true,"href":"https:\/\/universnews224.com\/index.php\/wp-json\/wp\/v2\/users\/2"}],"replies":[{"embeddable":true,"href":"https:\/\/universnews224.com\/index.php\/wp-json\/wp\/v2\/comments?post=1674"}],"version-history":[{"count":1,"href":"https:\/\/universnews224.com\/index.php\/wp-json\/wp\/v2\/posts\/1674\/revisions"}],"predecessor-version":[{"id":1676,"href":"https:\/\/universnews224.com\/index.php\/wp-json\/wp\/v2\/posts\/1674\/revisions\/1676"}],"wp:featuredmedia":[{"embeddable":true,"href":"https:\/\/universnews224.com\/index.php\/wp-json\/wp\/v2\/media\/1675"}],"wp:attachment":[{"href":"https:\/\/universnews224.com\/index.php\/wp-json\/wp\/v2\/media?parent=1674"}],"wp:term":[{"taxonomy":"category","embeddable":true,"href":"https:\/\/universnews224.com\/index.php\/wp-json\/wp\/v2\/categories?post=1674"},{"taxonomy":"post_tag","embeddable":true,"href":"https:\/\/universnews224.com\/index.php\/wp-json\/wp\/v2\/tags?post=1674"}],"curies":[{"name":"wp","href":"https:\/\/api.w.org\/{rel}","templated":true}]}}