{"id":1707,"date":"2022-07-29T21:28:55","date_gmt":"2022-07-29T20:28:55","guid":{"rendered":"https:\/\/universnews224.com\/?p=1707"},"modified":"2022-07-29T21:28:55","modified_gmt":"2022-07-29T20:28:55","slug":"tenue-du-proces-du-28-septembre-2009-le-comite-de-pilotage-et-les-partenaires-sont-en-conclaves-a-conakry","status":"publish","type":"post","link":"https:\/\/universnews224.com\/index.php\/tenue-du-proces-du-28-septembre-2009-le-comite-de-pilotage-et-les-partenaires-sont-en-conclaves-a-conakry\/","title":{"rendered":"Tenue du proc\u00e8s du 28 septembre 2009: le comit\u00e9 de pilotage et les partenaires sont en conclaves \u00e0 Conakry."},"content":{"rendered":"<p>Dans le cadre de l\u2019organisation du proc\u00e8s du massacre du 28 septembre 2009, le comit\u00e9 de pilotage dudit proc\u00e8s a tenu ce vendredi, 29 juillet \u00e0 Conakry, une r\u00e9union extraordinaire, sous l\u2019\u00e9gide du ministre de la Justice, Garde des Sceaux et des Droits de l\u2019Homme, Alphonse Charles Wright.<\/p>\n<p>Pendant plusieurs heures, les \u00e9changes entre le comit\u00e9 et ses partenaires ont port\u00e9 sur l\u2019\u00e9tat d\u2019avancement des travaux de construction et d\u2019\u00e9quipement du Tribunal Ad-hoc pour la tenue du proc\u00e8s des \u00e9v\u00e8nements du 28 septembre 2009, de l\u2019examen et validation du Plan de la formation des magistrats et greffiers charg\u00e9s de conduire le proc\u00e8s, de l\u2019examen et validation du projet de d\u00e9cret portant cr\u00e9ation, attributions, organisation et fonctionnement du Fonds d\u2019indemnisation des victimes des \u00e9v\u00e8nements du 28 septembre 2009 et de l\u2019examen et validation du projet de Strat\u00e9gie de communication du proc\u00e8s.<\/p>\n<p>Au sortir de la rencontre,Ir\u00e8ne Hadji Malis, secr\u00e9taire g\u00e9n\u00e9rale du ministre de la justice, revient sur les grandes lignes ont sanctionn\u00e9 la r\u00e9union.<br \/>\n<a href=\"https:\/\/universnews224.com\/wp-content\/uploads\/2022\/07\/74F37165-F5C6-4A20-9315-A5F42BB304A1.jpeg\"><img loading=\"lazy\" class=\"alignnone size-medium wp-image-1708\" src=\"https:\/\/universnews224.com\/wp-content\/uploads\/2022\/07\/74F37165-F5C6-4A20-9315-A5F42BB304A1-300x169.jpeg\" alt=\"\" width=\"300\" height=\"169\" srcset=\"https:\/\/universnews224.com\/wp-content\/uploads\/2022\/07\/74F37165-F5C6-4A20-9315-A5F42BB304A1-300x169.jpeg 300w, https:\/\/universnews224.com\/wp-content\/uploads\/2022\/07\/74F37165-F5C6-4A20-9315-A5F42BB304A1-1024x576.jpeg 1024w, https:\/\/universnews224.com\/wp-content\/uploads\/2022\/07\/74F37165-F5C6-4A20-9315-A5F42BB304A1-768x432.jpeg 768w, https:\/\/universnews224.com\/wp-content\/uploads\/2022\/07\/74F37165-F5C6-4A20-9315-A5F42BB304A1-1536x864.jpeg 1536w, https:\/\/universnews224.com\/wp-content\/uploads\/2022\/07\/74F37165-F5C6-4A20-9315-A5F42BB304A1-800x450.jpeg 800w, https:\/\/universnews224.com\/wp-content\/uploads\/2022\/07\/74F37165-F5C6-4A20-9315-A5F42BB304A1.jpeg 2048w\" sizes=\"(max-width: 300px) 100vw, 300px\" \/><\/a><br \/>\n\u00abNous sortons d\u2019une rencontre. Il s\u2019agit d\u2019une r\u00e9union extraordinaire du comit\u00e9 de pilotage \u00e9tendu aux deux autres organes qui sont le comit\u00e9 technique de suivi et de comit\u00e9 de gestion. Cette rencontre a \u00e9t\u00e9 initi\u00e9e par Monsieur gardes de sceaux, ministre de la justice. Le comit\u00e9 technique pr\u00e9pare les r\u00e9unions du comit\u00e9 de pilotage et l\u00e0, nous avons pr\u00e9par\u00e9 des textes que nous avons soumis pour que nous puissions tous ensemble les valider, mais malheureusement les diff\u00e9rents documents qui ont \u00e9t\u00e9 pr\u00e9sent\u00e9s n\u2019\u00e9taient pas totalement en point. Donc, nous avons quelques petites retouches \u00e0 faire, pour les soumettre. Tout cela est fait en vue de l\u2019organisation du proc\u00e8s du 28 septembre. Vous n\u2019\u00eates pas sans le savoir que le pr\u00e9sident de la R\u00e9publique, le Colonel Mamadi Doumbouya a dit qu\u2019il voudrait que la tenue ce proc\u00e8s ait lieu avant le 28 septembre. Donc, nous sommes \u00e0 \u0153uvrer pour mettre tous jalons en place pour que ce proc\u00e8s ait lieu comme il l\u2019a dit\u00bb a t-elle martel\u00e9.<\/p>\n<p>De son c\u00f4t\u00e9, Ibrahima Sacko, repr\u00e9sentant Haut-Commissariat des Droits de l\u2019homme en Guin\u00e9e se dit confiant quant \u00e0 la tenue du proc\u00e8s dans un bref d\u00e9lai.<br \/>\n<a href=\"https:\/\/universnews224.com\/wp-content\/uploads\/2022\/07\/751E47E7-DAE5-478A-B7D3-C663CCB8E72B.jpeg\"><img loading=\"lazy\" class=\"alignnone size-medium wp-image-1709\" src=\"https:\/\/universnews224.com\/wp-content\/uploads\/2022\/07\/751E47E7-DAE5-478A-B7D3-C663CCB8E72B-300x169.jpeg\" alt=\"\" width=\"300\" height=\"169\" srcset=\"https:\/\/universnews224.com\/wp-content\/uploads\/2022\/07\/751E47E7-DAE5-478A-B7D3-C663CCB8E72B-300x169.jpeg 300w, https:\/\/universnews224.com\/wp-content\/uploads\/2022\/07\/751E47E7-DAE5-478A-B7D3-C663CCB8E72B-1024x576.jpeg 1024w, https:\/\/universnews224.com\/wp-content\/uploads\/2022\/07\/751E47E7-DAE5-478A-B7D3-C663CCB8E72B-768x432.jpeg 768w, https:\/\/universnews224.com\/wp-content\/uploads\/2022\/07\/751E47E7-DAE5-478A-B7D3-C663CCB8E72B-800x450.jpeg 800w, https:\/\/universnews224.com\/wp-content\/uploads\/2022\/07\/751E47E7-DAE5-478A-B7D3-C663CCB8E72B.jpeg 1242w\" sizes=\"(max-width: 300px) 100vw, 300px\" \/><\/a><\/p>\n<p>\u00abNous avons \u00e9t\u00e9 invit\u00e9 par le ministre pour venir participer \u00e0 la r\u00e9union du comit\u00e9 de pilotage \u00a0du proc\u00e8s du 28 septembre. Depuis la cr\u00e9ation de ce comit\u00e9, nous accompagnons l\u2019Etat Guin\u00e9en pour que ce proc\u00e8s soit tenu dans le respect des r\u00e8gles internationales en mati\u00e8re de proc\u00e8s juste et \u00e9quitable. Les choses concr\u00e8tes ont \u00e9t\u00e9 discut\u00e9es aujourd\u2019hui et qui peuvent nous conduire vers la tenue de ce proc\u00e8s dans un d\u00e9lai relativement court\u00a0\u00bb a t-il indique.<\/p>\n<p>Camara Mamadouba<\/p>\n","protected":false},"excerpt":{"rendered":"<p>Dans le cadre de l\u2019organisation du proc\u00e8s du massacre du 28 septembre 2009, le comit\u00e9<\/p>\n","protected":false},"author":2,"featured_media":1710,"comment_status":"closed","ping_status":"open","sticky":false,"template":"","format":"standard","meta":[],"categories":[1],"tags":[229],"yoast_head":"<!-- This site is optimized with the Yoast SEO plugin v19.13 - https:\/\/yoast.com\/wordpress\/plugins\/seo\/ -->\n<title>Tenue du proc\u00e8s du 28 septembre 2009: le comit\u00e9 de pilotage et les partenaires sont en conclaves \u00e0 Conakry. - UNIVERSNEWS224<\/title>\n<meta name=\"robots\" content=\"index, follow, max-snippet:-1, max-image-preview:large, max-video-preview:-1\" \/>\n<link rel=\"canonical\" href=\"https:\/\/universnews224.com\/index.php\/tenue-du-proces-du-28-septembre-2009-le-comite-de-pilotage-et-les-partenaires-sont-en-conclaves-a-conakry\/\" \/>\n<meta property=\"og:locale\" content=\"fr_FR\" \/>\n<meta property=\"og:type\" content=\"article\" \/>\n<meta property=\"og:title\" content=\"Tenue du proc\u00e8s du 28 septembre 2009: le comit\u00e9 de pilotage et les partenaires sont en conclaves \u00e0 Conakry. - UNIVERSNEWS224\" \/>\n<meta property=\"og:description\" content=\"Dans le cadre de l\u2019organisation du proc\u00e8s du massacre du 28 septembre 2009, le comit\u00e9\" \/>\n<meta property=\"og:url\" content=\"https:\/\/universnews224.com\/index.php\/tenue-du-proces-du-28-septembre-2009-le-comite-de-pilotage-et-les-partenaires-sont-en-conclaves-a-conakry\/\" \/>\n<meta property=\"og:site_name\" content=\"UNIVERSNEWS224\" \/>\n<meta property=\"article:published_time\" content=\"2022-07-29T20:28:55+00:00\" \/>\n<meta property=\"og:image\" content=\"https:\/\/universnews224.com\/wp-content\/uploads\/2022\/07\/A5360635-4764-4E76-9AEC-52CD08A9FB72.jpeg\" \/>\n\t<meta property=\"og:image:width\" content=\"2000\" \/>\n\t<meta property=\"og:image:height\" content=\"900\" \/>\n\t<meta property=\"og:image:type\" content=\"image\/jpeg\" \/>\n<meta name=\"author\" content=\"La R\u00e9daction\" \/>\n<meta name=\"twitter:label1\" content=\"\u00c9crit par\" \/>\n\t<meta name=\"twitter:data1\" content=\"La R\u00e9daction\" \/>\n\t<meta name=\"twitter:label2\" content=\"Dur\u00e9e de lecture estim\u00e9e\" \/>\n\t<meta name=\"twitter:data2\" content=\"3 minutes\" \/>\n<script type=\"application\/ld+json\" class=\"yoast-schema-graph\">{\"@context\":\"https:\/\/schema.org\",\"@graph\":[{\"@type\":\"Article\",\"@id\":\"https:\/\/universnews224.com\/index.php\/tenue-du-proces-du-28-septembre-2009-le-comite-de-pilotage-et-les-partenaires-sont-en-conclaves-a-conakry\/#article\",\"isPartOf\":{\"@id\":\"https:\/\/universnews224.com\/index.php\/tenue-du-proces-du-28-septembre-2009-le-comite-de-pilotage-et-les-partenaires-sont-en-conclaves-a-conakry\/\"},\"author\":{\"name\":\"La R\u00e9daction\",\"@id\":\"https:\/\/universnews224.com\/#\/schema\/person\/a4b7d4f94a4716df60456a491260485e\"},\"headline\":\"Tenue du proc\u00e8s du 28 septembre 2009: le comit\u00e9 de pilotage et les partenaires sont en conclaves \u00e0 Conakry.\",\"datePublished\":\"2022-07-29T20:28:55+00:00\",\"dateModified\":\"2022-07-29T20:28:55+00:00\",\"mainEntityOfPage\":{\"@id\":\"https:\/\/universnews224.com\/index.php\/tenue-du-proces-du-28-septembre-2009-le-comite-de-pilotage-et-les-partenaires-sont-en-conclaves-a-conakry\/\"},\"wordCount\":505,\"publisher\":{\"@id\":\"https:\/\/universnews224.com\/#organization\"},\"keywords\":[\"La une\"],\"inLanguage\":\"fr-FR\"},{\"@type\":\"WebPage\",\"@id\":\"https:\/\/universnews224.com\/index.php\/tenue-du-proces-du-28-septembre-2009-le-comite-de-pilotage-et-les-partenaires-sont-en-conclaves-a-conakry\/\",\"url\":\"https:\/\/universnews224.com\/index.php\/tenue-du-proces-du-28-septembre-2009-le-comite-de-pilotage-et-les-partenaires-sont-en-conclaves-a-conakry\/\",\"name\":\"Tenue du proc\u00e8s du 28 septembre 2009: le comit\u00e9 de pilotage et les partenaires sont en conclaves \u00e0 Conakry. - UNIVERSNEWS224\",\"isPartOf\":{\"@id\":\"https:\/\/universnews224.com\/#website\"},\"datePublished\":\"2022-07-29T20:28:55+00:00\",\"dateModified\":\"2022-07-29T20:28:55+00:00\",\"inLanguage\":\"fr-FR\",\"potentialAction\":[{\"@type\":\"ReadAction\",\"target\":[\"https:\/\/universnews224.com\/index.php\/tenue-du-proces-du-28-septembre-2009-le-comite-de-pilotage-et-les-partenaires-sont-en-conclaves-a-conakry\/\"]}]},{\"@type\":\"WebSite\",\"@id\":\"https:\/\/universnews224.com\/#website\",\"url\":\"https:\/\/universnews224.com\/\",\"name\":\"UNIVERSNEWS224\",\"description\":\"\",\"publisher\":{\"@id\":\"https:\/\/universnews224.com\/#organization\"},\"potentialAction\":[{\"@type\":\"SearchAction\",\"target\":{\"@type\":\"EntryPoint\",\"urlTemplate\":\"https:\/\/universnews224.com\/?s={search_term_string}\"},\"query-input\":\"required name=search_term_string\"}],\"inLanguage\":\"fr-FR\"},{\"@type\":\"Organization\",\"@id\":\"https:\/\/universnews224.com\/#organization\",\"name\":\"UNIVERSNEWS224\",\"url\":\"https:\/\/universnews224.com\/\",\"logo\":{\"@type\":\"ImageObject\",\"inLanguage\":\"fr-FR\",\"@id\":\"https:\/\/universnews224.com\/#\/schema\/logo\/image\/\",\"url\":\"https:\/\/universnews224.com\/wp-content\/uploads\/2022\/08\/cropped-cropped-logoban.jpg\",\"contentUrl\":\"https:\/\/universnews224.com\/wp-content\/uploads\/2022\/08\/cropped-cropped-logoban.jpg\",\"width\":1080,\"height\":138,\"caption\":\"UNIVERSNEWS224\"},\"image\":{\"@id\":\"https:\/\/universnews224.com\/#\/schema\/logo\/image\/\"}},{\"@type\":\"Person\",\"@id\":\"https:\/\/universnews224.com\/#\/schema\/person\/a4b7d4f94a4716df60456a491260485e\",\"name\":\"La R\u00e9daction\",\"image\":{\"@type\":\"ImageObject\",\"inLanguage\":\"fr-FR\",\"@id\":\"https:\/\/universnews224.com\/#\/schema\/person\/image\/\",\"url\":\"https:\/\/secure.gravatar.com\/avatar\/edb90acc7752b23e1b3307ad36c14f0d?s=96&d=mm&r=g\",\"contentUrl\":\"https:\/\/secure.gravatar.com\/avatar\/edb90acc7752b23e1b3307ad36c14f0d?s=96&d=mm&r=g\",\"caption\":\"La R\u00e9daction\"},\"sameAs\":[\"https:\/\/universnews224.com\"],\"url\":\"https:\/\/universnews224.com\/index.php\/author\/m-camara\/\"}]}<\/script>\n<!-- \/ Yoast SEO plugin. -->","yoast_head_json":{"title":"Tenue du proc\u00e8s du 28 septembre 2009: le comit\u00e9 de pilotage et les partenaires sont en conclaves \u00e0 Conakry. - UNIVERSNEWS224","robots":{"index":"index","follow":"follow","max-snippet":"max-snippet:-1","max-image-preview":"max-image-preview:large","max-video-preview":"max-video-preview:-1"},"canonical":"https:\/\/universnews224.com\/index.php\/tenue-du-proces-du-28-septembre-2009-le-comite-de-pilotage-et-les-partenaires-sont-en-conclaves-a-conakry\/","og_locale":"fr_FR","og_type":"article","og_title":"Tenue du proc\u00e8s du 28 septembre 2009: le comit\u00e9 de pilotage et les partenaires sont en conclaves \u00e0 Conakry. - UNIVERSNEWS224","og_description":"Dans le cadre de l\u2019organisation du proc\u00e8s du massacre du 28 septembre 2009, le comit\u00e9","og_url":"https:\/\/universnews224.com\/index.php\/tenue-du-proces-du-28-septembre-2009-le-comite-de-pilotage-et-les-partenaires-sont-en-conclaves-a-conakry\/","og_site_name":"UNIVERSNEWS224","article_published_time":"2022-07-29T20:28:55+00:00","og_image":[{"width":2000,"height":900,"url":"https:\/\/universnews224.com\/wp-content\/uploads\/2022\/07\/A5360635-4764-4E76-9AEC-52CD08A9FB72.jpeg","type":"image\/jpeg"}],"author":"La R\u00e9daction","twitter_misc":{"\u00c9crit par":"La R\u00e9daction","Dur\u00e9e de lecture estim\u00e9e":"3 minutes"},"schema":{"@context":"https:\/\/schema.org","@graph":[{"@type":"Article","@id":"https:\/\/universnews224.com\/index.php\/tenue-du-proces-du-28-septembre-2009-le-comite-de-pilotage-et-les-partenaires-sont-en-conclaves-a-conakry\/#article","isPartOf":{"@id":"https:\/\/universnews224.com\/index.php\/tenue-du-proces-du-28-septembre-2009-le-comite-de-pilotage-et-les-partenaires-sont-en-conclaves-a-conakry\/"},"author":{"name":"La R\u00e9daction","@id":"https:\/\/universnews224.com\/#\/schema\/person\/a4b7d4f94a4716df60456a491260485e"},"headline":"Tenue du proc\u00e8s du 28 septembre 2009: le comit\u00e9 de pilotage et les partenaires sont en conclaves \u00e0 Conakry.","datePublished":"2022-07-29T20:28:55+00:00","dateModified":"2022-07-29T20:28:55+00:00","mainEntityOfPage":{"@id":"https:\/\/universnews224.com\/index.php\/tenue-du-proces-du-28-septembre-2009-le-comite-de-pilotage-et-les-partenaires-sont-en-conclaves-a-conakry\/"},"wordCount":505,"publisher":{"@id":"https:\/\/universnews224.com\/#organization"},"keywords":["La une"],"inLanguage":"fr-FR"},{"@type":"WebPage","@id":"https:\/\/universnews224.com\/index.php\/tenue-du-proces-du-28-septembre-2009-le-comite-de-pilotage-et-les-partenaires-sont-en-conclaves-a-conakry\/","url":"https:\/\/universnews224.com\/index.php\/tenue-du-proces-du-28-septembre-2009-le-comite-de-pilotage-et-les-partenaires-sont-en-conclaves-a-conakry\/","name":"Tenue du proc\u00e8s du 28 septembre 2009: le comit\u00e9 de pilotage et les partenaires sont en conclaves \u00e0 Conakry. - UNIVERSNEWS224","isPartOf":{"@id":"https:\/\/universnews224.com\/#website"},"datePublished":"2022-07-29T20:28:55+00:00","dateModified":"2022-07-29T20:28:55+00:00","inLanguage":"fr-FR","potentialAction":[{"@type":"ReadAction","target":["https:\/\/universnews224.com\/index.php\/tenue-du-proces-du-28-septembre-2009-le-comite-de-pilotage-et-les-partenaires-sont-en-conclaves-a-conakry\/"]}]},{"@type":"WebSite","@id":"https:\/\/universnews224.com\/#website","url":"https:\/\/universnews224.com\/","name":"UNIVERSNEWS224","description":"","publisher":{"@id":"https:\/\/universnews224.com\/#organization"},"potentialAction":[{"@type":"SearchAction","target":{"@type":"EntryPoint","urlTemplate":"https:\/\/universnews224.com\/?s={search_term_string}"},"query-input":"required name=search_term_string"}],"inLanguage":"fr-FR"},{"@type":"Organization","@id":"https:\/\/universnews224.com\/#organization","name":"UNIVERSNEWS224","url":"https:\/\/universnews224.com\/","logo":{"@type":"ImageObject","inLanguage":"fr-FR","@id":"https:\/\/universnews224.com\/#\/schema\/logo\/image\/","url":"https:\/\/universnews224.com\/wp-content\/uploads\/2022\/08\/cropped-cropped-logoban.jpg","contentUrl":"https:\/\/universnews224.com\/wp-content\/uploads\/2022\/08\/cropped-cropped-logoban.jpg","width":1080,"height":138,"caption":"UNIVERSNEWS224"},"image":{"@id":"https:\/\/universnews224.com\/#\/schema\/logo\/image\/"}},{"@type":"Person","@id":"https:\/\/universnews224.com\/#\/schema\/person\/a4b7d4f94a4716df60456a491260485e","name":"La R\u00e9daction","image":{"@type":"ImageObject","inLanguage":"fr-FR","@id":"https:\/\/universnews224.com\/#\/schema\/person\/image\/","url":"https:\/\/secure.gravatar.com\/avatar\/edb90acc7752b23e1b3307ad36c14f0d?s=96&d=mm&r=g","contentUrl":"https:\/\/secure.gravatar.com\/avatar\/edb90acc7752b23e1b3307ad36c14f0d?s=96&d=mm&r=g","caption":"La R\u00e9daction"},"sameAs":["https:\/\/universnews224.com"],"url":"https:\/\/universnews224.com\/index.php\/author\/m-camara\/"}]}},"_links":{"self":[{"href":"https:\/\/universnews224.com\/index.php\/wp-json\/wp\/v2\/posts\/1707"}],"collection":[{"href":"https:\/\/universnews224.com\/index.php\/wp-json\/wp\/v2\/posts"}],"about":[{"href":"https:\/\/universnews224.com\/index.php\/wp-json\/wp\/v2\/types\/post"}],"author":[{"embeddable":true,"href":"https:\/\/universnews224.com\/index.php\/wp-json\/wp\/v2\/users\/2"}],"replies":[{"embeddable":true,"href":"https:\/\/universnews224.com\/index.php\/wp-json\/wp\/v2\/comments?post=1707"}],"version-history":[{"count":1,"href":"https:\/\/universnews224.com\/index.php\/wp-json\/wp\/v2\/posts\/1707\/revisions"}],"predecessor-version":[{"id":1711,"href":"https:\/\/universnews224.com\/index.php\/wp-json\/wp\/v2\/posts\/1707\/revisions\/1711"}],"wp:featuredmedia":[{"embeddable":true,"href":"https:\/\/universnews224.com\/index.php\/wp-json\/wp\/v2\/media\/1710"}],"wp:attachment":[{"href":"https:\/\/universnews224.com\/index.php\/wp-json\/wp\/v2\/media?parent=1707"}],"wp:term":[{"taxonomy":"category","embeddable":true,"href":"https:\/\/universnews224.com\/index.php\/wp-json\/wp\/v2\/categories?post=1707"},{"taxonomy":"post_tag","embeddable":true,"href":"https:\/\/universnews224.com\/index.php\/wp-json\/wp\/v2\/tags?post=1707"}],"curies":[{"name":"wp","href":"https:\/\/api.w.org\/{rel}","templated":true}]}}