{"id":1726,"date":"2022-08-04T19:32:52","date_gmt":"2022-08-04T18:32:52","guid":{"rendered":"https:\/\/universnews224.com\/?p=1726"},"modified":"2022-08-04T19:32:52","modified_gmt":"2022-08-04T18:32:52","slug":"sekou-cherif-fadiga-de-lufdg-le-regarde-que-je-porte-sur-la-gestion-de-la-transition-cest-que-le-cnrd-se-montre-decevant","status":"publish","type":"post","link":"https:\/\/universnews224.com\/index.php\/sekou-cherif-fadiga-de-lufdg-le-regarde-que-je-porte-sur-la-gestion-de-la-transition-cest-que-le-cnrd-se-montre-decevant\/","title":{"rendered":"S\u00e9kou Ch\u00e9rif Fadiga de l\u2019UFDG:\u00ab Le regarde que je porte sur la gestion de la transition, c\u2019est que le CNRD se montre d\u00e9cevant\u00bb."},"content":{"rendered":"<p>Invit\u00e9 de l\u2019\u00e9mission \u00abMirador\u00bb de la radio Fim de ce jeudi, 04 ao\u00fbt 2022, S\u00e9kou Ch\u00e9rif Fadiga, membre du bureau politique de l\u2019Union des Forces D\u00e9mocratiques de Guin\u00e9e s\u2019est prononc\u00e9 sur la gestion du CNRD, 11 mois apr\u00e8s la prise du pouvoir.<\/p>\n<p>\u00c0 en croire ce responsable du parti dirig\u00e9 par Cellou Dalein Diallo, la gestion de la junte qui a renvers\u00e9 Alpha Cond\u00e9 05 septembre dernier est d\u00e9cevante.<\/p>\n<p>\u00abA mon avis, pas parce que j\u2019appartiens \u00e0 un parti qui ne tient pas le m\u00eame discours aujourd\u2019hui que le CNRD.Le regarde que je porte sur la gestion de la transition, c\u2019est que le CNRD se montre d\u00e9cevant. Je dirais m\u00eame tr\u00e8s d\u00e9cevant parce que je ne connais de responsable, de d\u00e9mocrate dans ce pays qui n\u2019a pas applaudi le coup de force du CNRD. Nous avons l\u00e9gitim\u00e9, surtout nous, militants de l\u2019UFDG parce que le coup de force pour \u00eatre l\u00e9gitim\u00e9. D\u2019abord, il faut avoir une vision, une strat\u00e9gie, mais lorsque vous ex\u00e9cutez tout cela, il faut absolument le soutien populaire. Imaginez si les militants de l\u2019axe n\u2019\u00e9taient pas sortis en nombre le 05 septembre pour ovationner Mamadi Doumbouya, vous croyez son coup de force serait pass\u00e9? Non.\u00bb a t-il d\u00e9nonc\u00e9 avant d\u2019ajouter:<\/p>\n<p>\u00abLes choses qui m\u2019ont plus d\u00e9\u00e7u, c\u2019est surtout la Gouvernance. Lorsque les gens sont venus, les \u00e9l\u00e9ments de langage qu\u2019ils ont avanc\u00e9 \u00e0 l\u2019opinion, c\u2019\u00e9tait de dire que la justice serait la boussole dans notre pays. \u00c7a veut dire que s\u2019en \u00e9tait fini avec l\u2019arbitraire. L\u2019arbitraire existe aujourd\u2019hui, personne ne peut contester que l\u2019arbitraire n\u2019existe pas dans notre pays. La d\u00e9linquance financi\u00e8re, on ne peut pas dire que ce qu\u2019on a reproch\u00e9 \u00e0 Alpha Cond\u00e9. C\u2019est-\u00e0-dire, les outrages des dirigeants de l\u2019\u00e9poque que l\u2019arm\u00e9e n\u2019en fait pas. Il y a m\u00eame eu des couacs parce que je me rappelle que le procureur Charles Wright s\u2019\u00e9tait oppos\u00e9 \u00e0 un moment donn\u00e9 \u00e0 Balla Samoura. Donc, ce sont des \u00e9l\u00e9ments qui indiquent que v\u00e9ritablement il y a des rat\u00e9s dans ces domaines l\u00e0\u00bb a t-il martel\u00e9.<\/p>\n<p>Camara Mohamed<\/p>\n","protected":false},"excerpt":{"rendered":"<p>Invit\u00e9 de l\u2019\u00e9mission \u00abMirador\u00bb de la radio Fim de ce jeudi, 04 ao\u00fbt 2022, S\u00e9kou<\/p>\n","protected":false},"author":2,"featured_media":1727,"comment_status":"closed","ping_status":"open","sticky":false,"template":"","format":"standard","meta":[],"categories":[1],"tags":[229],"yoast_head":"<!-- This site is optimized with the Yoast SEO plugin v19.13 - https:\/\/yoast.com\/wordpress\/plugins\/seo\/ -->\n<title>S\u00e9kou Ch\u00e9rif Fadiga de l\u2019UFDG:\u00ab Le regarde que je porte sur la gestion de la transition, c\u2019est que le CNRD se montre d\u00e9cevant\u00bb. - UNIVERSNEWS224<\/title>\n<meta name=\"robots\" content=\"index, follow, max-snippet:-1, max-image-preview:large, max-video-preview:-1\" \/>\n<link rel=\"canonical\" href=\"https:\/\/universnews224.com\/index.php\/sekou-cherif-fadiga-de-lufdg-le-regarde-que-je-porte-sur-la-gestion-de-la-transition-cest-que-le-cnrd-se-montre-decevant\/\" \/>\n<meta property=\"og:locale\" content=\"fr_FR\" \/>\n<meta property=\"og:type\" content=\"article\" \/>\n<meta property=\"og:title\" content=\"S\u00e9kou Ch\u00e9rif Fadiga de l\u2019UFDG:\u00ab Le regarde que je porte sur la gestion de la transition, c\u2019est que le CNRD se montre d\u00e9cevant\u00bb. - UNIVERSNEWS224\" \/>\n<meta property=\"og:description\" content=\"Invit\u00e9 de l\u2019\u00e9mission \u00abMirador\u00bb de la radio Fim de ce jeudi, 04 ao\u00fbt 2022, S\u00e9kou\" \/>\n<meta property=\"og:url\" content=\"https:\/\/universnews224.com\/index.php\/sekou-cherif-fadiga-de-lufdg-le-regarde-que-je-porte-sur-la-gestion-de-la-transition-cest-que-le-cnrd-se-montre-decevant\/\" \/>\n<meta property=\"og:site_name\" content=\"UNIVERSNEWS224\" \/>\n<meta property=\"article:published_time\" content=\"2022-08-04T18:32:52+00:00\" \/>\n<meta property=\"og:image\" content=\"https:\/\/universnews224.com\/wp-content\/uploads\/2022\/08\/ECEA613D-6AEA-414C-A04B-731774528332.jpeg\" \/>\n\t<meta property=\"og:image:width\" content=\"800\" \/>\n\t<meta property=\"og:image:height\" content=\"476\" \/>\n\t<meta property=\"og:image:type\" content=\"image\/jpeg\" \/>\n<meta name=\"author\" content=\"La R\u00e9daction\" \/>\n<meta name=\"twitter:label1\" content=\"\u00c9crit par\" \/>\n\t<meta name=\"twitter:data1\" content=\"La R\u00e9daction\" \/>\n\t<meta name=\"twitter:label2\" content=\"Dur\u00e9e de lecture estim\u00e9e\" \/>\n\t<meta name=\"twitter:data2\" content=\"2 minutes\" \/>\n<script type=\"application\/ld+json\" class=\"yoast-schema-graph\">{\"@context\":\"https:\/\/schema.org\",\"@graph\":[{\"@type\":\"Article\",\"@id\":\"https:\/\/universnews224.com\/index.php\/sekou-cherif-fadiga-de-lufdg-le-regarde-que-je-porte-sur-la-gestion-de-la-transition-cest-que-le-cnrd-se-montre-decevant\/#article\",\"isPartOf\":{\"@id\":\"https:\/\/universnews224.com\/index.php\/sekou-cherif-fadiga-de-lufdg-le-regarde-que-je-porte-sur-la-gestion-de-la-transition-cest-que-le-cnrd-se-montre-decevant\/\"},\"author\":{\"name\":\"La R\u00e9daction\",\"@id\":\"https:\/\/universnews224.com\/#\/schema\/person\/a4b7d4f94a4716df60456a491260485e\"},\"headline\":\"S\u00e9kou Ch\u00e9rif Fadiga de l\u2019UFDG:\u00ab Le regarde que je porte sur la gestion de la transition, c\u2019est que le CNRD se montre d\u00e9cevant\u00bb.\",\"datePublished\":\"2022-08-04T18:32:52+00:00\",\"dateModified\":\"2022-08-04T18:32:52+00:00\",\"mainEntityOfPage\":{\"@id\":\"https:\/\/universnews224.com\/index.php\/sekou-cherif-fadiga-de-lufdg-le-regarde-que-je-porte-sur-la-gestion-de-la-transition-cest-que-le-cnrd-se-montre-decevant\/\"},\"wordCount\":414,\"publisher\":{\"@id\":\"https:\/\/universnews224.com\/#organization\"},\"keywords\":[\"La une\"],\"inLanguage\":\"fr-FR\"},{\"@type\":\"WebPage\",\"@id\":\"https:\/\/universnews224.com\/index.php\/sekou-cherif-fadiga-de-lufdg-le-regarde-que-je-porte-sur-la-gestion-de-la-transition-cest-que-le-cnrd-se-montre-decevant\/\",\"url\":\"https:\/\/universnews224.com\/index.php\/sekou-cherif-fadiga-de-lufdg-le-regarde-que-je-porte-sur-la-gestion-de-la-transition-cest-que-le-cnrd-se-montre-decevant\/\",\"name\":\"S\u00e9kou Ch\u00e9rif Fadiga de l\u2019UFDG:\u00ab Le regarde que je porte sur la gestion de la transition, c\u2019est que le CNRD se montre d\u00e9cevant\u00bb. - UNIVERSNEWS224\",\"isPartOf\":{\"@id\":\"https:\/\/universnews224.com\/#website\"},\"datePublished\":\"2022-08-04T18:32:52+00:00\",\"dateModified\":\"2022-08-04T18:32:52+00:00\",\"inLanguage\":\"fr-FR\",\"potentialAction\":[{\"@type\":\"ReadAction\",\"target\":[\"https:\/\/universnews224.com\/index.php\/sekou-cherif-fadiga-de-lufdg-le-regarde-que-je-porte-sur-la-gestion-de-la-transition-cest-que-le-cnrd-se-montre-decevant\/\"]}]},{\"@type\":\"WebSite\",\"@id\":\"https:\/\/universnews224.com\/#website\",\"url\":\"https:\/\/universnews224.com\/\",\"name\":\"UNIVERSNEWS224\",\"description\":\"\",\"publisher\":{\"@id\":\"https:\/\/universnews224.com\/#organization\"},\"potentialAction\":[{\"@type\":\"SearchAction\",\"target\":{\"@type\":\"EntryPoint\",\"urlTemplate\":\"https:\/\/universnews224.com\/?s={search_term_string}\"},\"query-input\":\"required name=search_term_string\"}],\"inLanguage\":\"fr-FR\"},{\"@type\":\"Organization\",\"@id\":\"https:\/\/universnews224.com\/#organization\",\"name\":\"UNIVERSNEWS224\",\"url\":\"https:\/\/universnews224.com\/\",\"logo\":{\"@type\":\"ImageObject\",\"inLanguage\":\"fr-FR\",\"@id\":\"https:\/\/universnews224.com\/#\/schema\/logo\/image\/\",\"url\":\"https:\/\/universnews224.com\/wp-content\/uploads\/2022\/08\/cropped-cropped-logoban.jpg\",\"contentUrl\":\"https:\/\/universnews224.com\/wp-content\/uploads\/2022\/08\/cropped-cropped-logoban.jpg\",\"width\":1080,\"height\":138,\"caption\":\"UNIVERSNEWS224\"},\"image\":{\"@id\":\"https:\/\/universnews224.com\/#\/schema\/logo\/image\/\"}},{\"@type\":\"Person\",\"@id\":\"https:\/\/universnews224.com\/#\/schema\/person\/a4b7d4f94a4716df60456a491260485e\",\"name\":\"La R\u00e9daction\",\"image\":{\"@type\":\"ImageObject\",\"inLanguage\":\"fr-FR\",\"@id\":\"https:\/\/universnews224.com\/#\/schema\/person\/image\/\",\"url\":\"https:\/\/secure.gravatar.com\/avatar\/edb90acc7752b23e1b3307ad36c14f0d?s=96&d=mm&r=g\",\"contentUrl\":\"https:\/\/secure.gravatar.com\/avatar\/edb90acc7752b23e1b3307ad36c14f0d?s=96&d=mm&r=g\",\"caption\":\"La R\u00e9daction\"},\"sameAs\":[\"https:\/\/universnews224.com\"],\"url\":\"https:\/\/universnews224.com\/index.php\/author\/m-camara\/\"}]}<\/script>\n<!-- \/ Yoast SEO plugin. -->","yoast_head_json":{"title":"S\u00e9kou Ch\u00e9rif Fadiga de l\u2019UFDG:\u00ab Le regarde que je porte sur la gestion de la transition, c\u2019est que le CNRD se montre d\u00e9cevant\u00bb. - UNIVERSNEWS224","robots":{"index":"index","follow":"follow","max-snippet":"max-snippet:-1","max-image-preview":"max-image-preview:large","max-video-preview":"max-video-preview:-1"},"canonical":"https:\/\/universnews224.com\/index.php\/sekou-cherif-fadiga-de-lufdg-le-regarde-que-je-porte-sur-la-gestion-de-la-transition-cest-que-le-cnrd-se-montre-decevant\/","og_locale":"fr_FR","og_type":"article","og_title":"S\u00e9kou Ch\u00e9rif Fadiga de l\u2019UFDG:\u00ab Le regarde que je porte sur la gestion de la transition, c\u2019est que le CNRD se montre d\u00e9cevant\u00bb. - UNIVERSNEWS224","og_description":"Invit\u00e9 de l\u2019\u00e9mission \u00abMirador\u00bb de la radio Fim de ce jeudi, 04 ao\u00fbt 2022, S\u00e9kou","og_url":"https:\/\/universnews224.com\/index.php\/sekou-cherif-fadiga-de-lufdg-le-regarde-que-je-porte-sur-la-gestion-de-la-transition-cest-que-le-cnrd-se-montre-decevant\/","og_site_name":"UNIVERSNEWS224","article_published_time":"2022-08-04T18:32:52+00:00","og_image":[{"width":800,"height":476,"url":"https:\/\/universnews224.com\/wp-content\/uploads\/2022\/08\/ECEA613D-6AEA-414C-A04B-731774528332.jpeg","type":"image\/jpeg"}],"author":"La R\u00e9daction","twitter_misc":{"\u00c9crit par":"La R\u00e9daction","Dur\u00e9e de lecture estim\u00e9e":"2 minutes"},"schema":{"@context":"https:\/\/schema.org","@graph":[{"@type":"Article","@id":"https:\/\/universnews224.com\/index.php\/sekou-cherif-fadiga-de-lufdg-le-regarde-que-je-porte-sur-la-gestion-de-la-transition-cest-que-le-cnrd-se-montre-decevant\/#article","isPartOf":{"@id":"https:\/\/universnews224.com\/index.php\/sekou-cherif-fadiga-de-lufdg-le-regarde-que-je-porte-sur-la-gestion-de-la-transition-cest-que-le-cnrd-se-montre-decevant\/"},"author":{"name":"La R\u00e9daction","@id":"https:\/\/universnews224.com\/#\/schema\/person\/a4b7d4f94a4716df60456a491260485e"},"headline":"S\u00e9kou Ch\u00e9rif Fadiga de l\u2019UFDG:\u00ab Le regarde que je porte sur la gestion de la transition, c\u2019est que le CNRD se montre d\u00e9cevant\u00bb.","datePublished":"2022-08-04T18:32:52+00:00","dateModified":"2022-08-04T18:32:52+00:00","mainEntityOfPage":{"@id":"https:\/\/universnews224.com\/index.php\/sekou-cherif-fadiga-de-lufdg-le-regarde-que-je-porte-sur-la-gestion-de-la-transition-cest-que-le-cnrd-se-montre-decevant\/"},"wordCount":414,"publisher":{"@id":"https:\/\/universnews224.com\/#organization"},"keywords":["La une"],"inLanguage":"fr-FR"},{"@type":"WebPage","@id":"https:\/\/universnews224.com\/index.php\/sekou-cherif-fadiga-de-lufdg-le-regarde-que-je-porte-sur-la-gestion-de-la-transition-cest-que-le-cnrd-se-montre-decevant\/","url":"https:\/\/universnews224.com\/index.php\/sekou-cherif-fadiga-de-lufdg-le-regarde-que-je-porte-sur-la-gestion-de-la-transition-cest-que-le-cnrd-se-montre-decevant\/","name":"S\u00e9kou Ch\u00e9rif Fadiga de l\u2019UFDG:\u00ab Le regarde que je porte sur la gestion de la transition, c\u2019est que le CNRD se montre d\u00e9cevant\u00bb. - UNIVERSNEWS224","isPartOf":{"@id":"https:\/\/universnews224.com\/#website"},"datePublished":"2022-08-04T18:32:52+00:00","dateModified":"2022-08-04T18:32:52+00:00","inLanguage":"fr-FR","potentialAction":[{"@type":"ReadAction","target":["https:\/\/universnews224.com\/index.php\/sekou-cherif-fadiga-de-lufdg-le-regarde-que-je-porte-sur-la-gestion-de-la-transition-cest-que-le-cnrd-se-montre-decevant\/"]}]},{"@type":"WebSite","@id":"https:\/\/universnews224.com\/#website","url":"https:\/\/universnews224.com\/","name":"UNIVERSNEWS224","description":"","publisher":{"@id":"https:\/\/universnews224.com\/#organization"},"potentialAction":[{"@type":"SearchAction","target":{"@type":"EntryPoint","urlTemplate":"https:\/\/universnews224.com\/?s={search_term_string}"},"query-input":"required name=search_term_string"}],"inLanguage":"fr-FR"},{"@type":"Organization","@id":"https:\/\/universnews224.com\/#organization","name":"UNIVERSNEWS224","url":"https:\/\/universnews224.com\/","logo":{"@type":"ImageObject","inLanguage":"fr-FR","@id":"https:\/\/universnews224.com\/#\/schema\/logo\/image\/","url":"https:\/\/universnews224.com\/wp-content\/uploads\/2022\/08\/cropped-cropped-logoban.jpg","contentUrl":"https:\/\/universnews224.com\/wp-content\/uploads\/2022\/08\/cropped-cropped-logoban.jpg","width":1080,"height":138,"caption":"UNIVERSNEWS224"},"image":{"@id":"https:\/\/universnews224.com\/#\/schema\/logo\/image\/"}},{"@type":"Person","@id":"https:\/\/universnews224.com\/#\/schema\/person\/a4b7d4f94a4716df60456a491260485e","name":"La R\u00e9daction","image":{"@type":"ImageObject","inLanguage":"fr-FR","@id":"https:\/\/universnews224.com\/#\/schema\/person\/image\/","url":"https:\/\/secure.gravatar.com\/avatar\/edb90acc7752b23e1b3307ad36c14f0d?s=96&d=mm&r=g","contentUrl":"https:\/\/secure.gravatar.com\/avatar\/edb90acc7752b23e1b3307ad36c14f0d?s=96&d=mm&r=g","caption":"La R\u00e9daction"},"sameAs":["https:\/\/universnews224.com"],"url":"https:\/\/universnews224.com\/index.php\/author\/m-camara\/"}]}},"_links":{"self":[{"href":"https:\/\/universnews224.com\/index.php\/wp-json\/wp\/v2\/posts\/1726"}],"collection":[{"href":"https:\/\/universnews224.com\/index.php\/wp-json\/wp\/v2\/posts"}],"about":[{"href":"https:\/\/universnews224.com\/index.php\/wp-json\/wp\/v2\/types\/post"}],"author":[{"embeddable":true,"href":"https:\/\/universnews224.com\/index.php\/wp-json\/wp\/v2\/users\/2"}],"replies":[{"embeddable":true,"href":"https:\/\/universnews224.com\/index.php\/wp-json\/wp\/v2\/comments?post=1726"}],"version-history":[{"count":1,"href":"https:\/\/universnews224.com\/index.php\/wp-json\/wp\/v2\/posts\/1726\/revisions"}],"predecessor-version":[{"id":1728,"href":"https:\/\/universnews224.com\/index.php\/wp-json\/wp\/v2\/posts\/1726\/revisions\/1728"}],"wp:featuredmedia":[{"embeddable":true,"href":"https:\/\/universnews224.com\/index.php\/wp-json\/wp\/v2\/media\/1727"}],"wp:attachment":[{"href":"https:\/\/universnews224.com\/index.php\/wp-json\/wp\/v2\/media?parent=1726"}],"wp:term":[{"taxonomy":"category","embeddable":true,"href":"https:\/\/universnews224.com\/index.php\/wp-json\/wp\/v2\/categories?post=1726"},{"taxonomy":"post_tag","embeddable":true,"href":"https:\/\/universnews224.com\/index.php\/wp-json\/wp\/v2\/tags?post=1726"}],"curies":[{"name":"wp","href":"https:\/\/api.w.org\/{rel}","templated":true}]}}