{"id":1819,"date":"2022-08-20T03:15:53","date_gmt":"2022-08-20T02:15:53","guid":{"rendered":"https:\/\/universnews224.com\/?p=1819"},"modified":"2022-08-20T03:15:53","modified_gmt":"2022-08-20T02:15:53","slug":"colonel-amara-les-rumeurs-faisant-etat-de-coups-de-feu-tires-a-partir-du-cortege-presidentiel-sont-fausses-et-infondees","status":"publish","type":"post","link":"https:\/\/universnews224.com\/index.php\/colonel-amara-les-rumeurs-faisant-etat-de-coups-de-feu-tires-a-partir-du-cortege-presidentiel-sont-fausses-et-infondees\/","title":{"rendered":"Colonel Amara: \u00ables rumeurs faisant \u00e9tat de coups de feu tir\u00e9s \u00e0 partir du cort\u00e8ge pr\u00e9sidentiel sont fausses et infond\u00e9es \u00bb"},"content":{"rendered":"<p>En marge \u00e0 la manifestation \u00abpacifique et citoyenne\u00bb du Front National pour la D\u00e9fense de la Constitution du 17 ao\u00fbt dernier, deux adolescents ont \u00e9t\u00e9 tu\u00e9s par balles. Les familles des victimes avaient accus\u00e9 le cort\u00e8ge pr\u00e9sidentiel qui \u00e9tait de passage au moment des faits d\u2019\u00eatre responsables de ces deux cas de morts.<\/p>\n<p>Dans une d\u00e9claration publi\u00e9e ce vendredi soir, le porte-parole de la Pr\u00e9sidence de la R\u00e9publique de Guin\u00e9e colonel Amara Camara, a tenu \u00e0 pr\u00e9ciser que le pr\u00e9sident de la transition a pris la direction de l\u2019autoroute Fidel Castro, puis celle de la route le Prince pour r\u00e9pondre \u00e0 des sollicitations de rencontres initialement pr\u00e9vues dans l\u2019agenda pr\u00e9sidentiel.<\/p>\n<p>Plus loin, il a soulign\u00e9 que le trajet du cort\u00e8ge pr\u00e9sidentiel notamment sur la route le Prince s\u2019est fait sans encombre, aucun incident n\u2019ayant \u00e9t\u00e9 enregistr\u00e9 et que \u00ables rumeurs faisant \u00e9tat de coups de feu tir\u00e9s \u00e0 partir du cort\u00e8ge pr\u00e9sidentiel sont fausses et infond\u00e9es \u00bb<\/p>\n<p>\u00abIl est \u00e0 pr\u00e9ciser que le trajet du cort\u00e8ge pr\u00e9sidentiel notamment sur la route le Prince s\u2019est fait sans encombre, aucun incident n\u2019ayant \u00e9t\u00e9 enregistr\u00e9. En cons\u00e9quence, les rumeurs faisant \u00e9tat de coup de feu tir\u00e9s \u00e0 partir du cort\u00e8ge pr\u00e9sidentiel sont fausses et infond\u00e9es. Mieux, elles ne refl\u00e8tent pas la r\u00e9alit\u00e9 des faits tel que film\u00e9s par les \u00e9quipes de la DCI qui, \u00e0 l\u2019instar des journalistes de la presse priv\u00e9e, \u00e9taient, par obligation professionnelle dans ledit cort\u00e8ge\u00bb<\/p>\n<p>Camara Mamadouba<\/p>\n","protected":false},"excerpt":{"rendered":"<p>En marge \u00e0 la manifestation \u00abpacifique et citoyenne\u00bb du Front National pour la D\u00e9fense de<\/p>\n","protected":false},"author":2,"featured_media":1820,"comment_status":"closed","ping_status":"open","sticky":false,"template":"","format":"standard","meta":[],"categories":[1],"tags":[229],"yoast_head":"<!-- This site is optimized with the Yoast SEO plugin v19.13 - https:\/\/yoast.com\/wordpress\/plugins\/seo\/ -->\n<title>Colonel Amara: \u00ables rumeurs faisant \u00e9tat de coups de feu tir\u00e9s \u00e0 partir du cort\u00e8ge pr\u00e9sidentiel sont fausses et infond\u00e9es \u00bb - UNIVERSNEWS224<\/title>\n<meta name=\"robots\" content=\"index, follow, max-snippet:-1, max-image-preview:large, max-video-preview:-1\" \/>\n<link rel=\"canonical\" href=\"https:\/\/universnews224.com\/index.php\/colonel-amara-les-rumeurs-faisant-etat-de-coups-de-feu-tires-a-partir-du-cortege-presidentiel-sont-fausses-et-infondees\/\" \/>\n<meta property=\"og:locale\" content=\"fr_FR\" \/>\n<meta property=\"og:type\" content=\"article\" \/>\n<meta property=\"og:title\" content=\"Colonel Amara: \u00ables rumeurs faisant \u00e9tat de coups de feu tir\u00e9s \u00e0 partir du cort\u00e8ge pr\u00e9sidentiel sont fausses et infond\u00e9es \u00bb - UNIVERSNEWS224\" \/>\n<meta property=\"og:description\" content=\"En marge \u00e0 la manifestation \u00abpacifique et citoyenne\u00bb du Front National pour la D\u00e9fense de\" \/>\n<meta property=\"og:url\" content=\"https:\/\/universnews224.com\/index.php\/colonel-amara-les-rumeurs-faisant-etat-de-coups-de-feu-tires-a-partir-du-cortege-presidentiel-sont-fausses-et-infondees\/\" \/>\n<meta property=\"og:site_name\" content=\"UNIVERSNEWS224\" \/>\n<meta property=\"article:published_time\" content=\"2022-08-20T02:15:53+00:00\" \/>\n<meta property=\"og:image\" content=\"https:\/\/universnews224.com\/wp-content\/uploads\/2022\/08\/D5D31A24-186A-4652-9050-54BB1CDD3EE9.jpeg\" \/>\n\t<meta property=\"og:image:width\" content=\"526\" \/>\n\t<meta property=\"og:image:height\" content=\"429\" \/>\n\t<meta property=\"og:image:type\" content=\"image\/jpeg\" \/>\n<meta name=\"author\" content=\"La R\u00e9daction\" \/>\n<meta name=\"twitter:label1\" content=\"\u00c9crit par\" \/>\n\t<meta name=\"twitter:data1\" content=\"La R\u00e9daction\" \/>\n\t<meta name=\"twitter:label2\" content=\"Dur\u00e9e de lecture estim\u00e9e\" \/>\n\t<meta name=\"twitter:data2\" content=\"2 minutes\" \/>\n<script type=\"application\/ld+json\" class=\"yoast-schema-graph\">{\"@context\":\"https:\/\/schema.org\",\"@graph\":[{\"@type\":\"Article\",\"@id\":\"https:\/\/universnews224.com\/index.php\/colonel-amara-les-rumeurs-faisant-etat-de-coups-de-feu-tires-a-partir-du-cortege-presidentiel-sont-fausses-et-infondees\/#article\",\"isPartOf\":{\"@id\":\"https:\/\/universnews224.com\/index.php\/colonel-amara-les-rumeurs-faisant-etat-de-coups-de-feu-tires-a-partir-du-cortege-presidentiel-sont-fausses-et-infondees\/\"},\"author\":{\"name\":\"La R\u00e9daction\",\"@id\":\"https:\/\/universnews224.com\/#\/schema\/person\/a4b7d4f94a4716df60456a491260485e\"},\"headline\":\"Colonel Amara: \u00ables rumeurs faisant \u00e9tat de coups de feu tir\u00e9s \u00e0 partir du cort\u00e8ge pr\u00e9sidentiel sont fausses et infond\u00e9es \u00bb\",\"datePublished\":\"2022-08-20T02:15:53+00:00\",\"dateModified\":\"2022-08-20T02:15:53+00:00\",\"mainEntityOfPage\":{\"@id\":\"https:\/\/universnews224.com\/index.php\/colonel-amara-les-rumeurs-faisant-etat-de-coups-de-feu-tires-a-partir-du-cortege-presidentiel-sont-fausses-et-infondees\/\"},\"wordCount\":294,\"publisher\":{\"@id\":\"https:\/\/universnews224.com\/#organization\"},\"keywords\":[\"La une\"],\"inLanguage\":\"fr-FR\"},{\"@type\":\"WebPage\",\"@id\":\"https:\/\/universnews224.com\/index.php\/colonel-amara-les-rumeurs-faisant-etat-de-coups-de-feu-tires-a-partir-du-cortege-presidentiel-sont-fausses-et-infondees\/\",\"url\":\"https:\/\/universnews224.com\/index.php\/colonel-amara-les-rumeurs-faisant-etat-de-coups-de-feu-tires-a-partir-du-cortege-presidentiel-sont-fausses-et-infondees\/\",\"name\":\"Colonel Amara: \u00ables rumeurs faisant \u00e9tat de coups de feu tir\u00e9s \u00e0 partir du cort\u00e8ge pr\u00e9sidentiel sont fausses et infond\u00e9es \u00bb - UNIVERSNEWS224\",\"isPartOf\":{\"@id\":\"https:\/\/universnews224.com\/#website\"},\"datePublished\":\"2022-08-20T02:15:53+00:00\",\"dateModified\":\"2022-08-20T02:15:53+00:00\",\"inLanguage\":\"fr-FR\",\"potentialAction\":[{\"@type\":\"ReadAction\",\"target\":[\"https:\/\/universnews224.com\/index.php\/colonel-amara-les-rumeurs-faisant-etat-de-coups-de-feu-tires-a-partir-du-cortege-presidentiel-sont-fausses-et-infondees\/\"]}]},{\"@type\":\"WebSite\",\"@id\":\"https:\/\/universnews224.com\/#website\",\"url\":\"https:\/\/universnews224.com\/\",\"name\":\"UNIVERSNEWS224\",\"description\":\"\",\"publisher\":{\"@id\":\"https:\/\/universnews224.com\/#organization\"},\"potentialAction\":[{\"@type\":\"SearchAction\",\"target\":{\"@type\":\"EntryPoint\",\"urlTemplate\":\"https:\/\/universnews224.com\/?s={search_term_string}\"},\"query-input\":\"required name=search_term_string\"}],\"inLanguage\":\"fr-FR\"},{\"@type\":\"Organization\",\"@id\":\"https:\/\/universnews224.com\/#organization\",\"name\":\"UNIVERSNEWS224\",\"url\":\"https:\/\/universnews224.com\/\",\"logo\":{\"@type\":\"ImageObject\",\"inLanguage\":\"fr-FR\",\"@id\":\"https:\/\/universnews224.com\/#\/schema\/logo\/image\/\",\"url\":\"https:\/\/universnews224.com\/wp-content\/uploads\/2022\/08\/cropped-cropped-logoban.jpg\",\"contentUrl\":\"https:\/\/universnews224.com\/wp-content\/uploads\/2022\/08\/cropped-cropped-logoban.jpg\",\"width\":1080,\"height\":138,\"caption\":\"UNIVERSNEWS224\"},\"image\":{\"@id\":\"https:\/\/universnews224.com\/#\/schema\/logo\/image\/\"}},{\"@type\":\"Person\",\"@id\":\"https:\/\/universnews224.com\/#\/schema\/person\/a4b7d4f94a4716df60456a491260485e\",\"name\":\"La R\u00e9daction\",\"image\":{\"@type\":\"ImageObject\",\"inLanguage\":\"fr-FR\",\"@id\":\"https:\/\/universnews224.com\/#\/schema\/person\/image\/\",\"url\":\"https:\/\/secure.gravatar.com\/avatar\/edb90acc7752b23e1b3307ad36c14f0d?s=96&d=mm&r=g\",\"contentUrl\":\"https:\/\/secure.gravatar.com\/avatar\/edb90acc7752b23e1b3307ad36c14f0d?s=96&d=mm&r=g\",\"caption\":\"La R\u00e9daction\"},\"sameAs\":[\"https:\/\/universnews224.com\"],\"url\":\"https:\/\/universnews224.com\/index.php\/author\/m-camara\/\"}]}<\/script>\n<!-- \/ Yoast SEO plugin. -->","yoast_head_json":{"title":"Colonel Amara: \u00ables rumeurs faisant \u00e9tat de coups de feu tir\u00e9s \u00e0 partir du cort\u00e8ge pr\u00e9sidentiel sont fausses et infond\u00e9es \u00bb - UNIVERSNEWS224","robots":{"index":"index","follow":"follow","max-snippet":"max-snippet:-1","max-image-preview":"max-image-preview:large","max-video-preview":"max-video-preview:-1"},"canonical":"https:\/\/universnews224.com\/index.php\/colonel-amara-les-rumeurs-faisant-etat-de-coups-de-feu-tires-a-partir-du-cortege-presidentiel-sont-fausses-et-infondees\/","og_locale":"fr_FR","og_type":"article","og_title":"Colonel Amara: \u00ables rumeurs faisant \u00e9tat de coups de feu tir\u00e9s \u00e0 partir du cort\u00e8ge pr\u00e9sidentiel sont fausses et infond\u00e9es \u00bb - UNIVERSNEWS224","og_description":"En marge \u00e0 la manifestation \u00abpacifique et citoyenne\u00bb du Front National pour la D\u00e9fense de","og_url":"https:\/\/universnews224.com\/index.php\/colonel-amara-les-rumeurs-faisant-etat-de-coups-de-feu-tires-a-partir-du-cortege-presidentiel-sont-fausses-et-infondees\/","og_site_name":"UNIVERSNEWS224","article_published_time":"2022-08-20T02:15:53+00:00","og_image":[{"width":526,"height":429,"url":"https:\/\/universnews224.com\/wp-content\/uploads\/2022\/08\/D5D31A24-186A-4652-9050-54BB1CDD3EE9.jpeg","type":"image\/jpeg"}],"author":"La R\u00e9daction","twitter_misc":{"\u00c9crit par":"La R\u00e9daction","Dur\u00e9e de lecture estim\u00e9e":"2 minutes"},"schema":{"@context":"https:\/\/schema.org","@graph":[{"@type":"Article","@id":"https:\/\/universnews224.com\/index.php\/colonel-amara-les-rumeurs-faisant-etat-de-coups-de-feu-tires-a-partir-du-cortege-presidentiel-sont-fausses-et-infondees\/#article","isPartOf":{"@id":"https:\/\/universnews224.com\/index.php\/colonel-amara-les-rumeurs-faisant-etat-de-coups-de-feu-tires-a-partir-du-cortege-presidentiel-sont-fausses-et-infondees\/"},"author":{"name":"La R\u00e9daction","@id":"https:\/\/universnews224.com\/#\/schema\/person\/a4b7d4f94a4716df60456a491260485e"},"headline":"Colonel Amara: \u00ables rumeurs faisant \u00e9tat de coups de feu tir\u00e9s \u00e0 partir du cort\u00e8ge pr\u00e9sidentiel sont fausses et infond\u00e9es \u00bb","datePublished":"2022-08-20T02:15:53+00:00","dateModified":"2022-08-20T02:15:53+00:00","mainEntityOfPage":{"@id":"https:\/\/universnews224.com\/index.php\/colonel-amara-les-rumeurs-faisant-etat-de-coups-de-feu-tires-a-partir-du-cortege-presidentiel-sont-fausses-et-infondees\/"},"wordCount":294,"publisher":{"@id":"https:\/\/universnews224.com\/#organization"},"keywords":["La une"],"inLanguage":"fr-FR"},{"@type":"WebPage","@id":"https:\/\/universnews224.com\/index.php\/colonel-amara-les-rumeurs-faisant-etat-de-coups-de-feu-tires-a-partir-du-cortege-presidentiel-sont-fausses-et-infondees\/","url":"https:\/\/universnews224.com\/index.php\/colonel-amara-les-rumeurs-faisant-etat-de-coups-de-feu-tires-a-partir-du-cortege-presidentiel-sont-fausses-et-infondees\/","name":"Colonel Amara: \u00ables rumeurs faisant \u00e9tat de coups de feu tir\u00e9s \u00e0 partir du cort\u00e8ge pr\u00e9sidentiel sont fausses et infond\u00e9es \u00bb - UNIVERSNEWS224","isPartOf":{"@id":"https:\/\/universnews224.com\/#website"},"datePublished":"2022-08-20T02:15:53+00:00","dateModified":"2022-08-20T02:15:53+00:00","inLanguage":"fr-FR","potentialAction":[{"@type":"ReadAction","target":["https:\/\/universnews224.com\/index.php\/colonel-amara-les-rumeurs-faisant-etat-de-coups-de-feu-tires-a-partir-du-cortege-presidentiel-sont-fausses-et-infondees\/"]}]},{"@type":"WebSite","@id":"https:\/\/universnews224.com\/#website","url":"https:\/\/universnews224.com\/","name":"UNIVERSNEWS224","description":"","publisher":{"@id":"https:\/\/universnews224.com\/#organization"},"potentialAction":[{"@type":"SearchAction","target":{"@type":"EntryPoint","urlTemplate":"https:\/\/universnews224.com\/?s={search_term_string}"},"query-input":"required name=search_term_string"}],"inLanguage":"fr-FR"},{"@type":"Organization","@id":"https:\/\/universnews224.com\/#organization","name":"UNIVERSNEWS224","url":"https:\/\/universnews224.com\/","logo":{"@type":"ImageObject","inLanguage":"fr-FR","@id":"https:\/\/universnews224.com\/#\/schema\/logo\/image\/","url":"https:\/\/universnews224.com\/wp-content\/uploads\/2022\/08\/cropped-cropped-logoban.jpg","contentUrl":"https:\/\/universnews224.com\/wp-content\/uploads\/2022\/08\/cropped-cropped-logoban.jpg","width":1080,"height":138,"caption":"UNIVERSNEWS224"},"image":{"@id":"https:\/\/universnews224.com\/#\/schema\/logo\/image\/"}},{"@type":"Person","@id":"https:\/\/universnews224.com\/#\/schema\/person\/a4b7d4f94a4716df60456a491260485e","name":"La R\u00e9daction","image":{"@type":"ImageObject","inLanguage":"fr-FR","@id":"https:\/\/universnews224.com\/#\/schema\/person\/image\/","url":"https:\/\/secure.gravatar.com\/avatar\/edb90acc7752b23e1b3307ad36c14f0d?s=96&d=mm&r=g","contentUrl":"https:\/\/secure.gravatar.com\/avatar\/edb90acc7752b23e1b3307ad36c14f0d?s=96&d=mm&r=g","caption":"La R\u00e9daction"},"sameAs":["https:\/\/universnews224.com"],"url":"https:\/\/universnews224.com\/index.php\/author\/m-camara\/"}]}},"_links":{"self":[{"href":"https:\/\/universnews224.com\/index.php\/wp-json\/wp\/v2\/posts\/1819"}],"collection":[{"href":"https:\/\/universnews224.com\/index.php\/wp-json\/wp\/v2\/posts"}],"about":[{"href":"https:\/\/universnews224.com\/index.php\/wp-json\/wp\/v2\/types\/post"}],"author":[{"embeddable":true,"href":"https:\/\/universnews224.com\/index.php\/wp-json\/wp\/v2\/users\/2"}],"replies":[{"embeddable":true,"href":"https:\/\/universnews224.com\/index.php\/wp-json\/wp\/v2\/comments?post=1819"}],"version-history":[{"count":1,"href":"https:\/\/universnews224.com\/index.php\/wp-json\/wp\/v2\/posts\/1819\/revisions"}],"predecessor-version":[{"id":1821,"href":"https:\/\/universnews224.com\/index.php\/wp-json\/wp\/v2\/posts\/1819\/revisions\/1821"}],"wp:featuredmedia":[{"embeddable":true,"href":"https:\/\/universnews224.com\/index.php\/wp-json\/wp\/v2\/media\/1820"}],"wp:attachment":[{"href":"https:\/\/universnews224.com\/index.php\/wp-json\/wp\/v2\/media?parent=1819"}],"wp:term":[{"taxonomy":"category","embeddable":true,"href":"https:\/\/universnews224.com\/index.php\/wp-json\/wp\/v2\/categories?post=1819"},{"taxonomy":"post_tag","embeddable":true,"href":"https:\/\/universnews224.com\/index.php\/wp-json\/wp\/v2\/tags?post=1819"}],"curies":[{"name":"wp","href":"https:\/\/api.w.org\/{rel}","templated":true}]}}