{"id":1827,"date":"2022-08-23T12:14:59","date_gmt":"2022-08-23T11:14:59","guid":{"rendered":"https:\/\/universnews224.com\/?p=1827"},"modified":"2022-08-23T12:14:59","modified_gmt":"2022-08-23T11:14:59","slug":"guinee-lonceny-camara-ancien-president-de-la-ceni-et-ancien-ministre-mort-en-detention","status":"publish","type":"post","link":"https:\/\/universnews224.com\/index.php\/guinee-lonceny-camara-ancien-president-de-la-ceni-et-ancien-ministre-mort-en-detention\/","title":{"rendered":"Guin\u00e9e: Lonceny Camara, ancien pr\u00e9sident de la CENI et ancien ministre mort en d\u00e9tention."},"content":{"rendered":"<div>L\u2019ancien ministre et ancien pr\u00e9sident de la CENI, Louceny Camara a tir\u00e9 sa r\u00e9v\u00e9rence ce samedi, 20 ao\u00fbt 2022, des suites de maladie au CHU Ignace Deen.<\/p>\n<div><\/div>\n<div>Accus\u00e9 de d\u00e9tournement de deniers publics, corruption, blanchiment de capitaux, enrichissement illicite, il \u00e9tait en d\u00e9tention depuis le 28 avril dernier.<\/div>\n<div>Selon un de ses proches, il a fait une crise ce matin et a \u00e9t\u00e9 envoy\u00e9 \u00e0 l\u2019h\u00f4pital o\u00f9 il a rendu l\u2019\u00e2me.<\/div>\n<div><\/div>\n<div>Sous Alpha Cond\u00e9, il a \u00e9t\u00e9 ministre de l\u2019Urbanisme et de l\u2019Habitat, avant d\u2019\u00eatre \u00e9lu d\u00e9put\u00e9 \u00e0 la 9<sup>\u00e8me<\/sup>\u00a0l\u00e9gislature.<\/div>\n<div><\/div>\n<div>Camara Mamadouba<\/div>\n<\/div>\n","protected":false},"excerpt":{"rendered":"<p>L\u2019ancien ministre et ancien pr\u00e9sident de la CENI, Louceny Camara a tir\u00e9 sa r\u00e9v\u00e9rence ce<\/p>\n","protected":false},"author":2,"featured_media":1828,"comment_status":"closed","ping_status":"open","sticky":false,"template":"","format":"standard","meta":[],"categories":[1],"tags":[229],"yoast_head":"<!-- This site is optimized with the Yoast SEO plugin v19.13 - https:\/\/yoast.com\/wordpress\/plugins\/seo\/ -->\n<title>Guin\u00e9e: Lonceny Camara, ancien pr\u00e9sident de la CENI et ancien ministre mort en d\u00e9tention. - UNIVERSNEWS224<\/title>\n<meta name=\"robots\" content=\"index, follow, max-snippet:-1, max-image-preview:large, max-video-preview:-1\" \/>\n<link rel=\"canonical\" href=\"https:\/\/universnews224.com\/index.php\/guinee-lonceny-camara-ancien-president-de-la-ceni-et-ancien-ministre-mort-en-detention\/\" \/>\n<meta property=\"og:locale\" content=\"fr_FR\" \/>\n<meta property=\"og:type\" content=\"article\" \/>\n<meta property=\"og:title\" content=\"Guin\u00e9e: Lonceny Camara, ancien pr\u00e9sident de la CENI et ancien ministre mort en d\u00e9tention. - UNIVERSNEWS224\" \/>\n<meta property=\"og:description\" content=\"L\u2019ancien ministre et ancien pr\u00e9sident de la CENI, Louceny Camara a tir\u00e9 sa r\u00e9v\u00e9rence ce\" \/>\n<meta property=\"og:url\" content=\"https:\/\/universnews224.com\/index.php\/guinee-lonceny-camara-ancien-president-de-la-ceni-et-ancien-ministre-mort-en-detention\/\" \/>\n<meta property=\"og:site_name\" content=\"UNIVERSNEWS224\" \/>\n<meta property=\"article:published_time\" content=\"2022-08-23T11:14:59+00:00\" \/>\n<meta property=\"og:image\" content=\"https:\/\/universnews224.com\/wp-content\/uploads\/2022\/08\/4ADC7C45-0C99-4B0D-8EA2-3A7AFAFC5815.png\" \/>\n\t<meta property=\"og:image:width\" content=\"719\" \/>\n\t<meta property=\"og:image:height\" content=\"601\" \/>\n\t<meta property=\"og:image:type\" content=\"image\/png\" \/>\n<meta name=\"author\" content=\"La R\u00e9daction\" \/>\n<meta name=\"twitter:label1\" content=\"\u00c9crit par\" \/>\n\t<meta name=\"twitter:data1\" content=\"La R\u00e9daction\" \/>\n\t<meta name=\"twitter:label2\" content=\"Dur\u00e9e de lecture estim\u00e9e\" \/>\n\t<meta name=\"twitter:data2\" content=\"1 minute\" \/>\n<script type=\"application\/ld+json\" class=\"yoast-schema-graph\">{\"@context\":\"https:\/\/schema.org\",\"@graph\":[{\"@type\":\"Article\",\"@id\":\"https:\/\/universnews224.com\/index.php\/guinee-lonceny-camara-ancien-president-de-la-ceni-et-ancien-ministre-mort-en-detention\/#article\",\"isPartOf\":{\"@id\":\"https:\/\/universnews224.com\/index.php\/guinee-lonceny-camara-ancien-president-de-la-ceni-et-ancien-ministre-mort-en-detention\/\"},\"author\":{\"name\":\"La R\u00e9daction\",\"@id\":\"https:\/\/universnews224.com\/#\/schema\/person\/a4b7d4f94a4716df60456a491260485e\"},\"headline\":\"Guin\u00e9e: Lonceny Camara, ancien pr\u00e9sident de la CENI et ancien ministre mort en d\u00e9tention.\",\"datePublished\":\"2022-08-23T11:14:59+00:00\",\"dateModified\":\"2022-08-23T11:14:59+00:00\",\"mainEntityOfPage\":{\"@id\":\"https:\/\/universnews224.com\/index.php\/guinee-lonceny-camara-ancien-president-de-la-ceni-et-ancien-ministre-mort-en-detention\/\"},\"wordCount\":120,\"publisher\":{\"@id\":\"https:\/\/universnews224.com\/#organization\"},\"keywords\":[\"La une\"],\"inLanguage\":\"fr-FR\"},{\"@type\":\"WebPage\",\"@id\":\"https:\/\/universnews224.com\/index.php\/guinee-lonceny-camara-ancien-president-de-la-ceni-et-ancien-ministre-mort-en-detention\/\",\"url\":\"https:\/\/universnews224.com\/index.php\/guinee-lonceny-camara-ancien-president-de-la-ceni-et-ancien-ministre-mort-en-detention\/\",\"name\":\"Guin\u00e9e: Lonceny Camara, ancien pr\u00e9sident de la CENI et ancien ministre mort en d\u00e9tention. - UNIVERSNEWS224\",\"isPartOf\":{\"@id\":\"https:\/\/universnews224.com\/#website\"},\"datePublished\":\"2022-08-23T11:14:59+00:00\",\"dateModified\":\"2022-08-23T11:14:59+00:00\",\"inLanguage\":\"fr-FR\",\"potentialAction\":[{\"@type\":\"ReadAction\",\"target\":[\"https:\/\/universnews224.com\/index.php\/guinee-lonceny-camara-ancien-president-de-la-ceni-et-ancien-ministre-mort-en-detention\/\"]}]},{\"@type\":\"WebSite\",\"@id\":\"https:\/\/universnews224.com\/#website\",\"url\":\"https:\/\/universnews224.com\/\",\"name\":\"UNIVERSNEWS224\",\"description\":\"\",\"publisher\":{\"@id\":\"https:\/\/universnews224.com\/#organization\"},\"potentialAction\":[{\"@type\":\"SearchAction\",\"target\":{\"@type\":\"EntryPoint\",\"urlTemplate\":\"https:\/\/universnews224.com\/?s={search_term_string}\"},\"query-input\":\"required name=search_term_string\"}],\"inLanguage\":\"fr-FR\"},{\"@type\":\"Organization\",\"@id\":\"https:\/\/universnews224.com\/#organization\",\"name\":\"UNIVERSNEWS224\",\"url\":\"https:\/\/universnews224.com\/\",\"logo\":{\"@type\":\"ImageObject\",\"inLanguage\":\"fr-FR\",\"@id\":\"https:\/\/universnews224.com\/#\/schema\/logo\/image\/\",\"url\":\"https:\/\/universnews224.com\/wp-content\/uploads\/2022\/08\/cropped-cropped-logoban.jpg\",\"contentUrl\":\"https:\/\/universnews224.com\/wp-content\/uploads\/2022\/08\/cropped-cropped-logoban.jpg\",\"width\":1080,\"height\":138,\"caption\":\"UNIVERSNEWS224\"},\"image\":{\"@id\":\"https:\/\/universnews224.com\/#\/schema\/logo\/image\/\"}},{\"@type\":\"Person\",\"@id\":\"https:\/\/universnews224.com\/#\/schema\/person\/a4b7d4f94a4716df60456a491260485e\",\"name\":\"La R\u00e9daction\",\"image\":{\"@type\":\"ImageObject\",\"inLanguage\":\"fr-FR\",\"@id\":\"https:\/\/universnews224.com\/#\/schema\/person\/image\/\",\"url\":\"https:\/\/secure.gravatar.com\/avatar\/edb90acc7752b23e1b3307ad36c14f0d?s=96&d=mm&r=g\",\"contentUrl\":\"https:\/\/secure.gravatar.com\/avatar\/edb90acc7752b23e1b3307ad36c14f0d?s=96&d=mm&r=g\",\"caption\":\"La R\u00e9daction\"},\"sameAs\":[\"https:\/\/universnews224.com\"],\"url\":\"https:\/\/universnews224.com\/index.php\/author\/m-camara\/\"}]}<\/script>\n<!-- \/ Yoast SEO plugin. -->","yoast_head_json":{"title":"Guin\u00e9e: Lonceny Camara, ancien pr\u00e9sident de la CENI et ancien ministre mort en d\u00e9tention. - UNIVERSNEWS224","robots":{"index":"index","follow":"follow","max-snippet":"max-snippet:-1","max-image-preview":"max-image-preview:large","max-video-preview":"max-video-preview:-1"},"canonical":"https:\/\/universnews224.com\/index.php\/guinee-lonceny-camara-ancien-president-de-la-ceni-et-ancien-ministre-mort-en-detention\/","og_locale":"fr_FR","og_type":"article","og_title":"Guin\u00e9e: Lonceny Camara, ancien pr\u00e9sident de la CENI et ancien ministre mort en d\u00e9tention. - UNIVERSNEWS224","og_description":"L\u2019ancien ministre et ancien pr\u00e9sident de la CENI, Louceny Camara a tir\u00e9 sa r\u00e9v\u00e9rence ce","og_url":"https:\/\/universnews224.com\/index.php\/guinee-lonceny-camara-ancien-president-de-la-ceni-et-ancien-ministre-mort-en-detention\/","og_site_name":"UNIVERSNEWS224","article_published_time":"2022-08-23T11:14:59+00:00","og_image":[{"width":719,"height":601,"url":"https:\/\/universnews224.com\/wp-content\/uploads\/2022\/08\/4ADC7C45-0C99-4B0D-8EA2-3A7AFAFC5815.png","type":"image\/png"}],"author":"La R\u00e9daction","twitter_misc":{"\u00c9crit par":"La R\u00e9daction","Dur\u00e9e de lecture estim\u00e9e":"1 minute"},"schema":{"@context":"https:\/\/schema.org","@graph":[{"@type":"Article","@id":"https:\/\/universnews224.com\/index.php\/guinee-lonceny-camara-ancien-president-de-la-ceni-et-ancien-ministre-mort-en-detention\/#article","isPartOf":{"@id":"https:\/\/universnews224.com\/index.php\/guinee-lonceny-camara-ancien-president-de-la-ceni-et-ancien-ministre-mort-en-detention\/"},"author":{"name":"La R\u00e9daction","@id":"https:\/\/universnews224.com\/#\/schema\/person\/a4b7d4f94a4716df60456a491260485e"},"headline":"Guin\u00e9e: Lonceny Camara, ancien pr\u00e9sident de la CENI et ancien ministre mort en d\u00e9tention.","datePublished":"2022-08-23T11:14:59+00:00","dateModified":"2022-08-23T11:14:59+00:00","mainEntityOfPage":{"@id":"https:\/\/universnews224.com\/index.php\/guinee-lonceny-camara-ancien-president-de-la-ceni-et-ancien-ministre-mort-en-detention\/"},"wordCount":120,"publisher":{"@id":"https:\/\/universnews224.com\/#organization"},"keywords":["La une"],"inLanguage":"fr-FR"},{"@type":"WebPage","@id":"https:\/\/universnews224.com\/index.php\/guinee-lonceny-camara-ancien-president-de-la-ceni-et-ancien-ministre-mort-en-detention\/","url":"https:\/\/universnews224.com\/index.php\/guinee-lonceny-camara-ancien-president-de-la-ceni-et-ancien-ministre-mort-en-detention\/","name":"Guin\u00e9e: Lonceny Camara, ancien pr\u00e9sident de la CENI et ancien ministre mort en d\u00e9tention. - UNIVERSNEWS224","isPartOf":{"@id":"https:\/\/universnews224.com\/#website"},"datePublished":"2022-08-23T11:14:59+00:00","dateModified":"2022-08-23T11:14:59+00:00","inLanguage":"fr-FR","potentialAction":[{"@type":"ReadAction","target":["https:\/\/universnews224.com\/index.php\/guinee-lonceny-camara-ancien-president-de-la-ceni-et-ancien-ministre-mort-en-detention\/"]}]},{"@type":"WebSite","@id":"https:\/\/universnews224.com\/#website","url":"https:\/\/universnews224.com\/","name":"UNIVERSNEWS224","description":"","publisher":{"@id":"https:\/\/universnews224.com\/#organization"},"potentialAction":[{"@type":"SearchAction","target":{"@type":"EntryPoint","urlTemplate":"https:\/\/universnews224.com\/?s={search_term_string}"},"query-input":"required name=search_term_string"}],"inLanguage":"fr-FR"},{"@type":"Organization","@id":"https:\/\/universnews224.com\/#organization","name":"UNIVERSNEWS224","url":"https:\/\/universnews224.com\/","logo":{"@type":"ImageObject","inLanguage":"fr-FR","@id":"https:\/\/universnews224.com\/#\/schema\/logo\/image\/","url":"https:\/\/universnews224.com\/wp-content\/uploads\/2022\/08\/cropped-cropped-logoban.jpg","contentUrl":"https:\/\/universnews224.com\/wp-content\/uploads\/2022\/08\/cropped-cropped-logoban.jpg","width":1080,"height":138,"caption":"UNIVERSNEWS224"},"image":{"@id":"https:\/\/universnews224.com\/#\/schema\/logo\/image\/"}},{"@type":"Person","@id":"https:\/\/universnews224.com\/#\/schema\/person\/a4b7d4f94a4716df60456a491260485e","name":"La R\u00e9daction","image":{"@type":"ImageObject","inLanguage":"fr-FR","@id":"https:\/\/universnews224.com\/#\/schema\/person\/image\/","url":"https:\/\/secure.gravatar.com\/avatar\/edb90acc7752b23e1b3307ad36c14f0d?s=96&d=mm&r=g","contentUrl":"https:\/\/secure.gravatar.com\/avatar\/edb90acc7752b23e1b3307ad36c14f0d?s=96&d=mm&r=g","caption":"La R\u00e9daction"},"sameAs":["https:\/\/universnews224.com"],"url":"https:\/\/universnews224.com\/index.php\/author\/m-camara\/"}]}},"_links":{"self":[{"href":"https:\/\/universnews224.com\/index.php\/wp-json\/wp\/v2\/posts\/1827"}],"collection":[{"href":"https:\/\/universnews224.com\/index.php\/wp-json\/wp\/v2\/posts"}],"about":[{"href":"https:\/\/universnews224.com\/index.php\/wp-json\/wp\/v2\/types\/post"}],"author":[{"embeddable":true,"href":"https:\/\/universnews224.com\/index.php\/wp-json\/wp\/v2\/users\/2"}],"replies":[{"embeddable":true,"href":"https:\/\/universnews224.com\/index.php\/wp-json\/wp\/v2\/comments?post=1827"}],"version-history":[{"count":1,"href":"https:\/\/universnews224.com\/index.php\/wp-json\/wp\/v2\/posts\/1827\/revisions"}],"predecessor-version":[{"id":1829,"href":"https:\/\/universnews224.com\/index.php\/wp-json\/wp\/v2\/posts\/1827\/revisions\/1829"}],"wp:featuredmedia":[{"embeddable":true,"href":"https:\/\/universnews224.com\/index.php\/wp-json\/wp\/v2\/media\/1828"}],"wp:attachment":[{"href":"https:\/\/universnews224.com\/index.php\/wp-json\/wp\/v2\/media?parent=1827"}],"wp:term":[{"taxonomy":"category","embeddable":true,"href":"https:\/\/universnews224.com\/index.php\/wp-json\/wp\/v2\/categories?post=1827"},{"taxonomy":"post_tag","embeddable":true,"href":"https:\/\/universnews224.com\/index.php\/wp-json\/wp\/v2\/tags?post=1827"}],"curies":[{"name":"wp","href":"https:\/\/api.w.org\/{rel}","templated":true}]}}