{"id":1832,"date":"2022-08-23T12:24:35","date_gmt":"2022-08-23T11:24:35","guid":{"rendered":"https:\/\/universnews224.com\/?p=1832"},"modified":"2022-08-23T12:24:35","modified_gmt":"2022-08-23T11:24:35","slug":"le-ministre-de-lenergie-de-lhydraulique-et-des-hydrocarbures-aly-seydouba-soumah-prend-fonction","status":"publish","type":"post","link":"https:\/\/universnews224.com\/index.php\/le-ministre-de-lenergie-de-lhydraulique-et-des-hydrocarbures-aly-seydouba-soumah-prend-fonction\/","title":{"rendered":"Le ministre de l\u2019Energie, de l\u2019Hydraulique et des Hydrocarbures, Aly Seydouba Soumah prend fonction."},"content":{"rendered":"<p>Nomm\u00e9 le samedi 20 ao\u00fbt dernier par le Pr\u00e9sident de la Transition, le Colonel Mamadi Doumbouya, le nouveau ministre de l\u2019\u00c9nergie et des Hydrocarbures, Aly Seydouba Soumah a pris fonction ce lundi, 22 ao\u00fbt 2022 \u00e0 Conakry<\/p>\n<p>C\u2019est les locaux dudit minist\u00e8re \u00a0qui ont servi de cadre \u00e0 la c\u00e9r\u00e9monie de passation en pr\u00e9sence du secr\u00e9taire g\u00e9n\u00e9ral du gouvernement Abdourahamane Sikh\u00e9 et de plusieurs membres du gouvernement.<\/p>\n<p>Dans son discours de circonstance, le ministre sortant, Ibrahima Abb\u00e9 Sylla apr\u00e8s avoir rappel\u00e9 son bilan \u00e0 la t\u00eate du minist\u00e8re de l\u2019Energie, \u00a0s\u2019engage \u00e0 accompagner le nouveau promu pour la r\u00e9ussite de sa mission.<\/p>\n<p>Pour sa part, le secr\u00e9taire g\u00e9n\u00e9ral du gouvernement, Abdourahamane Sikh\u00e9 Camara a tout d\u2019abord f\u00e9licit\u00e9 le nouveau promu pour sa nomination \u00a0\u00e0 la t\u00eate du minist\u00e8re de l\u2019Energie, de l\u2019hydraulique et des hydrocarbures avant d\u2019\u00e9grener les nombreux d\u00e9fis qu\u2019il l\u2019attendent.<\/p>\n<p>\u00abMonsieur le ministre, le m\u00e9rite est de reconna\u00eetre qu\u2019aujourd\u2019hui de grandes r\u00e9alisations sont faites dans le domaine hydro\u00e9lectrique. Cependant, nous constatons que le niveau de desserte du courant \u00e9lectrique dans les m\u00e9nages reste encore \u00e0 d\u00e9sirer. S\u2019agissant de l\u2019hydraulique, il est regrettable pour un pays comme la Guin\u00e9e qualifi\u00e9e de Ch\u00e2teau d\u2019Eau d\u2019Afrique de l\u2019Ouest que l\u2019addiction en eau potable constitue encore pour la population une v\u00e9ritable attente. Le secteur des hydrocarbures, il faut retenir que la variation intempestive du prix du carburant non adapt\u00e9 aux revenus des citoyens constitue pour ces derniers un s\u00e9rieux probl\u00e8me, souvent source de manifestations sociales. Vous prenez donc, les commandes de ce d\u00e9partement dans un contexte climatique o\u00f9 la production de gaz \u00e0 effet de serre doit \u00eatre contr\u00f4l\u00e9e. Aussi, les guin\u00e9ens attendent de voir que leur pays soit compt\u00e9 parmi les pays producteur de p\u00e9trole. En prenant donc fonction aujourd\u2019hui, vous \u00eates charg\u00e9s entre autres: de mettre en valeur les ressources \u00e9nerg\u00e9tiques nationales dans les secteurs d\u2019activit\u00e9s en collaboration avec les acteurs concern\u00e9s. Appuyer les projets et programmes de d\u00e9veloppement \u00e9nerg\u00e9tique et veiller \u00e0 leur mise \u0153uvre. Assurer l\u2019approvisionnement en produits p\u00e9troliers des besoins strat\u00e9giques de l\u2019Etat. Promouvoir la vulgarisation du gaz butane afin de r\u00e9duire la coupe abusive des bois. Lutter contre le monopole de l\u2019importation des produits p\u00e9troliers. Assurer l\u2019approvisionnement en eau potable des populations en milieu rural, urbain et semi-urbain. Assurer la conservation des eaux souterraines et de surface. Lutter contre les activit\u00e9s de sp\u00e9culation et de fraude en relation avec les autres services concern\u00e9s de l\u2019Etat\u00bb a t-il martel\u00e9.<\/p>\n<p>De son c\u00f4t\u00e9, Aly Seydouba Soumah, le ministre entrant, a tout d\u2019abord remerci\u00e9 le pr\u00e9sident de la transition pour la confiance qu\u2019il a plac\u00e9e en sa personne pour conduire les destin\u00e9es de ce minist\u00e8re, avant de s\u2019engager \u00e0 relever les nombreux d\u00e9fis li\u00e9s aux secteurs de l\u2019Energie, de l\u2019Hydraulique et des hydrocarbures.<\/p>\n<p>\u00abJe mesure toute la port\u00e9e qui s\u2019attache \u00e0 ce choix ainsi l\u2019ampleur, l\u2019urgence et l\u2019immensit\u00e9 des d\u00e9fis \u00e0 relever. J\u2019ai l\u2019intime conviction qu\u2019en r\u00e9pondant sinc\u00e8rement \u00e0 cet appel du destin, Dieu le cl\u00e9ment et mis\u00e9ricordieux dans son infime volont\u00e9 et sa grande g\u00e9n\u00e9rosit\u00e9 nous accompagnera tous pour combler par le travail bien fait des nombreuses attentes du gouvernement et celles de laborieuse population alterne d\u2019\u00e9lectricit\u00e9, d\u2019eau et de l\u2019hydrocarbure. En prenant service aujourd\u2019hui, je mesure l\u2019immensit\u00e9 de notre mission commune, celle d\u2019accompagner son excellence,M le pr\u00e9sident du CNRD, le colonel Mamadi Doumbouya en vue de l\u2019ex\u00e9cution des actions indispensables \u00e0 la r\u00e9alisation des objectifs fix\u00e9s \u00e0 notre d\u00e9partement\u00bba t-il indiqu\u00e9.<\/p>\n<p>Pour y parvenir, le nouveau ministre de l\u2019Energie, de l\u2019hydraulique et des Hydrocarbures compte sur la franche collaboration de tous les travailleurs de son d\u00e9partement et les partenaires techniques et financiers de la Guin\u00e9e:<\/p>\n<p>\u00abNotre d\u00e9partement a pour mission, la conception, l\u2019\u00e9laboration et la mise en \u0153uvre de la politique du gouvernement dans les domaines de l\u2019\u00e9nergie, de l\u2019hydraulique et des hydrocarbures et d\u2019en assurer le suivi. C\u2019est ainsi, au cours de cette p\u00e9riode de transition, la priorit\u00e9 sera d\u2019ex\u00e9cuter les activit\u00e9s inscrites dans la lettre de mission assign\u00e9e \u00e0 notre d\u00e9partement. La r\u00e9alisation de ces missions n\u00e9cessite la conjonction des efforts de tous les travailleurs et la collaboration de tous les sous secteurs: \u00e9lectricit\u00e9, eau, hydrocarbure. Je suis convaincu qu\u2019ensemble, nous pouvons r\u00e9ussir \u00e0 relever les d\u00e9fis qui interpellent chacun de nous. Aussi, je saisis cette opportunit\u00e9 pour signifier \u00e0 nos partenaires techniques et financiers notre totale disponibilit\u00e9 \u00e0 collaborer conform\u00e9ment aux directives du gouvernement\u00bb a t-il soulign\u00e9.<\/p>\n<p>Camara Mohamed<\/p>\n","protected":false},"excerpt":{"rendered":"<p>Nomm\u00e9 le samedi 20 ao\u00fbt dernier par le Pr\u00e9sident de la Transition, le Colonel Mamadi<\/p>\n","protected":false},"author":2,"featured_media":1833,"comment_status":"closed","ping_status":"open","sticky":false,"template":"","format":"standard","meta":[],"categories":[1],"tags":[229],"yoast_head":"<!-- This site is optimized with the Yoast SEO plugin v19.13 - https:\/\/yoast.com\/wordpress\/plugins\/seo\/ -->\n<title>Le ministre de l\u2019Energie, de l\u2019Hydraulique et des Hydrocarbures, Aly Seydouba Soumah prend fonction. - UNIVERSNEWS224<\/title>\n<meta name=\"robots\" content=\"index, follow, max-snippet:-1, max-image-preview:large, max-video-preview:-1\" \/>\n<link rel=\"canonical\" href=\"https:\/\/universnews224.com\/index.php\/le-ministre-de-lenergie-de-lhydraulique-et-des-hydrocarbures-aly-seydouba-soumah-prend-fonction\/\" \/>\n<meta property=\"og:locale\" content=\"fr_FR\" \/>\n<meta property=\"og:type\" content=\"article\" \/>\n<meta property=\"og:title\" content=\"Le ministre de l\u2019Energie, de l\u2019Hydraulique et des Hydrocarbures, Aly Seydouba Soumah prend fonction. - UNIVERSNEWS224\" \/>\n<meta property=\"og:description\" content=\"Nomm\u00e9 le samedi 20 ao\u00fbt dernier par le Pr\u00e9sident de la Transition, le Colonel Mamadi\" \/>\n<meta property=\"og:url\" content=\"https:\/\/universnews224.com\/index.php\/le-ministre-de-lenergie-de-lhydraulique-et-des-hydrocarbures-aly-seydouba-soumah-prend-fonction\/\" \/>\n<meta property=\"og:site_name\" content=\"UNIVERSNEWS224\" \/>\n<meta property=\"article:published_time\" content=\"2022-08-23T11:24:35+00:00\" \/>\n<meta property=\"og:image\" content=\"https:\/\/universnews224.com\/wp-content\/uploads\/2022\/08\/F1F08F2E-AA49-4AE3-9538-F4275B96BD18.jpeg\" \/>\n\t<meta property=\"og:image:width\" content=\"1080\" \/>\n\t<meta property=\"og:image:height\" content=\"607\" \/>\n\t<meta property=\"og:image:type\" content=\"image\/jpeg\" \/>\n<meta name=\"author\" content=\"La R\u00e9daction\" \/>\n<meta name=\"twitter:label1\" content=\"\u00c9crit par\" \/>\n\t<meta name=\"twitter:data1\" content=\"La R\u00e9daction\" \/>\n\t<meta name=\"twitter:label2\" content=\"Dur\u00e9e de lecture estim\u00e9e\" \/>\n\t<meta name=\"twitter:data2\" content=\"4 minutes\" \/>\n<script type=\"application\/ld+json\" class=\"yoast-schema-graph\">{\"@context\":\"https:\/\/schema.org\",\"@graph\":[{\"@type\":\"Article\",\"@id\":\"https:\/\/universnews224.com\/index.php\/le-ministre-de-lenergie-de-lhydraulique-et-des-hydrocarbures-aly-seydouba-soumah-prend-fonction\/#article\",\"isPartOf\":{\"@id\":\"https:\/\/universnews224.com\/index.php\/le-ministre-de-lenergie-de-lhydraulique-et-des-hydrocarbures-aly-seydouba-soumah-prend-fonction\/\"},\"author\":{\"name\":\"La R\u00e9daction\",\"@id\":\"https:\/\/universnews224.com\/#\/schema\/person\/a4b7d4f94a4716df60456a491260485e\"},\"headline\":\"Le ministre de l\u2019Energie, de l\u2019Hydraulique et des Hydrocarbures, Aly Seydouba Soumah prend fonction.\",\"datePublished\":\"2022-08-23T11:24:35+00:00\",\"dateModified\":\"2022-08-23T11:24:35+00:00\",\"mainEntityOfPage\":{\"@id\":\"https:\/\/universnews224.com\/index.php\/le-ministre-de-lenergie-de-lhydraulique-et-des-hydrocarbures-aly-seydouba-soumah-prend-fonction\/\"},\"wordCount\":859,\"publisher\":{\"@id\":\"https:\/\/universnews224.com\/#organization\"},\"keywords\":[\"La une\"],\"inLanguage\":\"fr-FR\"},{\"@type\":\"WebPage\",\"@id\":\"https:\/\/universnews224.com\/index.php\/le-ministre-de-lenergie-de-lhydraulique-et-des-hydrocarbures-aly-seydouba-soumah-prend-fonction\/\",\"url\":\"https:\/\/universnews224.com\/index.php\/le-ministre-de-lenergie-de-lhydraulique-et-des-hydrocarbures-aly-seydouba-soumah-prend-fonction\/\",\"name\":\"Le ministre de l\u2019Energie, de l\u2019Hydraulique et des Hydrocarbures, Aly Seydouba Soumah prend fonction. - UNIVERSNEWS224\",\"isPartOf\":{\"@id\":\"https:\/\/universnews224.com\/#website\"},\"datePublished\":\"2022-08-23T11:24:35+00:00\",\"dateModified\":\"2022-08-23T11:24:35+00:00\",\"inLanguage\":\"fr-FR\",\"potentialAction\":[{\"@type\":\"ReadAction\",\"target\":[\"https:\/\/universnews224.com\/index.php\/le-ministre-de-lenergie-de-lhydraulique-et-des-hydrocarbures-aly-seydouba-soumah-prend-fonction\/\"]}]},{\"@type\":\"WebSite\",\"@id\":\"https:\/\/universnews224.com\/#website\",\"url\":\"https:\/\/universnews224.com\/\",\"name\":\"UNIVERSNEWS224\",\"description\":\"\",\"publisher\":{\"@id\":\"https:\/\/universnews224.com\/#organization\"},\"potentialAction\":[{\"@type\":\"SearchAction\",\"target\":{\"@type\":\"EntryPoint\",\"urlTemplate\":\"https:\/\/universnews224.com\/?s={search_term_string}\"},\"query-input\":\"required name=search_term_string\"}],\"inLanguage\":\"fr-FR\"},{\"@type\":\"Organization\",\"@id\":\"https:\/\/universnews224.com\/#organization\",\"name\":\"UNIVERSNEWS224\",\"url\":\"https:\/\/universnews224.com\/\",\"logo\":{\"@type\":\"ImageObject\",\"inLanguage\":\"fr-FR\",\"@id\":\"https:\/\/universnews224.com\/#\/schema\/logo\/image\/\",\"url\":\"https:\/\/universnews224.com\/wp-content\/uploads\/2022\/08\/cropped-cropped-logoban.jpg\",\"contentUrl\":\"https:\/\/universnews224.com\/wp-content\/uploads\/2022\/08\/cropped-cropped-logoban.jpg\",\"width\":1080,\"height\":138,\"caption\":\"UNIVERSNEWS224\"},\"image\":{\"@id\":\"https:\/\/universnews224.com\/#\/schema\/logo\/image\/\"}},{\"@type\":\"Person\",\"@id\":\"https:\/\/universnews224.com\/#\/schema\/person\/a4b7d4f94a4716df60456a491260485e\",\"name\":\"La R\u00e9daction\",\"image\":{\"@type\":\"ImageObject\",\"inLanguage\":\"fr-FR\",\"@id\":\"https:\/\/universnews224.com\/#\/schema\/person\/image\/\",\"url\":\"https:\/\/secure.gravatar.com\/avatar\/edb90acc7752b23e1b3307ad36c14f0d?s=96&d=mm&r=g\",\"contentUrl\":\"https:\/\/secure.gravatar.com\/avatar\/edb90acc7752b23e1b3307ad36c14f0d?s=96&d=mm&r=g\",\"caption\":\"La R\u00e9daction\"},\"sameAs\":[\"https:\/\/universnews224.com\"],\"url\":\"https:\/\/universnews224.com\/index.php\/author\/m-camara\/\"}]}<\/script>\n<!-- \/ Yoast SEO plugin. -->","yoast_head_json":{"title":"Le ministre de l\u2019Energie, de l\u2019Hydraulique et des Hydrocarbures, Aly Seydouba Soumah prend fonction. - UNIVERSNEWS224","robots":{"index":"index","follow":"follow","max-snippet":"max-snippet:-1","max-image-preview":"max-image-preview:large","max-video-preview":"max-video-preview:-1"},"canonical":"https:\/\/universnews224.com\/index.php\/le-ministre-de-lenergie-de-lhydraulique-et-des-hydrocarbures-aly-seydouba-soumah-prend-fonction\/","og_locale":"fr_FR","og_type":"article","og_title":"Le ministre de l\u2019Energie, de l\u2019Hydraulique et des Hydrocarbures, Aly Seydouba Soumah prend fonction. - UNIVERSNEWS224","og_description":"Nomm\u00e9 le samedi 20 ao\u00fbt dernier par le Pr\u00e9sident de la Transition, le Colonel Mamadi","og_url":"https:\/\/universnews224.com\/index.php\/le-ministre-de-lenergie-de-lhydraulique-et-des-hydrocarbures-aly-seydouba-soumah-prend-fonction\/","og_site_name":"UNIVERSNEWS224","article_published_time":"2022-08-23T11:24:35+00:00","og_image":[{"width":1080,"height":607,"url":"https:\/\/universnews224.com\/wp-content\/uploads\/2022\/08\/F1F08F2E-AA49-4AE3-9538-F4275B96BD18.jpeg","type":"image\/jpeg"}],"author":"La R\u00e9daction","twitter_misc":{"\u00c9crit par":"La R\u00e9daction","Dur\u00e9e de lecture estim\u00e9e":"4 minutes"},"schema":{"@context":"https:\/\/schema.org","@graph":[{"@type":"Article","@id":"https:\/\/universnews224.com\/index.php\/le-ministre-de-lenergie-de-lhydraulique-et-des-hydrocarbures-aly-seydouba-soumah-prend-fonction\/#article","isPartOf":{"@id":"https:\/\/universnews224.com\/index.php\/le-ministre-de-lenergie-de-lhydraulique-et-des-hydrocarbures-aly-seydouba-soumah-prend-fonction\/"},"author":{"name":"La R\u00e9daction","@id":"https:\/\/universnews224.com\/#\/schema\/person\/a4b7d4f94a4716df60456a491260485e"},"headline":"Le ministre de l\u2019Energie, de l\u2019Hydraulique et des Hydrocarbures, Aly Seydouba Soumah prend fonction.","datePublished":"2022-08-23T11:24:35+00:00","dateModified":"2022-08-23T11:24:35+00:00","mainEntityOfPage":{"@id":"https:\/\/universnews224.com\/index.php\/le-ministre-de-lenergie-de-lhydraulique-et-des-hydrocarbures-aly-seydouba-soumah-prend-fonction\/"},"wordCount":859,"publisher":{"@id":"https:\/\/universnews224.com\/#organization"},"keywords":["La une"],"inLanguage":"fr-FR"},{"@type":"WebPage","@id":"https:\/\/universnews224.com\/index.php\/le-ministre-de-lenergie-de-lhydraulique-et-des-hydrocarbures-aly-seydouba-soumah-prend-fonction\/","url":"https:\/\/universnews224.com\/index.php\/le-ministre-de-lenergie-de-lhydraulique-et-des-hydrocarbures-aly-seydouba-soumah-prend-fonction\/","name":"Le ministre de l\u2019Energie, de l\u2019Hydraulique et des Hydrocarbures, Aly Seydouba Soumah prend fonction. - UNIVERSNEWS224","isPartOf":{"@id":"https:\/\/universnews224.com\/#website"},"datePublished":"2022-08-23T11:24:35+00:00","dateModified":"2022-08-23T11:24:35+00:00","inLanguage":"fr-FR","potentialAction":[{"@type":"ReadAction","target":["https:\/\/universnews224.com\/index.php\/le-ministre-de-lenergie-de-lhydraulique-et-des-hydrocarbures-aly-seydouba-soumah-prend-fonction\/"]}]},{"@type":"WebSite","@id":"https:\/\/universnews224.com\/#website","url":"https:\/\/universnews224.com\/","name":"UNIVERSNEWS224","description":"","publisher":{"@id":"https:\/\/universnews224.com\/#organization"},"potentialAction":[{"@type":"SearchAction","target":{"@type":"EntryPoint","urlTemplate":"https:\/\/universnews224.com\/?s={search_term_string}"},"query-input":"required name=search_term_string"}],"inLanguage":"fr-FR"},{"@type":"Organization","@id":"https:\/\/universnews224.com\/#organization","name":"UNIVERSNEWS224","url":"https:\/\/universnews224.com\/","logo":{"@type":"ImageObject","inLanguage":"fr-FR","@id":"https:\/\/universnews224.com\/#\/schema\/logo\/image\/","url":"https:\/\/universnews224.com\/wp-content\/uploads\/2022\/08\/cropped-cropped-logoban.jpg","contentUrl":"https:\/\/universnews224.com\/wp-content\/uploads\/2022\/08\/cropped-cropped-logoban.jpg","width":1080,"height":138,"caption":"UNIVERSNEWS224"},"image":{"@id":"https:\/\/universnews224.com\/#\/schema\/logo\/image\/"}},{"@type":"Person","@id":"https:\/\/universnews224.com\/#\/schema\/person\/a4b7d4f94a4716df60456a491260485e","name":"La R\u00e9daction","image":{"@type":"ImageObject","inLanguage":"fr-FR","@id":"https:\/\/universnews224.com\/#\/schema\/person\/image\/","url":"https:\/\/secure.gravatar.com\/avatar\/edb90acc7752b23e1b3307ad36c14f0d?s=96&d=mm&r=g","contentUrl":"https:\/\/secure.gravatar.com\/avatar\/edb90acc7752b23e1b3307ad36c14f0d?s=96&d=mm&r=g","caption":"La R\u00e9daction"},"sameAs":["https:\/\/universnews224.com"],"url":"https:\/\/universnews224.com\/index.php\/author\/m-camara\/"}]}},"_links":{"self":[{"href":"https:\/\/universnews224.com\/index.php\/wp-json\/wp\/v2\/posts\/1832"}],"collection":[{"href":"https:\/\/universnews224.com\/index.php\/wp-json\/wp\/v2\/posts"}],"about":[{"href":"https:\/\/universnews224.com\/index.php\/wp-json\/wp\/v2\/types\/post"}],"author":[{"embeddable":true,"href":"https:\/\/universnews224.com\/index.php\/wp-json\/wp\/v2\/users\/2"}],"replies":[{"embeddable":true,"href":"https:\/\/universnews224.com\/index.php\/wp-json\/wp\/v2\/comments?post=1832"}],"version-history":[{"count":1,"href":"https:\/\/universnews224.com\/index.php\/wp-json\/wp\/v2\/posts\/1832\/revisions"}],"predecessor-version":[{"id":1834,"href":"https:\/\/universnews224.com\/index.php\/wp-json\/wp\/v2\/posts\/1832\/revisions\/1834"}],"wp:featuredmedia":[{"embeddable":true,"href":"https:\/\/universnews224.com\/index.php\/wp-json\/wp\/v2\/media\/1833"}],"wp:attachment":[{"href":"https:\/\/universnews224.com\/index.php\/wp-json\/wp\/v2\/media?parent=1832"}],"wp:term":[{"taxonomy":"category","embeddable":true,"href":"https:\/\/universnews224.com\/index.php\/wp-json\/wp\/v2\/categories?post=1832"},{"taxonomy":"post_tag","embeddable":true,"href":"https:\/\/universnews224.com\/index.php\/wp-json\/wp\/v2\/tags?post=1832"}],"curies":[{"name":"wp","href":"https:\/\/api.w.org\/{rel}","templated":true}]}}