{"id":1835,"date":"2022-08-23T12:27:23","date_gmt":"2022-08-23T11:27:23","guid":{"rendered":"https:\/\/universnews224.com\/?p=1835"},"modified":"2022-08-23T12:27:23","modified_gmt":"2022-08-23T11:27:23","slug":"dr-bernard-goumou-rend-hommage-a-son-predecesseur","status":"publish","type":"post","link":"https:\/\/universnews224.com\/index.php\/dr-bernard-goumou-rend-hommage-a-son-predecesseur\/","title":{"rendered":"DR BERNARD GOUMOU  REND HOMMAGE \u00c0 SON PR\u00c9D\u00c9CESSEUR"},"content":{"rendered":"<div>\n<div>48h apr\u00e8s sa nomination au poste de Premier ministre, Chef du Gouvernement, Dr Bernard Goumou \u00e0 \u00e9t\u00e9 install\u00e9 ce lundi 22 ao\u00fbt 2022, dans ses nouvelles fonctions par le ministre Secr\u00e9taire G\u00e9n\u00e9ral du Gouvernement. Le ministre Secr\u00e9taire G\u00e9n\u00e9ral de la Pr\u00e9sidence de la R\u00e9publique, le Ministre Directeur de cabinet de la Pr\u00e9sidence, les membres du Gouvernement, les cadres de la Primature et les membres de la famille du nouveau Chef du Gouvernement \u00e9taient pr\u00e9sents \u00e0 la c\u00e9r\u00e9monie solennelle.<\/div>\n<div><\/div>\n<\/div>\n<div>\n<div>Dr Bernard Goumou a exprim\u00e9 sa reconnaissance au Pr\u00e9sident de la Transition, le Colonel Mamadi Doumbouya pour la confiance plac\u00e9e en lui. Il a \u00e9galement rendu hommage \u00e0 son pr\u00e9d\u00e9cesseur Mohamed B\u00e9avogui pour la coordination de l\u2019action gouvernementale \u00ab men\u00e9e avec s\u00e9r\u00e9nit\u00e9 d\u00e8s le d\u00e9but de la transition \u00bb.<\/div>\n<\/div>\n<div>\n<div><\/div>\n<\/div>\n<div>\n<div>Le nouveau locataire du Palais de la Colombe s\u2019engage \u00e0 poursuivre vigoureusement l\u2019ex\u00e9cution de la feuille de route du Gouvernement \u00e0 travers notamment la rectification institutionnelle et les Assises nationales pour le pardon et la v\u00e9rit\u00e9.<\/div>\n<\/div>\n<div>\n<div><\/div>\n<\/div>\n<div>\n<div>Maintenant, \u00ab\u00a0notre Gouvernement doit aller plus vite, plus loin et mieux dans tous ces domaines pour r\u00e9pondre \u00e0 l\u2019attente des populations qui aspirent \u00e0 un mieux-\u00eatre\u00a0\u00bb.<\/div>\n<\/div>\n<div>\n<div>Dr Bernard Goumou compte sur la dynamique de groupe bas\u00e9e sur le patriotisme, la transparence, la solidarit\u00e9 gouvernementale pour atteindre ces objectifs.<\/div>\n<div><\/div>\n<\/div>\n<div>\n<div>Le Chef du Gouvernement a invit\u00e9 les ministres \u00e0 travailler avec l\u2019exaltante vision de parvenir \u00e0 une soci\u00e9t\u00e9 d\u00e9mocratique, apais\u00e9e, inclusive, soucieuse de nos concitoyens les plus vuln\u00e9rables.<\/div>\n<\/div>\n<div>\n<div><\/div>\n<\/div>\n<div>\n<div>Dr Bernard Goumou s\u2019engage \u00e0 mettre toute son \u00ab \u00e9nergie \u00bb pour acc\u00e9l\u00e9rer la mise en \u0153uvre du chronogramme de la transition.<\/div>\n<\/div>\n<div>\n<div>\nLa Cellule de Communication du Gouvernement<\/div>\n<\/div>\n","protected":false},"excerpt":{"rendered":"<p>48h apr\u00e8s sa nomination au poste de Premier ministre, Chef du Gouvernement, Dr Bernard Goumou<\/p>\n","protected":false},"author":2,"featured_media":1836,"comment_status":"closed","ping_status":"open","sticky":false,"template":"","format":"standard","meta":[],"categories":[1],"tags":[229],"yoast_head":"<!-- This site is optimized with the Yoast SEO plugin v19.13 - https:\/\/yoast.com\/wordpress\/plugins\/seo\/ -->\n<title>DR BERNARD GOUMOU REND HOMMAGE \u00c0 SON PR\u00c9D\u00c9CESSEUR - UNIVERSNEWS224<\/title>\n<meta name=\"robots\" content=\"index, follow, max-snippet:-1, max-image-preview:large, max-video-preview:-1\" \/>\n<link rel=\"canonical\" href=\"https:\/\/universnews224.com\/index.php\/dr-bernard-goumou-rend-hommage-a-son-predecesseur\/\" \/>\n<meta property=\"og:locale\" content=\"fr_FR\" \/>\n<meta property=\"og:type\" content=\"article\" \/>\n<meta property=\"og:title\" content=\"DR BERNARD GOUMOU REND HOMMAGE \u00c0 SON PR\u00c9D\u00c9CESSEUR - UNIVERSNEWS224\" \/>\n<meta property=\"og:description\" content=\"48h apr\u00e8s sa nomination au poste de Premier ministre, Chef du Gouvernement, Dr Bernard Goumou\" \/>\n<meta property=\"og:url\" content=\"https:\/\/universnews224.com\/index.php\/dr-bernard-goumou-rend-hommage-a-son-predecesseur\/\" \/>\n<meta property=\"og:site_name\" content=\"UNIVERSNEWS224\" \/>\n<meta property=\"article:published_time\" content=\"2022-08-23T11:27:23+00:00\" \/>\n<meta property=\"og:image\" content=\"https:\/\/universnews224.com\/wp-content\/uploads\/2022\/08\/41FB9614-0134-47A7-B61B-FF7761198463.jpeg\" \/>\n\t<meta property=\"og:image:width\" content=\"1080\" \/>\n\t<meta property=\"og:image:height\" content=\"901\" \/>\n\t<meta property=\"og:image:type\" content=\"image\/jpeg\" \/>\n<meta name=\"author\" content=\"La R\u00e9daction\" \/>\n<meta name=\"twitter:label1\" content=\"\u00c9crit par\" \/>\n\t<meta name=\"twitter:data1\" content=\"La R\u00e9daction\" \/>\n\t<meta name=\"twitter:label2\" content=\"Dur\u00e9e de lecture estim\u00e9e\" \/>\n\t<meta name=\"twitter:data2\" content=\"2 minutes\" \/>\n<script type=\"application\/ld+json\" class=\"yoast-schema-graph\">{\"@context\":\"https:\/\/schema.org\",\"@graph\":[{\"@type\":\"Article\",\"@id\":\"https:\/\/universnews224.com\/index.php\/dr-bernard-goumou-rend-hommage-a-son-predecesseur\/#article\",\"isPartOf\":{\"@id\":\"https:\/\/universnews224.com\/index.php\/dr-bernard-goumou-rend-hommage-a-son-predecesseur\/\"},\"author\":{\"name\":\"La R\u00e9daction\",\"@id\":\"https:\/\/universnews224.com\/#\/schema\/person\/a4b7d4f94a4716df60456a491260485e\"},\"headline\":\"DR BERNARD GOUMOU REND HOMMAGE \u00c0 SON PR\u00c9D\u00c9CESSEUR\",\"datePublished\":\"2022-08-23T11:27:23+00:00\",\"dateModified\":\"2022-08-23T11:27:23+00:00\",\"mainEntityOfPage\":{\"@id\":\"https:\/\/universnews224.com\/index.php\/dr-bernard-goumou-rend-hommage-a-son-predecesseur\/\"},\"wordCount\":301,\"publisher\":{\"@id\":\"https:\/\/universnews224.com\/#organization\"},\"keywords\":[\"La une\"],\"inLanguage\":\"fr-FR\"},{\"@type\":\"WebPage\",\"@id\":\"https:\/\/universnews224.com\/index.php\/dr-bernard-goumou-rend-hommage-a-son-predecesseur\/\",\"url\":\"https:\/\/universnews224.com\/index.php\/dr-bernard-goumou-rend-hommage-a-son-predecesseur\/\",\"name\":\"DR BERNARD GOUMOU REND HOMMAGE \u00c0 SON PR\u00c9D\u00c9CESSEUR - UNIVERSNEWS224\",\"isPartOf\":{\"@id\":\"https:\/\/universnews224.com\/#website\"},\"datePublished\":\"2022-08-23T11:27:23+00:00\",\"dateModified\":\"2022-08-23T11:27:23+00:00\",\"inLanguage\":\"fr-FR\",\"potentialAction\":[{\"@type\":\"ReadAction\",\"target\":[\"https:\/\/universnews224.com\/index.php\/dr-bernard-goumou-rend-hommage-a-son-predecesseur\/\"]}]},{\"@type\":\"WebSite\",\"@id\":\"https:\/\/universnews224.com\/#website\",\"url\":\"https:\/\/universnews224.com\/\",\"name\":\"UNIVERSNEWS224\",\"description\":\"\",\"publisher\":{\"@id\":\"https:\/\/universnews224.com\/#organization\"},\"potentialAction\":[{\"@type\":\"SearchAction\",\"target\":{\"@type\":\"EntryPoint\",\"urlTemplate\":\"https:\/\/universnews224.com\/?s={search_term_string}\"},\"query-input\":\"required name=search_term_string\"}],\"inLanguage\":\"fr-FR\"},{\"@type\":\"Organization\",\"@id\":\"https:\/\/universnews224.com\/#organization\",\"name\":\"UNIVERSNEWS224\",\"url\":\"https:\/\/universnews224.com\/\",\"logo\":{\"@type\":\"ImageObject\",\"inLanguage\":\"fr-FR\",\"@id\":\"https:\/\/universnews224.com\/#\/schema\/logo\/image\/\",\"url\":\"https:\/\/universnews224.com\/wp-content\/uploads\/2022\/08\/cropped-cropped-logoban.jpg\",\"contentUrl\":\"https:\/\/universnews224.com\/wp-content\/uploads\/2022\/08\/cropped-cropped-logoban.jpg\",\"width\":1080,\"height\":138,\"caption\":\"UNIVERSNEWS224\"},\"image\":{\"@id\":\"https:\/\/universnews224.com\/#\/schema\/logo\/image\/\"}},{\"@type\":\"Person\",\"@id\":\"https:\/\/universnews224.com\/#\/schema\/person\/a4b7d4f94a4716df60456a491260485e\",\"name\":\"La R\u00e9daction\",\"image\":{\"@type\":\"ImageObject\",\"inLanguage\":\"fr-FR\",\"@id\":\"https:\/\/universnews224.com\/#\/schema\/person\/image\/\",\"url\":\"https:\/\/secure.gravatar.com\/avatar\/edb90acc7752b23e1b3307ad36c14f0d?s=96&d=mm&r=g\",\"contentUrl\":\"https:\/\/secure.gravatar.com\/avatar\/edb90acc7752b23e1b3307ad36c14f0d?s=96&d=mm&r=g\",\"caption\":\"La R\u00e9daction\"},\"sameAs\":[\"https:\/\/universnews224.com\"],\"url\":\"https:\/\/universnews224.com\/index.php\/author\/m-camara\/\"}]}<\/script>\n<!-- \/ Yoast SEO plugin. -->","yoast_head_json":{"title":"DR BERNARD GOUMOU REND HOMMAGE \u00c0 SON PR\u00c9D\u00c9CESSEUR - UNIVERSNEWS224","robots":{"index":"index","follow":"follow","max-snippet":"max-snippet:-1","max-image-preview":"max-image-preview:large","max-video-preview":"max-video-preview:-1"},"canonical":"https:\/\/universnews224.com\/index.php\/dr-bernard-goumou-rend-hommage-a-son-predecesseur\/","og_locale":"fr_FR","og_type":"article","og_title":"DR BERNARD GOUMOU REND HOMMAGE \u00c0 SON PR\u00c9D\u00c9CESSEUR - UNIVERSNEWS224","og_description":"48h apr\u00e8s sa nomination au poste de Premier ministre, Chef du Gouvernement, Dr Bernard Goumou","og_url":"https:\/\/universnews224.com\/index.php\/dr-bernard-goumou-rend-hommage-a-son-predecesseur\/","og_site_name":"UNIVERSNEWS224","article_published_time":"2022-08-23T11:27:23+00:00","og_image":[{"width":1080,"height":901,"url":"https:\/\/universnews224.com\/wp-content\/uploads\/2022\/08\/41FB9614-0134-47A7-B61B-FF7761198463.jpeg","type":"image\/jpeg"}],"author":"La R\u00e9daction","twitter_misc":{"\u00c9crit par":"La R\u00e9daction","Dur\u00e9e de lecture estim\u00e9e":"2 minutes"},"schema":{"@context":"https:\/\/schema.org","@graph":[{"@type":"Article","@id":"https:\/\/universnews224.com\/index.php\/dr-bernard-goumou-rend-hommage-a-son-predecesseur\/#article","isPartOf":{"@id":"https:\/\/universnews224.com\/index.php\/dr-bernard-goumou-rend-hommage-a-son-predecesseur\/"},"author":{"name":"La R\u00e9daction","@id":"https:\/\/universnews224.com\/#\/schema\/person\/a4b7d4f94a4716df60456a491260485e"},"headline":"DR BERNARD GOUMOU REND HOMMAGE \u00c0 SON PR\u00c9D\u00c9CESSEUR","datePublished":"2022-08-23T11:27:23+00:00","dateModified":"2022-08-23T11:27:23+00:00","mainEntityOfPage":{"@id":"https:\/\/universnews224.com\/index.php\/dr-bernard-goumou-rend-hommage-a-son-predecesseur\/"},"wordCount":301,"publisher":{"@id":"https:\/\/universnews224.com\/#organization"},"keywords":["La une"],"inLanguage":"fr-FR"},{"@type":"WebPage","@id":"https:\/\/universnews224.com\/index.php\/dr-bernard-goumou-rend-hommage-a-son-predecesseur\/","url":"https:\/\/universnews224.com\/index.php\/dr-bernard-goumou-rend-hommage-a-son-predecesseur\/","name":"DR BERNARD GOUMOU REND HOMMAGE \u00c0 SON PR\u00c9D\u00c9CESSEUR - UNIVERSNEWS224","isPartOf":{"@id":"https:\/\/universnews224.com\/#website"},"datePublished":"2022-08-23T11:27:23+00:00","dateModified":"2022-08-23T11:27:23+00:00","inLanguage":"fr-FR","potentialAction":[{"@type":"ReadAction","target":["https:\/\/universnews224.com\/index.php\/dr-bernard-goumou-rend-hommage-a-son-predecesseur\/"]}]},{"@type":"WebSite","@id":"https:\/\/universnews224.com\/#website","url":"https:\/\/universnews224.com\/","name":"UNIVERSNEWS224","description":"","publisher":{"@id":"https:\/\/universnews224.com\/#organization"},"potentialAction":[{"@type":"SearchAction","target":{"@type":"EntryPoint","urlTemplate":"https:\/\/universnews224.com\/?s={search_term_string}"},"query-input":"required name=search_term_string"}],"inLanguage":"fr-FR"},{"@type":"Organization","@id":"https:\/\/universnews224.com\/#organization","name":"UNIVERSNEWS224","url":"https:\/\/universnews224.com\/","logo":{"@type":"ImageObject","inLanguage":"fr-FR","@id":"https:\/\/universnews224.com\/#\/schema\/logo\/image\/","url":"https:\/\/universnews224.com\/wp-content\/uploads\/2022\/08\/cropped-cropped-logoban.jpg","contentUrl":"https:\/\/universnews224.com\/wp-content\/uploads\/2022\/08\/cropped-cropped-logoban.jpg","width":1080,"height":138,"caption":"UNIVERSNEWS224"},"image":{"@id":"https:\/\/universnews224.com\/#\/schema\/logo\/image\/"}},{"@type":"Person","@id":"https:\/\/universnews224.com\/#\/schema\/person\/a4b7d4f94a4716df60456a491260485e","name":"La R\u00e9daction","image":{"@type":"ImageObject","inLanguage":"fr-FR","@id":"https:\/\/universnews224.com\/#\/schema\/person\/image\/","url":"https:\/\/secure.gravatar.com\/avatar\/edb90acc7752b23e1b3307ad36c14f0d?s=96&d=mm&r=g","contentUrl":"https:\/\/secure.gravatar.com\/avatar\/edb90acc7752b23e1b3307ad36c14f0d?s=96&d=mm&r=g","caption":"La R\u00e9daction"},"sameAs":["https:\/\/universnews224.com"],"url":"https:\/\/universnews224.com\/index.php\/author\/m-camara\/"}]}},"_links":{"self":[{"href":"https:\/\/universnews224.com\/index.php\/wp-json\/wp\/v2\/posts\/1835"}],"collection":[{"href":"https:\/\/universnews224.com\/index.php\/wp-json\/wp\/v2\/posts"}],"about":[{"href":"https:\/\/universnews224.com\/index.php\/wp-json\/wp\/v2\/types\/post"}],"author":[{"embeddable":true,"href":"https:\/\/universnews224.com\/index.php\/wp-json\/wp\/v2\/users\/2"}],"replies":[{"embeddable":true,"href":"https:\/\/universnews224.com\/index.php\/wp-json\/wp\/v2\/comments?post=1835"}],"version-history":[{"count":1,"href":"https:\/\/universnews224.com\/index.php\/wp-json\/wp\/v2\/posts\/1835\/revisions"}],"predecessor-version":[{"id":1837,"href":"https:\/\/universnews224.com\/index.php\/wp-json\/wp\/v2\/posts\/1835\/revisions\/1837"}],"wp:featuredmedia":[{"embeddable":true,"href":"https:\/\/universnews224.com\/index.php\/wp-json\/wp\/v2\/media\/1836"}],"wp:attachment":[{"href":"https:\/\/universnews224.com\/index.php\/wp-json\/wp\/v2\/media?parent=1835"}],"wp:term":[{"taxonomy":"category","embeddable":true,"href":"https:\/\/universnews224.com\/index.php\/wp-json\/wp\/v2\/categories?post=1835"},{"taxonomy":"post_tag","embeddable":true,"href":"https:\/\/universnews224.com\/index.php\/wp-json\/wp\/v2\/tags?post=1835"}],"curies":[{"name":"wp","href":"https:\/\/api.w.org\/{rel}","templated":true}]}}