{"id":1853,"date":"2022-08-25T11:12:34","date_gmt":"2022-08-25T10:12:34","guid":{"rendered":"https:\/\/universnews224.com\/?p=1853"},"modified":"2022-08-25T11:12:34","modified_gmt":"2022-08-25T10:12:34","slug":"rencontre-mediateur-acteurs-politiques-les-questions-nous-ont-ete-posees-sur-le-cas-de-ceux-qui-sont-par-exemple-en-prison-ceux-qui-sont-a-la-lexterieur-dr-faya-millimono","status":"publish","type":"post","link":"https:\/\/universnews224.com\/index.php\/rencontre-mediateur-acteurs-politiques-les-questions-nous-ont-ete-posees-sur-le-cas-de-ceux-qui-sont-par-exemple-en-prison-ceux-qui-sont-a-la-lexterieur-dr-faya-millimono\/","title":{"rendered":"Rencontre M\u00e9diateur-Acteurs politiques: \u00abLes questions nous ont \u00e9t\u00e9 pos\u00e9es sur le cas de ceux qui sont par exemple en prison, ceux qui sont \u00e0 la l\u2019ext\u00e9rieur \u00bb, Dr Faya Millimono."},"content":{"rendered":"<blockquote><p>Le m\u00e9diateur de la C\u00c9D\u00c9AO dans la crise Guin\u00e9enne, Thomas Boni Yayi poursuit sa s\u00e9rie de rencontres avec les forces vives de la nation.<br \/>\nApr\u00e8s avoir rencontr\u00e9 les leaders religieux, l\u2019ancien chef de l\u2019Etat b\u00e9ninois a rencontr\u00e9 cet apr\u00e8s-midi de ce mercredi, 24 ao\u00fbt 2022, les repr\u00e9sentants des partis et coalitions politiques.<\/p><\/blockquote>\n<p>Au sortir de la rencontre, Dr Faya Millimono, pr\u00e9sident de la Coalition Politique pour la Rupture revient sur les grandes lignes ont \u00e9t\u00e9 abord\u00e9es.<\/p>\n<p>\u00abCe qu\u2019il faut comprendre, c\u2019est que nous \u00e9tions dans la grande salle. Il y a 22 coalitions actuellement, il fallait trouver une m\u00e9thode de travail. On s\u2019est donc entendu que le m\u00e9diateur et ses compagnons re\u00e7oivent chaque coalition \u00e0 la fois. Nous sommes la toute premi\u00e8re coalition, nous avons d\u00e9clin\u00e9 notre pr\u00e9occupation. Les questions nous ont \u00e9t\u00e9 pos\u00e9es sur le cas de ceux qui sont par exemple en prison, ceux qui sont \u00e0 la l\u2019ext\u00e9rieur. Qu\u2019est-ce qu\u2019il faille faire pour avoir tout le monde au tour de la table. Et nous avons promis qu\u2019on allait leur d\u00e9poser dans les minutes qui font suivre au propre notre m\u00e9mo, accompagn\u00e9 du chronogramme sch\u00e9matique a t-il a d\u00e9clar\u00e9.<\/p>\n<p>Poursuivant, le pr\u00e9sident du Bloc Lib\u00e9ral a dira que le m\u00e9diateur a d\u00e9plor\u00e9 le fait que son arriv\u00e9e en Guin\u00e9e co\u00efncide toujours avec les calendriers des manifestations alors son choix a \u00e9t\u00e9 appr\u00e9ci\u00e9 par l\u2019ensemble des impliqu\u00e9s dans le processus de transition.<\/p>\n<p>\u00ab \u00abIl a insist\u00e9 sur le fait que du moment que les acteurs politiques et sociaux ont accept\u00e9 que la C\u00c9D\u00c9AO d\u00e9signe un m\u00e9diateur et que ce m\u00e9diateur soit dispos\u00e9 \u00e0 travailler avec nous nuit et jour. Qu\u2019il ne comprend pas pourquoi, \u00e0 chaque qu\u2019on annonce l\u2019arriv\u00e9e du m\u00e9diateur, on voit des calendriers de manifestations sur les r\u00e9seaux sociaux. Et des manifestations qui continuent \u00e0 co\u00fbter la vie aux guin\u00e9ens. On en veut pour exemple, la derni\u00e8re manifestation qui nous a fait perdre 5 de nos compatriotes. En tout cas , c\u2019est effectivement de s\u2019assurer que chacun de nous privil\u00e9gie le dialogue maintenant que ce dialogue \u00e0 commencer. Chacun sera entendu, une synth\u00e8se sera faite et on verra la suite comment les gens font \u00eatre organis\u00e9s selon les pr\u00e9occupations qui auront \u00e9t\u00e9 exprim\u00e9es par les uns et autres\u00bb a t-il conclu.<\/p>\n<p>Par ailleurs, il faut noter que rencontre a \u00e9t\u00e9 boud\u00e9e par les 3 grandes formations politiques, le RPG, l\u2019UFDG et l\u2019UFR.<\/p>\n<p>Camara Mamadouba<br \/>\n611 46 04 10<\/p>\n","protected":false},"excerpt":{"rendered":"<p>Le m\u00e9diateur de la C\u00c9D\u00c9AO dans la crise Guin\u00e9enne, Thomas Boni Yayi poursuit sa s\u00e9rie<\/p>\n","protected":false},"author":2,"featured_media":1854,"comment_status":"closed","ping_status":"open","sticky":false,"template":"","format":"standard","meta":[],"categories":[1],"tags":[229],"yoast_head":"<!-- This site is optimized with the Yoast SEO plugin v19.13 - https:\/\/yoast.com\/wordpress\/plugins\/seo\/ -->\n<title>Rencontre M\u00e9diateur-Acteurs politiques: \u00abLes questions nous ont \u00e9t\u00e9 pos\u00e9es sur le cas de ceux qui sont par exemple en prison, ceux qui sont \u00e0 la l\u2019ext\u00e9rieur \u00bb, Dr Faya Millimono. - UNIVERSNEWS224<\/title>\n<meta name=\"robots\" content=\"index, follow, max-snippet:-1, max-image-preview:large, max-video-preview:-1\" \/>\n<link rel=\"canonical\" href=\"https:\/\/universnews224.com\/index.php\/rencontre-mediateur-acteurs-politiques-les-questions-nous-ont-ete-posees-sur-le-cas-de-ceux-qui-sont-par-exemple-en-prison-ceux-qui-sont-a-la-lexterieur-dr-faya-millimono\/\" \/>\n<meta property=\"og:locale\" content=\"fr_FR\" \/>\n<meta property=\"og:type\" content=\"article\" \/>\n<meta property=\"og:title\" content=\"Rencontre M\u00e9diateur-Acteurs politiques: \u00abLes questions nous ont \u00e9t\u00e9 pos\u00e9es sur le cas de ceux qui sont par exemple en prison, ceux qui sont \u00e0 la l\u2019ext\u00e9rieur \u00bb, Dr Faya Millimono. - UNIVERSNEWS224\" \/>\n<meta property=\"og:description\" content=\"Le m\u00e9diateur de la C\u00c9D\u00c9AO dans la crise Guin\u00e9enne, Thomas Boni Yayi poursuit sa s\u00e9rie\" \/>\n<meta property=\"og:url\" content=\"https:\/\/universnews224.com\/index.php\/rencontre-mediateur-acteurs-politiques-les-questions-nous-ont-ete-posees-sur-le-cas-de-ceux-qui-sont-par-exemple-en-prison-ceux-qui-sont-a-la-lexterieur-dr-faya-millimono\/\" \/>\n<meta property=\"og:site_name\" content=\"UNIVERSNEWS224\" \/>\n<meta property=\"article:published_time\" content=\"2022-08-25T10:12:34+00:00\" \/>\n<meta property=\"og:image\" content=\"https:\/\/universnews224.com\/wp-content\/uploads\/2022\/08\/4A9ACD26-D606-41E2-970A-E5282B3CEA05.jpeg\" \/>\n\t<meta property=\"og:image:width\" content=\"720\" \/>\n\t<meta property=\"og:image:height\" content=\"408\" \/>\n\t<meta property=\"og:image:type\" content=\"image\/jpeg\" \/>\n<meta name=\"author\" content=\"La R\u00e9daction\" \/>\n<meta name=\"twitter:label1\" content=\"\u00c9crit par\" \/>\n\t<meta name=\"twitter:data1\" content=\"La R\u00e9daction\" \/>\n\t<meta name=\"twitter:label2\" content=\"Dur\u00e9e de lecture estim\u00e9e\" \/>\n\t<meta name=\"twitter:data2\" content=\"3 minutes\" \/>\n<script type=\"application\/ld+json\" class=\"yoast-schema-graph\">{\"@context\":\"https:\/\/schema.org\",\"@graph\":[{\"@type\":\"Article\",\"@id\":\"https:\/\/universnews224.com\/index.php\/rencontre-mediateur-acteurs-politiques-les-questions-nous-ont-ete-posees-sur-le-cas-de-ceux-qui-sont-par-exemple-en-prison-ceux-qui-sont-a-la-lexterieur-dr-faya-millimono\/#article\",\"isPartOf\":{\"@id\":\"https:\/\/universnews224.com\/index.php\/rencontre-mediateur-acteurs-politiques-les-questions-nous-ont-ete-posees-sur-le-cas-de-ceux-qui-sont-par-exemple-en-prison-ceux-qui-sont-a-la-lexterieur-dr-faya-millimono\/\"},\"author\":{\"name\":\"La R\u00e9daction\",\"@id\":\"https:\/\/universnews224.com\/#\/schema\/person\/a4b7d4f94a4716df60456a491260485e\"},\"headline\":\"Rencontre M\u00e9diateur-Acteurs politiques: \u00abLes questions nous ont \u00e9t\u00e9 pos\u00e9es sur le cas de ceux qui sont par exemple en prison, ceux qui sont \u00e0 la l\u2019ext\u00e9rieur \u00bb, Dr Faya Millimono.\",\"datePublished\":\"2022-08-25T10:12:34+00:00\",\"dateModified\":\"2022-08-25T10:12:34+00:00\",\"mainEntityOfPage\":{\"@id\":\"https:\/\/universnews224.com\/index.php\/rencontre-mediateur-acteurs-politiques-les-questions-nous-ont-ete-posees-sur-le-cas-de-ceux-qui-sont-par-exemple-en-prison-ceux-qui-sont-a-la-lexterieur-dr-faya-millimono\/\"},\"wordCount\":483,\"publisher\":{\"@id\":\"https:\/\/universnews224.com\/#organization\"},\"keywords\":[\"La une\"],\"inLanguage\":\"fr-FR\"},{\"@type\":\"WebPage\",\"@id\":\"https:\/\/universnews224.com\/index.php\/rencontre-mediateur-acteurs-politiques-les-questions-nous-ont-ete-posees-sur-le-cas-de-ceux-qui-sont-par-exemple-en-prison-ceux-qui-sont-a-la-lexterieur-dr-faya-millimono\/\",\"url\":\"https:\/\/universnews224.com\/index.php\/rencontre-mediateur-acteurs-politiques-les-questions-nous-ont-ete-posees-sur-le-cas-de-ceux-qui-sont-par-exemple-en-prison-ceux-qui-sont-a-la-lexterieur-dr-faya-millimono\/\",\"name\":\"Rencontre M\u00e9diateur-Acteurs politiques: \u00abLes questions nous ont \u00e9t\u00e9 pos\u00e9es sur le cas de ceux qui sont par exemple en prison, ceux qui sont \u00e0 la l\u2019ext\u00e9rieur \u00bb, Dr Faya Millimono. - UNIVERSNEWS224\",\"isPartOf\":{\"@id\":\"https:\/\/universnews224.com\/#website\"},\"datePublished\":\"2022-08-25T10:12:34+00:00\",\"dateModified\":\"2022-08-25T10:12:34+00:00\",\"inLanguage\":\"fr-FR\",\"potentialAction\":[{\"@type\":\"ReadAction\",\"target\":[\"https:\/\/universnews224.com\/index.php\/rencontre-mediateur-acteurs-politiques-les-questions-nous-ont-ete-posees-sur-le-cas-de-ceux-qui-sont-par-exemple-en-prison-ceux-qui-sont-a-la-lexterieur-dr-faya-millimono\/\"]}]},{\"@type\":\"WebSite\",\"@id\":\"https:\/\/universnews224.com\/#website\",\"url\":\"https:\/\/universnews224.com\/\",\"name\":\"UNIVERSNEWS224\",\"description\":\"\",\"publisher\":{\"@id\":\"https:\/\/universnews224.com\/#organization\"},\"potentialAction\":[{\"@type\":\"SearchAction\",\"target\":{\"@type\":\"EntryPoint\",\"urlTemplate\":\"https:\/\/universnews224.com\/?s={search_term_string}\"},\"query-input\":\"required name=search_term_string\"}],\"inLanguage\":\"fr-FR\"},{\"@type\":\"Organization\",\"@id\":\"https:\/\/universnews224.com\/#organization\",\"name\":\"UNIVERSNEWS224\",\"url\":\"https:\/\/universnews224.com\/\",\"logo\":{\"@type\":\"ImageObject\",\"inLanguage\":\"fr-FR\",\"@id\":\"https:\/\/universnews224.com\/#\/schema\/logo\/image\/\",\"url\":\"https:\/\/universnews224.com\/wp-content\/uploads\/2022\/08\/cropped-cropped-logoban.jpg\",\"contentUrl\":\"https:\/\/universnews224.com\/wp-content\/uploads\/2022\/08\/cropped-cropped-logoban.jpg\",\"width\":1080,\"height\":138,\"caption\":\"UNIVERSNEWS224\"},\"image\":{\"@id\":\"https:\/\/universnews224.com\/#\/schema\/logo\/image\/\"}},{\"@type\":\"Person\",\"@id\":\"https:\/\/universnews224.com\/#\/schema\/person\/a4b7d4f94a4716df60456a491260485e\",\"name\":\"La R\u00e9daction\",\"image\":{\"@type\":\"ImageObject\",\"inLanguage\":\"fr-FR\",\"@id\":\"https:\/\/universnews224.com\/#\/schema\/person\/image\/\",\"url\":\"https:\/\/secure.gravatar.com\/avatar\/edb90acc7752b23e1b3307ad36c14f0d?s=96&d=mm&r=g\",\"contentUrl\":\"https:\/\/secure.gravatar.com\/avatar\/edb90acc7752b23e1b3307ad36c14f0d?s=96&d=mm&r=g\",\"caption\":\"La R\u00e9daction\"},\"sameAs\":[\"https:\/\/universnews224.com\"],\"url\":\"https:\/\/universnews224.com\/index.php\/author\/m-camara\/\"}]}<\/script>\n<!-- \/ Yoast SEO plugin. -->","yoast_head_json":{"title":"Rencontre M\u00e9diateur-Acteurs politiques: \u00abLes questions nous ont \u00e9t\u00e9 pos\u00e9es sur le cas de ceux qui sont par exemple en prison, ceux qui sont \u00e0 la l\u2019ext\u00e9rieur \u00bb, Dr Faya Millimono. - UNIVERSNEWS224","robots":{"index":"index","follow":"follow","max-snippet":"max-snippet:-1","max-image-preview":"max-image-preview:large","max-video-preview":"max-video-preview:-1"},"canonical":"https:\/\/universnews224.com\/index.php\/rencontre-mediateur-acteurs-politiques-les-questions-nous-ont-ete-posees-sur-le-cas-de-ceux-qui-sont-par-exemple-en-prison-ceux-qui-sont-a-la-lexterieur-dr-faya-millimono\/","og_locale":"fr_FR","og_type":"article","og_title":"Rencontre M\u00e9diateur-Acteurs politiques: \u00abLes questions nous ont \u00e9t\u00e9 pos\u00e9es sur le cas de ceux qui sont par exemple en prison, ceux qui sont \u00e0 la l\u2019ext\u00e9rieur \u00bb, Dr Faya Millimono. - UNIVERSNEWS224","og_description":"Le m\u00e9diateur de la C\u00c9D\u00c9AO dans la crise Guin\u00e9enne, Thomas Boni Yayi poursuit sa s\u00e9rie","og_url":"https:\/\/universnews224.com\/index.php\/rencontre-mediateur-acteurs-politiques-les-questions-nous-ont-ete-posees-sur-le-cas-de-ceux-qui-sont-par-exemple-en-prison-ceux-qui-sont-a-la-lexterieur-dr-faya-millimono\/","og_site_name":"UNIVERSNEWS224","article_published_time":"2022-08-25T10:12:34+00:00","og_image":[{"width":720,"height":408,"url":"https:\/\/universnews224.com\/wp-content\/uploads\/2022\/08\/4A9ACD26-D606-41E2-970A-E5282B3CEA05.jpeg","type":"image\/jpeg"}],"author":"La R\u00e9daction","twitter_misc":{"\u00c9crit par":"La R\u00e9daction","Dur\u00e9e de lecture estim\u00e9e":"3 minutes"},"schema":{"@context":"https:\/\/schema.org","@graph":[{"@type":"Article","@id":"https:\/\/universnews224.com\/index.php\/rencontre-mediateur-acteurs-politiques-les-questions-nous-ont-ete-posees-sur-le-cas-de-ceux-qui-sont-par-exemple-en-prison-ceux-qui-sont-a-la-lexterieur-dr-faya-millimono\/#article","isPartOf":{"@id":"https:\/\/universnews224.com\/index.php\/rencontre-mediateur-acteurs-politiques-les-questions-nous-ont-ete-posees-sur-le-cas-de-ceux-qui-sont-par-exemple-en-prison-ceux-qui-sont-a-la-lexterieur-dr-faya-millimono\/"},"author":{"name":"La R\u00e9daction","@id":"https:\/\/universnews224.com\/#\/schema\/person\/a4b7d4f94a4716df60456a491260485e"},"headline":"Rencontre M\u00e9diateur-Acteurs politiques: \u00abLes questions nous ont \u00e9t\u00e9 pos\u00e9es sur le cas de ceux qui sont par exemple en prison, ceux qui sont \u00e0 la l\u2019ext\u00e9rieur \u00bb, Dr Faya Millimono.","datePublished":"2022-08-25T10:12:34+00:00","dateModified":"2022-08-25T10:12:34+00:00","mainEntityOfPage":{"@id":"https:\/\/universnews224.com\/index.php\/rencontre-mediateur-acteurs-politiques-les-questions-nous-ont-ete-posees-sur-le-cas-de-ceux-qui-sont-par-exemple-en-prison-ceux-qui-sont-a-la-lexterieur-dr-faya-millimono\/"},"wordCount":483,"publisher":{"@id":"https:\/\/universnews224.com\/#organization"},"keywords":["La une"],"inLanguage":"fr-FR"},{"@type":"WebPage","@id":"https:\/\/universnews224.com\/index.php\/rencontre-mediateur-acteurs-politiques-les-questions-nous-ont-ete-posees-sur-le-cas-de-ceux-qui-sont-par-exemple-en-prison-ceux-qui-sont-a-la-lexterieur-dr-faya-millimono\/","url":"https:\/\/universnews224.com\/index.php\/rencontre-mediateur-acteurs-politiques-les-questions-nous-ont-ete-posees-sur-le-cas-de-ceux-qui-sont-par-exemple-en-prison-ceux-qui-sont-a-la-lexterieur-dr-faya-millimono\/","name":"Rencontre M\u00e9diateur-Acteurs politiques: \u00abLes questions nous ont \u00e9t\u00e9 pos\u00e9es sur le cas de ceux qui sont par exemple en prison, ceux qui sont \u00e0 la l\u2019ext\u00e9rieur \u00bb, Dr Faya Millimono. - UNIVERSNEWS224","isPartOf":{"@id":"https:\/\/universnews224.com\/#website"},"datePublished":"2022-08-25T10:12:34+00:00","dateModified":"2022-08-25T10:12:34+00:00","inLanguage":"fr-FR","potentialAction":[{"@type":"ReadAction","target":["https:\/\/universnews224.com\/index.php\/rencontre-mediateur-acteurs-politiques-les-questions-nous-ont-ete-posees-sur-le-cas-de-ceux-qui-sont-par-exemple-en-prison-ceux-qui-sont-a-la-lexterieur-dr-faya-millimono\/"]}]},{"@type":"WebSite","@id":"https:\/\/universnews224.com\/#website","url":"https:\/\/universnews224.com\/","name":"UNIVERSNEWS224","description":"","publisher":{"@id":"https:\/\/universnews224.com\/#organization"},"potentialAction":[{"@type":"SearchAction","target":{"@type":"EntryPoint","urlTemplate":"https:\/\/universnews224.com\/?s={search_term_string}"},"query-input":"required name=search_term_string"}],"inLanguage":"fr-FR"},{"@type":"Organization","@id":"https:\/\/universnews224.com\/#organization","name":"UNIVERSNEWS224","url":"https:\/\/universnews224.com\/","logo":{"@type":"ImageObject","inLanguage":"fr-FR","@id":"https:\/\/universnews224.com\/#\/schema\/logo\/image\/","url":"https:\/\/universnews224.com\/wp-content\/uploads\/2022\/08\/cropped-cropped-logoban.jpg","contentUrl":"https:\/\/universnews224.com\/wp-content\/uploads\/2022\/08\/cropped-cropped-logoban.jpg","width":1080,"height":138,"caption":"UNIVERSNEWS224"},"image":{"@id":"https:\/\/universnews224.com\/#\/schema\/logo\/image\/"}},{"@type":"Person","@id":"https:\/\/universnews224.com\/#\/schema\/person\/a4b7d4f94a4716df60456a491260485e","name":"La R\u00e9daction","image":{"@type":"ImageObject","inLanguage":"fr-FR","@id":"https:\/\/universnews224.com\/#\/schema\/person\/image\/","url":"https:\/\/secure.gravatar.com\/avatar\/edb90acc7752b23e1b3307ad36c14f0d?s=96&d=mm&r=g","contentUrl":"https:\/\/secure.gravatar.com\/avatar\/edb90acc7752b23e1b3307ad36c14f0d?s=96&d=mm&r=g","caption":"La R\u00e9daction"},"sameAs":["https:\/\/universnews224.com"],"url":"https:\/\/universnews224.com\/index.php\/author\/m-camara\/"}]}},"_links":{"self":[{"href":"https:\/\/universnews224.com\/index.php\/wp-json\/wp\/v2\/posts\/1853"}],"collection":[{"href":"https:\/\/universnews224.com\/index.php\/wp-json\/wp\/v2\/posts"}],"about":[{"href":"https:\/\/universnews224.com\/index.php\/wp-json\/wp\/v2\/types\/post"}],"author":[{"embeddable":true,"href":"https:\/\/universnews224.com\/index.php\/wp-json\/wp\/v2\/users\/2"}],"replies":[{"embeddable":true,"href":"https:\/\/universnews224.com\/index.php\/wp-json\/wp\/v2\/comments?post=1853"}],"version-history":[{"count":1,"href":"https:\/\/universnews224.com\/index.php\/wp-json\/wp\/v2\/posts\/1853\/revisions"}],"predecessor-version":[{"id":1855,"href":"https:\/\/universnews224.com\/index.php\/wp-json\/wp\/v2\/posts\/1853\/revisions\/1855"}],"wp:featuredmedia":[{"embeddable":true,"href":"https:\/\/universnews224.com\/index.php\/wp-json\/wp\/v2\/media\/1854"}],"wp:attachment":[{"href":"https:\/\/universnews224.com\/index.php\/wp-json\/wp\/v2\/media?parent=1853"}],"wp:term":[{"taxonomy":"category","embeddable":true,"href":"https:\/\/universnews224.com\/index.php\/wp-json\/wp\/v2\/categories?post=1853"},{"taxonomy":"post_tag","embeddable":true,"href":"https:\/\/universnews224.com\/index.php\/wp-json\/wp\/v2\/tags?post=1853"}],"curies":[{"name":"wp","href":"https:\/\/api.w.org\/{rel}","templated":true}]}}