{"id":1867,"date":"2022-08-26T08:52:37","date_gmt":"2022-08-26T07:52:37","guid":{"rendered":"https:\/\/universnews224.com\/?p=1867"},"modified":"2022-08-26T08:52:37","modified_gmt":"2022-08-26T07:52:37","slug":"la-societe-civile-apres-sa-rencontre-avec-boni-yayi-notre-premiere-revendication-a-ete-vraiment-satisfaite","status":"publish","type":"post","link":"https:\/\/universnews224.com\/index.php\/la-societe-civile-apres-sa-rencontre-avec-boni-yayi-notre-premiere-revendication-a-ete-vraiment-satisfaite\/","title":{"rendered":"La Soci\u00e9t\u00e9 Civile apr\u00e8s sa rencontre avec Boni Yayi: \u201cnotre premi\u00e8re revendication a \u00e9t\u00e9 vraiment satisfaite\u201d"},"content":{"rendered":"<p>Apr\u00e8s les coallions des partis politiques, le m\u00e9diateur de la CEDEAO a rencontr\u00e9\u00a0 dans la journ\u00e9e de ce jeudi, 25 ao\u00fbt 2022, des acteurs de la Soci\u00e9t\u00e9 Civile guin\u00e9enne.<\/p>\n<p>&nbsp;<\/p>\n<div class=\"jeg_ad jeg_ad_article jnews_content_inline_3_ads  \">\n<div class=\"ads-wrapper align-center \"><\/div>\n<\/div>\n<p>Au sortir de la rencontre qui a dur\u00e9 des heures, Abdoul Sacko, coordinateur du Forum des Forces Sociales\u00a0a fait la restitution devant les m\u00e9dias pr\u00e9sents pour les circonstances.<\/p>\n<p>&nbsp;<\/p>\n<p>\u00bb Nous avons rencontr\u00e9 le m\u00e9diateur, nous avons trouv\u00e9 une \u00e9quipe disponible, une \u00e9quipe qui est engag\u00e9e. En tout cas, \u00e0 en croire aux discussions et la volont\u00e9 qui s\u2019est affich\u00e9e \u00e0 la rencontre de permettre aux\u00a0Guin\u00e9ens de se parler mais d\u2019avoir un dialogue r\u00e9el qui permet de confronter les id\u00e9es, les arguments et tirer de l\u2019essentiel.<\/p>\n<p>&nbsp;<\/p>\n<p>\u00c7a a \u00e9t\u00e9 \u00e0 deux niveaux. Le premier niveau, la structure du dialogue. Nous avons fait notre proposition et aujourd\u2019hui sur les questions des droits de l\u2019homme et tout ce qui s\u2019en suit. Quelles sont nos propositions pour rassurer les diff\u00e9rentes parties pour que le dialogue puisse \u00eatre un d\u00e9nouement heureux pour la r\u00e9ussite de la transition. Et \u00e9galement \u00e0 part le chronogramme de la transition, nous avons bel et bien d\u00e9battu comment la transition peut \u00eatre ex\u00e9cut\u00e9e dans le chronogramme en tenant compte du suivi \u00e0 travers un cadre de dialogue permanent\u201d, a-t-il expliqu\u00e9 avant de parler de leurs revendications soumises au m\u00e9diateur, Boni Yayi.<\/p>\n<p>&nbsp;<\/p>\n<p>\u00ab\u00a0Nous avons quelqu\u2019un de tr\u00e8s disponible, plus de trois heures du temps, il nous a \u00e9cout\u00e9s. Et notre premi\u00e8re revendication a \u00e9t\u00e9 vraiment satisfaite. C\u2019\u00e9tait de nous recevoir, pas dans un cadre folklorique mais nous recevoir pour qu\u2019un d\u00e9bat r\u00e9el s\u2019instaure entre la m\u00e9diation et nous, pour recueillir effectivement nos perceptions, nos recommandations pour la r\u00e9ussite du dialogue donc de la transition. C\u2019est ce qui f\u00fbt fait et nous attendons le retour apr\u00e8s avoir fait la moisson au niveau des autres entit\u00e9s socio-politiques du pays et les autorit\u00e9s de la transition.<\/p>\n<p>Le format qui sied en terme de recommandations ou en terme de structures qu\u2019il va nous la proposer. \u00a0\u00bb<\/p>\n<p>Lerev<\/p>\n","protected":false},"excerpt":{"rendered":"<p>Apr\u00e8s les coallions des partis politiques, le m\u00e9diateur de la CEDEAO a rencontr\u00e9\u00a0 dans la<\/p>\n","protected":false},"author":2,"featured_media":1868,"comment_status":"closed","ping_status":"open","sticky":false,"template":"","format":"standard","meta":[],"categories":[1],"tags":[229],"yoast_head":"<!-- This site is optimized with the Yoast SEO plugin v19.13 - https:\/\/yoast.com\/wordpress\/plugins\/seo\/ -->\n<title>La Soci\u00e9t\u00e9 Civile apr\u00e8s sa rencontre avec Boni Yayi: \u201cnotre premi\u00e8re revendication a \u00e9t\u00e9 vraiment satisfaite\u201d - UNIVERSNEWS224<\/title>\n<meta name=\"robots\" content=\"index, follow, max-snippet:-1, max-image-preview:large, max-video-preview:-1\" \/>\n<link rel=\"canonical\" href=\"https:\/\/universnews224.com\/index.php\/la-societe-civile-apres-sa-rencontre-avec-boni-yayi-notre-premiere-revendication-a-ete-vraiment-satisfaite\/\" \/>\n<meta property=\"og:locale\" content=\"fr_FR\" \/>\n<meta property=\"og:type\" content=\"article\" \/>\n<meta property=\"og:title\" content=\"La Soci\u00e9t\u00e9 Civile apr\u00e8s sa rencontre avec Boni Yayi: \u201cnotre premi\u00e8re revendication a \u00e9t\u00e9 vraiment satisfaite\u201d - UNIVERSNEWS224\" \/>\n<meta property=\"og:description\" content=\"Apr\u00e8s les coallions des partis politiques, le m\u00e9diateur de la CEDEAO a rencontr\u00e9\u00a0 dans la\" \/>\n<meta property=\"og:url\" content=\"https:\/\/universnews224.com\/index.php\/la-societe-civile-apres-sa-rencontre-avec-boni-yayi-notre-premiere-revendication-a-ete-vraiment-satisfaite\/\" \/>\n<meta property=\"og:site_name\" content=\"UNIVERSNEWS224\" \/>\n<meta property=\"article:published_time\" content=\"2022-08-26T07:52:37+00:00\" \/>\n<meta property=\"og:image\" content=\"https:\/\/universnews224.com\/wp-content\/uploads\/2022\/08\/C46DE9C1-CA94-4E9E-A334-37B99071C39F.jpeg\" \/>\n\t<meta property=\"og:image:width\" content=\"2000\" \/>\n\t<meta property=\"og:image:height\" content=\"960\" \/>\n\t<meta property=\"og:image:type\" content=\"image\/jpeg\" \/>\n<meta name=\"author\" content=\"La R\u00e9daction\" \/>\n<meta name=\"twitter:label1\" content=\"\u00c9crit par\" \/>\n\t<meta name=\"twitter:data1\" content=\"La R\u00e9daction\" \/>\n\t<meta name=\"twitter:label2\" content=\"Dur\u00e9e de lecture estim\u00e9e\" \/>\n\t<meta name=\"twitter:data2\" content=\"2 minutes\" \/>\n<script type=\"application\/ld+json\" class=\"yoast-schema-graph\">{\"@context\":\"https:\/\/schema.org\",\"@graph\":[{\"@type\":\"Article\",\"@id\":\"https:\/\/universnews224.com\/index.php\/la-societe-civile-apres-sa-rencontre-avec-boni-yayi-notre-premiere-revendication-a-ete-vraiment-satisfaite\/#article\",\"isPartOf\":{\"@id\":\"https:\/\/universnews224.com\/index.php\/la-societe-civile-apres-sa-rencontre-avec-boni-yayi-notre-premiere-revendication-a-ete-vraiment-satisfaite\/\"},\"author\":{\"name\":\"La R\u00e9daction\",\"@id\":\"https:\/\/universnews224.com\/#\/schema\/person\/a4b7d4f94a4716df60456a491260485e\"},\"headline\":\"La Soci\u00e9t\u00e9 Civile apr\u00e8s sa rencontre avec Boni Yayi: \u201cnotre premi\u00e8re revendication a \u00e9t\u00e9 vraiment satisfaite\u201d\",\"datePublished\":\"2022-08-26T07:52:37+00:00\",\"dateModified\":\"2022-08-26T07:52:37+00:00\",\"mainEntityOfPage\":{\"@id\":\"https:\/\/universnews224.com\/index.php\/la-societe-civile-apres-sa-rencontre-avec-boni-yayi-notre-premiere-revendication-a-ete-vraiment-satisfaite\/\"},\"wordCount\":391,\"publisher\":{\"@id\":\"https:\/\/universnews224.com\/#organization\"},\"keywords\":[\"La une\"],\"inLanguage\":\"fr-FR\"},{\"@type\":\"WebPage\",\"@id\":\"https:\/\/universnews224.com\/index.php\/la-societe-civile-apres-sa-rencontre-avec-boni-yayi-notre-premiere-revendication-a-ete-vraiment-satisfaite\/\",\"url\":\"https:\/\/universnews224.com\/index.php\/la-societe-civile-apres-sa-rencontre-avec-boni-yayi-notre-premiere-revendication-a-ete-vraiment-satisfaite\/\",\"name\":\"La Soci\u00e9t\u00e9 Civile apr\u00e8s sa rencontre avec Boni Yayi: \u201cnotre premi\u00e8re revendication a \u00e9t\u00e9 vraiment satisfaite\u201d - UNIVERSNEWS224\",\"isPartOf\":{\"@id\":\"https:\/\/universnews224.com\/#website\"},\"datePublished\":\"2022-08-26T07:52:37+00:00\",\"dateModified\":\"2022-08-26T07:52:37+00:00\",\"inLanguage\":\"fr-FR\",\"potentialAction\":[{\"@type\":\"ReadAction\",\"target\":[\"https:\/\/universnews224.com\/index.php\/la-societe-civile-apres-sa-rencontre-avec-boni-yayi-notre-premiere-revendication-a-ete-vraiment-satisfaite\/\"]}]},{\"@type\":\"WebSite\",\"@id\":\"https:\/\/universnews224.com\/#website\",\"url\":\"https:\/\/universnews224.com\/\",\"name\":\"UNIVERSNEWS224\",\"description\":\"\",\"publisher\":{\"@id\":\"https:\/\/universnews224.com\/#organization\"},\"potentialAction\":[{\"@type\":\"SearchAction\",\"target\":{\"@type\":\"EntryPoint\",\"urlTemplate\":\"https:\/\/universnews224.com\/?s={search_term_string}\"},\"query-input\":\"required name=search_term_string\"}],\"inLanguage\":\"fr-FR\"},{\"@type\":\"Organization\",\"@id\":\"https:\/\/universnews224.com\/#organization\",\"name\":\"UNIVERSNEWS224\",\"url\":\"https:\/\/universnews224.com\/\",\"logo\":{\"@type\":\"ImageObject\",\"inLanguage\":\"fr-FR\",\"@id\":\"https:\/\/universnews224.com\/#\/schema\/logo\/image\/\",\"url\":\"https:\/\/universnews224.com\/wp-content\/uploads\/2022\/08\/cropped-cropped-logoban.jpg\",\"contentUrl\":\"https:\/\/universnews224.com\/wp-content\/uploads\/2022\/08\/cropped-cropped-logoban.jpg\",\"width\":1080,\"height\":138,\"caption\":\"UNIVERSNEWS224\"},\"image\":{\"@id\":\"https:\/\/universnews224.com\/#\/schema\/logo\/image\/\"}},{\"@type\":\"Person\",\"@id\":\"https:\/\/universnews224.com\/#\/schema\/person\/a4b7d4f94a4716df60456a491260485e\",\"name\":\"La R\u00e9daction\",\"image\":{\"@type\":\"ImageObject\",\"inLanguage\":\"fr-FR\",\"@id\":\"https:\/\/universnews224.com\/#\/schema\/person\/image\/\",\"url\":\"https:\/\/secure.gravatar.com\/avatar\/edb90acc7752b23e1b3307ad36c14f0d?s=96&d=mm&r=g\",\"contentUrl\":\"https:\/\/secure.gravatar.com\/avatar\/edb90acc7752b23e1b3307ad36c14f0d?s=96&d=mm&r=g\",\"caption\":\"La R\u00e9daction\"},\"sameAs\":[\"https:\/\/universnews224.com\"],\"url\":\"https:\/\/universnews224.com\/index.php\/author\/m-camara\/\"}]}<\/script>\n<!-- \/ Yoast SEO plugin. -->","yoast_head_json":{"title":"La Soci\u00e9t\u00e9 Civile apr\u00e8s sa rencontre avec Boni Yayi: \u201cnotre premi\u00e8re revendication a \u00e9t\u00e9 vraiment satisfaite\u201d - UNIVERSNEWS224","robots":{"index":"index","follow":"follow","max-snippet":"max-snippet:-1","max-image-preview":"max-image-preview:large","max-video-preview":"max-video-preview:-1"},"canonical":"https:\/\/universnews224.com\/index.php\/la-societe-civile-apres-sa-rencontre-avec-boni-yayi-notre-premiere-revendication-a-ete-vraiment-satisfaite\/","og_locale":"fr_FR","og_type":"article","og_title":"La Soci\u00e9t\u00e9 Civile apr\u00e8s sa rencontre avec Boni Yayi: \u201cnotre premi\u00e8re revendication a \u00e9t\u00e9 vraiment satisfaite\u201d - UNIVERSNEWS224","og_description":"Apr\u00e8s les coallions des partis politiques, le m\u00e9diateur de la CEDEAO a rencontr\u00e9\u00a0 dans la","og_url":"https:\/\/universnews224.com\/index.php\/la-societe-civile-apres-sa-rencontre-avec-boni-yayi-notre-premiere-revendication-a-ete-vraiment-satisfaite\/","og_site_name":"UNIVERSNEWS224","article_published_time":"2022-08-26T07:52:37+00:00","og_image":[{"width":2000,"height":960,"url":"https:\/\/universnews224.com\/wp-content\/uploads\/2022\/08\/C46DE9C1-CA94-4E9E-A334-37B99071C39F.jpeg","type":"image\/jpeg"}],"author":"La R\u00e9daction","twitter_misc":{"\u00c9crit par":"La R\u00e9daction","Dur\u00e9e de lecture estim\u00e9e":"2 minutes"},"schema":{"@context":"https:\/\/schema.org","@graph":[{"@type":"Article","@id":"https:\/\/universnews224.com\/index.php\/la-societe-civile-apres-sa-rencontre-avec-boni-yayi-notre-premiere-revendication-a-ete-vraiment-satisfaite\/#article","isPartOf":{"@id":"https:\/\/universnews224.com\/index.php\/la-societe-civile-apres-sa-rencontre-avec-boni-yayi-notre-premiere-revendication-a-ete-vraiment-satisfaite\/"},"author":{"name":"La R\u00e9daction","@id":"https:\/\/universnews224.com\/#\/schema\/person\/a4b7d4f94a4716df60456a491260485e"},"headline":"La Soci\u00e9t\u00e9 Civile apr\u00e8s sa rencontre avec Boni Yayi: \u201cnotre premi\u00e8re revendication a \u00e9t\u00e9 vraiment satisfaite\u201d","datePublished":"2022-08-26T07:52:37+00:00","dateModified":"2022-08-26T07:52:37+00:00","mainEntityOfPage":{"@id":"https:\/\/universnews224.com\/index.php\/la-societe-civile-apres-sa-rencontre-avec-boni-yayi-notre-premiere-revendication-a-ete-vraiment-satisfaite\/"},"wordCount":391,"publisher":{"@id":"https:\/\/universnews224.com\/#organization"},"keywords":["La une"],"inLanguage":"fr-FR"},{"@type":"WebPage","@id":"https:\/\/universnews224.com\/index.php\/la-societe-civile-apres-sa-rencontre-avec-boni-yayi-notre-premiere-revendication-a-ete-vraiment-satisfaite\/","url":"https:\/\/universnews224.com\/index.php\/la-societe-civile-apres-sa-rencontre-avec-boni-yayi-notre-premiere-revendication-a-ete-vraiment-satisfaite\/","name":"La Soci\u00e9t\u00e9 Civile apr\u00e8s sa rencontre avec Boni Yayi: \u201cnotre premi\u00e8re revendication a \u00e9t\u00e9 vraiment satisfaite\u201d - UNIVERSNEWS224","isPartOf":{"@id":"https:\/\/universnews224.com\/#website"},"datePublished":"2022-08-26T07:52:37+00:00","dateModified":"2022-08-26T07:52:37+00:00","inLanguage":"fr-FR","potentialAction":[{"@type":"ReadAction","target":["https:\/\/universnews224.com\/index.php\/la-societe-civile-apres-sa-rencontre-avec-boni-yayi-notre-premiere-revendication-a-ete-vraiment-satisfaite\/"]}]},{"@type":"WebSite","@id":"https:\/\/universnews224.com\/#website","url":"https:\/\/universnews224.com\/","name":"UNIVERSNEWS224","description":"","publisher":{"@id":"https:\/\/universnews224.com\/#organization"},"potentialAction":[{"@type":"SearchAction","target":{"@type":"EntryPoint","urlTemplate":"https:\/\/universnews224.com\/?s={search_term_string}"},"query-input":"required name=search_term_string"}],"inLanguage":"fr-FR"},{"@type":"Organization","@id":"https:\/\/universnews224.com\/#organization","name":"UNIVERSNEWS224","url":"https:\/\/universnews224.com\/","logo":{"@type":"ImageObject","inLanguage":"fr-FR","@id":"https:\/\/universnews224.com\/#\/schema\/logo\/image\/","url":"https:\/\/universnews224.com\/wp-content\/uploads\/2022\/08\/cropped-cropped-logoban.jpg","contentUrl":"https:\/\/universnews224.com\/wp-content\/uploads\/2022\/08\/cropped-cropped-logoban.jpg","width":1080,"height":138,"caption":"UNIVERSNEWS224"},"image":{"@id":"https:\/\/universnews224.com\/#\/schema\/logo\/image\/"}},{"@type":"Person","@id":"https:\/\/universnews224.com\/#\/schema\/person\/a4b7d4f94a4716df60456a491260485e","name":"La R\u00e9daction","image":{"@type":"ImageObject","inLanguage":"fr-FR","@id":"https:\/\/universnews224.com\/#\/schema\/person\/image\/","url":"https:\/\/secure.gravatar.com\/avatar\/edb90acc7752b23e1b3307ad36c14f0d?s=96&d=mm&r=g","contentUrl":"https:\/\/secure.gravatar.com\/avatar\/edb90acc7752b23e1b3307ad36c14f0d?s=96&d=mm&r=g","caption":"La R\u00e9daction"},"sameAs":["https:\/\/universnews224.com"],"url":"https:\/\/universnews224.com\/index.php\/author\/m-camara\/"}]}},"_links":{"self":[{"href":"https:\/\/universnews224.com\/index.php\/wp-json\/wp\/v2\/posts\/1867"}],"collection":[{"href":"https:\/\/universnews224.com\/index.php\/wp-json\/wp\/v2\/posts"}],"about":[{"href":"https:\/\/universnews224.com\/index.php\/wp-json\/wp\/v2\/types\/post"}],"author":[{"embeddable":true,"href":"https:\/\/universnews224.com\/index.php\/wp-json\/wp\/v2\/users\/2"}],"replies":[{"embeddable":true,"href":"https:\/\/universnews224.com\/index.php\/wp-json\/wp\/v2\/comments?post=1867"}],"version-history":[{"count":1,"href":"https:\/\/universnews224.com\/index.php\/wp-json\/wp\/v2\/posts\/1867\/revisions"}],"predecessor-version":[{"id":1869,"href":"https:\/\/universnews224.com\/index.php\/wp-json\/wp\/v2\/posts\/1867\/revisions\/1869"}],"wp:featuredmedia":[{"embeddable":true,"href":"https:\/\/universnews224.com\/index.php\/wp-json\/wp\/v2\/media\/1868"}],"wp:attachment":[{"href":"https:\/\/universnews224.com\/index.php\/wp-json\/wp\/v2\/media?parent=1867"}],"wp:term":[{"taxonomy":"category","embeddable":true,"href":"https:\/\/universnews224.com\/index.php\/wp-json\/wp\/v2\/categories?post=1867"},{"taxonomy":"post_tag","embeddable":true,"href":"https:\/\/universnews224.com\/index.php\/wp-json\/wp\/v2\/tags?post=1867"}],"curies":[{"name":"wp","href":"https:\/\/api.w.org\/{rel}","templated":true}]}}