{"id":1870,"date":"2022-08-26T15:50:29","date_gmt":"2022-08-26T14:50:29","guid":{"rendered":"https:\/\/universnews224.com\/?p=1870"},"modified":"2022-08-26T15:50:29","modified_gmt":"2022-08-26T14:50:29","slug":"infrastructure-bernard-goumou-inaugure-les-locaux-du-gouvernorat-de-la-ville-de-conakry","status":"publish","type":"post","link":"https:\/\/universnews224.com\/index.php\/infrastructure-bernard-goumou-inaugure-les-locaux-du-gouvernorat-de-la-ville-de-conakry\/","title":{"rendered":"Infrastructure : Bernard Goumou inaugure les locaux du gouvernorat de la ville de Conakry"},"content":{"rendered":"<div>Depuis un certain moment, le b\u00e2timent historique frapp\u00e9 par l&rsquo;intemp\u00e9ries climatiques est d\u00e9sormais r\u00e9nov\u00e9, \u00a0c&rsquo;est le pr\u00e9mier ministre chef du gouvernement Bernard Goumou accompagn\u00e9 du ministre secr\u00e9taire g\u00e9n\u00e9ral \u00e0 la pr\u00e9sidence Amara Camara qui ont assist\u00e9 ce vendredi 26 ao\u00fbt 2022 \u00e0 Conakry, \u00e0 l&rsquo;inauguration des Blocs administratifs du gouvernorat de la ville.<\/div>\n<div><\/div>\n<div>La c\u00e9r\u00e9monie s&rsquo;est d\u00e9roul\u00e9e en pr\u00e9sence de quelques membres du gouvernement, les 6 maires de la commune, le directeur de cabinet du gouvernorat, les leaders religieux, les repr\u00e9sentants des Associations, de la soci\u00e9t\u00e9 civile et de plusieurs personnalit\u00e9s.<\/div>\n<div><a href=\"https:\/\/universnews224.com\/wp-content\/uploads\/2022\/08\/17245056-9D67-43ED-8B4D-7FDB3C1314DB.jpeg\"><img loading=\"lazy\" class=\"alignnone size-medium wp-image-1872\" src=\"https:\/\/universnews224.com\/wp-content\/uploads\/2022\/08\/17245056-9D67-43ED-8B4D-7FDB3C1314DB-300x169.jpeg\" alt=\"\" width=\"300\" height=\"169\" srcset=\"https:\/\/universnews224.com\/wp-content\/uploads\/2022\/08\/17245056-9D67-43ED-8B4D-7FDB3C1314DB-300x169.jpeg 300w, https:\/\/universnews224.com\/wp-content\/uploads\/2022\/08\/17245056-9D67-43ED-8B4D-7FDB3C1314DB-768x432.jpeg 768w, https:\/\/universnews224.com\/wp-content\/uploads\/2022\/08\/17245056-9D67-43ED-8B4D-7FDB3C1314DB-800x450.jpeg 800w, https:\/\/universnews224.com\/wp-content\/uploads\/2022\/08\/17245056-9D67-43ED-8B4D-7FDB3C1314DB.jpeg 1024w\" sizes=\"(max-width: 300px) 100vw, 300px\" \/><\/a><\/div>\n<div><\/div>\n<div>\u00c0 cette occasion, Mme la gouverneur de la ville de Conakry Mahawa Sylla, dans son discours de bienvenue \u00e0 rappeler \u00a0que la r\u00e9novation de la \u00a0pr\u00e9sente infrastructure consiste entre autres : \u00ab \u00a0son adaptation \u00e0 l&rsquo;architecture de l&rsquo;image des capitales \u00e9mergentes pour nous permettre de compenser le manque des bureaux; de r\u00e9habiliter et harmoniser la cour principale et la toiture, le tout couronnement par un embellissement digne de nom. D\u00e9sormais, gr\u00e2ce aux efforts conjugu\u00e9s de tous, le gouvernorat de Conakry a non seulement un nouveau visage mais \u00e9galement un environnement confortable avec des \u00e9quipements modernes et appropri\u00e9s pour un meilleur rendement au service des citoyens de Conakry \u00bb, dira t-elle.<\/div>\n<div><\/div>\n<div><\/div>\n<div>\u00a0Dans la m\u00eame dynamique, la pr\u00e9sidente du conseil de ville, a \u00e9galement sollicit\u00e9 l&rsquo;appui des autorit\u00e9s principalement, Colonel Mamadi Doumbouya et l&rsquo;accompagnement des partenaires techniques et financiers, les op\u00e9rateurs \u00e9conomiques regroup\u00e9s au sein de la chambre de commerce, de l&rsquo;industrie et de l&rsquo;artisanat pour la mise en chantier du b\u00e2timent de l&rsquo;\u00e9tat civil et les archives nationales qui sont sans abri depuis trois (3) ans suite \u00e0 l&rsquo;incendie.<\/div>\n<div><\/div>\n<div>De son c\u00f4t\u00e9, Thierno Sahadou Diallo manager de l&rsquo;entreprises GUIDHO- UBS- HCC Group Sarl, a au nom des amis pr\u00e9cise :<\/div>\n<div><a href=\"https:\/\/universnews224.com\/wp-content\/uploads\/2022\/08\/80C20B89-761F-4196-ACAE-325CA89F7F18.jpeg\"><img loading=\"lazy\" class=\"alignnone size-medium wp-image-1873\" src=\"https:\/\/universnews224.com\/wp-content\/uploads\/2022\/08\/80C20B89-761F-4196-ACAE-325CA89F7F18-300x225.jpeg\" alt=\"\" width=\"300\" height=\"225\" srcset=\"https:\/\/universnews224.com\/wp-content\/uploads\/2022\/08\/80C20B89-761F-4196-ACAE-325CA89F7F18-300x225.jpeg 300w, https:\/\/universnews224.com\/wp-content\/uploads\/2022\/08\/80C20B89-761F-4196-ACAE-325CA89F7F18-1024x767.jpeg 1024w, https:\/\/universnews224.com\/wp-content\/uploads\/2022\/08\/80C20B89-761F-4196-ACAE-325CA89F7F18-768x575.jpeg 768w, https:\/\/universnews224.com\/wp-content\/uploads\/2022\/08\/80C20B89-761F-4196-ACAE-325CA89F7F18-720x540.jpeg 720w, https:\/\/universnews224.com\/wp-content\/uploads\/2022\/08\/80C20B89-761F-4196-ACAE-325CA89F7F18.jpeg 1080w\" sizes=\"(max-width: 300px) 100vw, 300px\" \/><\/a><\/div>\n<div><\/div>\n<div>\u00ab La r\u00e9novation du b\u00e2timent colonial du Gouvernorat, b\u00e2timent \u00e2g\u00e9e de plus de 50 ans qui sous l&rsquo;effet des intemp\u00e9ries climatiques \u00e9tait dans un \u00e9tat de d\u00e9gradation tr\u00e8s avanc\u00e9e. C&rsquo;est dans cette optique que la structure externe du b\u00e2timent a compl\u00e8tement \u00e9t\u00e9 r\u00e9nov\u00e9e par l&rsquo;\u00e9limination totale des auvents qui \u00e9taient en phase de flambement pouvant engendrer un danger pour les occupants. Tout ceci pour une dur\u00e9e d&rsquo;ex\u00e9cution de 4 mois pour un co\u00fbt de r\u00e9alisation de Deux milliards trois cent soixante-dix-sept millions neuf cent douze mille huit cent vingt-deux (2.377.912.822 GNF). Ce b\u00e2timent est un symbole pour vous et toute l&rsquo;administration guin\u00e9enne. Car il figure aujourd&rsquo;hui parmi les plus beaux b\u00e2timents administratifs. Une structure \u00e0 l&rsquo;image des grandes villes \u00e9mergente \u00bb, a indiqu\u00e9 le manager.<\/div>\n<div><a href=\"https:\/\/universnews224.com\/wp-content\/uploads\/2022\/08\/C55D6423-6C77-407D-9EF2-96EF8B25D1E4.jpeg\"><img loading=\"lazy\" class=\"alignnone size-medium wp-image-1871\" src=\"https:\/\/universnews224.com\/wp-content\/uploads\/2022\/08\/C55D6423-6C77-407D-9EF2-96EF8B25D1E4-300x169.jpeg\" alt=\"\" width=\"300\" height=\"169\" srcset=\"https:\/\/universnews224.com\/wp-content\/uploads\/2022\/08\/C55D6423-6C77-407D-9EF2-96EF8B25D1E4-300x169.jpeg 300w, https:\/\/universnews224.com\/wp-content\/uploads\/2022\/08\/C55D6423-6C77-407D-9EF2-96EF8B25D1E4-768x432.jpeg 768w, https:\/\/universnews224.com\/wp-content\/uploads\/2022\/08\/C55D6423-6C77-407D-9EF2-96EF8B25D1E4-800x450.jpeg 800w, https:\/\/universnews224.com\/wp-content\/uploads\/2022\/08\/C55D6423-6C77-407D-9EF2-96EF8B25D1E4.jpeg 1024w\" sizes=\"(max-width: 300px) 100vw, 300px\" \/><\/a><\/div>\n<div><\/div>\n<div>Pour sa part, le premier ministre chef du gouvernement Bernard Goumou, a tout d&rsquo;abord remerci\u00e9 la gouverneur Mawaha Sylla et l&rsquo;ensemble des travailleurs du gouvernorat pour leur aide et leur collaboration, tout en r\u00e9it\u00e9rant l&rsquo;engagement de gouvernement \u00e0 accompagner ses genre d&rsquo;initiative en faveur de notre pays la Guin\u00e9e.<\/div>\n<div><\/div>\n<div>Sana Sylla.<\/div>\n","protected":false},"excerpt":{"rendered":"<p>Depuis un certain moment, le b\u00e2timent historique frapp\u00e9 par l&rsquo;intemp\u00e9ries climatiques est d\u00e9sormais r\u00e9nov\u00e9, \u00a0c&rsquo;est<\/p>\n","protected":false},"author":2,"featured_media":1871,"comment_status":"closed","ping_status":"open","sticky":false,"template":"","format":"standard","meta":[],"categories":[1],"tags":[229],"yoast_head":"<!-- This site is optimized with the Yoast SEO plugin v19.13 - https:\/\/yoast.com\/wordpress\/plugins\/seo\/ -->\n<title>Infrastructure : Bernard Goumou inaugure les locaux du gouvernorat de la ville de Conakry - UNIVERSNEWS224<\/title>\n<meta name=\"robots\" content=\"index, follow, max-snippet:-1, max-image-preview:large, max-video-preview:-1\" \/>\n<link rel=\"canonical\" href=\"https:\/\/universnews224.com\/index.php\/infrastructure-bernard-goumou-inaugure-les-locaux-du-gouvernorat-de-la-ville-de-conakry\/\" \/>\n<meta property=\"og:locale\" content=\"fr_FR\" \/>\n<meta property=\"og:type\" content=\"article\" \/>\n<meta property=\"og:title\" content=\"Infrastructure : Bernard Goumou inaugure les locaux du gouvernorat de la ville de Conakry - UNIVERSNEWS224\" \/>\n<meta property=\"og:description\" content=\"Depuis un certain moment, le b\u00e2timent historique frapp\u00e9 par l&rsquo;intemp\u00e9ries climatiques est d\u00e9sormais r\u00e9nov\u00e9, \u00a0c&rsquo;est\" \/>\n<meta property=\"og:url\" content=\"https:\/\/universnews224.com\/index.php\/infrastructure-bernard-goumou-inaugure-les-locaux-du-gouvernorat-de-la-ville-de-conakry\/\" \/>\n<meta property=\"og:site_name\" content=\"UNIVERSNEWS224\" \/>\n<meta property=\"article:published_time\" content=\"2022-08-26T14:50:29+00:00\" \/>\n<meta property=\"og:image\" content=\"https:\/\/universnews224.com\/wp-content\/uploads\/2022\/08\/C55D6423-6C77-407D-9EF2-96EF8B25D1E4.jpeg\" \/>\n\t<meta property=\"og:image:width\" content=\"1024\" \/>\n\t<meta property=\"og:image:height\" content=\"576\" \/>\n\t<meta property=\"og:image:type\" content=\"image\/jpeg\" \/>\n<meta name=\"author\" content=\"La R\u00e9daction\" \/>\n<meta name=\"twitter:label1\" content=\"\u00c9crit par\" \/>\n\t<meta name=\"twitter:data1\" content=\"La R\u00e9daction\" \/>\n\t<meta name=\"twitter:label2\" content=\"Dur\u00e9e de lecture estim\u00e9e\" \/>\n\t<meta name=\"twitter:data2\" content=\"3 minutes\" \/>\n<script type=\"application\/ld+json\" class=\"yoast-schema-graph\">{\"@context\":\"https:\/\/schema.org\",\"@graph\":[{\"@type\":\"Article\",\"@id\":\"https:\/\/universnews224.com\/index.php\/infrastructure-bernard-goumou-inaugure-les-locaux-du-gouvernorat-de-la-ville-de-conakry\/#article\",\"isPartOf\":{\"@id\":\"https:\/\/universnews224.com\/index.php\/infrastructure-bernard-goumou-inaugure-les-locaux-du-gouvernorat-de-la-ville-de-conakry\/\"},\"author\":{\"name\":\"La R\u00e9daction\",\"@id\":\"https:\/\/universnews224.com\/#\/schema\/person\/a4b7d4f94a4716df60456a491260485e\"},\"headline\":\"Infrastructure : Bernard Goumou inaugure les locaux du gouvernorat de la ville de Conakry\",\"datePublished\":\"2022-08-26T14:50:29+00:00\",\"dateModified\":\"2022-08-26T14:50:29+00:00\",\"mainEntityOfPage\":{\"@id\":\"https:\/\/universnews224.com\/index.php\/infrastructure-bernard-goumou-inaugure-les-locaux-du-gouvernorat-de-la-ville-de-conakry\/\"},\"wordCount\":514,\"publisher\":{\"@id\":\"https:\/\/universnews224.com\/#organization\"},\"keywords\":[\"La une\"],\"inLanguage\":\"fr-FR\"},{\"@type\":\"WebPage\",\"@id\":\"https:\/\/universnews224.com\/index.php\/infrastructure-bernard-goumou-inaugure-les-locaux-du-gouvernorat-de-la-ville-de-conakry\/\",\"url\":\"https:\/\/universnews224.com\/index.php\/infrastructure-bernard-goumou-inaugure-les-locaux-du-gouvernorat-de-la-ville-de-conakry\/\",\"name\":\"Infrastructure : Bernard Goumou inaugure les locaux du gouvernorat de la ville de Conakry - UNIVERSNEWS224\",\"isPartOf\":{\"@id\":\"https:\/\/universnews224.com\/#website\"},\"datePublished\":\"2022-08-26T14:50:29+00:00\",\"dateModified\":\"2022-08-26T14:50:29+00:00\",\"inLanguage\":\"fr-FR\",\"potentialAction\":[{\"@type\":\"ReadAction\",\"target\":[\"https:\/\/universnews224.com\/index.php\/infrastructure-bernard-goumou-inaugure-les-locaux-du-gouvernorat-de-la-ville-de-conakry\/\"]}]},{\"@type\":\"WebSite\",\"@id\":\"https:\/\/universnews224.com\/#website\",\"url\":\"https:\/\/universnews224.com\/\",\"name\":\"UNIVERSNEWS224\",\"description\":\"\",\"publisher\":{\"@id\":\"https:\/\/universnews224.com\/#organization\"},\"potentialAction\":[{\"@type\":\"SearchAction\",\"target\":{\"@type\":\"EntryPoint\",\"urlTemplate\":\"https:\/\/universnews224.com\/?s={search_term_string}\"},\"query-input\":\"required name=search_term_string\"}],\"inLanguage\":\"fr-FR\"},{\"@type\":\"Organization\",\"@id\":\"https:\/\/universnews224.com\/#organization\",\"name\":\"UNIVERSNEWS224\",\"url\":\"https:\/\/universnews224.com\/\",\"logo\":{\"@type\":\"ImageObject\",\"inLanguage\":\"fr-FR\",\"@id\":\"https:\/\/universnews224.com\/#\/schema\/logo\/image\/\",\"url\":\"https:\/\/universnews224.com\/wp-content\/uploads\/2022\/08\/cropped-cropped-logoban.jpg\",\"contentUrl\":\"https:\/\/universnews224.com\/wp-content\/uploads\/2022\/08\/cropped-cropped-logoban.jpg\",\"width\":1080,\"height\":138,\"caption\":\"UNIVERSNEWS224\"},\"image\":{\"@id\":\"https:\/\/universnews224.com\/#\/schema\/logo\/image\/\"}},{\"@type\":\"Person\",\"@id\":\"https:\/\/universnews224.com\/#\/schema\/person\/a4b7d4f94a4716df60456a491260485e\",\"name\":\"La R\u00e9daction\",\"image\":{\"@type\":\"ImageObject\",\"inLanguage\":\"fr-FR\",\"@id\":\"https:\/\/universnews224.com\/#\/schema\/person\/image\/\",\"url\":\"https:\/\/secure.gravatar.com\/avatar\/edb90acc7752b23e1b3307ad36c14f0d?s=96&d=mm&r=g\",\"contentUrl\":\"https:\/\/secure.gravatar.com\/avatar\/edb90acc7752b23e1b3307ad36c14f0d?s=96&d=mm&r=g\",\"caption\":\"La R\u00e9daction\"},\"sameAs\":[\"https:\/\/universnews224.com\"],\"url\":\"https:\/\/universnews224.com\/index.php\/author\/m-camara\/\"}]}<\/script>\n<!-- \/ Yoast SEO plugin. -->","yoast_head_json":{"title":"Infrastructure : Bernard Goumou inaugure les locaux du gouvernorat de la ville de Conakry - UNIVERSNEWS224","robots":{"index":"index","follow":"follow","max-snippet":"max-snippet:-1","max-image-preview":"max-image-preview:large","max-video-preview":"max-video-preview:-1"},"canonical":"https:\/\/universnews224.com\/index.php\/infrastructure-bernard-goumou-inaugure-les-locaux-du-gouvernorat-de-la-ville-de-conakry\/","og_locale":"fr_FR","og_type":"article","og_title":"Infrastructure : Bernard Goumou inaugure les locaux du gouvernorat de la ville de Conakry - UNIVERSNEWS224","og_description":"Depuis un certain moment, le b\u00e2timent historique frapp\u00e9 par l&rsquo;intemp\u00e9ries climatiques est d\u00e9sormais r\u00e9nov\u00e9, \u00a0c&rsquo;est","og_url":"https:\/\/universnews224.com\/index.php\/infrastructure-bernard-goumou-inaugure-les-locaux-du-gouvernorat-de-la-ville-de-conakry\/","og_site_name":"UNIVERSNEWS224","article_published_time":"2022-08-26T14:50:29+00:00","og_image":[{"width":1024,"height":576,"url":"https:\/\/universnews224.com\/wp-content\/uploads\/2022\/08\/C55D6423-6C77-407D-9EF2-96EF8B25D1E4.jpeg","type":"image\/jpeg"}],"author":"La R\u00e9daction","twitter_misc":{"\u00c9crit par":"La R\u00e9daction","Dur\u00e9e de lecture estim\u00e9e":"3 minutes"},"schema":{"@context":"https:\/\/schema.org","@graph":[{"@type":"Article","@id":"https:\/\/universnews224.com\/index.php\/infrastructure-bernard-goumou-inaugure-les-locaux-du-gouvernorat-de-la-ville-de-conakry\/#article","isPartOf":{"@id":"https:\/\/universnews224.com\/index.php\/infrastructure-bernard-goumou-inaugure-les-locaux-du-gouvernorat-de-la-ville-de-conakry\/"},"author":{"name":"La R\u00e9daction","@id":"https:\/\/universnews224.com\/#\/schema\/person\/a4b7d4f94a4716df60456a491260485e"},"headline":"Infrastructure : Bernard Goumou inaugure les locaux du gouvernorat de la ville de Conakry","datePublished":"2022-08-26T14:50:29+00:00","dateModified":"2022-08-26T14:50:29+00:00","mainEntityOfPage":{"@id":"https:\/\/universnews224.com\/index.php\/infrastructure-bernard-goumou-inaugure-les-locaux-du-gouvernorat-de-la-ville-de-conakry\/"},"wordCount":514,"publisher":{"@id":"https:\/\/universnews224.com\/#organization"},"keywords":["La une"],"inLanguage":"fr-FR"},{"@type":"WebPage","@id":"https:\/\/universnews224.com\/index.php\/infrastructure-bernard-goumou-inaugure-les-locaux-du-gouvernorat-de-la-ville-de-conakry\/","url":"https:\/\/universnews224.com\/index.php\/infrastructure-bernard-goumou-inaugure-les-locaux-du-gouvernorat-de-la-ville-de-conakry\/","name":"Infrastructure : Bernard Goumou inaugure les locaux du gouvernorat de la ville de Conakry - UNIVERSNEWS224","isPartOf":{"@id":"https:\/\/universnews224.com\/#website"},"datePublished":"2022-08-26T14:50:29+00:00","dateModified":"2022-08-26T14:50:29+00:00","inLanguage":"fr-FR","potentialAction":[{"@type":"ReadAction","target":["https:\/\/universnews224.com\/index.php\/infrastructure-bernard-goumou-inaugure-les-locaux-du-gouvernorat-de-la-ville-de-conakry\/"]}]},{"@type":"WebSite","@id":"https:\/\/universnews224.com\/#website","url":"https:\/\/universnews224.com\/","name":"UNIVERSNEWS224","description":"","publisher":{"@id":"https:\/\/universnews224.com\/#organization"},"potentialAction":[{"@type":"SearchAction","target":{"@type":"EntryPoint","urlTemplate":"https:\/\/universnews224.com\/?s={search_term_string}"},"query-input":"required name=search_term_string"}],"inLanguage":"fr-FR"},{"@type":"Organization","@id":"https:\/\/universnews224.com\/#organization","name":"UNIVERSNEWS224","url":"https:\/\/universnews224.com\/","logo":{"@type":"ImageObject","inLanguage":"fr-FR","@id":"https:\/\/universnews224.com\/#\/schema\/logo\/image\/","url":"https:\/\/universnews224.com\/wp-content\/uploads\/2022\/08\/cropped-cropped-logoban.jpg","contentUrl":"https:\/\/universnews224.com\/wp-content\/uploads\/2022\/08\/cropped-cropped-logoban.jpg","width":1080,"height":138,"caption":"UNIVERSNEWS224"},"image":{"@id":"https:\/\/universnews224.com\/#\/schema\/logo\/image\/"}},{"@type":"Person","@id":"https:\/\/universnews224.com\/#\/schema\/person\/a4b7d4f94a4716df60456a491260485e","name":"La R\u00e9daction","image":{"@type":"ImageObject","inLanguage":"fr-FR","@id":"https:\/\/universnews224.com\/#\/schema\/person\/image\/","url":"https:\/\/secure.gravatar.com\/avatar\/edb90acc7752b23e1b3307ad36c14f0d?s=96&d=mm&r=g","contentUrl":"https:\/\/secure.gravatar.com\/avatar\/edb90acc7752b23e1b3307ad36c14f0d?s=96&d=mm&r=g","caption":"La R\u00e9daction"},"sameAs":["https:\/\/universnews224.com"],"url":"https:\/\/universnews224.com\/index.php\/author\/m-camara\/"}]}},"_links":{"self":[{"href":"https:\/\/universnews224.com\/index.php\/wp-json\/wp\/v2\/posts\/1870"}],"collection":[{"href":"https:\/\/universnews224.com\/index.php\/wp-json\/wp\/v2\/posts"}],"about":[{"href":"https:\/\/universnews224.com\/index.php\/wp-json\/wp\/v2\/types\/post"}],"author":[{"embeddable":true,"href":"https:\/\/universnews224.com\/index.php\/wp-json\/wp\/v2\/users\/2"}],"replies":[{"embeddable":true,"href":"https:\/\/universnews224.com\/index.php\/wp-json\/wp\/v2\/comments?post=1870"}],"version-history":[{"count":1,"href":"https:\/\/universnews224.com\/index.php\/wp-json\/wp\/v2\/posts\/1870\/revisions"}],"predecessor-version":[{"id":1874,"href":"https:\/\/universnews224.com\/index.php\/wp-json\/wp\/v2\/posts\/1870\/revisions\/1874"}],"wp:featuredmedia":[{"embeddable":true,"href":"https:\/\/universnews224.com\/index.php\/wp-json\/wp\/v2\/media\/1871"}],"wp:attachment":[{"href":"https:\/\/universnews224.com\/index.php\/wp-json\/wp\/v2\/media?parent=1870"}],"wp:term":[{"taxonomy":"category","embeddable":true,"href":"https:\/\/universnews224.com\/index.php\/wp-json\/wp\/v2\/categories?post=1870"},{"taxonomy":"post_tag","embeddable":true,"href":"https:\/\/universnews224.com\/index.php\/wp-json\/wp\/v2\/tags?post=1870"}],"curies":[{"name":"wp","href":"https:\/\/api.w.org\/{rel}","templated":true}]}}