{"id":1887,"date":"2022-08-29T21:32:45","date_gmt":"2022-08-29T20:32:45","guid":{"rendered":"https:\/\/universnews224.com\/?p=1887"},"modified":"2022-08-29T21:32:45","modified_gmt":"2022-08-29T20:32:45","slug":"dr-fode-oussou-quand-jai-vu-le-president-de-la-transition-tenir-un-discours-comme-ca-je-dis-que-cest-tres-grave","status":"publish","type":"post","link":"https:\/\/universnews224.com\/index.php\/dr-fode-oussou-quand-jai-vu-le-president-de-la-transition-tenir-un-discours-comme-ca-je-dis-que-cest-tres-grave\/","title":{"rendered":"Dr Fod\u00e9 Oussou: \u00abQuand j\u2019ai vu le pr\u00e9sident de la transition tenir un discours comme \u00e7a, je dis que c\u2019est tr\u00e8s grave\u00bb"},"content":{"rendered":"<p>Lors de la remise du rapport final des assises nationales le 23 ao\u00fbt dernier, le pr\u00e9sident de la transition,le Colonel Mamadi Doumbouya a d\u00e9clar\u00e9 haut et fort qu\u2019ils ne reculeront devant rien pour mener \u00e0 bien les r\u00e9formes qu\u2019il a engag\u00e9es depuis le 05 septembre.<\/p>\n<p>R\u00e9gissant sur ces propos du pr\u00e9sident de la transition, le vice-pr\u00e9sident de l\u2019UFDG, Dr Fod\u00e9 Oussou Fofana a laiss\u00e9 entendre que le colonel Mamadi Doumbouya n\u2019a pas besoin tenir un tel<br \/>\npropos.<\/p>\n<p>\u00abQuand j\u2019ai vu le pr\u00e9sident de la transition tenir un discours comme \u00e7a, je dis que c\u2019est tr\u00e8s grave, le ton. Il est le pr\u00e9sident de la transition, il doit \u00eatre \u00e0 l\u2019\u00e9couter des guin\u00e9ens, il doit rassurer l\u2019ensemble des guin\u00e9ens. Il doit tenir un discours qui va dans le sens de consolider l\u2019unit\u00e9 nationale. Il doit \u00eatre dans la logique d\u2019un chef de l\u2019\u00c9tat qui rassemble. Il ne doit pas un discours qui effraye.Des discours va t\u2019en guerre de la part du Colonel Doumbouya, j\u2019\u00e9tais tr\u00e8s \u00e9tonn\u00e9, je pense que l\u00e0 aussi ce n\u2019est pas bien. Je pense que ceux qui ont fait ce discours, ceux qui l\u2019ont conseill\u00e9 de faire \u00e7a, ce n\u2019est pas une bonne chose\u00bb.<\/p>\n<p>Camara Mamadouba<br \/>\n611 46 04 10<\/p>\n","protected":false},"excerpt":{"rendered":"<p>Lors de la remise du rapport final des assises nationales le 23 ao\u00fbt dernier, le<\/p>\n","protected":false},"author":2,"featured_media":1889,"comment_status":"closed","ping_status":"open","sticky":false,"template":"","format":"standard","meta":[],"categories":[1],"tags":[229],"yoast_head":"<!-- This site is optimized with the Yoast SEO plugin v19.13 - https:\/\/yoast.com\/wordpress\/plugins\/seo\/ -->\n<title>Dr Fod\u00e9 Oussou: \u00abQuand j\u2019ai vu le pr\u00e9sident de la transition tenir un discours comme \u00e7a, je dis que c\u2019est tr\u00e8s grave\u00bb - UNIVERSNEWS224<\/title>\n<meta name=\"robots\" content=\"index, follow, max-snippet:-1, max-image-preview:large, max-video-preview:-1\" \/>\n<link rel=\"canonical\" href=\"https:\/\/universnews224.com\/index.php\/dr-fode-oussou-quand-jai-vu-le-president-de-la-transition-tenir-un-discours-comme-ca-je-dis-que-cest-tres-grave\/\" \/>\n<meta property=\"og:locale\" content=\"fr_FR\" \/>\n<meta property=\"og:type\" content=\"article\" \/>\n<meta property=\"og:title\" content=\"Dr Fod\u00e9 Oussou: \u00abQuand j\u2019ai vu le pr\u00e9sident de la transition tenir un discours comme \u00e7a, je dis que c\u2019est tr\u00e8s grave\u00bb - UNIVERSNEWS224\" \/>\n<meta property=\"og:description\" content=\"Lors de la remise du rapport final des assises nationales le 23 ao\u00fbt dernier, le\" \/>\n<meta property=\"og:url\" content=\"https:\/\/universnews224.com\/index.php\/dr-fode-oussou-quand-jai-vu-le-president-de-la-transition-tenir-un-discours-comme-ca-je-dis-que-cest-tres-grave\/\" \/>\n<meta property=\"og:site_name\" content=\"UNIVERSNEWS224\" \/>\n<meta property=\"article:published_time\" content=\"2022-08-29T20:32:45+00:00\" \/>\n<meta property=\"og:image\" content=\"https:\/\/universnews224.com\/wp-content\/uploads\/2022\/08\/E2AE74C2-D782-4491-A692-80661E3DA003.jpeg\" \/>\n\t<meta property=\"og:image:width\" content=\"720\" \/>\n\t<meta property=\"og:image:height\" content=\"430\" \/>\n\t<meta property=\"og:image:type\" content=\"image\/jpeg\" \/>\n<meta name=\"author\" content=\"La R\u00e9daction\" \/>\n<meta name=\"twitter:label1\" content=\"\u00c9crit par\" \/>\n\t<meta name=\"twitter:data1\" content=\"La R\u00e9daction\" \/>\n\t<meta name=\"twitter:label2\" content=\"Dur\u00e9e de lecture estim\u00e9e\" \/>\n\t<meta name=\"twitter:data2\" content=\"2 minutes\" \/>\n<script type=\"application\/ld+json\" class=\"yoast-schema-graph\">{\"@context\":\"https:\/\/schema.org\",\"@graph\":[{\"@type\":\"Article\",\"@id\":\"https:\/\/universnews224.com\/index.php\/dr-fode-oussou-quand-jai-vu-le-president-de-la-transition-tenir-un-discours-comme-ca-je-dis-que-cest-tres-grave\/#article\",\"isPartOf\":{\"@id\":\"https:\/\/universnews224.com\/index.php\/dr-fode-oussou-quand-jai-vu-le-president-de-la-transition-tenir-un-discours-comme-ca-je-dis-que-cest-tres-grave\/\"},\"author\":{\"name\":\"La R\u00e9daction\",\"@id\":\"https:\/\/universnews224.com\/#\/schema\/person\/a4b7d4f94a4716df60456a491260485e\"},\"headline\":\"Dr Fod\u00e9 Oussou: \u00abQuand j\u2019ai vu le pr\u00e9sident de la transition tenir un discours comme \u00e7a, je dis que c\u2019est tr\u00e8s grave\u00bb\",\"datePublished\":\"2022-08-29T20:32:45+00:00\",\"dateModified\":\"2022-08-29T20:32:45+00:00\",\"mainEntityOfPage\":{\"@id\":\"https:\/\/universnews224.com\/index.php\/dr-fode-oussou-quand-jai-vu-le-president-de-la-transition-tenir-un-discours-comme-ca-je-dis-que-cest-tres-grave\/\"},\"wordCount\":252,\"publisher\":{\"@id\":\"https:\/\/universnews224.com\/#organization\"},\"keywords\":[\"La une\"],\"inLanguage\":\"fr-FR\"},{\"@type\":\"WebPage\",\"@id\":\"https:\/\/universnews224.com\/index.php\/dr-fode-oussou-quand-jai-vu-le-president-de-la-transition-tenir-un-discours-comme-ca-je-dis-que-cest-tres-grave\/\",\"url\":\"https:\/\/universnews224.com\/index.php\/dr-fode-oussou-quand-jai-vu-le-president-de-la-transition-tenir-un-discours-comme-ca-je-dis-que-cest-tres-grave\/\",\"name\":\"Dr Fod\u00e9 Oussou: \u00abQuand j\u2019ai vu le pr\u00e9sident de la transition tenir un discours comme \u00e7a, je dis que c\u2019est tr\u00e8s grave\u00bb - UNIVERSNEWS224\",\"isPartOf\":{\"@id\":\"https:\/\/universnews224.com\/#website\"},\"datePublished\":\"2022-08-29T20:32:45+00:00\",\"dateModified\":\"2022-08-29T20:32:45+00:00\",\"inLanguage\":\"fr-FR\",\"potentialAction\":[{\"@type\":\"ReadAction\",\"target\":[\"https:\/\/universnews224.com\/index.php\/dr-fode-oussou-quand-jai-vu-le-president-de-la-transition-tenir-un-discours-comme-ca-je-dis-que-cest-tres-grave\/\"]}]},{\"@type\":\"WebSite\",\"@id\":\"https:\/\/universnews224.com\/#website\",\"url\":\"https:\/\/universnews224.com\/\",\"name\":\"UNIVERSNEWS224\",\"description\":\"\",\"publisher\":{\"@id\":\"https:\/\/universnews224.com\/#organization\"},\"potentialAction\":[{\"@type\":\"SearchAction\",\"target\":{\"@type\":\"EntryPoint\",\"urlTemplate\":\"https:\/\/universnews224.com\/?s={search_term_string}\"},\"query-input\":\"required name=search_term_string\"}],\"inLanguage\":\"fr-FR\"},{\"@type\":\"Organization\",\"@id\":\"https:\/\/universnews224.com\/#organization\",\"name\":\"UNIVERSNEWS224\",\"url\":\"https:\/\/universnews224.com\/\",\"logo\":{\"@type\":\"ImageObject\",\"inLanguage\":\"fr-FR\",\"@id\":\"https:\/\/universnews224.com\/#\/schema\/logo\/image\/\",\"url\":\"https:\/\/universnews224.com\/wp-content\/uploads\/2022\/08\/cropped-cropped-logoban.jpg\",\"contentUrl\":\"https:\/\/universnews224.com\/wp-content\/uploads\/2022\/08\/cropped-cropped-logoban.jpg\",\"width\":1080,\"height\":138,\"caption\":\"UNIVERSNEWS224\"},\"image\":{\"@id\":\"https:\/\/universnews224.com\/#\/schema\/logo\/image\/\"}},{\"@type\":\"Person\",\"@id\":\"https:\/\/universnews224.com\/#\/schema\/person\/a4b7d4f94a4716df60456a491260485e\",\"name\":\"La R\u00e9daction\",\"image\":{\"@type\":\"ImageObject\",\"inLanguage\":\"fr-FR\",\"@id\":\"https:\/\/universnews224.com\/#\/schema\/person\/image\/\",\"url\":\"https:\/\/secure.gravatar.com\/avatar\/edb90acc7752b23e1b3307ad36c14f0d?s=96&d=mm&r=g\",\"contentUrl\":\"https:\/\/secure.gravatar.com\/avatar\/edb90acc7752b23e1b3307ad36c14f0d?s=96&d=mm&r=g\",\"caption\":\"La R\u00e9daction\"},\"sameAs\":[\"https:\/\/universnews224.com\"],\"url\":\"https:\/\/universnews224.com\/index.php\/author\/m-camara\/\"}]}<\/script>\n<!-- \/ Yoast SEO plugin. -->","yoast_head_json":{"title":"Dr Fod\u00e9 Oussou: \u00abQuand j\u2019ai vu le pr\u00e9sident de la transition tenir un discours comme \u00e7a, je dis que c\u2019est tr\u00e8s grave\u00bb - UNIVERSNEWS224","robots":{"index":"index","follow":"follow","max-snippet":"max-snippet:-1","max-image-preview":"max-image-preview:large","max-video-preview":"max-video-preview:-1"},"canonical":"https:\/\/universnews224.com\/index.php\/dr-fode-oussou-quand-jai-vu-le-president-de-la-transition-tenir-un-discours-comme-ca-je-dis-que-cest-tres-grave\/","og_locale":"fr_FR","og_type":"article","og_title":"Dr Fod\u00e9 Oussou: \u00abQuand j\u2019ai vu le pr\u00e9sident de la transition tenir un discours comme \u00e7a, je dis que c\u2019est tr\u00e8s grave\u00bb - UNIVERSNEWS224","og_description":"Lors de la remise du rapport final des assises nationales le 23 ao\u00fbt dernier, le","og_url":"https:\/\/universnews224.com\/index.php\/dr-fode-oussou-quand-jai-vu-le-president-de-la-transition-tenir-un-discours-comme-ca-je-dis-que-cest-tres-grave\/","og_site_name":"UNIVERSNEWS224","article_published_time":"2022-08-29T20:32:45+00:00","og_image":[{"width":720,"height":430,"url":"https:\/\/universnews224.com\/wp-content\/uploads\/2022\/08\/E2AE74C2-D782-4491-A692-80661E3DA003.jpeg","type":"image\/jpeg"}],"author":"La R\u00e9daction","twitter_misc":{"\u00c9crit par":"La R\u00e9daction","Dur\u00e9e de lecture estim\u00e9e":"2 minutes"},"schema":{"@context":"https:\/\/schema.org","@graph":[{"@type":"Article","@id":"https:\/\/universnews224.com\/index.php\/dr-fode-oussou-quand-jai-vu-le-president-de-la-transition-tenir-un-discours-comme-ca-je-dis-que-cest-tres-grave\/#article","isPartOf":{"@id":"https:\/\/universnews224.com\/index.php\/dr-fode-oussou-quand-jai-vu-le-president-de-la-transition-tenir-un-discours-comme-ca-je-dis-que-cest-tres-grave\/"},"author":{"name":"La R\u00e9daction","@id":"https:\/\/universnews224.com\/#\/schema\/person\/a4b7d4f94a4716df60456a491260485e"},"headline":"Dr Fod\u00e9 Oussou: \u00abQuand j\u2019ai vu le pr\u00e9sident de la transition tenir un discours comme \u00e7a, je dis que c\u2019est tr\u00e8s grave\u00bb","datePublished":"2022-08-29T20:32:45+00:00","dateModified":"2022-08-29T20:32:45+00:00","mainEntityOfPage":{"@id":"https:\/\/universnews224.com\/index.php\/dr-fode-oussou-quand-jai-vu-le-president-de-la-transition-tenir-un-discours-comme-ca-je-dis-que-cest-tres-grave\/"},"wordCount":252,"publisher":{"@id":"https:\/\/universnews224.com\/#organization"},"keywords":["La une"],"inLanguage":"fr-FR"},{"@type":"WebPage","@id":"https:\/\/universnews224.com\/index.php\/dr-fode-oussou-quand-jai-vu-le-president-de-la-transition-tenir-un-discours-comme-ca-je-dis-que-cest-tres-grave\/","url":"https:\/\/universnews224.com\/index.php\/dr-fode-oussou-quand-jai-vu-le-president-de-la-transition-tenir-un-discours-comme-ca-je-dis-que-cest-tres-grave\/","name":"Dr Fod\u00e9 Oussou: \u00abQuand j\u2019ai vu le pr\u00e9sident de la transition tenir un discours comme \u00e7a, je dis que c\u2019est tr\u00e8s grave\u00bb - UNIVERSNEWS224","isPartOf":{"@id":"https:\/\/universnews224.com\/#website"},"datePublished":"2022-08-29T20:32:45+00:00","dateModified":"2022-08-29T20:32:45+00:00","inLanguage":"fr-FR","potentialAction":[{"@type":"ReadAction","target":["https:\/\/universnews224.com\/index.php\/dr-fode-oussou-quand-jai-vu-le-president-de-la-transition-tenir-un-discours-comme-ca-je-dis-que-cest-tres-grave\/"]}]},{"@type":"WebSite","@id":"https:\/\/universnews224.com\/#website","url":"https:\/\/universnews224.com\/","name":"UNIVERSNEWS224","description":"","publisher":{"@id":"https:\/\/universnews224.com\/#organization"},"potentialAction":[{"@type":"SearchAction","target":{"@type":"EntryPoint","urlTemplate":"https:\/\/universnews224.com\/?s={search_term_string}"},"query-input":"required name=search_term_string"}],"inLanguage":"fr-FR"},{"@type":"Organization","@id":"https:\/\/universnews224.com\/#organization","name":"UNIVERSNEWS224","url":"https:\/\/universnews224.com\/","logo":{"@type":"ImageObject","inLanguage":"fr-FR","@id":"https:\/\/universnews224.com\/#\/schema\/logo\/image\/","url":"https:\/\/universnews224.com\/wp-content\/uploads\/2022\/08\/cropped-cropped-logoban.jpg","contentUrl":"https:\/\/universnews224.com\/wp-content\/uploads\/2022\/08\/cropped-cropped-logoban.jpg","width":1080,"height":138,"caption":"UNIVERSNEWS224"},"image":{"@id":"https:\/\/universnews224.com\/#\/schema\/logo\/image\/"}},{"@type":"Person","@id":"https:\/\/universnews224.com\/#\/schema\/person\/a4b7d4f94a4716df60456a491260485e","name":"La R\u00e9daction","image":{"@type":"ImageObject","inLanguage":"fr-FR","@id":"https:\/\/universnews224.com\/#\/schema\/person\/image\/","url":"https:\/\/secure.gravatar.com\/avatar\/edb90acc7752b23e1b3307ad36c14f0d?s=96&d=mm&r=g","contentUrl":"https:\/\/secure.gravatar.com\/avatar\/edb90acc7752b23e1b3307ad36c14f0d?s=96&d=mm&r=g","caption":"La R\u00e9daction"},"sameAs":["https:\/\/universnews224.com"],"url":"https:\/\/universnews224.com\/index.php\/author\/m-camara\/"}]}},"_links":{"self":[{"href":"https:\/\/universnews224.com\/index.php\/wp-json\/wp\/v2\/posts\/1887"}],"collection":[{"href":"https:\/\/universnews224.com\/index.php\/wp-json\/wp\/v2\/posts"}],"about":[{"href":"https:\/\/universnews224.com\/index.php\/wp-json\/wp\/v2\/types\/post"}],"author":[{"embeddable":true,"href":"https:\/\/universnews224.com\/index.php\/wp-json\/wp\/v2\/users\/2"}],"replies":[{"embeddable":true,"href":"https:\/\/universnews224.com\/index.php\/wp-json\/wp\/v2\/comments?post=1887"}],"version-history":[{"count":1,"href":"https:\/\/universnews224.com\/index.php\/wp-json\/wp\/v2\/posts\/1887\/revisions"}],"predecessor-version":[{"id":1890,"href":"https:\/\/universnews224.com\/index.php\/wp-json\/wp\/v2\/posts\/1887\/revisions\/1890"}],"wp:featuredmedia":[{"embeddable":true,"href":"https:\/\/universnews224.com\/index.php\/wp-json\/wp\/v2\/media\/1889"}],"wp:attachment":[{"href":"https:\/\/universnews224.com\/index.php\/wp-json\/wp\/v2\/media?parent=1887"}],"wp:term":[{"taxonomy":"category","embeddable":true,"href":"https:\/\/universnews224.com\/index.php\/wp-json\/wp\/v2\/categories?post=1887"},{"taxonomy":"post_tag","embeddable":true,"href":"https:\/\/universnews224.com\/index.php\/wp-json\/wp\/v2\/tags?post=1887"}],"curies":[{"name":"wp","href":"https:\/\/api.w.org\/{rel}","templated":true}]}}