{"id":1893,"date":"2022-08-30T14:13:51","date_gmt":"2022-08-30T13:13:51","guid":{"rendered":"https:\/\/universnews224.com\/?p=1893"},"modified":"2022-08-30T14:13:51","modified_gmt":"2022-08-30T13:13:51","slug":"atterrissage-en-catastrophe-dun-vol-de-turkish-airlines-a-conakry-un-passager-raconte-leur-mesaventure","status":"publish","type":"post","link":"https:\/\/universnews224.com\/index.php\/atterrissage-en-catastrophe-dun-vol-de-turkish-airlines-a-conakry-un-passager-raconte-leur-mesaventure\/","title":{"rendered":"Atterrissage en catastrophe d\u2019un vol de Turkish Airlines \u00e0 Conakry: Un passager raconte leur m\u00e9saventure."},"content":{"rendered":"<p>Un\u00a0vol TK537 de la compagnie Turkish Airlines en provenance de Istanbul via Ouagadougou a atterri en catastrophe dans la nuit ce lundi, 29 ao\u00fbt 2022 \u00e0 l\u2019a\u00e9roport Ahmed Sekou Tour\u00e9 de Conakry.<\/p>\n<div dir=\"ltr\">\n<div dir=\"ltr\">\n<div dir=\"ltr\">\n<div dir=\"ltr\">\n<div dir=\"ltr\">\n<div dir=\"ltr\">\n<div dir=\"ltr\">\n<div dir=\"ltr\">\n<div dir=\"ltr\"><\/div>\n<div dir=\"ltr\">Joint au t\u00e9l\u00e9phone par nos confr\u00e8res de la radio Fim Fm dans l\u2019\u00e9mission \u00abMirador\u00bb de ce mardi, 30 , Me P\u00e9p\u00e9 Antoine Lama, avocat au barreau de Guin\u00e9e, l\u2019un des passagers de cet avion revient sur cet incident qui a fait cinq (5) selon le communiqu\u00e9 de la direction g\u00e9n\u00e9rale de l\u2019a\u00e9roport AST de Conakry.<\/div>\n<div dir=\"ltr\"><\/div>\n<div dir=\"ltr\">\u00abMoi je ne parlerai pas d\u2019atterrissage forc\u00e9, mais je sais quand m\u00eame que nous avons v\u00e9cu deux incidents majeurs. Le premier incident s\u2019est produit en Haute Guin\u00e9e o\u00f9 de fa\u00e7on brutale et violente l\u2019avion a fait une chute vers le sol. Et \u00e7a provoqu\u00e9 un tohu-bohu dans l\u2019avion.J\u2019ai m\u00eame vu un jeune sauter de sa chaise et au fond de l\u2019avion o\u00f9 il y a eu plusieurs bless\u00e9s. J\u2019ai vu une dame h\u00f4tesse qui a s\u00e9v\u00e8rement cogn\u00e9 sa t\u00eate sur le plafond et je pense que cette dame a d\u00fb subir un choc tr\u00e8s violent, il semble qu\u2019elle serait m\u00eame dans les soins intensif. Il y a aussi un petit gar\u00e7on qui \u00e9tait avec son papa qui a aussi cogn\u00e9 s\u00e9v\u00e8rement sa t\u00eate et plusieurs autres personnes. La chute l\u00e0 s\u2019est d\u00e9roul\u00e9e en quelques minutes avant que l\u2019avion ne se stabilise dans l\u2019air. \u00c7a criait, \u00e7a pleurait, \u00e7a priait dans l\u2019avion. On \u00e9tait tous d\u00e9sesp\u00e9r\u00e9, mais Dieu merci l\u2019avion a fini par se stabiliser\u00bb a t-il racont\u00e9. Avant de poursuivre:<\/div>\n<div dir=\"ltr\"><\/div>\n<div dir=\"ltr\">\u00abEt le second incident, c\u2019\u00e9tait \u00e0 quelques 40 minutes \u00e0 l\u2019atterrissage o\u00f9 l\u2019avion a carr\u00e9ment retard\u00e9 dans l\u2019air pr\u00e8s de 30 minutes. Ils nous ont fait savoir qu\u2019il pleuvait, qu\u2019il y avait l\u2019orage, la m\u00e9t\u00e9o n\u2019\u00e9tait pas favorable. En fin de compte nous avons atterri dans le calme et nous avons \u00e9t\u00e9 accueillis \u00e0 l\u2019a\u00e9roport par le ministre des transports et le premier ministre. Nous avons donc \u00e9t\u00e9 \u00e9vacu\u00e9s dans le calme. Je confirme que l\u2019atterrissage s\u2019est bien pass\u00e9, dans le calme. Le point le plus critique, c\u2019est ce qui s\u2019est produit en Haute Guin\u00e9e avec cette chute brutale et violente qui, pour moi est loin de s\u2019apparenter \u00e0 un trou dans l\u2019air ou combien \u00e0 une zone turbulence. Parce que la turbulence est progressive, elle n\u2019est pas brutale. Vous ne pouvez pas d\u2019un seul coup comme \u00e7a, commencer \u00e0 faire une chute vers le sol. C\u2019est quand m\u00eame curieux\u00bb a t-il indiqu\u00e9.<\/div>\n<div dir=\"ltr\"><\/div>\n<div dir=\"ltr\">Camara Mamadouba<\/div>\n<div dir=\"ltr\">611 46 04 10<\/div>\n<\/div>\n<\/div>\n<\/div>\n<\/div>\n<\/div>\n<\/div>\n<\/div>\n<\/div>\n","protected":false},"excerpt":{"rendered":"<p>Un\u00a0vol TK537 de la compagnie Turkish Airlines en provenance de Istanbul via Ouagadougou a atterri<\/p>\n","protected":false},"author":2,"featured_media":1894,"comment_status":"closed","ping_status":"open","sticky":false,"template":"","format":"standard","meta":[],"categories":[1],"tags":[229],"yoast_head":"<!-- This site is optimized with the Yoast SEO plugin v19.13 - https:\/\/yoast.com\/wordpress\/plugins\/seo\/ -->\n<title>Atterrissage en catastrophe d\u2019un vol de Turkish Airlines \u00e0 Conakry: Un passager raconte leur m\u00e9saventure. - UNIVERSNEWS224<\/title>\n<meta name=\"robots\" content=\"index, follow, max-snippet:-1, max-image-preview:large, max-video-preview:-1\" \/>\n<link rel=\"canonical\" href=\"https:\/\/universnews224.com\/index.php\/atterrissage-en-catastrophe-dun-vol-de-turkish-airlines-a-conakry-un-passager-raconte-leur-mesaventure\/\" \/>\n<meta property=\"og:locale\" content=\"fr_FR\" \/>\n<meta property=\"og:type\" content=\"article\" \/>\n<meta property=\"og:title\" content=\"Atterrissage en catastrophe d\u2019un vol de Turkish Airlines \u00e0 Conakry: Un passager raconte leur m\u00e9saventure. - UNIVERSNEWS224\" \/>\n<meta property=\"og:description\" content=\"Un\u00a0vol TK537 de la compagnie Turkish Airlines en provenance de Istanbul via Ouagadougou a atterri\" \/>\n<meta property=\"og:url\" content=\"https:\/\/universnews224.com\/index.php\/atterrissage-en-catastrophe-dun-vol-de-turkish-airlines-a-conakry-un-passager-raconte-leur-mesaventure\/\" \/>\n<meta property=\"og:site_name\" content=\"UNIVERSNEWS224\" \/>\n<meta property=\"article:published_time\" content=\"2022-08-30T13:13:51+00:00\" \/>\n<meta property=\"og:image\" content=\"https:\/\/universnews224.com\/wp-content\/uploads\/2022\/08\/B07C3904-0150-4D7A-B913-63864BAD8EF5.jpeg\" \/>\n\t<meta property=\"og:image:width\" content=\"720\" \/>\n\t<meta property=\"og:image:height\" content=\"714\" \/>\n\t<meta property=\"og:image:type\" content=\"image\/jpeg\" \/>\n<meta name=\"author\" content=\"La R\u00e9daction\" \/>\n<meta name=\"twitter:label1\" content=\"\u00c9crit par\" \/>\n\t<meta name=\"twitter:data1\" content=\"La R\u00e9daction\" \/>\n\t<meta name=\"twitter:label2\" content=\"Dur\u00e9e de lecture estim\u00e9e\" \/>\n\t<meta name=\"twitter:data2\" content=\"3 minutes\" \/>\n<script type=\"application\/ld+json\" class=\"yoast-schema-graph\">{\"@context\":\"https:\/\/schema.org\",\"@graph\":[{\"@type\":\"Article\",\"@id\":\"https:\/\/universnews224.com\/index.php\/atterrissage-en-catastrophe-dun-vol-de-turkish-airlines-a-conakry-un-passager-raconte-leur-mesaventure\/#article\",\"isPartOf\":{\"@id\":\"https:\/\/universnews224.com\/index.php\/atterrissage-en-catastrophe-dun-vol-de-turkish-airlines-a-conakry-un-passager-raconte-leur-mesaventure\/\"},\"author\":{\"name\":\"La R\u00e9daction\",\"@id\":\"https:\/\/universnews224.com\/#\/schema\/person\/a4b7d4f94a4716df60456a491260485e\"},\"headline\":\"Atterrissage en catastrophe d\u2019un vol de Turkish Airlines \u00e0 Conakry: Un passager raconte leur m\u00e9saventure.\",\"datePublished\":\"2022-08-30T13:13:51+00:00\",\"dateModified\":\"2022-08-30T13:13:51+00:00\",\"mainEntityOfPage\":{\"@id\":\"https:\/\/universnews224.com\/index.php\/atterrissage-en-catastrophe-dun-vol-de-turkish-airlines-a-conakry-un-passager-raconte-leur-mesaventure\/\"},\"wordCount\":489,\"publisher\":{\"@id\":\"https:\/\/universnews224.com\/#organization\"},\"keywords\":[\"La une\"],\"inLanguage\":\"fr-FR\"},{\"@type\":\"WebPage\",\"@id\":\"https:\/\/universnews224.com\/index.php\/atterrissage-en-catastrophe-dun-vol-de-turkish-airlines-a-conakry-un-passager-raconte-leur-mesaventure\/\",\"url\":\"https:\/\/universnews224.com\/index.php\/atterrissage-en-catastrophe-dun-vol-de-turkish-airlines-a-conakry-un-passager-raconte-leur-mesaventure\/\",\"name\":\"Atterrissage en catastrophe d\u2019un vol de Turkish Airlines \u00e0 Conakry: Un passager raconte leur m\u00e9saventure. - UNIVERSNEWS224\",\"isPartOf\":{\"@id\":\"https:\/\/universnews224.com\/#website\"},\"datePublished\":\"2022-08-30T13:13:51+00:00\",\"dateModified\":\"2022-08-30T13:13:51+00:00\",\"inLanguage\":\"fr-FR\",\"potentialAction\":[{\"@type\":\"ReadAction\",\"target\":[\"https:\/\/universnews224.com\/index.php\/atterrissage-en-catastrophe-dun-vol-de-turkish-airlines-a-conakry-un-passager-raconte-leur-mesaventure\/\"]}]},{\"@type\":\"WebSite\",\"@id\":\"https:\/\/universnews224.com\/#website\",\"url\":\"https:\/\/universnews224.com\/\",\"name\":\"UNIVERSNEWS224\",\"description\":\"\",\"publisher\":{\"@id\":\"https:\/\/universnews224.com\/#organization\"},\"potentialAction\":[{\"@type\":\"SearchAction\",\"target\":{\"@type\":\"EntryPoint\",\"urlTemplate\":\"https:\/\/universnews224.com\/?s={search_term_string}\"},\"query-input\":\"required name=search_term_string\"}],\"inLanguage\":\"fr-FR\"},{\"@type\":\"Organization\",\"@id\":\"https:\/\/universnews224.com\/#organization\",\"name\":\"UNIVERSNEWS224\",\"url\":\"https:\/\/universnews224.com\/\",\"logo\":{\"@type\":\"ImageObject\",\"inLanguage\":\"fr-FR\",\"@id\":\"https:\/\/universnews224.com\/#\/schema\/logo\/image\/\",\"url\":\"https:\/\/universnews224.com\/wp-content\/uploads\/2022\/08\/cropped-cropped-logoban.jpg\",\"contentUrl\":\"https:\/\/universnews224.com\/wp-content\/uploads\/2022\/08\/cropped-cropped-logoban.jpg\",\"width\":1080,\"height\":138,\"caption\":\"UNIVERSNEWS224\"},\"image\":{\"@id\":\"https:\/\/universnews224.com\/#\/schema\/logo\/image\/\"}},{\"@type\":\"Person\",\"@id\":\"https:\/\/universnews224.com\/#\/schema\/person\/a4b7d4f94a4716df60456a491260485e\",\"name\":\"La R\u00e9daction\",\"image\":{\"@type\":\"ImageObject\",\"inLanguage\":\"fr-FR\",\"@id\":\"https:\/\/universnews224.com\/#\/schema\/person\/image\/\",\"url\":\"https:\/\/secure.gravatar.com\/avatar\/edb90acc7752b23e1b3307ad36c14f0d?s=96&d=mm&r=g\",\"contentUrl\":\"https:\/\/secure.gravatar.com\/avatar\/edb90acc7752b23e1b3307ad36c14f0d?s=96&d=mm&r=g\",\"caption\":\"La R\u00e9daction\"},\"sameAs\":[\"https:\/\/universnews224.com\"],\"url\":\"https:\/\/universnews224.com\/index.php\/author\/m-camara\/\"}]}<\/script>\n<!-- \/ Yoast SEO plugin. -->","yoast_head_json":{"title":"Atterrissage en catastrophe d\u2019un vol de Turkish Airlines \u00e0 Conakry: Un passager raconte leur m\u00e9saventure. - UNIVERSNEWS224","robots":{"index":"index","follow":"follow","max-snippet":"max-snippet:-1","max-image-preview":"max-image-preview:large","max-video-preview":"max-video-preview:-1"},"canonical":"https:\/\/universnews224.com\/index.php\/atterrissage-en-catastrophe-dun-vol-de-turkish-airlines-a-conakry-un-passager-raconte-leur-mesaventure\/","og_locale":"fr_FR","og_type":"article","og_title":"Atterrissage en catastrophe d\u2019un vol de Turkish Airlines \u00e0 Conakry: Un passager raconte leur m\u00e9saventure. - UNIVERSNEWS224","og_description":"Un\u00a0vol TK537 de la compagnie Turkish Airlines en provenance de Istanbul via Ouagadougou a atterri","og_url":"https:\/\/universnews224.com\/index.php\/atterrissage-en-catastrophe-dun-vol-de-turkish-airlines-a-conakry-un-passager-raconte-leur-mesaventure\/","og_site_name":"UNIVERSNEWS224","article_published_time":"2022-08-30T13:13:51+00:00","og_image":[{"width":720,"height":714,"url":"https:\/\/universnews224.com\/wp-content\/uploads\/2022\/08\/B07C3904-0150-4D7A-B913-63864BAD8EF5.jpeg","type":"image\/jpeg"}],"author":"La R\u00e9daction","twitter_misc":{"\u00c9crit par":"La R\u00e9daction","Dur\u00e9e de lecture estim\u00e9e":"3 minutes"},"schema":{"@context":"https:\/\/schema.org","@graph":[{"@type":"Article","@id":"https:\/\/universnews224.com\/index.php\/atterrissage-en-catastrophe-dun-vol-de-turkish-airlines-a-conakry-un-passager-raconte-leur-mesaventure\/#article","isPartOf":{"@id":"https:\/\/universnews224.com\/index.php\/atterrissage-en-catastrophe-dun-vol-de-turkish-airlines-a-conakry-un-passager-raconte-leur-mesaventure\/"},"author":{"name":"La R\u00e9daction","@id":"https:\/\/universnews224.com\/#\/schema\/person\/a4b7d4f94a4716df60456a491260485e"},"headline":"Atterrissage en catastrophe d\u2019un vol de Turkish Airlines \u00e0 Conakry: Un passager raconte leur m\u00e9saventure.","datePublished":"2022-08-30T13:13:51+00:00","dateModified":"2022-08-30T13:13:51+00:00","mainEntityOfPage":{"@id":"https:\/\/universnews224.com\/index.php\/atterrissage-en-catastrophe-dun-vol-de-turkish-airlines-a-conakry-un-passager-raconte-leur-mesaventure\/"},"wordCount":489,"publisher":{"@id":"https:\/\/universnews224.com\/#organization"},"keywords":["La une"],"inLanguage":"fr-FR"},{"@type":"WebPage","@id":"https:\/\/universnews224.com\/index.php\/atterrissage-en-catastrophe-dun-vol-de-turkish-airlines-a-conakry-un-passager-raconte-leur-mesaventure\/","url":"https:\/\/universnews224.com\/index.php\/atterrissage-en-catastrophe-dun-vol-de-turkish-airlines-a-conakry-un-passager-raconte-leur-mesaventure\/","name":"Atterrissage en catastrophe d\u2019un vol de Turkish Airlines \u00e0 Conakry: Un passager raconte leur m\u00e9saventure. - UNIVERSNEWS224","isPartOf":{"@id":"https:\/\/universnews224.com\/#website"},"datePublished":"2022-08-30T13:13:51+00:00","dateModified":"2022-08-30T13:13:51+00:00","inLanguage":"fr-FR","potentialAction":[{"@type":"ReadAction","target":["https:\/\/universnews224.com\/index.php\/atterrissage-en-catastrophe-dun-vol-de-turkish-airlines-a-conakry-un-passager-raconte-leur-mesaventure\/"]}]},{"@type":"WebSite","@id":"https:\/\/universnews224.com\/#website","url":"https:\/\/universnews224.com\/","name":"UNIVERSNEWS224","description":"","publisher":{"@id":"https:\/\/universnews224.com\/#organization"},"potentialAction":[{"@type":"SearchAction","target":{"@type":"EntryPoint","urlTemplate":"https:\/\/universnews224.com\/?s={search_term_string}"},"query-input":"required name=search_term_string"}],"inLanguage":"fr-FR"},{"@type":"Organization","@id":"https:\/\/universnews224.com\/#organization","name":"UNIVERSNEWS224","url":"https:\/\/universnews224.com\/","logo":{"@type":"ImageObject","inLanguage":"fr-FR","@id":"https:\/\/universnews224.com\/#\/schema\/logo\/image\/","url":"https:\/\/universnews224.com\/wp-content\/uploads\/2022\/08\/cropped-cropped-logoban.jpg","contentUrl":"https:\/\/universnews224.com\/wp-content\/uploads\/2022\/08\/cropped-cropped-logoban.jpg","width":1080,"height":138,"caption":"UNIVERSNEWS224"},"image":{"@id":"https:\/\/universnews224.com\/#\/schema\/logo\/image\/"}},{"@type":"Person","@id":"https:\/\/universnews224.com\/#\/schema\/person\/a4b7d4f94a4716df60456a491260485e","name":"La R\u00e9daction","image":{"@type":"ImageObject","inLanguage":"fr-FR","@id":"https:\/\/universnews224.com\/#\/schema\/person\/image\/","url":"https:\/\/secure.gravatar.com\/avatar\/edb90acc7752b23e1b3307ad36c14f0d?s=96&d=mm&r=g","contentUrl":"https:\/\/secure.gravatar.com\/avatar\/edb90acc7752b23e1b3307ad36c14f0d?s=96&d=mm&r=g","caption":"La R\u00e9daction"},"sameAs":["https:\/\/universnews224.com"],"url":"https:\/\/universnews224.com\/index.php\/author\/m-camara\/"}]}},"_links":{"self":[{"href":"https:\/\/universnews224.com\/index.php\/wp-json\/wp\/v2\/posts\/1893"}],"collection":[{"href":"https:\/\/universnews224.com\/index.php\/wp-json\/wp\/v2\/posts"}],"about":[{"href":"https:\/\/universnews224.com\/index.php\/wp-json\/wp\/v2\/types\/post"}],"author":[{"embeddable":true,"href":"https:\/\/universnews224.com\/index.php\/wp-json\/wp\/v2\/users\/2"}],"replies":[{"embeddable":true,"href":"https:\/\/universnews224.com\/index.php\/wp-json\/wp\/v2\/comments?post=1893"}],"version-history":[{"count":1,"href":"https:\/\/universnews224.com\/index.php\/wp-json\/wp\/v2\/posts\/1893\/revisions"}],"predecessor-version":[{"id":1895,"href":"https:\/\/universnews224.com\/index.php\/wp-json\/wp\/v2\/posts\/1893\/revisions\/1895"}],"wp:featuredmedia":[{"embeddable":true,"href":"https:\/\/universnews224.com\/index.php\/wp-json\/wp\/v2\/media\/1894"}],"wp:attachment":[{"href":"https:\/\/universnews224.com\/index.php\/wp-json\/wp\/v2\/media?parent=1893"}],"wp:term":[{"taxonomy":"category","embeddable":true,"href":"https:\/\/universnews224.com\/index.php\/wp-json\/wp\/v2\/categories?post=1893"},{"taxonomy":"post_tag","embeddable":true,"href":"https:\/\/universnews224.com\/index.php\/wp-json\/wp\/v2\/tags?post=1893"}],"curies":[{"name":"wp","href":"https:\/\/api.w.org\/{rel}","templated":true}]}}