{"id":1903,"date":"2022-08-31T21:37:21","date_gmt":"2022-08-31T20:37:21","guid":{"rendered":"https:\/\/universnews224.com\/?p=1903"},"modified":"2022-08-31T21:37:21","modified_gmt":"2022-08-31T20:37:21","slug":"atelier-de-lintegration-sous-regionale-et-la-souverainete-des-etats-au-coeur-dun-debat-a-conakry","status":"publish","type":"post","link":"https:\/\/universnews224.com\/index.php\/atelier-de-lintegration-sous-regionale-et-la-souverainete-des-etats-au-coeur-dun-debat-a-conakry\/","title":{"rendered":"Atelier de l&rsquo;int\u00e9gration sous r\u00e9gionale et la souverainet\u00e9 des Etats au c\u0153ur d&rsquo;un d\u00e9bat \u00e0 Conakry"},"content":{"rendered":"<p>Apr\u00e8s la rencontre qui s&rsquo;est d\u00e9roul\u00e9e \u00a0\u00e0 Yamoussoukro en C\u00f4te d&rsquo;lvoire les 8 au 10 juin dernier, que la structure Konrad-Adenauer-Stiftung (KAS), \u00e0 travers son programme r\u00e9gional Dialogue politique en Afrique de l\u2019Ouest, \u00a0a organis\u00e9 ce mercredi 31 ao\u00fbt \u00a02022 \u00e0 Conakry, la deuxi\u00e8me session de l\u2019\u00e9dition 2022 de son atelier de formation sous r\u00e9gionale \u00e0 l\u2019intention des jeunes \u00e9lites de partis politiques et de la soci\u00e9t\u00e9 civile locale autour de l&rsquo;Int\u00e9gration r\u00e9gionale et Souverainet\u00e9.<\/p>\n<p>L\u2019objectif de cette rencontre est de renforcer les capacit\u00e9s civiques et politiques des jeunes \u00e9lites des partis politiques et des organisations de la soci\u00e9t\u00e9 civile locale afin de faire de la jeunesse une force de proposition pour la bonne \u00e9mulation de la d\u00e9mocratie et du d\u00e9veloppement des Etats dans l\u2019espace ouest-africain.<\/p>\n<p>Au cours de cet atelier, Dr Stefanie Brinkel repr\u00e9sentante r\u00e9sidente et directrice programme r\u00e9gional pour le dialogue politique en Afrique a indiqu\u00e9 que :<\/p>\n<p><a href=\"https:\/\/universnews224.com\/wp-content\/uploads\/2022\/08\/C2AE3FC6-E285-4A95-8577-5B04BE43E42F.jpeg\"><img loading=\"lazy\" class=\"alignnone size-medium wp-image-1904\" src=\"https:\/\/universnews224.com\/wp-content\/uploads\/2022\/08\/C2AE3FC6-E285-4A95-8577-5B04BE43E42F-300x169.jpeg\" alt=\"\" width=\"300\" height=\"169\" srcset=\"https:\/\/universnews224.com\/wp-content\/uploads\/2022\/08\/C2AE3FC6-E285-4A95-8577-5B04BE43E42F-300x169.jpeg 300w, https:\/\/universnews224.com\/wp-content\/uploads\/2022\/08\/C2AE3FC6-E285-4A95-8577-5B04BE43E42F-768x432.jpeg 768w, https:\/\/universnews224.com\/wp-content\/uploads\/2022\/08\/C2AE3FC6-E285-4A95-8577-5B04BE43E42F-800x450.jpeg 800w, https:\/\/universnews224.com\/wp-content\/uploads\/2022\/08\/C2AE3FC6-E285-4A95-8577-5B04BE43E42F.jpeg 1024w\" sizes=\"(max-width: 300px) 100vw, 300px\" \/><\/a><\/p>\n<p>\u00ab En tant que fondation politique allemande proche de la CDU, nous d\u00e9fendons les valeurs et id\u00e9ologie du centre droit. Nous sommes guid\u00e9es par des valeurs d&rsquo;\u00e9quit\u00e9, de justice et d&rsquo;\u00e9galit\u00e9 des citoyens. A travers notre programme pour le dialogue politique en Afrique de l&rsquo;Ouest, nous voulons promouvoir le dialogue entre les diff\u00e9rents acteurs de la vie socio-politique afin de renforcer les acquis democratiques dans la sous-r\u00e9gion. La Konrad-Adenauer-Stiftung voudrait \u00e0 travers cette formation susciter votre int\u00e9r\u00eat sur les enjeux et l&rsquo;importance d&rsquo;une integration sous r\u00e9gionale r\u00e9ussie \u00bb, a soulign\u00e9 Mme la directrice r\u00e9gional, avant d\u2019ajouter:<\/p>\n<p>\u00ab Aucun Etat fut-il son poids \u00e9conomique ou sa puissance ne peut prosp\u00e9rer seul dans un monde en pleine mutation socio-politique et \u00e9conomique; un monde qui se veut de plus en plus int\u00e9grer. Ne dit-on pas que \u00ab le monde est un village plan\u00e9taire \u00bb Nous pensons que l&rsquo;int\u00e9gration doit permettre de faire face aux d\u00e9fis transnationaux et d&rsquo;un contribuer au renforcement de la d\u00e9mocratie dans la sous-r\u00e9gion gage d&rsquo;un d\u00e9veloppement \u00e9conomique et du mieux-\u00eatre des populations. C&rsquo;est pourquoi, je voudrais vous encourager, en tant que futurs dirigeants, \u00e0 pr\u00eater une attention particuli\u00e8re \u00e0 cette formation tout en esp\u00e9rant qu&rsquo;elle vous soit utile pour l&rsquo;avenir\u00bb, a dit Mme \u00a0St\u00e9phanie.<\/p>\n<p>Pour Mme Seny Tonamou conseill\u00e8re du CNT en m\u00eame temps membre de cette organisation africaine a plant\u00e9 le d\u00e9cors de la rencontre :<\/p>\n<p><a href=\"https:\/\/universnews224.com\/wp-content\/uploads\/2022\/08\/048A0368-02E3-4771-9D35-3E27F1D714CA.jpeg\"><img loading=\"lazy\" class=\"alignnone size-medium wp-image-1905\" src=\"https:\/\/universnews224.com\/wp-content\/uploads\/2022\/08\/048A0368-02E3-4771-9D35-3E27F1D714CA-300x169.jpeg\" alt=\"\" width=\"300\" height=\"169\" srcset=\"https:\/\/universnews224.com\/wp-content\/uploads\/2022\/08\/048A0368-02E3-4771-9D35-3E27F1D714CA-300x169.jpeg 300w, https:\/\/universnews224.com\/wp-content\/uploads\/2022\/08\/048A0368-02E3-4771-9D35-3E27F1D714CA-768x432.jpeg 768w, https:\/\/universnews224.com\/wp-content\/uploads\/2022\/08\/048A0368-02E3-4771-9D35-3E27F1D714CA-800x450.jpeg 800w, https:\/\/universnews224.com\/wp-content\/uploads\/2022\/08\/048A0368-02E3-4771-9D35-3E27F1D714CA.jpeg 1024w\" sizes=\"(max-width: 300px) 100vw, 300px\" \/><\/a><\/p>\n<p>\u00ab L&rsquo;objectif de cet atelier, c&rsquo;est l&rsquo;acad\u00e9mie politique de l&rsquo;Afrique de l&rsquo;ouest. O\u00f9 nous avons tenue la premi\u00e8re session en C\u00f4te d&rsquo;Ivoire en mars 2022, \u00e0 yamossokoro et la deuxi\u00e8me session nous avons plaid\u00e9 pourque \u00e7a soit tenu en Guin\u00e9e et c&rsquo;est ce qui fut fait .C\u2019est dans ce cadre l\u00e0 que nous sommes l\u00e0 aujourd\u2019hui. Il faut de l&rsquo;int\u00e9gration sous-regionale pour que nous puissons relev\u00e9 le d\u00e9fi auquel nous sommes confront\u00e9. pourque cela soit faite il faut que \u00e7a soit nous les jeunes les futurs dirigeants de ce pays qui doivent se mettre \u00e0 la t\u00e2che pour pouvoir faciliter cette int\u00e9gration \u00e9conomique politique \u00bb, a d\u00e9clar\u00e9 Mme Seny.<\/p>\n<p>De son c\u00f4t\u00e9, la repr\u00e9sentante du pr\u00e9sident du CNT Dr Dansa Kourouma, Honorable Tigui Traor\u00e9, vice pr\u00e9sidente charg\u00e9 des affaires \u00e9trang\u00e8res de la coop\u00e9ration et de l&rsquo;int\u00e9gration des guin\u00e9ens de l&rsquo;\u00e9tranger a pr\u00e9cis\u00e9 que : \u00ab La prise de conscience engag\u00e9e \u00a0et la conqu\u00eate la plus urgente de notre jeunesse pour faire face au changement \u00a0amorc\u00e9 est en Marche. Notre jeunesse a fini par s\u2019installer dans \u00a0un silence int\u00e9rieur d&rsquo;amalgames nourrit par la propagation de l&rsquo;information \u00e0 tout qui va avec cette conscience profonde de changement, d\u2019une inacceptable condition humaine. Ne laissons pas notre besoin de raccourcis bouleverser la r\u00e9ussite de cette transition. Prendre du recul est n\u00e9cessaire pour mieux appr\u00e9hender les syst\u00e8mes de valeurs, le temps permet de mieux comprendre certaines situations, de les faire avancer ou de ne pas les faire avancer. Nous devons impacter par notre grande intelligence. Nous devons surmonter nos \u00e9motions pour rester focus. C&rsquo;est Nous qui pouvons changer le film, changer l&rsquo;histoire. N&rsquo;accordons plus de temps aux d\u00e9bats de personnes, \u00e9coutons peu les m\u00e9dias afin de pallier au jugement pr\u00e9con\u00e7u et nous faire notre propre opinion de l&rsquo;histoire parce que nous sommes une jeunesse consciente, exigeante et critique. Oui le meilleur est en Nous \u00bb, a d\u00e9clar\u00e9 Honorable Tigui Traor\u00e9.<\/p>\n<p>Pr\u00e9sent aussi \u00e0 la rencontre, le Pr\u00e9sident du CNT Dr Dansa Kourouma \u00a0a d&rsquo;abord f\u00e9licit\u00e9 les organisateurs de cette rencontre sous-r\u00e9gionale avant de donner de large conseils aux jeunes africains d\u2019arr\u00eater de penser comme les Europ\u00e9ens mais de penser comme nous les Africains. Il a d\u00e9plor\u00e9 des gu\u00e9guerres entre nous pour les positionnements personnels. Il a sugg\u00e9r\u00e9 que nos lois communautaires soient r\u00e9vis\u00e9es permettant aux peuples de d\u00e9cider au lieu que \u00e7a soit les chefs d\u2019\u00c9tat. Il a aussi une invite \u00e0 l\u2019\u00e9lite Africaine \u00e0 apprendre \u00e0 se d\u00e9velopper sans l\u2019aide au d\u00e9veloppement et de la subvention du bretonne Wood.<\/p>\n<p><a href=\"https:\/\/universnews224.com\/wp-content\/uploads\/2022\/08\/A4B71040-74DD-404D-8520-99EB5DFFD751.jpeg\"><img loading=\"lazy\" class=\"alignnone size-medium wp-image-1906\" src=\"https:\/\/universnews224.com\/wp-content\/uploads\/2022\/08\/A4B71040-74DD-404D-8520-99EB5DFFD751-300x200.jpeg\" alt=\"\" width=\"300\" height=\"200\" srcset=\"https:\/\/universnews224.com\/wp-content\/uploads\/2022\/08\/A4B71040-74DD-404D-8520-99EB5DFFD751-300x200.jpeg 300w, https:\/\/universnews224.com\/wp-content\/uploads\/2022\/08\/A4B71040-74DD-404D-8520-99EB5DFFD751.jpeg 630w\" sizes=\"(max-width: 300px) 100vw, 300px\" \/><\/a><\/p>\n<p>\u00c0 noter que, cette rencontre d&rsquo;\u00e9change a fait r\u00e9unir une trentaine de participants venant de diff\u00e9rentes horizon de la sous r\u00e9gion, la Guin\u00e9e, la C\u00f4te d&rsquo;Ivoire, le B\u00e9nin, du Burkina et du Togo.<\/p>\n<p>Sana Sylla.<\/p>\n","protected":false},"excerpt":{"rendered":"<p>Apr\u00e8s la rencontre qui s&rsquo;est d\u00e9roul\u00e9e \u00a0\u00e0 Yamoussoukro en C\u00f4te d&rsquo;lvoire les 8 au 10<\/p>\n","protected":false},"author":2,"featured_media":1907,"comment_status":"closed","ping_status":"open","sticky":false,"template":"","format":"standard","meta":[],"categories":[1],"tags":[229],"yoast_head":"<!-- This site is optimized with the Yoast SEO plugin v19.13 - https:\/\/yoast.com\/wordpress\/plugins\/seo\/ -->\n<title>Atelier de l&#039;int\u00e9gration sous r\u00e9gionale et la souverainet\u00e9 des Etats au c\u0153ur d&#039;un d\u00e9bat \u00e0 Conakry - UNIVERSNEWS224<\/title>\n<meta name=\"robots\" content=\"index, follow, max-snippet:-1, max-image-preview:large, max-video-preview:-1\" \/>\n<link rel=\"canonical\" href=\"https:\/\/universnews224.com\/index.php\/atelier-de-lintegration-sous-regionale-et-la-souverainete-des-etats-au-coeur-dun-debat-a-conakry\/\" \/>\n<meta property=\"og:locale\" content=\"fr_FR\" \/>\n<meta property=\"og:type\" content=\"article\" \/>\n<meta property=\"og:title\" content=\"Atelier de l&#039;int\u00e9gration sous r\u00e9gionale et la souverainet\u00e9 des Etats au c\u0153ur d&#039;un d\u00e9bat \u00e0 Conakry - UNIVERSNEWS224\" \/>\n<meta property=\"og:description\" content=\"Apr\u00e8s la rencontre qui s&rsquo;est d\u00e9roul\u00e9e \u00a0\u00e0 Yamoussoukro en C\u00f4te d&rsquo;lvoire les 8 au 10\" \/>\n<meta property=\"og:url\" content=\"https:\/\/universnews224.com\/index.php\/atelier-de-lintegration-sous-regionale-et-la-souverainete-des-etats-au-coeur-dun-debat-a-conakry\/\" \/>\n<meta property=\"og:site_name\" content=\"UNIVERSNEWS224\" \/>\n<meta property=\"article:published_time\" content=\"2022-08-31T20:37:21+00:00\" \/>\n<meta property=\"og:image\" content=\"https:\/\/universnews224.com\/wp-content\/uploads\/2022\/08\/0E26BA21-E965-4FCA-9FF1-DE0D6B1F54B0.jpeg\" \/>\n\t<meta property=\"og:image:width\" content=\"1080\" \/>\n\t<meta property=\"og:image:height\" content=\"720\" \/>\n\t<meta property=\"og:image:type\" content=\"image\/jpeg\" \/>\n<meta name=\"author\" content=\"La R\u00e9daction\" \/>\n<meta name=\"twitter:label1\" content=\"\u00c9crit par\" \/>\n\t<meta name=\"twitter:data1\" content=\"La R\u00e9daction\" \/>\n\t<meta name=\"twitter:label2\" content=\"Dur\u00e9e de lecture estim\u00e9e\" \/>\n\t<meta name=\"twitter:data2\" content=\"5 minutes\" \/>\n<script type=\"application\/ld+json\" class=\"yoast-schema-graph\">{\"@context\":\"https:\/\/schema.org\",\"@graph\":[{\"@type\":\"Article\",\"@id\":\"https:\/\/universnews224.com\/index.php\/atelier-de-lintegration-sous-regionale-et-la-souverainete-des-etats-au-coeur-dun-debat-a-conakry\/#article\",\"isPartOf\":{\"@id\":\"https:\/\/universnews224.com\/index.php\/atelier-de-lintegration-sous-regionale-et-la-souverainete-des-etats-au-coeur-dun-debat-a-conakry\/\"},\"author\":{\"name\":\"La R\u00e9daction\",\"@id\":\"https:\/\/universnews224.com\/#\/schema\/person\/a4b7d4f94a4716df60456a491260485e\"},\"headline\":\"Atelier de l&rsquo;int\u00e9gration sous r\u00e9gionale et la souverainet\u00e9 des Etats au c\u0153ur d&rsquo;un d\u00e9bat \u00e0 Conakry\",\"datePublished\":\"2022-08-31T20:37:21+00:00\",\"dateModified\":\"2022-08-31T20:37:21+00:00\",\"mainEntityOfPage\":{\"@id\":\"https:\/\/universnews224.com\/index.php\/atelier-de-lintegration-sous-regionale-et-la-souverainete-des-etats-au-coeur-dun-debat-a-conakry\/\"},\"wordCount\":927,\"publisher\":{\"@id\":\"https:\/\/universnews224.com\/#organization\"},\"keywords\":[\"La une\"],\"inLanguage\":\"fr-FR\"},{\"@type\":\"WebPage\",\"@id\":\"https:\/\/universnews224.com\/index.php\/atelier-de-lintegration-sous-regionale-et-la-souverainete-des-etats-au-coeur-dun-debat-a-conakry\/\",\"url\":\"https:\/\/universnews224.com\/index.php\/atelier-de-lintegration-sous-regionale-et-la-souverainete-des-etats-au-coeur-dun-debat-a-conakry\/\",\"name\":\"Atelier de l'int\u00e9gration sous r\u00e9gionale et la souverainet\u00e9 des Etats au c\u0153ur d'un d\u00e9bat \u00e0 Conakry - UNIVERSNEWS224\",\"isPartOf\":{\"@id\":\"https:\/\/universnews224.com\/#website\"},\"datePublished\":\"2022-08-31T20:37:21+00:00\",\"dateModified\":\"2022-08-31T20:37:21+00:00\",\"inLanguage\":\"fr-FR\",\"potentialAction\":[{\"@type\":\"ReadAction\",\"target\":[\"https:\/\/universnews224.com\/index.php\/atelier-de-lintegration-sous-regionale-et-la-souverainete-des-etats-au-coeur-dun-debat-a-conakry\/\"]}]},{\"@type\":\"WebSite\",\"@id\":\"https:\/\/universnews224.com\/#website\",\"url\":\"https:\/\/universnews224.com\/\",\"name\":\"UNIVERSNEWS224\",\"description\":\"\",\"publisher\":{\"@id\":\"https:\/\/universnews224.com\/#organization\"},\"potentialAction\":[{\"@type\":\"SearchAction\",\"target\":{\"@type\":\"EntryPoint\",\"urlTemplate\":\"https:\/\/universnews224.com\/?s={search_term_string}\"},\"query-input\":\"required name=search_term_string\"}],\"inLanguage\":\"fr-FR\"},{\"@type\":\"Organization\",\"@id\":\"https:\/\/universnews224.com\/#organization\",\"name\":\"UNIVERSNEWS224\",\"url\":\"https:\/\/universnews224.com\/\",\"logo\":{\"@type\":\"ImageObject\",\"inLanguage\":\"fr-FR\",\"@id\":\"https:\/\/universnews224.com\/#\/schema\/logo\/image\/\",\"url\":\"https:\/\/universnews224.com\/wp-content\/uploads\/2022\/08\/cropped-cropped-logoban.jpg\",\"contentUrl\":\"https:\/\/universnews224.com\/wp-content\/uploads\/2022\/08\/cropped-cropped-logoban.jpg\",\"width\":1080,\"height\":138,\"caption\":\"UNIVERSNEWS224\"},\"image\":{\"@id\":\"https:\/\/universnews224.com\/#\/schema\/logo\/image\/\"}},{\"@type\":\"Person\",\"@id\":\"https:\/\/universnews224.com\/#\/schema\/person\/a4b7d4f94a4716df60456a491260485e\",\"name\":\"La R\u00e9daction\",\"image\":{\"@type\":\"ImageObject\",\"inLanguage\":\"fr-FR\",\"@id\":\"https:\/\/universnews224.com\/#\/schema\/person\/image\/\",\"url\":\"https:\/\/secure.gravatar.com\/avatar\/edb90acc7752b23e1b3307ad36c14f0d?s=96&d=mm&r=g\",\"contentUrl\":\"https:\/\/secure.gravatar.com\/avatar\/edb90acc7752b23e1b3307ad36c14f0d?s=96&d=mm&r=g\",\"caption\":\"La R\u00e9daction\"},\"sameAs\":[\"https:\/\/universnews224.com\"],\"url\":\"https:\/\/universnews224.com\/index.php\/author\/m-camara\/\"}]}<\/script>\n<!-- \/ Yoast SEO plugin. -->","yoast_head_json":{"title":"Atelier de l'int\u00e9gration sous r\u00e9gionale et la souverainet\u00e9 des Etats au c\u0153ur d'un d\u00e9bat \u00e0 Conakry - UNIVERSNEWS224","robots":{"index":"index","follow":"follow","max-snippet":"max-snippet:-1","max-image-preview":"max-image-preview:large","max-video-preview":"max-video-preview:-1"},"canonical":"https:\/\/universnews224.com\/index.php\/atelier-de-lintegration-sous-regionale-et-la-souverainete-des-etats-au-coeur-dun-debat-a-conakry\/","og_locale":"fr_FR","og_type":"article","og_title":"Atelier de l'int\u00e9gration sous r\u00e9gionale et la souverainet\u00e9 des Etats au c\u0153ur d'un d\u00e9bat \u00e0 Conakry - UNIVERSNEWS224","og_description":"Apr\u00e8s la rencontre qui s&rsquo;est d\u00e9roul\u00e9e \u00a0\u00e0 Yamoussoukro en C\u00f4te d&rsquo;lvoire les 8 au 10","og_url":"https:\/\/universnews224.com\/index.php\/atelier-de-lintegration-sous-regionale-et-la-souverainete-des-etats-au-coeur-dun-debat-a-conakry\/","og_site_name":"UNIVERSNEWS224","article_published_time":"2022-08-31T20:37:21+00:00","og_image":[{"width":1080,"height":720,"url":"https:\/\/universnews224.com\/wp-content\/uploads\/2022\/08\/0E26BA21-E965-4FCA-9FF1-DE0D6B1F54B0.jpeg","type":"image\/jpeg"}],"author":"La R\u00e9daction","twitter_misc":{"\u00c9crit par":"La R\u00e9daction","Dur\u00e9e de lecture estim\u00e9e":"5 minutes"},"schema":{"@context":"https:\/\/schema.org","@graph":[{"@type":"Article","@id":"https:\/\/universnews224.com\/index.php\/atelier-de-lintegration-sous-regionale-et-la-souverainete-des-etats-au-coeur-dun-debat-a-conakry\/#article","isPartOf":{"@id":"https:\/\/universnews224.com\/index.php\/atelier-de-lintegration-sous-regionale-et-la-souverainete-des-etats-au-coeur-dun-debat-a-conakry\/"},"author":{"name":"La R\u00e9daction","@id":"https:\/\/universnews224.com\/#\/schema\/person\/a4b7d4f94a4716df60456a491260485e"},"headline":"Atelier de l&rsquo;int\u00e9gration sous r\u00e9gionale et la souverainet\u00e9 des Etats au c\u0153ur d&rsquo;un d\u00e9bat \u00e0 Conakry","datePublished":"2022-08-31T20:37:21+00:00","dateModified":"2022-08-31T20:37:21+00:00","mainEntityOfPage":{"@id":"https:\/\/universnews224.com\/index.php\/atelier-de-lintegration-sous-regionale-et-la-souverainete-des-etats-au-coeur-dun-debat-a-conakry\/"},"wordCount":927,"publisher":{"@id":"https:\/\/universnews224.com\/#organization"},"keywords":["La une"],"inLanguage":"fr-FR"},{"@type":"WebPage","@id":"https:\/\/universnews224.com\/index.php\/atelier-de-lintegration-sous-regionale-et-la-souverainete-des-etats-au-coeur-dun-debat-a-conakry\/","url":"https:\/\/universnews224.com\/index.php\/atelier-de-lintegration-sous-regionale-et-la-souverainete-des-etats-au-coeur-dun-debat-a-conakry\/","name":"Atelier de l'int\u00e9gration sous r\u00e9gionale et la souverainet\u00e9 des Etats au c\u0153ur d'un d\u00e9bat \u00e0 Conakry - UNIVERSNEWS224","isPartOf":{"@id":"https:\/\/universnews224.com\/#website"},"datePublished":"2022-08-31T20:37:21+00:00","dateModified":"2022-08-31T20:37:21+00:00","inLanguage":"fr-FR","potentialAction":[{"@type":"ReadAction","target":["https:\/\/universnews224.com\/index.php\/atelier-de-lintegration-sous-regionale-et-la-souverainete-des-etats-au-coeur-dun-debat-a-conakry\/"]}]},{"@type":"WebSite","@id":"https:\/\/universnews224.com\/#website","url":"https:\/\/universnews224.com\/","name":"UNIVERSNEWS224","description":"","publisher":{"@id":"https:\/\/universnews224.com\/#organization"},"potentialAction":[{"@type":"SearchAction","target":{"@type":"EntryPoint","urlTemplate":"https:\/\/universnews224.com\/?s={search_term_string}"},"query-input":"required name=search_term_string"}],"inLanguage":"fr-FR"},{"@type":"Organization","@id":"https:\/\/universnews224.com\/#organization","name":"UNIVERSNEWS224","url":"https:\/\/universnews224.com\/","logo":{"@type":"ImageObject","inLanguage":"fr-FR","@id":"https:\/\/universnews224.com\/#\/schema\/logo\/image\/","url":"https:\/\/universnews224.com\/wp-content\/uploads\/2022\/08\/cropped-cropped-logoban.jpg","contentUrl":"https:\/\/universnews224.com\/wp-content\/uploads\/2022\/08\/cropped-cropped-logoban.jpg","width":1080,"height":138,"caption":"UNIVERSNEWS224"},"image":{"@id":"https:\/\/universnews224.com\/#\/schema\/logo\/image\/"}},{"@type":"Person","@id":"https:\/\/universnews224.com\/#\/schema\/person\/a4b7d4f94a4716df60456a491260485e","name":"La R\u00e9daction","image":{"@type":"ImageObject","inLanguage":"fr-FR","@id":"https:\/\/universnews224.com\/#\/schema\/person\/image\/","url":"https:\/\/secure.gravatar.com\/avatar\/edb90acc7752b23e1b3307ad36c14f0d?s=96&d=mm&r=g","contentUrl":"https:\/\/secure.gravatar.com\/avatar\/edb90acc7752b23e1b3307ad36c14f0d?s=96&d=mm&r=g","caption":"La R\u00e9daction"},"sameAs":["https:\/\/universnews224.com"],"url":"https:\/\/universnews224.com\/index.php\/author\/m-camara\/"}]}},"_links":{"self":[{"href":"https:\/\/universnews224.com\/index.php\/wp-json\/wp\/v2\/posts\/1903"}],"collection":[{"href":"https:\/\/universnews224.com\/index.php\/wp-json\/wp\/v2\/posts"}],"about":[{"href":"https:\/\/universnews224.com\/index.php\/wp-json\/wp\/v2\/types\/post"}],"author":[{"embeddable":true,"href":"https:\/\/universnews224.com\/index.php\/wp-json\/wp\/v2\/users\/2"}],"replies":[{"embeddable":true,"href":"https:\/\/universnews224.com\/index.php\/wp-json\/wp\/v2\/comments?post=1903"}],"version-history":[{"count":1,"href":"https:\/\/universnews224.com\/index.php\/wp-json\/wp\/v2\/posts\/1903\/revisions"}],"predecessor-version":[{"id":1908,"href":"https:\/\/universnews224.com\/index.php\/wp-json\/wp\/v2\/posts\/1903\/revisions\/1908"}],"wp:featuredmedia":[{"embeddable":true,"href":"https:\/\/universnews224.com\/index.php\/wp-json\/wp\/v2\/media\/1907"}],"wp:attachment":[{"href":"https:\/\/universnews224.com\/index.php\/wp-json\/wp\/v2\/media?parent=1903"}],"wp:term":[{"taxonomy":"category","embeddable":true,"href":"https:\/\/universnews224.com\/index.php\/wp-json\/wp\/v2\/categories?post=1903"},{"taxonomy":"post_tag","embeddable":true,"href":"https:\/\/universnews224.com\/index.php\/wp-json\/wp\/v2\/tags?post=1903"}],"curies":[{"name":"wp","href":"https:\/\/api.w.org\/{rel}","templated":true}]}}