{"id":1911,"date":"2022-08-31T21:42:11","date_gmt":"2022-08-31T20:42:11","guid":{"rendered":"https:\/\/universnews224.com\/?p=1911"},"modified":"2022-08-31T21:42:11","modified_gmt":"2022-08-31T20:42:11","slug":"mathurin-de-chacus-au-cocan-nous-ne-sommes-pas-venus-pour-retirer-lorganisation-a-la-guinee","status":"publish","type":"post","link":"https:\/\/universnews224.com\/index.php\/mathurin-de-chacus-au-cocan-nous-ne-sommes-pas-venus-pour-retirer-lorganisation-a-la-guinee\/","title":{"rendered":"Mathurin De Chacus au COCAN: \u00abnous ne sommes pas venus pour retirer l\u2019organisation \u00e0 la Guin\u00e9e \u00bb"},"content":{"rendered":"<p>Dans le cadre de l\u2019organisation de la Coupe d\u2019Afrique des Nations 2025 en R\u00e9publique de Guin\u00e9e, une mission d\u2019inspection de la Conf\u00e9d\u00e9ration Africaine de Football (CAF) s\u00e9jour depuis hier dans la capitale Guin\u00e9enne.<\/p>\n<p>Cette mission dont l\u2019objectif est d\u2019\u00e9valuer l\u2019\u00e9tat d\u2019avancement de la r\u00e9alisation des infrastructures devant abriter la CAN 2025, a \u00e9t\u00e9 re\u00e7ue ce mercredi 31 ao\u00fbt par les membre du COCAN.<\/p>\n<p>Cette c\u00e9r\u00e9monie a connu la pr\u00e9sence de la pr\u00e9sidente du CONOR, son vice-pr\u00e9sident et les membres du COCAN.<\/p>\n<p>Dans son discours de circonstance, Lansana B\u00e9a Diallo, Ministre de la Jeunesse et des Sports a r\u00e9it\u00e9r\u00e9 la volont\u00e9 du gouvernement Guin\u00e9en et de son pr\u00e9sident \u00e0 organiser le CAN en 2055. Pour y arriver, ministre B\u00e9a Diallo demande le soutien et d\u2019accompagnement de tous les africains.<\/p>\n<p>\u00abOn se dit que la CAN 2025 est une dimension extraordinaire pour notre pays, et donc on doit en faire une priorit\u00e9.C\u2019est pourquoi, le pr\u00e9sident de la transition,le colonel Mamadi Doumbouya a fait de l\u2019organisation de la CAN un levier de la transition aujourd\u2019hui , en disant que si on r\u00e9ussit \u00e0 organiser cette CAN, on aurait r\u00e9ussi la transition. Je voulais passer ce message \u00e0 la d\u00e9l\u00e9gation de la CAF qui est ici aujourd\u2019hui. C\u2019est vrai que le d\u00e9fis qui nous attend \u00a0aujourd\u2019hui est colossal, mais il faut que nous r\u00e9ussirions \u00e0 le relever . Et pour le r\u00e9v\u00e9ler, il faut le soutenir et l\u2019accompagnement de nos confr\u00e8res Africains\u00bb a t-il indiqu\u00e9.<\/p>\n<p>En r\u00e9ponse, M \u00a0Mathurin De Chacus, chef de la d\u00e9l\u00e9gation de la mission de la CAF, a d\u00e9clar\u00e9 que le but de leur mission n\u2019est pas de retirer l\u2019organisation de la comp\u00e9tition \u00e0 la Guin\u00e9e.<\/p>\n<p>\u00abNous allons essayer de voir comment trouver des solutions pour la Guin\u00e9e, nous allons essayer de voir comment accompagner la Guin\u00e9e. Nous ne sommes pas venus pour retirer l\u2019organisation \u00e0 la Guin\u00e9e, nous sommes venus pour voir si la Guin\u00e9e a des propositions \u00e0 nous faire pour convaincre la CAF \u00e0 lui faire toujours confiance pour l\u2019organisation de cette CAN en 2025\u00bb, a t-il martel\u00e9.<\/p>\n<p>Camara Mamadouba<br \/>\n611 46 04 10<\/p>\n","protected":false},"excerpt":{"rendered":"<p>Dans le cadre de l\u2019organisation de la Coupe d\u2019Afrique des Nations 2025 en R\u00e9publique de<\/p>\n","protected":false},"author":2,"featured_media":1912,"comment_status":"closed","ping_status":"open","sticky":false,"template":"","format":"standard","meta":[],"categories":[1],"tags":[229],"yoast_head":"<!-- This site is optimized with the Yoast SEO plugin v19.13 - https:\/\/yoast.com\/wordpress\/plugins\/seo\/ -->\n<title>Mathurin De Chacus au COCAN: \u00abnous ne sommes pas venus pour retirer l\u2019organisation \u00e0 la Guin\u00e9e \u00bb - UNIVERSNEWS224<\/title>\n<meta name=\"robots\" content=\"index, follow, max-snippet:-1, max-image-preview:large, max-video-preview:-1\" \/>\n<link rel=\"canonical\" href=\"https:\/\/universnews224.com\/index.php\/mathurin-de-chacus-au-cocan-nous-ne-sommes-pas-venus-pour-retirer-lorganisation-a-la-guinee\/\" \/>\n<meta property=\"og:locale\" content=\"fr_FR\" \/>\n<meta property=\"og:type\" content=\"article\" \/>\n<meta property=\"og:title\" content=\"Mathurin De Chacus au COCAN: \u00abnous ne sommes pas venus pour retirer l\u2019organisation \u00e0 la Guin\u00e9e \u00bb - UNIVERSNEWS224\" \/>\n<meta property=\"og:description\" content=\"Dans le cadre de l\u2019organisation de la Coupe d\u2019Afrique des Nations 2025 en R\u00e9publique de\" \/>\n<meta property=\"og:url\" content=\"https:\/\/universnews224.com\/index.php\/mathurin-de-chacus-au-cocan-nous-ne-sommes-pas-venus-pour-retirer-lorganisation-a-la-guinee\/\" \/>\n<meta property=\"og:site_name\" content=\"UNIVERSNEWS224\" \/>\n<meta property=\"article:published_time\" content=\"2022-08-31T20:42:11+00:00\" \/>\n<meta property=\"og:image\" content=\"https:\/\/universnews224.com\/wp-content\/uploads\/2022\/08\/D6969269-CFF9-43E9-9170-79E4C893569D.jpeg\" \/>\n\t<meta property=\"og:image:width\" content=\"1080\" \/>\n\t<meta property=\"og:image:height\" content=\"607\" \/>\n\t<meta property=\"og:image:type\" content=\"image\/jpeg\" \/>\n<meta name=\"author\" content=\"La R\u00e9daction\" \/>\n<meta name=\"twitter:label1\" content=\"\u00c9crit par\" \/>\n\t<meta name=\"twitter:data1\" content=\"La R\u00e9daction\" \/>\n\t<meta name=\"twitter:label2\" content=\"Dur\u00e9e de lecture estim\u00e9e\" \/>\n\t<meta name=\"twitter:data2\" content=\"2 minutes\" \/>\n<script type=\"application\/ld+json\" class=\"yoast-schema-graph\">{\"@context\":\"https:\/\/schema.org\",\"@graph\":[{\"@type\":\"Article\",\"@id\":\"https:\/\/universnews224.com\/index.php\/mathurin-de-chacus-au-cocan-nous-ne-sommes-pas-venus-pour-retirer-lorganisation-a-la-guinee\/#article\",\"isPartOf\":{\"@id\":\"https:\/\/universnews224.com\/index.php\/mathurin-de-chacus-au-cocan-nous-ne-sommes-pas-venus-pour-retirer-lorganisation-a-la-guinee\/\"},\"author\":{\"name\":\"La R\u00e9daction\",\"@id\":\"https:\/\/universnews224.com\/#\/schema\/person\/a4b7d4f94a4716df60456a491260485e\"},\"headline\":\"Mathurin De Chacus au COCAN: \u00abnous ne sommes pas venus pour retirer l\u2019organisation \u00e0 la Guin\u00e9e \u00bb\",\"datePublished\":\"2022-08-31T20:42:11+00:00\",\"dateModified\":\"2022-08-31T20:42:11+00:00\",\"mainEntityOfPage\":{\"@id\":\"https:\/\/universnews224.com\/index.php\/mathurin-de-chacus-au-cocan-nous-ne-sommes-pas-venus-pour-retirer-lorganisation-a-la-guinee\/\"},\"wordCount\":405,\"publisher\":{\"@id\":\"https:\/\/universnews224.com\/#organization\"},\"keywords\":[\"La une\"],\"inLanguage\":\"fr-FR\"},{\"@type\":\"WebPage\",\"@id\":\"https:\/\/universnews224.com\/index.php\/mathurin-de-chacus-au-cocan-nous-ne-sommes-pas-venus-pour-retirer-lorganisation-a-la-guinee\/\",\"url\":\"https:\/\/universnews224.com\/index.php\/mathurin-de-chacus-au-cocan-nous-ne-sommes-pas-venus-pour-retirer-lorganisation-a-la-guinee\/\",\"name\":\"Mathurin De Chacus au COCAN: \u00abnous ne sommes pas venus pour retirer l\u2019organisation \u00e0 la Guin\u00e9e \u00bb - UNIVERSNEWS224\",\"isPartOf\":{\"@id\":\"https:\/\/universnews224.com\/#website\"},\"datePublished\":\"2022-08-31T20:42:11+00:00\",\"dateModified\":\"2022-08-31T20:42:11+00:00\",\"inLanguage\":\"fr-FR\",\"potentialAction\":[{\"@type\":\"ReadAction\",\"target\":[\"https:\/\/universnews224.com\/index.php\/mathurin-de-chacus-au-cocan-nous-ne-sommes-pas-venus-pour-retirer-lorganisation-a-la-guinee\/\"]}]},{\"@type\":\"WebSite\",\"@id\":\"https:\/\/universnews224.com\/#website\",\"url\":\"https:\/\/universnews224.com\/\",\"name\":\"UNIVERSNEWS224\",\"description\":\"\",\"publisher\":{\"@id\":\"https:\/\/universnews224.com\/#organization\"},\"potentialAction\":[{\"@type\":\"SearchAction\",\"target\":{\"@type\":\"EntryPoint\",\"urlTemplate\":\"https:\/\/universnews224.com\/?s={search_term_string}\"},\"query-input\":\"required name=search_term_string\"}],\"inLanguage\":\"fr-FR\"},{\"@type\":\"Organization\",\"@id\":\"https:\/\/universnews224.com\/#organization\",\"name\":\"UNIVERSNEWS224\",\"url\":\"https:\/\/universnews224.com\/\",\"logo\":{\"@type\":\"ImageObject\",\"inLanguage\":\"fr-FR\",\"@id\":\"https:\/\/universnews224.com\/#\/schema\/logo\/image\/\",\"url\":\"https:\/\/universnews224.com\/wp-content\/uploads\/2022\/08\/cropped-cropped-logoban.jpg\",\"contentUrl\":\"https:\/\/universnews224.com\/wp-content\/uploads\/2022\/08\/cropped-cropped-logoban.jpg\",\"width\":1080,\"height\":138,\"caption\":\"UNIVERSNEWS224\"},\"image\":{\"@id\":\"https:\/\/universnews224.com\/#\/schema\/logo\/image\/\"}},{\"@type\":\"Person\",\"@id\":\"https:\/\/universnews224.com\/#\/schema\/person\/a4b7d4f94a4716df60456a491260485e\",\"name\":\"La R\u00e9daction\",\"image\":{\"@type\":\"ImageObject\",\"inLanguage\":\"fr-FR\",\"@id\":\"https:\/\/universnews224.com\/#\/schema\/person\/image\/\",\"url\":\"https:\/\/secure.gravatar.com\/avatar\/edb90acc7752b23e1b3307ad36c14f0d?s=96&d=mm&r=g\",\"contentUrl\":\"https:\/\/secure.gravatar.com\/avatar\/edb90acc7752b23e1b3307ad36c14f0d?s=96&d=mm&r=g\",\"caption\":\"La R\u00e9daction\"},\"sameAs\":[\"https:\/\/universnews224.com\"],\"url\":\"https:\/\/universnews224.com\/index.php\/author\/m-camara\/\"}]}<\/script>\n<!-- \/ Yoast SEO plugin. -->","yoast_head_json":{"title":"Mathurin De Chacus au COCAN: \u00abnous ne sommes pas venus pour retirer l\u2019organisation \u00e0 la Guin\u00e9e \u00bb - UNIVERSNEWS224","robots":{"index":"index","follow":"follow","max-snippet":"max-snippet:-1","max-image-preview":"max-image-preview:large","max-video-preview":"max-video-preview:-1"},"canonical":"https:\/\/universnews224.com\/index.php\/mathurin-de-chacus-au-cocan-nous-ne-sommes-pas-venus-pour-retirer-lorganisation-a-la-guinee\/","og_locale":"fr_FR","og_type":"article","og_title":"Mathurin De Chacus au COCAN: \u00abnous ne sommes pas venus pour retirer l\u2019organisation \u00e0 la Guin\u00e9e \u00bb - UNIVERSNEWS224","og_description":"Dans le cadre de l\u2019organisation de la Coupe d\u2019Afrique des Nations 2025 en R\u00e9publique de","og_url":"https:\/\/universnews224.com\/index.php\/mathurin-de-chacus-au-cocan-nous-ne-sommes-pas-venus-pour-retirer-lorganisation-a-la-guinee\/","og_site_name":"UNIVERSNEWS224","article_published_time":"2022-08-31T20:42:11+00:00","og_image":[{"width":1080,"height":607,"url":"https:\/\/universnews224.com\/wp-content\/uploads\/2022\/08\/D6969269-CFF9-43E9-9170-79E4C893569D.jpeg","type":"image\/jpeg"}],"author":"La R\u00e9daction","twitter_misc":{"\u00c9crit par":"La R\u00e9daction","Dur\u00e9e de lecture estim\u00e9e":"2 minutes"},"schema":{"@context":"https:\/\/schema.org","@graph":[{"@type":"Article","@id":"https:\/\/universnews224.com\/index.php\/mathurin-de-chacus-au-cocan-nous-ne-sommes-pas-venus-pour-retirer-lorganisation-a-la-guinee\/#article","isPartOf":{"@id":"https:\/\/universnews224.com\/index.php\/mathurin-de-chacus-au-cocan-nous-ne-sommes-pas-venus-pour-retirer-lorganisation-a-la-guinee\/"},"author":{"name":"La R\u00e9daction","@id":"https:\/\/universnews224.com\/#\/schema\/person\/a4b7d4f94a4716df60456a491260485e"},"headline":"Mathurin De Chacus au COCAN: \u00abnous ne sommes pas venus pour retirer l\u2019organisation \u00e0 la Guin\u00e9e \u00bb","datePublished":"2022-08-31T20:42:11+00:00","dateModified":"2022-08-31T20:42:11+00:00","mainEntityOfPage":{"@id":"https:\/\/universnews224.com\/index.php\/mathurin-de-chacus-au-cocan-nous-ne-sommes-pas-venus-pour-retirer-lorganisation-a-la-guinee\/"},"wordCount":405,"publisher":{"@id":"https:\/\/universnews224.com\/#organization"},"keywords":["La une"],"inLanguage":"fr-FR"},{"@type":"WebPage","@id":"https:\/\/universnews224.com\/index.php\/mathurin-de-chacus-au-cocan-nous-ne-sommes-pas-venus-pour-retirer-lorganisation-a-la-guinee\/","url":"https:\/\/universnews224.com\/index.php\/mathurin-de-chacus-au-cocan-nous-ne-sommes-pas-venus-pour-retirer-lorganisation-a-la-guinee\/","name":"Mathurin De Chacus au COCAN: \u00abnous ne sommes pas venus pour retirer l\u2019organisation \u00e0 la Guin\u00e9e \u00bb - UNIVERSNEWS224","isPartOf":{"@id":"https:\/\/universnews224.com\/#website"},"datePublished":"2022-08-31T20:42:11+00:00","dateModified":"2022-08-31T20:42:11+00:00","inLanguage":"fr-FR","potentialAction":[{"@type":"ReadAction","target":["https:\/\/universnews224.com\/index.php\/mathurin-de-chacus-au-cocan-nous-ne-sommes-pas-venus-pour-retirer-lorganisation-a-la-guinee\/"]}]},{"@type":"WebSite","@id":"https:\/\/universnews224.com\/#website","url":"https:\/\/universnews224.com\/","name":"UNIVERSNEWS224","description":"","publisher":{"@id":"https:\/\/universnews224.com\/#organization"},"potentialAction":[{"@type":"SearchAction","target":{"@type":"EntryPoint","urlTemplate":"https:\/\/universnews224.com\/?s={search_term_string}"},"query-input":"required name=search_term_string"}],"inLanguage":"fr-FR"},{"@type":"Organization","@id":"https:\/\/universnews224.com\/#organization","name":"UNIVERSNEWS224","url":"https:\/\/universnews224.com\/","logo":{"@type":"ImageObject","inLanguage":"fr-FR","@id":"https:\/\/universnews224.com\/#\/schema\/logo\/image\/","url":"https:\/\/universnews224.com\/wp-content\/uploads\/2022\/08\/cropped-cropped-logoban.jpg","contentUrl":"https:\/\/universnews224.com\/wp-content\/uploads\/2022\/08\/cropped-cropped-logoban.jpg","width":1080,"height":138,"caption":"UNIVERSNEWS224"},"image":{"@id":"https:\/\/universnews224.com\/#\/schema\/logo\/image\/"}},{"@type":"Person","@id":"https:\/\/universnews224.com\/#\/schema\/person\/a4b7d4f94a4716df60456a491260485e","name":"La R\u00e9daction","image":{"@type":"ImageObject","inLanguage":"fr-FR","@id":"https:\/\/universnews224.com\/#\/schema\/person\/image\/","url":"https:\/\/secure.gravatar.com\/avatar\/edb90acc7752b23e1b3307ad36c14f0d?s=96&d=mm&r=g","contentUrl":"https:\/\/secure.gravatar.com\/avatar\/edb90acc7752b23e1b3307ad36c14f0d?s=96&d=mm&r=g","caption":"La R\u00e9daction"},"sameAs":["https:\/\/universnews224.com"],"url":"https:\/\/universnews224.com\/index.php\/author\/m-camara\/"}]}},"_links":{"self":[{"href":"https:\/\/universnews224.com\/index.php\/wp-json\/wp\/v2\/posts\/1911"}],"collection":[{"href":"https:\/\/universnews224.com\/index.php\/wp-json\/wp\/v2\/posts"}],"about":[{"href":"https:\/\/universnews224.com\/index.php\/wp-json\/wp\/v2\/types\/post"}],"author":[{"embeddable":true,"href":"https:\/\/universnews224.com\/index.php\/wp-json\/wp\/v2\/users\/2"}],"replies":[{"embeddable":true,"href":"https:\/\/universnews224.com\/index.php\/wp-json\/wp\/v2\/comments?post=1911"}],"version-history":[{"count":1,"href":"https:\/\/universnews224.com\/index.php\/wp-json\/wp\/v2\/posts\/1911\/revisions"}],"predecessor-version":[{"id":1913,"href":"https:\/\/universnews224.com\/index.php\/wp-json\/wp\/v2\/posts\/1911\/revisions\/1913"}],"wp:featuredmedia":[{"embeddable":true,"href":"https:\/\/universnews224.com\/index.php\/wp-json\/wp\/v2\/media\/1912"}],"wp:attachment":[{"href":"https:\/\/universnews224.com\/index.php\/wp-json\/wp\/v2\/media?parent=1911"}],"wp:term":[{"taxonomy":"category","embeddable":true,"href":"https:\/\/universnews224.com\/index.php\/wp-json\/wp\/v2\/categories?post=1911"},{"taxonomy":"post_tag","embeddable":true,"href":"https:\/\/universnews224.com\/index.php\/wp-json\/wp\/v2\/tags?post=1911"}],"curies":[{"name":"wp","href":"https:\/\/api.w.org\/{rel}","templated":true}]}}