{"id":1920,"date":"2022-08-31T23:55:28","date_gmt":"2022-08-31T22:55:28","guid":{"rendered":"https:\/\/universnews224.com\/?p=1920"},"modified":"2022-08-31T23:55:28","modified_gmt":"2022-08-31T22:55:28","slug":"au-dela-des-crimes-economiques-un-autre-secteur-dans-le-viseur-du-procureur-aly-toure-de-la-crief","status":"publish","type":"post","link":"https:\/\/universnews224.com\/index.php\/au-dela-des-crimes-economiques-un-autre-secteur-dans-le-viseur-du-procureur-aly-toure-de-la-crief\/","title":{"rendered":"Au-Del\u00e0 Des Crimes \u00c9conomiques, Un Autre Secteur Dans Le Viseur Du Procureur Aly Tour\u00e9 De La CRIEF"},"content":{"rendered":"<p>Apr\u00e8s avoir marqu\u00e9 les esprits pendant plusieurs mois dans les dossiers li\u00e9s au crime \u00e9conomique, le procureur de la Cour de R\u00e9pression des Infractions \u00c9conomiques et Financi\u00e8res (CRIEF) fait face \u00e0 un autre secteur. Aly Tour\u00e9 d\u00e9clare la \u2018\u2019 guerre\u2019\u2019 contre les pharmacies et cliniques clandestines.<\/p>\n<p>De ce fait, il a ordonn\u00e9 la fermeture \u00e0 partir du 15 septembre des boutiques et points vente non-agr\u00e9\u00e9s des m\u00e9dicaments sur toute l\u2019\u00e9tendue territoire national.<\/p>\n<p>Le procureur ne se limite pas l\u00e0, il interdit la vente des produits de sant\u00e9 \u00e0 tous m\u00e9decins, infirmiers, sages-femmes, agents techniques de sant\u00e9\u2026 bref, toute structure ou personne n\u2019ayant pas l\u2019autorisation officielle de vendre les produits pharmaceutiques.<\/p>\n<p>Soulignant que cette d\u00e9cision s\u2019inscrit dans le cadre de l\u2019assainissement et de la moralisation des pratiques m\u00e9dicales et param\u00e9dicales, le procureur pr\u00e9vient que ces faits constituent des infractions graves de la loi p\u00e9nale.<\/p>\n<p>Avenirguinee<\/p>\n","protected":false},"excerpt":{"rendered":"<p>Apr\u00e8s avoir marqu\u00e9 les esprits pendant plusieurs mois dans les dossiers li\u00e9s au crime \u00e9conomique,<\/p>\n","protected":false},"author":2,"featured_media":1921,"comment_status":"closed","ping_status":"open","sticky":false,"template":"","format":"standard","meta":[],"categories":[1],"tags":[229],"yoast_head":"<!-- This site is optimized with the Yoast SEO plugin v19.13 - https:\/\/yoast.com\/wordpress\/plugins\/seo\/ -->\n<title>Au-Del\u00e0 Des Crimes \u00c9conomiques, Un Autre Secteur Dans Le Viseur Du Procureur Aly Tour\u00e9 De La CRIEF - UNIVERSNEWS224<\/title>\n<meta name=\"robots\" content=\"index, follow, max-snippet:-1, max-image-preview:large, max-video-preview:-1\" \/>\n<link rel=\"canonical\" href=\"https:\/\/universnews224.com\/index.php\/au-dela-des-crimes-economiques-un-autre-secteur-dans-le-viseur-du-procureur-aly-toure-de-la-crief\/\" \/>\n<meta property=\"og:locale\" content=\"fr_FR\" \/>\n<meta property=\"og:type\" content=\"article\" \/>\n<meta property=\"og:title\" content=\"Au-Del\u00e0 Des Crimes \u00c9conomiques, Un Autre Secteur Dans Le Viseur Du Procureur Aly Tour\u00e9 De La CRIEF - UNIVERSNEWS224\" \/>\n<meta property=\"og:description\" content=\"Apr\u00e8s avoir marqu\u00e9 les esprits pendant plusieurs mois dans les dossiers li\u00e9s au crime \u00e9conomique,\" \/>\n<meta property=\"og:url\" content=\"https:\/\/universnews224.com\/index.php\/au-dela-des-crimes-economiques-un-autre-secteur-dans-le-viseur-du-procureur-aly-toure-de-la-crief\/\" \/>\n<meta property=\"og:site_name\" content=\"UNIVERSNEWS224\" \/>\n<meta property=\"article:published_time\" content=\"2022-08-31T22:55:28+00:00\" \/>\n<meta property=\"og:image\" content=\"https:\/\/universnews224.com\/wp-content\/uploads\/2022\/08\/0FD16D2E-2B93-4F99-85B8-8A85AB5B37EE.webp\" \/>\n\t<meta property=\"og:image:width\" content=\"750\" \/>\n\t<meta property=\"og:image:height\" content=\"430\" \/>\n\t<meta property=\"og:image:type\" content=\"image\/webp\" \/>\n<meta name=\"author\" content=\"La R\u00e9daction\" \/>\n<meta name=\"twitter:label1\" content=\"\u00c9crit par\" \/>\n\t<meta name=\"twitter:data1\" content=\"La R\u00e9daction\" \/>\n\t<meta name=\"twitter:label2\" content=\"Dur\u00e9e de lecture estim\u00e9e\" \/>\n\t<meta name=\"twitter:data2\" content=\"1 minute\" \/>\n<script type=\"application\/ld+json\" class=\"yoast-schema-graph\">{\"@context\":\"https:\/\/schema.org\",\"@graph\":[{\"@type\":\"Article\",\"@id\":\"https:\/\/universnews224.com\/index.php\/au-dela-des-crimes-economiques-un-autre-secteur-dans-le-viseur-du-procureur-aly-toure-de-la-crief\/#article\",\"isPartOf\":{\"@id\":\"https:\/\/universnews224.com\/index.php\/au-dela-des-crimes-economiques-un-autre-secteur-dans-le-viseur-du-procureur-aly-toure-de-la-crief\/\"},\"author\":{\"name\":\"La R\u00e9daction\",\"@id\":\"https:\/\/universnews224.com\/#\/schema\/person\/a4b7d4f94a4716df60456a491260485e\"},\"headline\":\"Au-Del\u00e0 Des Crimes \u00c9conomiques, Un Autre Secteur Dans Le Viseur Du Procureur Aly Tour\u00e9 De La CRIEF\",\"datePublished\":\"2022-08-31T22:55:28+00:00\",\"dateModified\":\"2022-08-31T22:55:28+00:00\",\"mainEntityOfPage\":{\"@id\":\"https:\/\/universnews224.com\/index.php\/au-dela-des-crimes-economiques-un-autre-secteur-dans-le-viseur-du-procureur-aly-toure-de-la-crief\/\"},\"wordCount\":174,\"publisher\":{\"@id\":\"https:\/\/universnews224.com\/#organization\"},\"keywords\":[\"La une\"],\"inLanguage\":\"fr-FR\"},{\"@type\":\"WebPage\",\"@id\":\"https:\/\/universnews224.com\/index.php\/au-dela-des-crimes-economiques-un-autre-secteur-dans-le-viseur-du-procureur-aly-toure-de-la-crief\/\",\"url\":\"https:\/\/universnews224.com\/index.php\/au-dela-des-crimes-economiques-un-autre-secteur-dans-le-viseur-du-procureur-aly-toure-de-la-crief\/\",\"name\":\"Au-Del\u00e0 Des Crimes \u00c9conomiques, Un Autre Secteur Dans Le Viseur Du Procureur Aly Tour\u00e9 De La CRIEF - UNIVERSNEWS224\",\"isPartOf\":{\"@id\":\"https:\/\/universnews224.com\/#website\"},\"datePublished\":\"2022-08-31T22:55:28+00:00\",\"dateModified\":\"2022-08-31T22:55:28+00:00\",\"inLanguage\":\"fr-FR\",\"potentialAction\":[{\"@type\":\"ReadAction\",\"target\":[\"https:\/\/universnews224.com\/index.php\/au-dela-des-crimes-economiques-un-autre-secteur-dans-le-viseur-du-procureur-aly-toure-de-la-crief\/\"]}]},{\"@type\":\"WebSite\",\"@id\":\"https:\/\/universnews224.com\/#website\",\"url\":\"https:\/\/universnews224.com\/\",\"name\":\"UNIVERSNEWS224\",\"description\":\"\",\"publisher\":{\"@id\":\"https:\/\/universnews224.com\/#organization\"},\"potentialAction\":[{\"@type\":\"SearchAction\",\"target\":{\"@type\":\"EntryPoint\",\"urlTemplate\":\"https:\/\/universnews224.com\/?s={search_term_string}\"},\"query-input\":\"required name=search_term_string\"}],\"inLanguage\":\"fr-FR\"},{\"@type\":\"Organization\",\"@id\":\"https:\/\/universnews224.com\/#organization\",\"name\":\"UNIVERSNEWS224\",\"url\":\"https:\/\/universnews224.com\/\",\"logo\":{\"@type\":\"ImageObject\",\"inLanguage\":\"fr-FR\",\"@id\":\"https:\/\/universnews224.com\/#\/schema\/logo\/image\/\",\"url\":\"https:\/\/universnews224.com\/wp-content\/uploads\/2022\/08\/cropped-cropped-logoban.jpg\",\"contentUrl\":\"https:\/\/universnews224.com\/wp-content\/uploads\/2022\/08\/cropped-cropped-logoban.jpg\",\"width\":1080,\"height\":138,\"caption\":\"UNIVERSNEWS224\"},\"image\":{\"@id\":\"https:\/\/universnews224.com\/#\/schema\/logo\/image\/\"}},{\"@type\":\"Person\",\"@id\":\"https:\/\/universnews224.com\/#\/schema\/person\/a4b7d4f94a4716df60456a491260485e\",\"name\":\"La R\u00e9daction\",\"image\":{\"@type\":\"ImageObject\",\"inLanguage\":\"fr-FR\",\"@id\":\"https:\/\/universnews224.com\/#\/schema\/person\/image\/\",\"url\":\"https:\/\/secure.gravatar.com\/avatar\/edb90acc7752b23e1b3307ad36c14f0d?s=96&d=mm&r=g\",\"contentUrl\":\"https:\/\/secure.gravatar.com\/avatar\/edb90acc7752b23e1b3307ad36c14f0d?s=96&d=mm&r=g\",\"caption\":\"La R\u00e9daction\"},\"sameAs\":[\"https:\/\/universnews224.com\"],\"url\":\"https:\/\/universnews224.com\/index.php\/author\/m-camara\/\"}]}<\/script>\n<!-- \/ Yoast SEO plugin. -->","yoast_head_json":{"title":"Au-Del\u00e0 Des Crimes \u00c9conomiques, Un Autre Secteur Dans Le Viseur Du Procureur Aly Tour\u00e9 De La CRIEF - UNIVERSNEWS224","robots":{"index":"index","follow":"follow","max-snippet":"max-snippet:-1","max-image-preview":"max-image-preview:large","max-video-preview":"max-video-preview:-1"},"canonical":"https:\/\/universnews224.com\/index.php\/au-dela-des-crimes-economiques-un-autre-secteur-dans-le-viseur-du-procureur-aly-toure-de-la-crief\/","og_locale":"fr_FR","og_type":"article","og_title":"Au-Del\u00e0 Des Crimes \u00c9conomiques, Un Autre Secteur Dans Le Viseur Du Procureur Aly Tour\u00e9 De La CRIEF - UNIVERSNEWS224","og_description":"Apr\u00e8s avoir marqu\u00e9 les esprits pendant plusieurs mois dans les dossiers li\u00e9s au crime \u00e9conomique,","og_url":"https:\/\/universnews224.com\/index.php\/au-dela-des-crimes-economiques-un-autre-secteur-dans-le-viseur-du-procureur-aly-toure-de-la-crief\/","og_site_name":"UNIVERSNEWS224","article_published_time":"2022-08-31T22:55:28+00:00","og_image":[{"width":750,"height":430,"url":"https:\/\/universnews224.com\/wp-content\/uploads\/2022\/08\/0FD16D2E-2B93-4F99-85B8-8A85AB5B37EE.webp","type":"image\/webp"}],"author":"La R\u00e9daction","twitter_misc":{"\u00c9crit par":"La R\u00e9daction","Dur\u00e9e de lecture estim\u00e9e":"1 minute"},"schema":{"@context":"https:\/\/schema.org","@graph":[{"@type":"Article","@id":"https:\/\/universnews224.com\/index.php\/au-dela-des-crimes-economiques-un-autre-secteur-dans-le-viseur-du-procureur-aly-toure-de-la-crief\/#article","isPartOf":{"@id":"https:\/\/universnews224.com\/index.php\/au-dela-des-crimes-economiques-un-autre-secteur-dans-le-viseur-du-procureur-aly-toure-de-la-crief\/"},"author":{"name":"La R\u00e9daction","@id":"https:\/\/universnews224.com\/#\/schema\/person\/a4b7d4f94a4716df60456a491260485e"},"headline":"Au-Del\u00e0 Des Crimes \u00c9conomiques, Un Autre Secteur Dans Le Viseur Du Procureur Aly Tour\u00e9 De La CRIEF","datePublished":"2022-08-31T22:55:28+00:00","dateModified":"2022-08-31T22:55:28+00:00","mainEntityOfPage":{"@id":"https:\/\/universnews224.com\/index.php\/au-dela-des-crimes-economiques-un-autre-secteur-dans-le-viseur-du-procureur-aly-toure-de-la-crief\/"},"wordCount":174,"publisher":{"@id":"https:\/\/universnews224.com\/#organization"},"keywords":["La une"],"inLanguage":"fr-FR"},{"@type":"WebPage","@id":"https:\/\/universnews224.com\/index.php\/au-dela-des-crimes-economiques-un-autre-secteur-dans-le-viseur-du-procureur-aly-toure-de-la-crief\/","url":"https:\/\/universnews224.com\/index.php\/au-dela-des-crimes-economiques-un-autre-secteur-dans-le-viseur-du-procureur-aly-toure-de-la-crief\/","name":"Au-Del\u00e0 Des Crimes \u00c9conomiques, Un Autre Secteur Dans Le Viseur Du Procureur Aly Tour\u00e9 De La CRIEF - UNIVERSNEWS224","isPartOf":{"@id":"https:\/\/universnews224.com\/#website"},"datePublished":"2022-08-31T22:55:28+00:00","dateModified":"2022-08-31T22:55:28+00:00","inLanguage":"fr-FR","potentialAction":[{"@type":"ReadAction","target":["https:\/\/universnews224.com\/index.php\/au-dela-des-crimes-economiques-un-autre-secteur-dans-le-viseur-du-procureur-aly-toure-de-la-crief\/"]}]},{"@type":"WebSite","@id":"https:\/\/universnews224.com\/#website","url":"https:\/\/universnews224.com\/","name":"UNIVERSNEWS224","description":"","publisher":{"@id":"https:\/\/universnews224.com\/#organization"},"potentialAction":[{"@type":"SearchAction","target":{"@type":"EntryPoint","urlTemplate":"https:\/\/universnews224.com\/?s={search_term_string}"},"query-input":"required name=search_term_string"}],"inLanguage":"fr-FR"},{"@type":"Organization","@id":"https:\/\/universnews224.com\/#organization","name":"UNIVERSNEWS224","url":"https:\/\/universnews224.com\/","logo":{"@type":"ImageObject","inLanguage":"fr-FR","@id":"https:\/\/universnews224.com\/#\/schema\/logo\/image\/","url":"https:\/\/universnews224.com\/wp-content\/uploads\/2022\/08\/cropped-cropped-logoban.jpg","contentUrl":"https:\/\/universnews224.com\/wp-content\/uploads\/2022\/08\/cropped-cropped-logoban.jpg","width":1080,"height":138,"caption":"UNIVERSNEWS224"},"image":{"@id":"https:\/\/universnews224.com\/#\/schema\/logo\/image\/"}},{"@type":"Person","@id":"https:\/\/universnews224.com\/#\/schema\/person\/a4b7d4f94a4716df60456a491260485e","name":"La R\u00e9daction","image":{"@type":"ImageObject","inLanguage":"fr-FR","@id":"https:\/\/universnews224.com\/#\/schema\/person\/image\/","url":"https:\/\/secure.gravatar.com\/avatar\/edb90acc7752b23e1b3307ad36c14f0d?s=96&d=mm&r=g","contentUrl":"https:\/\/secure.gravatar.com\/avatar\/edb90acc7752b23e1b3307ad36c14f0d?s=96&d=mm&r=g","caption":"La R\u00e9daction"},"sameAs":["https:\/\/universnews224.com"],"url":"https:\/\/universnews224.com\/index.php\/author\/m-camara\/"}]}},"_links":{"self":[{"href":"https:\/\/universnews224.com\/index.php\/wp-json\/wp\/v2\/posts\/1920"}],"collection":[{"href":"https:\/\/universnews224.com\/index.php\/wp-json\/wp\/v2\/posts"}],"about":[{"href":"https:\/\/universnews224.com\/index.php\/wp-json\/wp\/v2\/types\/post"}],"author":[{"embeddable":true,"href":"https:\/\/universnews224.com\/index.php\/wp-json\/wp\/v2\/users\/2"}],"replies":[{"embeddable":true,"href":"https:\/\/universnews224.com\/index.php\/wp-json\/wp\/v2\/comments?post=1920"}],"version-history":[{"count":1,"href":"https:\/\/universnews224.com\/index.php\/wp-json\/wp\/v2\/posts\/1920\/revisions"}],"predecessor-version":[{"id":1922,"href":"https:\/\/universnews224.com\/index.php\/wp-json\/wp\/v2\/posts\/1920\/revisions\/1922"}],"wp:featuredmedia":[{"embeddable":true,"href":"https:\/\/universnews224.com\/index.php\/wp-json\/wp\/v2\/media\/1921"}],"wp:attachment":[{"href":"https:\/\/universnews224.com\/index.php\/wp-json\/wp\/v2\/media?parent=1920"}],"wp:term":[{"taxonomy":"category","embeddable":true,"href":"https:\/\/universnews224.com\/index.php\/wp-json\/wp\/v2\/categories?post=1920"},{"taxonomy":"post_tag","embeddable":true,"href":"https:\/\/universnews224.com\/index.php\/wp-json\/wp\/v2\/tags?post=1920"}],"curies":[{"name":"wp","href":"https:\/\/api.w.org\/{rel}","templated":true}]}}