{"id":1941,"date":"2022-09-04T13:01:28","date_gmt":"2022-09-04T12:01:28","guid":{"rendered":"https:\/\/universnews224.com\/?p=1941"},"modified":"2022-09-04T13:01:28","modified_gmt":"2022-09-04T12:01:28","slug":"colonel-amara-camara-ce-nest-pas-le-cnrd-qui-gere-la-situation-du-president-alpha-conde","status":"publish","type":"post","link":"https:\/\/universnews224.com\/index.php\/colonel-amara-camara-ce-nest-pas-le-cnrd-qui-gere-la-situation-du-president-alpha-conde\/","title":{"rendered":"Colonel Amara Camara : \u00ab Ce n\u2019est pas le CNRD qui g\u00e8re la situation du Pr\u00e9sident Alpha Cond\u00e9 \u00bb"},"content":{"rendered":"<p>Premier invit\u00e9 du plateau sp\u00e9cial \u00abSynergique des m\u00e9dias sur l\u2019an 1 du CNRD au pouvoir\u00bb,le ministre secr\u00e9taire g\u00e9n\u00e9ral de la pr\u00e9sidence, colonel Amara Camara s\u2019est prononc\u00e9 sur la situation de l\u2019ancien pr\u00e9sident, Alpha Cond\u00e9 en s\u00e9jour m\u00e9dical en Turquie.<\/p>\n<p>\u00c0 en croire le porte-parole de la pr\u00e9sidence de la R\u00e9publique, ce n\u2019est pas le CNRD qui g\u00e8re la situation d\u2019Alpha Cond\u00e9, mais plut\u00f4t la justice.<\/p>\n<p>\u00abCe n\u2019est pas le CNRD qui g\u00e8re la situation du Pr\u00e9sident Alpha Cond\u00e9. C\u2019est un citoyen qui aujourd\u2019hui, il n\u2019y a pas longtemps a \u00e9t\u00e9 inculp\u00e9 comme beaucoup d\u2019autres citoyens guin\u00e9ens de crimes de sang. Et donc, c\u2019est une situation qui est directement g\u00e9r\u00e9e par la justice. Le CNRD n\u2019est pas la justice et c\u2019est bien entendu l\u2019une des choses que le CNRD compte rectifier dans ce pays, ne pas se substituer \u00e0 la justice, donc la justice est en train de faire son travail\u00bb a t-il martel\u00e9.<\/p>\n<p>Camara Mamadouba<br \/>\n611 46 04 10<\/p>\n","protected":false},"excerpt":{"rendered":"<p>Premier invit\u00e9 du plateau sp\u00e9cial \u00abSynergique des m\u00e9dias sur l\u2019an 1 du CNRD au pouvoir\u00bb,le<\/p>\n","protected":false},"author":2,"featured_media":1942,"comment_status":"closed","ping_status":"open","sticky":false,"template":"","format":"standard","meta":[],"categories":[1],"tags":[229],"yoast_head":"<!-- This site is optimized with the Yoast SEO plugin v19.13 - https:\/\/yoast.com\/wordpress\/plugins\/seo\/ -->\n<title>Colonel Amara Camara : \u00ab Ce n\u2019est pas le CNRD qui g\u00e8re la situation du Pr\u00e9sident Alpha Cond\u00e9 \u00bb - UNIVERSNEWS224<\/title>\n<meta name=\"robots\" content=\"index, follow, max-snippet:-1, max-image-preview:large, max-video-preview:-1\" \/>\n<link rel=\"canonical\" href=\"https:\/\/universnews224.com\/index.php\/colonel-amara-camara-ce-nest-pas-le-cnrd-qui-gere-la-situation-du-president-alpha-conde\/\" \/>\n<meta property=\"og:locale\" content=\"fr_FR\" \/>\n<meta property=\"og:type\" content=\"article\" \/>\n<meta property=\"og:title\" content=\"Colonel Amara Camara : \u00ab Ce n\u2019est pas le CNRD qui g\u00e8re la situation du Pr\u00e9sident Alpha Cond\u00e9 \u00bb - UNIVERSNEWS224\" \/>\n<meta property=\"og:description\" content=\"Premier invit\u00e9 du plateau sp\u00e9cial \u00abSynergique des m\u00e9dias sur l\u2019an 1 du CNRD au pouvoir\u00bb,le\" \/>\n<meta property=\"og:url\" content=\"https:\/\/universnews224.com\/index.php\/colonel-amara-camara-ce-nest-pas-le-cnrd-qui-gere-la-situation-du-president-alpha-conde\/\" \/>\n<meta property=\"og:site_name\" content=\"UNIVERSNEWS224\" \/>\n<meta property=\"article:published_time\" content=\"2022-09-04T12:01:28+00:00\" \/>\n<meta property=\"og:image\" content=\"https:\/\/universnews224.com\/wp-content\/uploads\/2022\/09\/7C44F045-614C-4AC0-A1B5-5CD7B3A20124.jpeg\" \/>\n\t<meta property=\"og:image:width\" content=\"720\" \/>\n\t<meta property=\"og:image:height\" content=\"816\" \/>\n\t<meta property=\"og:image:type\" content=\"image\/jpeg\" \/>\n<meta name=\"author\" content=\"La R\u00e9daction\" \/>\n<meta name=\"twitter:label1\" content=\"\u00c9crit par\" \/>\n\t<meta name=\"twitter:data1\" content=\"La R\u00e9daction\" \/>\n\t<meta name=\"twitter:label2\" content=\"Dur\u00e9e de lecture estim\u00e9e\" \/>\n\t<meta name=\"twitter:data2\" content=\"1 minute\" \/>\n<script type=\"application\/ld+json\" class=\"yoast-schema-graph\">{\"@context\":\"https:\/\/schema.org\",\"@graph\":[{\"@type\":\"Article\",\"@id\":\"https:\/\/universnews224.com\/index.php\/colonel-amara-camara-ce-nest-pas-le-cnrd-qui-gere-la-situation-du-president-alpha-conde\/#article\",\"isPartOf\":{\"@id\":\"https:\/\/universnews224.com\/index.php\/colonel-amara-camara-ce-nest-pas-le-cnrd-qui-gere-la-situation-du-president-alpha-conde\/\"},\"author\":{\"name\":\"La R\u00e9daction\",\"@id\":\"https:\/\/universnews224.com\/#\/schema\/person\/a4b7d4f94a4716df60456a491260485e\"},\"headline\":\"Colonel Amara Camara : \u00ab Ce n\u2019est pas le CNRD qui g\u00e8re la situation du Pr\u00e9sident Alpha Cond\u00e9 \u00bb\",\"datePublished\":\"2022-09-04T12:01:28+00:00\",\"dateModified\":\"2022-09-04T12:01:28+00:00\",\"mainEntityOfPage\":{\"@id\":\"https:\/\/universnews224.com\/index.php\/colonel-amara-camara-ce-nest-pas-le-cnrd-qui-gere-la-situation-du-president-alpha-conde\/\"},\"wordCount\":204,\"publisher\":{\"@id\":\"https:\/\/universnews224.com\/#organization\"},\"keywords\":[\"La une\"],\"inLanguage\":\"fr-FR\"},{\"@type\":\"WebPage\",\"@id\":\"https:\/\/universnews224.com\/index.php\/colonel-amara-camara-ce-nest-pas-le-cnrd-qui-gere-la-situation-du-president-alpha-conde\/\",\"url\":\"https:\/\/universnews224.com\/index.php\/colonel-amara-camara-ce-nest-pas-le-cnrd-qui-gere-la-situation-du-president-alpha-conde\/\",\"name\":\"Colonel Amara Camara : \u00ab Ce n\u2019est pas le CNRD qui g\u00e8re la situation du Pr\u00e9sident Alpha Cond\u00e9 \u00bb - UNIVERSNEWS224\",\"isPartOf\":{\"@id\":\"https:\/\/universnews224.com\/#website\"},\"datePublished\":\"2022-09-04T12:01:28+00:00\",\"dateModified\":\"2022-09-04T12:01:28+00:00\",\"inLanguage\":\"fr-FR\",\"potentialAction\":[{\"@type\":\"ReadAction\",\"target\":[\"https:\/\/universnews224.com\/index.php\/colonel-amara-camara-ce-nest-pas-le-cnrd-qui-gere-la-situation-du-president-alpha-conde\/\"]}]},{\"@type\":\"WebSite\",\"@id\":\"https:\/\/universnews224.com\/#website\",\"url\":\"https:\/\/universnews224.com\/\",\"name\":\"UNIVERSNEWS224\",\"description\":\"\",\"publisher\":{\"@id\":\"https:\/\/universnews224.com\/#organization\"},\"potentialAction\":[{\"@type\":\"SearchAction\",\"target\":{\"@type\":\"EntryPoint\",\"urlTemplate\":\"https:\/\/universnews224.com\/?s={search_term_string}\"},\"query-input\":\"required name=search_term_string\"}],\"inLanguage\":\"fr-FR\"},{\"@type\":\"Organization\",\"@id\":\"https:\/\/universnews224.com\/#organization\",\"name\":\"UNIVERSNEWS224\",\"url\":\"https:\/\/universnews224.com\/\",\"logo\":{\"@type\":\"ImageObject\",\"inLanguage\":\"fr-FR\",\"@id\":\"https:\/\/universnews224.com\/#\/schema\/logo\/image\/\",\"url\":\"https:\/\/universnews224.com\/wp-content\/uploads\/2022\/08\/cropped-cropped-logoban.jpg\",\"contentUrl\":\"https:\/\/universnews224.com\/wp-content\/uploads\/2022\/08\/cropped-cropped-logoban.jpg\",\"width\":1080,\"height\":138,\"caption\":\"UNIVERSNEWS224\"},\"image\":{\"@id\":\"https:\/\/universnews224.com\/#\/schema\/logo\/image\/\"}},{\"@type\":\"Person\",\"@id\":\"https:\/\/universnews224.com\/#\/schema\/person\/a4b7d4f94a4716df60456a491260485e\",\"name\":\"La R\u00e9daction\",\"image\":{\"@type\":\"ImageObject\",\"inLanguage\":\"fr-FR\",\"@id\":\"https:\/\/universnews224.com\/#\/schema\/person\/image\/\",\"url\":\"https:\/\/secure.gravatar.com\/avatar\/edb90acc7752b23e1b3307ad36c14f0d?s=96&d=mm&r=g\",\"contentUrl\":\"https:\/\/secure.gravatar.com\/avatar\/edb90acc7752b23e1b3307ad36c14f0d?s=96&d=mm&r=g\",\"caption\":\"La R\u00e9daction\"},\"sameAs\":[\"https:\/\/universnews224.com\"],\"url\":\"https:\/\/universnews224.com\/index.php\/author\/m-camara\/\"}]}<\/script>\n<!-- \/ Yoast SEO plugin. -->","yoast_head_json":{"title":"Colonel Amara Camara : \u00ab Ce n\u2019est pas le CNRD qui g\u00e8re la situation du Pr\u00e9sident Alpha Cond\u00e9 \u00bb - UNIVERSNEWS224","robots":{"index":"index","follow":"follow","max-snippet":"max-snippet:-1","max-image-preview":"max-image-preview:large","max-video-preview":"max-video-preview:-1"},"canonical":"https:\/\/universnews224.com\/index.php\/colonel-amara-camara-ce-nest-pas-le-cnrd-qui-gere-la-situation-du-president-alpha-conde\/","og_locale":"fr_FR","og_type":"article","og_title":"Colonel Amara Camara : \u00ab Ce n\u2019est pas le CNRD qui g\u00e8re la situation du Pr\u00e9sident Alpha Cond\u00e9 \u00bb - UNIVERSNEWS224","og_description":"Premier invit\u00e9 du plateau sp\u00e9cial \u00abSynergique des m\u00e9dias sur l\u2019an 1 du CNRD au pouvoir\u00bb,le","og_url":"https:\/\/universnews224.com\/index.php\/colonel-amara-camara-ce-nest-pas-le-cnrd-qui-gere-la-situation-du-president-alpha-conde\/","og_site_name":"UNIVERSNEWS224","article_published_time":"2022-09-04T12:01:28+00:00","og_image":[{"width":720,"height":816,"url":"https:\/\/universnews224.com\/wp-content\/uploads\/2022\/09\/7C44F045-614C-4AC0-A1B5-5CD7B3A20124.jpeg","type":"image\/jpeg"}],"author":"La R\u00e9daction","twitter_misc":{"\u00c9crit par":"La R\u00e9daction","Dur\u00e9e de lecture estim\u00e9e":"1 minute"},"schema":{"@context":"https:\/\/schema.org","@graph":[{"@type":"Article","@id":"https:\/\/universnews224.com\/index.php\/colonel-amara-camara-ce-nest-pas-le-cnrd-qui-gere-la-situation-du-president-alpha-conde\/#article","isPartOf":{"@id":"https:\/\/universnews224.com\/index.php\/colonel-amara-camara-ce-nest-pas-le-cnrd-qui-gere-la-situation-du-president-alpha-conde\/"},"author":{"name":"La R\u00e9daction","@id":"https:\/\/universnews224.com\/#\/schema\/person\/a4b7d4f94a4716df60456a491260485e"},"headline":"Colonel Amara Camara : \u00ab Ce n\u2019est pas le CNRD qui g\u00e8re la situation du Pr\u00e9sident Alpha Cond\u00e9 \u00bb","datePublished":"2022-09-04T12:01:28+00:00","dateModified":"2022-09-04T12:01:28+00:00","mainEntityOfPage":{"@id":"https:\/\/universnews224.com\/index.php\/colonel-amara-camara-ce-nest-pas-le-cnrd-qui-gere-la-situation-du-president-alpha-conde\/"},"wordCount":204,"publisher":{"@id":"https:\/\/universnews224.com\/#organization"},"keywords":["La une"],"inLanguage":"fr-FR"},{"@type":"WebPage","@id":"https:\/\/universnews224.com\/index.php\/colonel-amara-camara-ce-nest-pas-le-cnrd-qui-gere-la-situation-du-president-alpha-conde\/","url":"https:\/\/universnews224.com\/index.php\/colonel-amara-camara-ce-nest-pas-le-cnrd-qui-gere-la-situation-du-president-alpha-conde\/","name":"Colonel Amara Camara : \u00ab Ce n\u2019est pas le CNRD qui g\u00e8re la situation du Pr\u00e9sident Alpha Cond\u00e9 \u00bb - UNIVERSNEWS224","isPartOf":{"@id":"https:\/\/universnews224.com\/#website"},"datePublished":"2022-09-04T12:01:28+00:00","dateModified":"2022-09-04T12:01:28+00:00","inLanguage":"fr-FR","potentialAction":[{"@type":"ReadAction","target":["https:\/\/universnews224.com\/index.php\/colonel-amara-camara-ce-nest-pas-le-cnrd-qui-gere-la-situation-du-president-alpha-conde\/"]}]},{"@type":"WebSite","@id":"https:\/\/universnews224.com\/#website","url":"https:\/\/universnews224.com\/","name":"UNIVERSNEWS224","description":"","publisher":{"@id":"https:\/\/universnews224.com\/#organization"},"potentialAction":[{"@type":"SearchAction","target":{"@type":"EntryPoint","urlTemplate":"https:\/\/universnews224.com\/?s={search_term_string}"},"query-input":"required name=search_term_string"}],"inLanguage":"fr-FR"},{"@type":"Organization","@id":"https:\/\/universnews224.com\/#organization","name":"UNIVERSNEWS224","url":"https:\/\/universnews224.com\/","logo":{"@type":"ImageObject","inLanguage":"fr-FR","@id":"https:\/\/universnews224.com\/#\/schema\/logo\/image\/","url":"https:\/\/universnews224.com\/wp-content\/uploads\/2022\/08\/cropped-cropped-logoban.jpg","contentUrl":"https:\/\/universnews224.com\/wp-content\/uploads\/2022\/08\/cropped-cropped-logoban.jpg","width":1080,"height":138,"caption":"UNIVERSNEWS224"},"image":{"@id":"https:\/\/universnews224.com\/#\/schema\/logo\/image\/"}},{"@type":"Person","@id":"https:\/\/universnews224.com\/#\/schema\/person\/a4b7d4f94a4716df60456a491260485e","name":"La R\u00e9daction","image":{"@type":"ImageObject","inLanguage":"fr-FR","@id":"https:\/\/universnews224.com\/#\/schema\/person\/image\/","url":"https:\/\/secure.gravatar.com\/avatar\/edb90acc7752b23e1b3307ad36c14f0d?s=96&d=mm&r=g","contentUrl":"https:\/\/secure.gravatar.com\/avatar\/edb90acc7752b23e1b3307ad36c14f0d?s=96&d=mm&r=g","caption":"La R\u00e9daction"},"sameAs":["https:\/\/universnews224.com"],"url":"https:\/\/universnews224.com\/index.php\/author\/m-camara\/"}]}},"_links":{"self":[{"href":"https:\/\/universnews224.com\/index.php\/wp-json\/wp\/v2\/posts\/1941"}],"collection":[{"href":"https:\/\/universnews224.com\/index.php\/wp-json\/wp\/v2\/posts"}],"about":[{"href":"https:\/\/universnews224.com\/index.php\/wp-json\/wp\/v2\/types\/post"}],"author":[{"embeddable":true,"href":"https:\/\/universnews224.com\/index.php\/wp-json\/wp\/v2\/users\/2"}],"replies":[{"embeddable":true,"href":"https:\/\/universnews224.com\/index.php\/wp-json\/wp\/v2\/comments?post=1941"}],"version-history":[{"count":1,"href":"https:\/\/universnews224.com\/index.php\/wp-json\/wp\/v2\/posts\/1941\/revisions"}],"predecessor-version":[{"id":1943,"href":"https:\/\/universnews224.com\/index.php\/wp-json\/wp\/v2\/posts\/1941\/revisions\/1943"}],"wp:featuredmedia":[{"embeddable":true,"href":"https:\/\/universnews224.com\/index.php\/wp-json\/wp\/v2\/media\/1942"}],"wp:attachment":[{"href":"https:\/\/universnews224.com\/index.php\/wp-json\/wp\/v2\/media?parent=1941"}],"wp:term":[{"taxonomy":"category","embeddable":true,"href":"https:\/\/universnews224.com\/index.php\/wp-json\/wp\/v2\/categories?post=1941"},{"taxonomy":"post_tag","embeddable":true,"href":"https:\/\/universnews224.com\/index.php\/wp-json\/wp\/v2\/tags?post=1941"}],"curies":[{"name":"wp","href":"https:\/\/api.w.org\/{rel}","templated":true}]}}