{"id":1982,"date":"2022-09-10T03:34:16","date_gmt":"2022-09-10T02:34:16","guid":{"rendered":"https:\/\/universnews224.com\/?p=1982"},"modified":"2022-09-10T03:34:16","modified_gmt":"2022-09-10T02:34:16","slug":"conakry-les-nouveaux-membres-du-conseil-dadministration-ca-du-chu-donka-prennent-fonction","status":"publish","type":"post","link":"https:\/\/universnews224.com\/index.php\/conakry-les-nouveaux-membres-du-conseil-dadministration-ca-du-chu-donka-prennent-fonction\/","title":{"rendered":"Conakry : les nouveaux membres du conseil d&rsquo;administration (CA) du CHU-Donka prennent fonction"},"content":{"rendered":"<p>Apr\u00e8s son inauguration le 17 ao\u00fbt dernier par le pr\u00e9sident de la transition colonel Mamadi Doumbouya, le Centre Hospitalier Universitaire, CHU-DONKA, les onze (11) nouveaux membres de ladite Conseil d&rsquo;Administration (CA) ont \u00e9t\u00e9 valablement install\u00e9s ce vendredi 09 septembre 2022, dans leur nouvelle fonction, en pr\u00e9sence du nouveau pr\u00e9sidente du CA, des cadres du minist\u00e8re de la sant\u00e9, quelques membres du CNT mais aussi les personnels du concessionnaire \u00a0de h\u00f4pital.<\/p>\n<p>&nbsp;<\/p>\n<p>Dans son discours de bienvenue, le directeur g\u00e9n\u00e9ral du CHU-Donka, Pr. Mohamed Ciss\u00e9 a, au nom des travailleurs de cette \u00e9difice hospitalier et \u00e0 son personnel souhaite les bienvenue au nouveau membre du conseil d&rsquo;administration CA, et affirme aux membres du bureau \u00e0 travailler dans les r\u00e8gles de l\u2019art pour r\u00e9pondre aux aspirations du gouvernement et du peuple de Guin\u00e9e. Ce, en mettant des strat\u00e9gies en place qui devront aboutir \u00e0 la bonne gestion de h\u00f4pital.<\/p>\n<p>Pour sa part, la pr\u00e9sidente du CA, Dr. Hawa Diakit\u00e9 est aussi revenu sur le r\u00f4le du conseil. Pour elle, cet organe est charg\u00e9 de suivre l\u2019ex\u00e9cution de la convention de concession sign\u00e9e entre le gouvernement guin\u00e9en et le groupe canadien en gestion hospitali\u00e8re dans notre pays la Guin\u00e9e.<\/p>\n<p><a href=\"https:\/\/universnews224.com\/wp-content\/uploads\/2022\/09\/5393A2BA-FD9E-4FCD-96EB-C0D6253F793D.jpeg\"><img loading=\"lazy\" class=\"alignnone size-medium wp-image-1984\" src=\"https:\/\/universnews224.com\/wp-content\/uploads\/2022\/09\/5393A2BA-FD9E-4FCD-96EB-C0D6253F793D-300x169.jpeg\" alt=\"\" width=\"300\" height=\"169\" srcset=\"https:\/\/universnews224.com\/wp-content\/uploads\/2022\/09\/5393A2BA-FD9E-4FCD-96EB-C0D6253F793D-300x169.jpeg 300w, https:\/\/universnews224.com\/wp-content\/uploads\/2022\/09\/5393A2BA-FD9E-4FCD-96EB-C0D6253F793D-768x432.jpeg 768w, https:\/\/universnews224.com\/wp-content\/uploads\/2022\/09\/5393A2BA-FD9E-4FCD-96EB-C0D6253F793D-800x450.jpeg 800w, https:\/\/universnews224.com\/wp-content\/uploads\/2022\/09\/5393A2BA-FD9E-4FCD-96EB-C0D6253F793D.jpeg 1024w\" sizes=\"(max-width: 300px) 100vw, 300px\" \/><\/a><\/p>\n<p>&nbsp;<\/p>\n<p>\u00abNous membres de ce conseil, sommes conscients des d\u00e9fis majeurs auxquels notre syst\u00e8me de sant\u00e9 est confront\u00e9. Des diff\u00e9rentes pand\u00e9mies qui ont secou\u00e9 notre pays ont prouv\u00e9 qu\u2019il fallait aller vite et bien vers une gouvernance hospitali\u00e8re plus efficace. Ainsi, vous prenez solennellement devant l\u2019engagement de travailler d\u2019arache-pieds pour la mat\u00e9rialisation de cette vision tant souhait\u00e9e par notre gouvernement pour la r\u00e9fondation de notre syst\u00e8me de sant\u00e9. Nous userons de toutes nos forces, de toutes nos comp\u00e9tences pour relever ce d\u00e9fis avec l\u2019ensemble des parties prenantes, soyez en rassurer\u00bb a t- elle affirm\u00e9 la pr\u00e9sidente du CA.<\/p>\n<p>De son c\u00f4t\u00e9, le ministre de la sant\u00e9 et de l\u2019hygi\u00e8ne publique, Mamadou P\u00e8th\u00e8 Diallo a vraiment expliquer le contrat de concession de l\u2019h\u00f4pital Donka avant de rassurer le personnel soignant du CHU Donka.<\/p>\n<p><a href=\"https:\/\/universnews224.com\/wp-content\/uploads\/2022\/09\/522EB9A5-C370-4473-B0D0-79A731A8AD52.jpeg\"><img loading=\"lazy\" class=\"alignnone size-medium wp-image-1983\" src=\"https:\/\/universnews224.com\/wp-content\/uploads\/2022\/09\/522EB9A5-C370-4473-B0D0-79A731A8AD52-300x169.jpeg\" alt=\"\" width=\"300\" height=\"169\" srcset=\"https:\/\/universnews224.com\/wp-content\/uploads\/2022\/09\/522EB9A5-C370-4473-B0D0-79A731A8AD52-300x169.jpeg 300w, https:\/\/universnews224.com\/wp-content\/uploads\/2022\/09\/522EB9A5-C370-4473-B0D0-79A731A8AD52-768x432.jpeg 768w, https:\/\/universnews224.com\/wp-content\/uploads\/2022\/09\/522EB9A5-C370-4473-B0D0-79A731A8AD52-800x450.jpeg 800w, https:\/\/universnews224.com\/wp-content\/uploads\/2022\/09\/522EB9A5-C370-4473-B0D0-79A731A8AD52.jpeg 1024w\" sizes=\"(max-width: 300px) 100vw, 300px\" \/><\/a><\/p>\n<p>\u00abJ\u2019ai profit\u00e9 de cette opportunit\u00e9 pour dire en mot simple qu\u2019est-ce qu\u2019une histoire de la gestion d\u00e9l\u00e9gu\u00e9e. Ce n\u2019est pas un bradage de l\u2019h\u00f4pital, ce n\u2019est pas sa privatisation. Cet ensemble est notre bien commun, il nous appartient \u00e0 tous,personne n\u2019a un droit sur l\u2019autre sur l\u2019h\u00f4pital Donka. Et c\u2019est l\u2019ambition que nous avons, c\u2019est l\u2019ambition que le pr\u00e9sident a. Une fois que l\u2019h\u00f4pital marche, et les ministres et les citoyens ordinaires, quand nous venons que nous soyons pris en charge avec le m\u00eame tarif. A ses travailleurs et travailleuses, je vous ai fait une promesse et je la r\u00e9p\u00e8te ici devant t\u00e9moin. Personne parmi nous ne perdra son emploi parce que l\u2019h\u00f4pital a \u00e9t\u00e9 mis sous gestion d\u00e9l\u00e9gu\u00e9e. Vous allez tous garder nos emplois pour ceux qui ont d\u00e9j\u00e0 un contrat de la fonction publique. Pour les internes et les b\u00e9n\u00e9voles, vous serez test\u00e9s et recrut\u00e9s ici, vous b\u00e9n\u00e9ficierez d\u2019un contrat de contractuels pour pouvoir \u00eatre pay\u00e9\u00bb, a d\u00e9clar\u00e9 le ministre.<\/p>\n<p>Sana Sylla<\/p>\n","protected":false},"excerpt":{"rendered":"<p>Apr\u00e8s son inauguration le 17 ao\u00fbt dernier par le pr\u00e9sident de la transition colonel Mamadi<\/p>\n","protected":false},"author":2,"featured_media":1985,"comment_status":"closed","ping_status":"open","sticky":false,"template":"","format":"standard","meta":[],"categories":[3,5],"tags":[229],"yoast_head":"<!-- This site is optimized with the Yoast SEO plugin v19.13 - https:\/\/yoast.com\/wordpress\/plugins\/seo\/ -->\n<title>Conakry : les nouveaux membres du conseil d&#039;administration (CA) du CHU-Donka prennent fonction - UNIVERSNEWS224<\/title>\n<meta name=\"robots\" content=\"index, follow, max-snippet:-1, max-image-preview:large, max-video-preview:-1\" \/>\n<link rel=\"canonical\" href=\"https:\/\/universnews224.com\/index.php\/conakry-les-nouveaux-membres-du-conseil-dadministration-ca-du-chu-donka-prennent-fonction\/\" \/>\n<meta property=\"og:locale\" content=\"fr_FR\" \/>\n<meta property=\"og:type\" content=\"article\" \/>\n<meta property=\"og:title\" content=\"Conakry : les nouveaux membres du conseil d&#039;administration (CA) du CHU-Donka prennent fonction - UNIVERSNEWS224\" \/>\n<meta property=\"og:description\" content=\"Apr\u00e8s son inauguration le 17 ao\u00fbt dernier par le pr\u00e9sident de la transition colonel Mamadi\" \/>\n<meta property=\"og:url\" content=\"https:\/\/universnews224.com\/index.php\/conakry-les-nouveaux-membres-du-conseil-dadministration-ca-du-chu-donka-prennent-fonction\/\" \/>\n<meta property=\"og:site_name\" content=\"UNIVERSNEWS224\" \/>\n<meta property=\"article:published_time\" content=\"2022-09-10T02:34:16+00:00\" \/>\n<meta property=\"og:image\" content=\"https:\/\/universnews224.com\/wp-content\/uploads\/2022\/09\/F626ED62-6723-4E59-9085-798937C9FF6A.jpeg\" \/>\n\t<meta property=\"og:image:width\" content=\"1024\" \/>\n\t<meta property=\"og:image:height\" content=\"576\" \/>\n\t<meta property=\"og:image:type\" content=\"image\/jpeg\" \/>\n<meta name=\"author\" content=\"La R\u00e9daction\" \/>\n<meta name=\"twitter:label1\" content=\"\u00c9crit par\" \/>\n\t<meta name=\"twitter:data1\" content=\"La R\u00e9daction\" \/>\n\t<meta name=\"twitter:label2\" content=\"Dur\u00e9e de lecture estim\u00e9e\" \/>\n\t<meta name=\"twitter:data2\" content=\"3 minutes\" \/>\n<script type=\"application\/ld+json\" class=\"yoast-schema-graph\">{\"@context\":\"https:\/\/schema.org\",\"@graph\":[{\"@type\":\"Article\",\"@id\":\"https:\/\/universnews224.com\/index.php\/conakry-les-nouveaux-membres-du-conseil-dadministration-ca-du-chu-donka-prennent-fonction\/#article\",\"isPartOf\":{\"@id\":\"https:\/\/universnews224.com\/index.php\/conakry-les-nouveaux-membres-du-conseil-dadministration-ca-du-chu-donka-prennent-fonction\/\"},\"author\":{\"name\":\"La R\u00e9daction\",\"@id\":\"https:\/\/universnews224.com\/#\/schema\/person\/a4b7d4f94a4716df60456a491260485e\"},\"headline\":\"Conakry : les nouveaux membres du conseil d&rsquo;administration (CA) du CHU-Donka prennent fonction\",\"datePublished\":\"2022-09-10T02:34:16+00:00\",\"dateModified\":\"2022-09-10T02:34:16+00:00\",\"mainEntityOfPage\":{\"@id\":\"https:\/\/universnews224.com\/index.php\/conakry-les-nouveaux-membres-du-conseil-dadministration-ca-du-chu-donka-prennent-fonction\/\"},\"wordCount\":582,\"publisher\":{\"@id\":\"https:\/\/universnews224.com\/#organization\"},\"keywords\":[\"La une\"],\"articleSection\":[\"ACTU\",\"SOCI\u00c9T\u00c9\"],\"inLanguage\":\"fr-FR\"},{\"@type\":\"WebPage\",\"@id\":\"https:\/\/universnews224.com\/index.php\/conakry-les-nouveaux-membres-du-conseil-dadministration-ca-du-chu-donka-prennent-fonction\/\",\"url\":\"https:\/\/universnews224.com\/index.php\/conakry-les-nouveaux-membres-du-conseil-dadministration-ca-du-chu-donka-prennent-fonction\/\",\"name\":\"Conakry : les nouveaux membres du conseil d'administration (CA) du CHU-Donka prennent fonction - UNIVERSNEWS224\",\"isPartOf\":{\"@id\":\"https:\/\/universnews224.com\/#website\"},\"datePublished\":\"2022-09-10T02:34:16+00:00\",\"dateModified\":\"2022-09-10T02:34:16+00:00\",\"inLanguage\":\"fr-FR\",\"potentialAction\":[{\"@type\":\"ReadAction\",\"target\":[\"https:\/\/universnews224.com\/index.php\/conakry-les-nouveaux-membres-du-conseil-dadministration-ca-du-chu-donka-prennent-fonction\/\"]}]},{\"@type\":\"WebSite\",\"@id\":\"https:\/\/universnews224.com\/#website\",\"url\":\"https:\/\/universnews224.com\/\",\"name\":\"UNIVERSNEWS224\",\"description\":\"\",\"publisher\":{\"@id\":\"https:\/\/universnews224.com\/#organization\"},\"potentialAction\":[{\"@type\":\"SearchAction\",\"target\":{\"@type\":\"EntryPoint\",\"urlTemplate\":\"https:\/\/universnews224.com\/?s={search_term_string}\"},\"query-input\":\"required name=search_term_string\"}],\"inLanguage\":\"fr-FR\"},{\"@type\":\"Organization\",\"@id\":\"https:\/\/universnews224.com\/#organization\",\"name\":\"UNIVERSNEWS224\",\"url\":\"https:\/\/universnews224.com\/\",\"logo\":{\"@type\":\"ImageObject\",\"inLanguage\":\"fr-FR\",\"@id\":\"https:\/\/universnews224.com\/#\/schema\/logo\/image\/\",\"url\":\"https:\/\/universnews224.com\/wp-content\/uploads\/2022\/08\/cropped-cropped-logoban.jpg\",\"contentUrl\":\"https:\/\/universnews224.com\/wp-content\/uploads\/2022\/08\/cropped-cropped-logoban.jpg\",\"width\":1080,\"height\":138,\"caption\":\"UNIVERSNEWS224\"},\"image\":{\"@id\":\"https:\/\/universnews224.com\/#\/schema\/logo\/image\/\"}},{\"@type\":\"Person\",\"@id\":\"https:\/\/universnews224.com\/#\/schema\/person\/a4b7d4f94a4716df60456a491260485e\",\"name\":\"La R\u00e9daction\",\"image\":{\"@type\":\"ImageObject\",\"inLanguage\":\"fr-FR\",\"@id\":\"https:\/\/universnews224.com\/#\/schema\/person\/image\/\",\"url\":\"https:\/\/secure.gravatar.com\/avatar\/edb90acc7752b23e1b3307ad36c14f0d?s=96&d=mm&r=g\",\"contentUrl\":\"https:\/\/secure.gravatar.com\/avatar\/edb90acc7752b23e1b3307ad36c14f0d?s=96&d=mm&r=g\",\"caption\":\"La R\u00e9daction\"},\"sameAs\":[\"https:\/\/universnews224.com\"],\"url\":\"https:\/\/universnews224.com\/index.php\/author\/m-camara\/\"}]}<\/script>\n<!-- \/ Yoast SEO plugin. -->","yoast_head_json":{"title":"Conakry : les nouveaux membres du conseil d'administration (CA) du CHU-Donka prennent fonction - UNIVERSNEWS224","robots":{"index":"index","follow":"follow","max-snippet":"max-snippet:-1","max-image-preview":"max-image-preview:large","max-video-preview":"max-video-preview:-1"},"canonical":"https:\/\/universnews224.com\/index.php\/conakry-les-nouveaux-membres-du-conseil-dadministration-ca-du-chu-donka-prennent-fonction\/","og_locale":"fr_FR","og_type":"article","og_title":"Conakry : les nouveaux membres du conseil d'administration (CA) du CHU-Donka prennent fonction - UNIVERSNEWS224","og_description":"Apr\u00e8s son inauguration le 17 ao\u00fbt dernier par le pr\u00e9sident de la transition colonel Mamadi","og_url":"https:\/\/universnews224.com\/index.php\/conakry-les-nouveaux-membres-du-conseil-dadministration-ca-du-chu-donka-prennent-fonction\/","og_site_name":"UNIVERSNEWS224","article_published_time":"2022-09-10T02:34:16+00:00","og_image":[{"width":1024,"height":576,"url":"https:\/\/universnews224.com\/wp-content\/uploads\/2022\/09\/F626ED62-6723-4E59-9085-798937C9FF6A.jpeg","type":"image\/jpeg"}],"author":"La R\u00e9daction","twitter_misc":{"\u00c9crit par":"La R\u00e9daction","Dur\u00e9e de lecture estim\u00e9e":"3 minutes"},"schema":{"@context":"https:\/\/schema.org","@graph":[{"@type":"Article","@id":"https:\/\/universnews224.com\/index.php\/conakry-les-nouveaux-membres-du-conseil-dadministration-ca-du-chu-donka-prennent-fonction\/#article","isPartOf":{"@id":"https:\/\/universnews224.com\/index.php\/conakry-les-nouveaux-membres-du-conseil-dadministration-ca-du-chu-donka-prennent-fonction\/"},"author":{"name":"La R\u00e9daction","@id":"https:\/\/universnews224.com\/#\/schema\/person\/a4b7d4f94a4716df60456a491260485e"},"headline":"Conakry : les nouveaux membres du conseil d&rsquo;administration (CA) du CHU-Donka prennent fonction","datePublished":"2022-09-10T02:34:16+00:00","dateModified":"2022-09-10T02:34:16+00:00","mainEntityOfPage":{"@id":"https:\/\/universnews224.com\/index.php\/conakry-les-nouveaux-membres-du-conseil-dadministration-ca-du-chu-donka-prennent-fonction\/"},"wordCount":582,"publisher":{"@id":"https:\/\/universnews224.com\/#organization"},"keywords":["La une"],"articleSection":["ACTU","SOCI\u00c9T\u00c9"],"inLanguage":"fr-FR"},{"@type":"WebPage","@id":"https:\/\/universnews224.com\/index.php\/conakry-les-nouveaux-membres-du-conseil-dadministration-ca-du-chu-donka-prennent-fonction\/","url":"https:\/\/universnews224.com\/index.php\/conakry-les-nouveaux-membres-du-conseil-dadministration-ca-du-chu-donka-prennent-fonction\/","name":"Conakry : les nouveaux membres du conseil d'administration (CA) du CHU-Donka prennent fonction - UNIVERSNEWS224","isPartOf":{"@id":"https:\/\/universnews224.com\/#website"},"datePublished":"2022-09-10T02:34:16+00:00","dateModified":"2022-09-10T02:34:16+00:00","inLanguage":"fr-FR","potentialAction":[{"@type":"ReadAction","target":["https:\/\/universnews224.com\/index.php\/conakry-les-nouveaux-membres-du-conseil-dadministration-ca-du-chu-donka-prennent-fonction\/"]}]},{"@type":"WebSite","@id":"https:\/\/universnews224.com\/#website","url":"https:\/\/universnews224.com\/","name":"UNIVERSNEWS224","description":"","publisher":{"@id":"https:\/\/universnews224.com\/#organization"},"potentialAction":[{"@type":"SearchAction","target":{"@type":"EntryPoint","urlTemplate":"https:\/\/universnews224.com\/?s={search_term_string}"},"query-input":"required name=search_term_string"}],"inLanguage":"fr-FR"},{"@type":"Organization","@id":"https:\/\/universnews224.com\/#organization","name":"UNIVERSNEWS224","url":"https:\/\/universnews224.com\/","logo":{"@type":"ImageObject","inLanguage":"fr-FR","@id":"https:\/\/universnews224.com\/#\/schema\/logo\/image\/","url":"https:\/\/universnews224.com\/wp-content\/uploads\/2022\/08\/cropped-cropped-logoban.jpg","contentUrl":"https:\/\/universnews224.com\/wp-content\/uploads\/2022\/08\/cropped-cropped-logoban.jpg","width":1080,"height":138,"caption":"UNIVERSNEWS224"},"image":{"@id":"https:\/\/universnews224.com\/#\/schema\/logo\/image\/"}},{"@type":"Person","@id":"https:\/\/universnews224.com\/#\/schema\/person\/a4b7d4f94a4716df60456a491260485e","name":"La R\u00e9daction","image":{"@type":"ImageObject","inLanguage":"fr-FR","@id":"https:\/\/universnews224.com\/#\/schema\/person\/image\/","url":"https:\/\/secure.gravatar.com\/avatar\/edb90acc7752b23e1b3307ad36c14f0d?s=96&d=mm&r=g","contentUrl":"https:\/\/secure.gravatar.com\/avatar\/edb90acc7752b23e1b3307ad36c14f0d?s=96&d=mm&r=g","caption":"La R\u00e9daction"},"sameAs":["https:\/\/universnews224.com"],"url":"https:\/\/universnews224.com\/index.php\/author\/m-camara\/"}]}},"_links":{"self":[{"href":"https:\/\/universnews224.com\/index.php\/wp-json\/wp\/v2\/posts\/1982"}],"collection":[{"href":"https:\/\/universnews224.com\/index.php\/wp-json\/wp\/v2\/posts"}],"about":[{"href":"https:\/\/universnews224.com\/index.php\/wp-json\/wp\/v2\/types\/post"}],"author":[{"embeddable":true,"href":"https:\/\/universnews224.com\/index.php\/wp-json\/wp\/v2\/users\/2"}],"replies":[{"embeddable":true,"href":"https:\/\/universnews224.com\/index.php\/wp-json\/wp\/v2\/comments?post=1982"}],"version-history":[{"count":1,"href":"https:\/\/universnews224.com\/index.php\/wp-json\/wp\/v2\/posts\/1982\/revisions"}],"predecessor-version":[{"id":1986,"href":"https:\/\/universnews224.com\/index.php\/wp-json\/wp\/v2\/posts\/1982\/revisions\/1986"}],"wp:featuredmedia":[{"embeddable":true,"href":"https:\/\/universnews224.com\/index.php\/wp-json\/wp\/v2\/media\/1985"}],"wp:attachment":[{"href":"https:\/\/universnews224.com\/index.php\/wp-json\/wp\/v2\/media?parent=1982"}],"wp:term":[{"taxonomy":"category","embeddable":true,"href":"https:\/\/universnews224.com\/index.php\/wp-json\/wp\/v2\/categories?post=1982"},{"taxonomy":"post_tag","embeddable":true,"href":"https:\/\/universnews224.com\/index.php\/wp-json\/wp\/v2\/tags?post=1982"}],"curies":[{"name":"wp","href":"https:\/\/api.w.org\/{rel}","templated":true}]}}