{"id":1997,"date":"2022-09-13T02:34:53","date_gmt":"2022-09-13T01:34:53","guid":{"rendered":"https:\/\/universnews224.com\/?p=1997"},"modified":"2022-09-13T02:34:53","modified_gmt":"2022-09-13T01:34:53","slug":"proces-des-massacres-du-28-septembre-me-hamidou-barry-plaide-pour-louverture-solennelle-du-proces-le-26-septembre-2022","status":"publish","type":"post","link":"https:\/\/universnews224.com\/index.php\/proces-des-massacres-du-28-septembre-me-hamidou-barry-plaide-pour-louverture-solennelle-du-proces-le-26-septembre-2022\/","title":{"rendered":"Proc\u00e8s des massacres du 28 septembre : Me Hamidou Barry plaide pour l\u2019ouverture solennelle du proc\u00e8s le 26 septembre 2022."},"content":{"rendered":"<p>Alors que beaucoup d\u2019observateurs estiment que la date du 26 septembre 2022 pour l\u2019ouverture du proc\u00e8s des massacres est intenable, compte tenu du non ach\u00e8vement du b\u00e2timent devant abriter dudit proc\u00e8s. Me Hamidou Barry, l\u2019un des avocats des victimes du massacre du 28 septembre quant \u00e0 lui, demande aux autorit\u00e9s de la transition de prendre toutes dispositions pour que le proc\u00e8s s\u2019ouvre se ne reste que de fa\u00e7on solennelle le 26 septembre prochain.<\/p>\n<p>\u00abLe conseil qu\u2019on peut donner au minist\u00e8re de la justice, si b\u00e2timent devant abriter le proc\u00e8s n\u2019est pas pr\u00eat, mais on peut commencer dans la salle ordinaire de la cour d\u2019appel de Conakry. C\u2019est les m\u00eames lieu,il n\u2019y que 20 m\u00e8tre entre les deux b\u00e2timents pour ne pas retarder le proc\u00e8s et pour respecter les engagements pris par le pr\u00e9sident de la transition. Parce que le procureur adjoint de la CPI nous a dit, si la date est certaine, il se peut m\u00eame que le procureur de la CPI devienne en Guin\u00e9e, \u00e7a ils ont promis. Donc, c\u2019est le moment de lancer un appel au ministre de la justice, au chef de l\u2019Etat, au gouvernement de prendre toutes les dispositions que le proc\u00e8s s\u2019ouvre effectivement 26 septembre 2022 dans la salle ordinaire de la cour d\u2019appel de Conakry. Ce jour-l\u00e0,c\u2019est l\u2019ouverture solennelle, il n\u2019y aura m\u00eame pas de d\u00e9bats, on ouvre solennellement le proc\u00e8s\u00bb a t-il demand\u00e9 lors de son passage dans l\u2019\u00e9mission \u00ables Inform\u00e9s\u00bb de la radio Espace Fm de ce lundi 12 septembre.<\/p>\n<p>Camara Mamadouba<br \/>\n611 46 04 10<\/p>\n","protected":false},"excerpt":{"rendered":"<p>Alors que beaucoup d\u2019observateurs estiment que la date du 26 septembre 2022 pour l\u2019ouverture du<\/p>\n","protected":false},"author":2,"featured_media":1998,"comment_status":"closed","ping_status":"open","sticky":false,"template":"","format":"standard","meta":[],"categories":[3,5],"tags":[229],"yoast_head":"<!-- This site is optimized with the Yoast SEO plugin v19.13 - https:\/\/yoast.com\/wordpress\/plugins\/seo\/ -->\n<title>Proc\u00e8s des massacres du 28 septembre : Me Hamidou Barry plaide pour l\u2019ouverture solennelle du proc\u00e8s le 26 septembre 2022. - UNIVERSNEWS224<\/title>\n<meta name=\"robots\" content=\"index, follow, max-snippet:-1, max-image-preview:large, max-video-preview:-1\" \/>\n<link rel=\"canonical\" href=\"https:\/\/universnews224.com\/index.php\/proces-des-massacres-du-28-septembre-me-hamidou-barry-plaide-pour-louverture-solennelle-du-proces-le-26-septembre-2022\/\" \/>\n<meta property=\"og:locale\" content=\"fr_FR\" \/>\n<meta property=\"og:type\" content=\"article\" \/>\n<meta property=\"og:title\" content=\"Proc\u00e8s des massacres du 28 septembre : Me Hamidou Barry plaide pour l\u2019ouverture solennelle du proc\u00e8s le 26 septembre 2022. - UNIVERSNEWS224\" \/>\n<meta property=\"og:description\" content=\"Alors que beaucoup d\u2019observateurs estiment que la date du 26 septembre 2022 pour l\u2019ouverture du\" \/>\n<meta property=\"og:url\" content=\"https:\/\/universnews224.com\/index.php\/proces-des-massacres-du-28-septembre-me-hamidou-barry-plaide-pour-louverture-solennelle-du-proces-le-26-septembre-2022\/\" \/>\n<meta property=\"og:site_name\" content=\"UNIVERSNEWS224\" \/>\n<meta property=\"article:published_time\" content=\"2022-09-13T01:34:53+00:00\" \/>\n<meta property=\"og:image\" content=\"https:\/\/universnews224.com\/wp-content\/uploads\/2022\/09\/C91E0456-FAF6-4E22-94BB-9B5FEF245590.webp\" \/>\n\t<meta property=\"og:image:width\" content=\"350\" \/>\n\t<meta property=\"og:image:height\" content=\"250\" \/>\n\t<meta property=\"og:image:type\" content=\"image\/webp\" \/>\n<meta name=\"author\" content=\"La R\u00e9daction\" \/>\n<meta name=\"twitter:label1\" content=\"\u00c9crit par\" \/>\n\t<meta name=\"twitter:data1\" content=\"La R\u00e9daction\" \/>\n\t<meta name=\"twitter:label2\" content=\"Dur\u00e9e de lecture estim\u00e9e\" \/>\n\t<meta name=\"twitter:data2\" content=\"2 minutes\" \/>\n<script type=\"application\/ld+json\" class=\"yoast-schema-graph\">{\"@context\":\"https:\/\/schema.org\",\"@graph\":[{\"@type\":\"Article\",\"@id\":\"https:\/\/universnews224.com\/index.php\/proces-des-massacres-du-28-septembre-me-hamidou-barry-plaide-pour-louverture-solennelle-du-proces-le-26-septembre-2022\/#article\",\"isPartOf\":{\"@id\":\"https:\/\/universnews224.com\/index.php\/proces-des-massacres-du-28-septembre-me-hamidou-barry-plaide-pour-louverture-solennelle-du-proces-le-26-septembre-2022\/\"},\"author\":{\"name\":\"La R\u00e9daction\",\"@id\":\"https:\/\/universnews224.com\/#\/schema\/person\/a4b7d4f94a4716df60456a491260485e\"},\"headline\":\"Proc\u00e8s des massacres du 28 septembre : Me Hamidou Barry plaide pour l\u2019ouverture solennelle du proc\u00e8s le 26 septembre 2022.\",\"datePublished\":\"2022-09-13T01:34:53+00:00\",\"dateModified\":\"2022-09-13T01:34:53+00:00\",\"mainEntityOfPage\":{\"@id\":\"https:\/\/universnews224.com\/index.php\/proces-des-massacres-du-28-septembre-me-hamidou-barry-plaide-pour-louverture-solennelle-du-proces-le-26-septembre-2022\/\"},\"wordCount\":302,\"publisher\":{\"@id\":\"https:\/\/universnews224.com\/#organization\"},\"keywords\":[\"La une\"],\"articleSection\":[\"ACTU\",\"SOCI\u00c9T\u00c9\"],\"inLanguage\":\"fr-FR\"},{\"@type\":\"WebPage\",\"@id\":\"https:\/\/universnews224.com\/index.php\/proces-des-massacres-du-28-septembre-me-hamidou-barry-plaide-pour-louverture-solennelle-du-proces-le-26-septembre-2022\/\",\"url\":\"https:\/\/universnews224.com\/index.php\/proces-des-massacres-du-28-septembre-me-hamidou-barry-plaide-pour-louverture-solennelle-du-proces-le-26-septembre-2022\/\",\"name\":\"Proc\u00e8s des massacres du 28 septembre : Me Hamidou Barry plaide pour l\u2019ouverture solennelle du proc\u00e8s le 26 septembre 2022. - UNIVERSNEWS224\",\"isPartOf\":{\"@id\":\"https:\/\/universnews224.com\/#website\"},\"datePublished\":\"2022-09-13T01:34:53+00:00\",\"dateModified\":\"2022-09-13T01:34:53+00:00\",\"inLanguage\":\"fr-FR\",\"potentialAction\":[{\"@type\":\"ReadAction\",\"target\":[\"https:\/\/universnews224.com\/index.php\/proces-des-massacres-du-28-septembre-me-hamidou-barry-plaide-pour-louverture-solennelle-du-proces-le-26-septembre-2022\/\"]}]},{\"@type\":\"WebSite\",\"@id\":\"https:\/\/universnews224.com\/#website\",\"url\":\"https:\/\/universnews224.com\/\",\"name\":\"UNIVERSNEWS224\",\"description\":\"\",\"publisher\":{\"@id\":\"https:\/\/universnews224.com\/#organization\"},\"potentialAction\":[{\"@type\":\"SearchAction\",\"target\":{\"@type\":\"EntryPoint\",\"urlTemplate\":\"https:\/\/universnews224.com\/?s={search_term_string}\"},\"query-input\":\"required name=search_term_string\"}],\"inLanguage\":\"fr-FR\"},{\"@type\":\"Organization\",\"@id\":\"https:\/\/universnews224.com\/#organization\",\"name\":\"UNIVERSNEWS224\",\"url\":\"https:\/\/universnews224.com\/\",\"logo\":{\"@type\":\"ImageObject\",\"inLanguage\":\"fr-FR\",\"@id\":\"https:\/\/universnews224.com\/#\/schema\/logo\/image\/\",\"url\":\"https:\/\/universnews224.com\/wp-content\/uploads\/2022\/08\/cropped-cropped-logoban.jpg\",\"contentUrl\":\"https:\/\/universnews224.com\/wp-content\/uploads\/2022\/08\/cropped-cropped-logoban.jpg\",\"width\":1080,\"height\":138,\"caption\":\"UNIVERSNEWS224\"},\"image\":{\"@id\":\"https:\/\/universnews224.com\/#\/schema\/logo\/image\/\"}},{\"@type\":\"Person\",\"@id\":\"https:\/\/universnews224.com\/#\/schema\/person\/a4b7d4f94a4716df60456a491260485e\",\"name\":\"La R\u00e9daction\",\"image\":{\"@type\":\"ImageObject\",\"inLanguage\":\"fr-FR\",\"@id\":\"https:\/\/universnews224.com\/#\/schema\/person\/image\/\",\"url\":\"https:\/\/secure.gravatar.com\/avatar\/edb90acc7752b23e1b3307ad36c14f0d?s=96&d=mm&r=g\",\"contentUrl\":\"https:\/\/secure.gravatar.com\/avatar\/edb90acc7752b23e1b3307ad36c14f0d?s=96&d=mm&r=g\",\"caption\":\"La R\u00e9daction\"},\"sameAs\":[\"https:\/\/universnews224.com\"],\"url\":\"https:\/\/universnews224.com\/index.php\/author\/m-camara\/\"}]}<\/script>\n<!-- \/ Yoast SEO plugin. -->","yoast_head_json":{"title":"Proc\u00e8s des massacres du 28 septembre : Me Hamidou Barry plaide pour l\u2019ouverture solennelle du proc\u00e8s le 26 septembre 2022. - UNIVERSNEWS224","robots":{"index":"index","follow":"follow","max-snippet":"max-snippet:-1","max-image-preview":"max-image-preview:large","max-video-preview":"max-video-preview:-1"},"canonical":"https:\/\/universnews224.com\/index.php\/proces-des-massacres-du-28-septembre-me-hamidou-barry-plaide-pour-louverture-solennelle-du-proces-le-26-septembre-2022\/","og_locale":"fr_FR","og_type":"article","og_title":"Proc\u00e8s des massacres du 28 septembre : Me Hamidou Barry plaide pour l\u2019ouverture solennelle du proc\u00e8s le 26 septembre 2022. - UNIVERSNEWS224","og_description":"Alors que beaucoup d\u2019observateurs estiment que la date du 26 septembre 2022 pour l\u2019ouverture du","og_url":"https:\/\/universnews224.com\/index.php\/proces-des-massacres-du-28-septembre-me-hamidou-barry-plaide-pour-louverture-solennelle-du-proces-le-26-septembre-2022\/","og_site_name":"UNIVERSNEWS224","article_published_time":"2022-09-13T01:34:53+00:00","og_image":[{"width":350,"height":250,"url":"https:\/\/universnews224.com\/wp-content\/uploads\/2022\/09\/C91E0456-FAF6-4E22-94BB-9B5FEF245590.webp","type":"image\/webp"}],"author":"La R\u00e9daction","twitter_misc":{"\u00c9crit par":"La R\u00e9daction","Dur\u00e9e de lecture estim\u00e9e":"2 minutes"},"schema":{"@context":"https:\/\/schema.org","@graph":[{"@type":"Article","@id":"https:\/\/universnews224.com\/index.php\/proces-des-massacres-du-28-septembre-me-hamidou-barry-plaide-pour-louverture-solennelle-du-proces-le-26-septembre-2022\/#article","isPartOf":{"@id":"https:\/\/universnews224.com\/index.php\/proces-des-massacres-du-28-septembre-me-hamidou-barry-plaide-pour-louverture-solennelle-du-proces-le-26-septembre-2022\/"},"author":{"name":"La R\u00e9daction","@id":"https:\/\/universnews224.com\/#\/schema\/person\/a4b7d4f94a4716df60456a491260485e"},"headline":"Proc\u00e8s des massacres du 28 septembre : Me Hamidou Barry plaide pour l\u2019ouverture solennelle du proc\u00e8s le 26 septembre 2022.","datePublished":"2022-09-13T01:34:53+00:00","dateModified":"2022-09-13T01:34:53+00:00","mainEntityOfPage":{"@id":"https:\/\/universnews224.com\/index.php\/proces-des-massacres-du-28-septembre-me-hamidou-barry-plaide-pour-louverture-solennelle-du-proces-le-26-septembre-2022\/"},"wordCount":302,"publisher":{"@id":"https:\/\/universnews224.com\/#organization"},"keywords":["La une"],"articleSection":["ACTU","SOCI\u00c9T\u00c9"],"inLanguage":"fr-FR"},{"@type":"WebPage","@id":"https:\/\/universnews224.com\/index.php\/proces-des-massacres-du-28-septembre-me-hamidou-barry-plaide-pour-louverture-solennelle-du-proces-le-26-septembre-2022\/","url":"https:\/\/universnews224.com\/index.php\/proces-des-massacres-du-28-septembre-me-hamidou-barry-plaide-pour-louverture-solennelle-du-proces-le-26-septembre-2022\/","name":"Proc\u00e8s des massacres du 28 septembre : Me Hamidou Barry plaide pour l\u2019ouverture solennelle du proc\u00e8s le 26 septembre 2022. - UNIVERSNEWS224","isPartOf":{"@id":"https:\/\/universnews224.com\/#website"},"datePublished":"2022-09-13T01:34:53+00:00","dateModified":"2022-09-13T01:34:53+00:00","inLanguage":"fr-FR","potentialAction":[{"@type":"ReadAction","target":["https:\/\/universnews224.com\/index.php\/proces-des-massacres-du-28-septembre-me-hamidou-barry-plaide-pour-louverture-solennelle-du-proces-le-26-septembre-2022\/"]}]},{"@type":"WebSite","@id":"https:\/\/universnews224.com\/#website","url":"https:\/\/universnews224.com\/","name":"UNIVERSNEWS224","description":"","publisher":{"@id":"https:\/\/universnews224.com\/#organization"},"potentialAction":[{"@type":"SearchAction","target":{"@type":"EntryPoint","urlTemplate":"https:\/\/universnews224.com\/?s={search_term_string}"},"query-input":"required name=search_term_string"}],"inLanguage":"fr-FR"},{"@type":"Organization","@id":"https:\/\/universnews224.com\/#organization","name":"UNIVERSNEWS224","url":"https:\/\/universnews224.com\/","logo":{"@type":"ImageObject","inLanguage":"fr-FR","@id":"https:\/\/universnews224.com\/#\/schema\/logo\/image\/","url":"https:\/\/universnews224.com\/wp-content\/uploads\/2022\/08\/cropped-cropped-logoban.jpg","contentUrl":"https:\/\/universnews224.com\/wp-content\/uploads\/2022\/08\/cropped-cropped-logoban.jpg","width":1080,"height":138,"caption":"UNIVERSNEWS224"},"image":{"@id":"https:\/\/universnews224.com\/#\/schema\/logo\/image\/"}},{"@type":"Person","@id":"https:\/\/universnews224.com\/#\/schema\/person\/a4b7d4f94a4716df60456a491260485e","name":"La R\u00e9daction","image":{"@type":"ImageObject","inLanguage":"fr-FR","@id":"https:\/\/universnews224.com\/#\/schema\/person\/image\/","url":"https:\/\/secure.gravatar.com\/avatar\/edb90acc7752b23e1b3307ad36c14f0d?s=96&d=mm&r=g","contentUrl":"https:\/\/secure.gravatar.com\/avatar\/edb90acc7752b23e1b3307ad36c14f0d?s=96&d=mm&r=g","caption":"La R\u00e9daction"},"sameAs":["https:\/\/universnews224.com"],"url":"https:\/\/universnews224.com\/index.php\/author\/m-camara\/"}]}},"_links":{"self":[{"href":"https:\/\/universnews224.com\/index.php\/wp-json\/wp\/v2\/posts\/1997"}],"collection":[{"href":"https:\/\/universnews224.com\/index.php\/wp-json\/wp\/v2\/posts"}],"about":[{"href":"https:\/\/universnews224.com\/index.php\/wp-json\/wp\/v2\/types\/post"}],"author":[{"embeddable":true,"href":"https:\/\/universnews224.com\/index.php\/wp-json\/wp\/v2\/users\/2"}],"replies":[{"embeddable":true,"href":"https:\/\/universnews224.com\/index.php\/wp-json\/wp\/v2\/comments?post=1997"}],"version-history":[{"count":1,"href":"https:\/\/universnews224.com\/index.php\/wp-json\/wp\/v2\/posts\/1997\/revisions"}],"predecessor-version":[{"id":1999,"href":"https:\/\/universnews224.com\/index.php\/wp-json\/wp\/v2\/posts\/1997\/revisions\/1999"}],"wp:featuredmedia":[{"embeddable":true,"href":"https:\/\/universnews224.com\/index.php\/wp-json\/wp\/v2\/media\/1998"}],"wp:attachment":[{"href":"https:\/\/universnews224.com\/index.php\/wp-json\/wp\/v2\/media?parent=1997"}],"wp:term":[{"taxonomy":"category","embeddable":true,"href":"https:\/\/universnews224.com\/index.php\/wp-json\/wp\/v2\/categories?post=1997"},{"taxonomy":"post_tag","embeddable":true,"href":"https:\/\/universnews224.com\/index.php\/wp-json\/wp\/v2\/tags?post=1997"}],"curies":[{"name":"wp","href":"https:\/\/api.w.org\/{rel}","templated":true}]}}