{"id":2007,"date":"2022-09-13T22:06:55","date_gmt":"2022-09-13T21:06:55","guid":{"rendered":"https:\/\/universnews224.com\/?p=2007"},"modified":"2022-09-13T22:06:55","modified_gmt":"2022-09-13T21:06:55","slug":"fondation-kpc-pour-lhumanitaire-plus-dune-decennie-dengagement-pour-les-bonnes-causes","status":"publish","type":"post","link":"https:\/\/universnews224.com\/index.php\/fondation-kpc-pour-lhumanitaire-plus-dune-decennie-dengagement-pour-les-bonnes-causes\/","title":{"rendered":"Fondation KPC pour l\u2019humanitaire: Plus d\u2019une d\u00e9cennie d\u2019engagement pour les bonnes causes"},"content":{"rendered":"<p><strong><em>Cr\u00e9\u00e9e en 2010 dans le but d\u2019initier et de promouvoir des actions d\u2019entraide et de solidarit\u00e9 pour contribuer au d\u00e9veloppement socio-\u00e9conomique de la Guin\u00e9e, la structure \u00e0 but non lucratif du g\u00e9ant du BTP guin\u00e9en, Kerfalla Camara \u2018\u2019KPC\u2019\u2019 accompli depuis son lancement, de grandes \u0153uvres d\u2019int\u00e9r\u00eat g\u00e9n\u00e9ral. En plus de dix ans, la fondation est r\u00e9curremment active aupr\u00e8s des associations de la presse locale, dans le d\u00e9veloppement des infrastructures sportives et surtout ne cesse d\u2019apporter le sourire aux populations dans les communaut\u00e9s.<\/em><\/strong><\/p>\n<p>&nbsp;<\/p>\n<div class=\"jeg_ad jeg_ad_article jnews_content_inline_3_ads  \">\n<div class=\"ads-wrapper align-center \"><\/div>\n<\/div>\n<p>Appuy\u00e9e par la volont\u00e9 philanthropique du PDG du groupe GUICOPRES SA, son principal donateur, la fondation KPC pour l\u2019humanitaire unit ses efforts pour apporter plus de bonheur aux guin\u00e9ens. A cet effet, des s\u00e9ries d\u2019actions de bonnes causes non des moindres sont \u00e0 son actif \u00e0 Conakry et partout \u00e0 travers le pays.<\/p>\n<p>&nbsp;<\/p>\n<p><strong>L\u2019appui aux m\u00e9dias et aux organisations de presse<\/strong><\/p>\n<p>&nbsp;<\/p>\n<p>Accorder une attention particuli\u00e8re aux associations de la presse en Guin\u00e9e pour am\u00e9liorer leur cadre de travail a toujours \u00e9t\u00e9 au centre des pr\u00e9occupations de la fondation KPC pour l\u2019humanitaire. De sa date de cr\u00e9ation \u00e0 nos jours, une panoplie de gestes a \u00e9t\u00e9 pos\u00e9e au compte de cette corporation professionnelle qui constitue une des vitrines de la libert\u00e9 d\u2019expression. Pour les plus marquantes, rappelons tout d\u2019abord qu\u2019en mai 2010, une s\u00e9rie de dons avait \u00e9t\u00e9 faite \u00e0 la presse publique et priv\u00e9e du pays, y compris les bureaux de presse de la CENI et du CNT d\u2019alors. Pour accompagner le processus \u00e9lectoral, ces dons comportaient 10 voitures tout terrain au b\u00e9n\u00e9fice de la Radiot\u00e9l\u00e9vision Guin\u00e9enne (RTG), la CENI et le CNT, 45 ordinateurs, 5 cam\u00e9ras dont 1 pour le bureau de presse du CNT, 12 500 litres de carburant, 135 gilets, 44 dictaphones et 10 appareils photo. Telle une ouverture du bal, les \u0153uvres caritatives n\u2019ont cess\u00e9 de se multiplier pour soutenir la pratique du m\u00e9tier de journalisme. L\u2019appuis aux associations de presse, notamment dans le cadre de la couverture m\u00e9diatique de grands \u00e9v\u00e8nements majeurs (la CAN) par les journalistes sportifs du pays, en est une illustration parfaite. Les multiples prises en charge des frais de voyages, de s\u00e9jour et m\u00eame de per diem sont assur\u00e9s pour la bonne cause. Que dire ensuite des actions de charit\u00e9 \u00e9galement men\u00e9es en pleine p\u00e9riode de pand\u00e9mie COVID-19, \u00e0 travers un don de denr\u00e9es alimentaires aux journalistes de la presse publique et priv\u00e9e\u00a0? Dans le m\u00eame ordre d\u2019id\u00e9es, on pourrait \u00e9grainer plusieurs autres \u0153uvres de bienfaisances \u00e0 l\u2019image de la r\u00e9cente assistance financi\u00e8re apport\u00e9e aux activit\u00e9s du RALAN (R\u00e9seau des Animateurs en Langue) \u00e0 travers le don d\u2019un lot de mat\u00e9riels informatiques (5 ordinateurs et accessoires, 5 imprimantes grand format multifonction et de 5 onduleurs UPS de 1500 VA d\u2019une autonomie de 3 heures).<\/p>\n<p>Et quand on sait l\u2019attachement et l\u2019implication du PDG du Groupe GUICOPRES SA dans les actions de d\u00e9veloppement socio-\u00e9conomiques de son pays, il est clair qu\u2019il faudra encore s\u2019attendre \u00e0 bien d\u2019autres \u0153uvres de soutien et d\u2019appui \u00e0 la presse dans l\u2019agenda de sa fondation en cette p\u00e9riode transition.<\/p>\n<p>&nbsp;<\/p>\n<p><strong>Une implication remarquable dans le d\u00e9veloppement des infrastructures sportives<\/strong><\/p>\n<p>&nbsp;<\/p>\n<p>Le diagnostic \u00e9tant pos\u00e9 dans le domaine des infrastructures sportives (football) en Guin\u00e9e, la fondation a tr\u00e8s t\u00f4t pris la mesure des choses pour annoncer les couleurs le 09 novembre 2020. Une date m\u00e9morable marqu\u00e9e par la signature d\u2019un partenariat avec la ligue guin\u00e9enne de football professionnel pour la construction de trois terrains synth\u00e9tiques, notamment le stade Saifoulaye Diallo de Lab\u00e9, le stade de Fod\u00e9 Fissa de Kindia et celui de Col\u00e9ah \u00e0 Conakry. Pr\u00e8s de deux apr\u00e8s, le r\u00e9sultat est plus que reluisant sur le terrain. A Lab\u00e9 (la capitale du Fouta) et Kindia (la grande ville des agrumes), c\u2019est un vrai ouf de soulagement pour les acteurs du football et le public sportif de ces deux localit\u00e9s. Apr\u00e8s autant d\u2019ann\u00e9es de gal\u00e8re, les stades de ces deux capitales r\u00e9gionales affichent un autre visage gr\u00e2ce \u00e0 la bonne volont\u00e9 de celui qui fait \u00e9galement office de pr\u00e9sident du Hafia FC, le visionneur Kerfala Person Camara (KPC). Il redonne depuis, sourire et espoirs aux sportifs de ces villes o\u00f9 assez de jeunes auront l\u2019opportunit\u00e9 d\u00e9sormais de taper dans le ballon rond. Ceci dit, les yeux sont d\u00e9sormais riv\u00e9s sur le stade de Coleah, le troisi\u00e8me volet du projet d\u2019assistance et d\u2019appui au d\u00e9veloppement des infrastructures de football en partenariat avec la LGFP. Apr\u00e8s le lancement effectif des travaux de r\u00e9novation en juin dernier, la fondation d\u00e9ploie moyens et \u00e9nergie pour la mise \u00e0 disposition rapide de cette autre \u0153uvre visant \u00e0 impacter positivement la pratique du foot dans un cadre ad\u00e9quat et \u00e9panoui dans cette partie de la capitale Conakry.<\/p>\n<p>&nbsp;<\/p>\n<p><strong>D\u2019autres \u0153uvres d\u2019appui aux initiatives de jeunes et au bien-\u00eatre communautaire<\/strong><\/p>\n<p>&nbsp;<\/p>\n<p>Au-del\u00e0 de l\u2019accompagnement des m\u00e9dias et du d\u00e9veloppement des infrastructures sportives, la fondation KPC pour l\u2019humanitaire se distingue aussi dans bien d\u2019autres secteurs sensibles de son pays. Beaucoup de jeunes entrepreneurs du pays en qu\u00eate de levier de d\u00e9part ont pu compter sur l\u2019apport financier de KPC via sa fondation, qui leur accorde chance et opportunit\u00e9 d\u2019entreprendre ici sur place. A travers son appui, bon nombre de jeunes entrepreneurs se sont vu boost\u00e9s dans leur cr\u00e9ativit\u00e9. Au-del\u00e0 des pr\u00e9c\u00e9dents, l\u2019un des cas qui a le plus marqu\u00e9 les esprits, c\u2019est bien celui de Mademoiselle Ousmane Tanou Diallo, la jeune fille de seize (16) ans qui s\u2019est vue financ\u00e9e \u00e0 hauteur de 90 millions francs guin\u00e9ens pour son projet \u2018\u2019Aquarium\u2019\u2019 (un projet portant sur la cr\u00e9ation d\u2019une cha\u00eene de fabrication et de distribution des produits laitiers et des fruits press\u00e9s bio naturel). Aussi, la fondation de celui qui se fait affectueusement appeler \u00ab Soss\u00e9 bannaa \u00bb proc\u00e8de r\u00e9guli\u00e8rement \u00e0 des remises de forages dans les communaut\u00e9s. On peut citer les trois forages enti\u00e8rement construits au b\u00e9n\u00e9fice des populations de Kagb\u00e8len-Plateau, ainsi que la r\u00e9novation du cimeti\u00e8re \u00e0 hauteur de 370 millions de francs guin\u00e9ens. Des actions qui prouvent assez, sinon trop la volont\u00e9 du principal donateur contribuer pleinement \u00e0 l\u2019\u00e9panouissement des populations \u00e0 tous les niveaux. La liste est longue et les actions entreprises et men\u00e9es sont salu\u00e9es par les autorit\u00e9s, ainsi que l\u2019ensemble des guin\u00e9ens.<\/p>\n<p><strong><em>Ahmadou Hamza Bah<\/em><\/strong><\/p>\n","protected":false},"excerpt":{"rendered":"<p>Cr\u00e9\u00e9e en 2010 dans le but d\u2019initier et de promouvoir des actions d\u2019entraide et de<\/p>\n","protected":false},"author":2,"featured_media":2008,"comment_status":"closed","ping_status":"open","sticky":false,"template":"","format":"standard","meta":[],"categories":[3,24],"tags":[229],"yoast_head":"<!-- This site is optimized with the Yoast SEO plugin v19.13 - https:\/\/yoast.com\/wordpress\/plugins\/seo\/ -->\n<title>Fondation KPC pour l\u2019humanitaire: Plus d\u2019une d\u00e9cennie d\u2019engagement pour les bonnes causes - UNIVERSNEWS224<\/title>\n<meta name=\"robots\" content=\"index, follow, max-snippet:-1, max-image-preview:large, max-video-preview:-1\" \/>\n<link rel=\"canonical\" href=\"https:\/\/universnews224.com\/index.php\/fondation-kpc-pour-lhumanitaire-plus-dune-decennie-dengagement-pour-les-bonnes-causes\/\" \/>\n<meta property=\"og:locale\" content=\"fr_FR\" \/>\n<meta property=\"og:type\" content=\"article\" \/>\n<meta property=\"og:title\" content=\"Fondation KPC pour l\u2019humanitaire: Plus d\u2019une d\u00e9cennie d\u2019engagement pour les bonnes causes - UNIVERSNEWS224\" \/>\n<meta property=\"og:description\" content=\"Cr\u00e9\u00e9e en 2010 dans le but d\u2019initier et de promouvoir des actions d\u2019entraide et de\" \/>\n<meta property=\"og:url\" content=\"https:\/\/universnews224.com\/index.php\/fondation-kpc-pour-lhumanitaire-plus-dune-decennie-dengagement-pour-les-bonnes-causes\/\" \/>\n<meta property=\"og:site_name\" content=\"UNIVERSNEWS224\" \/>\n<meta property=\"article:published_time\" content=\"2022-09-13T21:06:55+00:00\" \/>\n<meta property=\"og:image\" content=\"https:\/\/universnews224.com\/wp-content\/uploads\/2022\/09\/35A8E09C-93D2-4AE6-B2B8-1EA797A054F4.jpeg\" \/>\n\t<meta property=\"og:image:width\" content=\"656\" \/>\n\t<meta property=\"og:image:height\" content=\"960\" \/>\n\t<meta property=\"og:image:type\" content=\"image\/jpeg\" \/>\n<meta name=\"author\" content=\"La R\u00e9daction\" \/>\n<meta name=\"twitter:label1\" content=\"\u00c9crit par\" \/>\n\t<meta name=\"twitter:data1\" content=\"La R\u00e9daction\" \/>\n\t<meta name=\"twitter:label2\" content=\"Dur\u00e9e de lecture estim\u00e9e\" \/>\n\t<meta name=\"twitter:data2\" content=\"6 minutes\" \/>\n<script type=\"application\/ld+json\" class=\"yoast-schema-graph\">{\"@context\":\"https:\/\/schema.org\",\"@graph\":[{\"@type\":\"Article\",\"@id\":\"https:\/\/universnews224.com\/index.php\/fondation-kpc-pour-lhumanitaire-plus-dune-decennie-dengagement-pour-les-bonnes-causes\/#article\",\"isPartOf\":{\"@id\":\"https:\/\/universnews224.com\/index.php\/fondation-kpc-pour-lhumanitaire-plus-dune-decennie-dengagement-pour-les-bonnes-causes\/\"},\"author\":{\"name\":\"La R\u00e9daction\",\"@id\":\"https:\/\/universnews224.com\/#\/schema\/person\/a4b7d4f94a4716df60456a491260485e\"},\"headline\":\"Fondation KPC pour l\u2019humanitaire: Plus d\u2019une d\u00e9cennie d\u2019engagement pour les bonnes causes\",\"datePublished\":\"2022-09-13T21:06:55+00:00\",\"dateModified\":\"2022-09-13T21:06:55+00:00\",\"mainEntityOfPage\":{\"@id\":\"https:\/\/universnews224.com\/index.php\/fondation-kpc-pour-lhumanitaire-plus-dune-decennie-dengagement-pour-les-bonnes-causes\/\"},\"wordCount\":1157,\"publisher\":{\"@id\":\"https:\/\/universnews224.com\/#organization\"},\"keywords\":[\"La une\"],\"articleSection\":[\"ACTU\",\"REPORTAGE\"],\"inLanguage\":\"fr-FR\"},{\"@type\":\"WebPage\",\"@id\":\"https:\/\/universnews224.com\/index.php\/fondation-kpc-pour-lhumanitaire-plus-dune-decennie-dengagement-pour-les-bonnes-causes\/\",\"url\":\"https:\/\/universnews224.com\/index.php\/fondation-kpc-pour-lhumanitaire-plus-dune-decennie-dengagement-pour-les-bonnes-causes\/\",\"name\":\"Fondation KPC pour l\u2019humanitaire: Plus d\u2019une d\u00e9cennie d\u2019engagement pour les bonnes causes - UNIVERSNEWS224\",\"isPartOf\":{\"@id\":\"https:\/\/universnews224.com\/#website\"},\"datePublished\":\"2022-09-13T21:06:55+00:00\",\"dateModified\":\"2022-09-13T21:06:55+00:00\",\"inLanguage\":\"fr-FR\",\"potentialAction\":[{\"@type\":\"ReadAction\",\"target\":[\"https:\/\/universnews224.com\/index.php\/fondation-kpc-pour-lhumanitaire-plus-dune-decennie-dengagement-pour-les-bonnes-causes\/\"]}]},{\"@type\":\"WebSite\",\"@id\":\"https:\/\/universnews224.com\/#website\",\"url\":\"https:\/\/universnews224.com\/\",\"name\":\"UNIVERSNEWS224\",\"description\":\"\",\"publisher\":{\"@id\":\"https:\/\/universnews224.com\/#organization\"},\"potentialAction\":[{\"@type\":\"SearchAction\",\"target\":{\"@type\":\"EntryPoint\",\"urlTemplate\":\"https:\/\/universnews224.com\/?s={search_term_string}\"},\"query-input\":\"required name=search_term_string\"}],\"inLanguage\":\"fr-FR\"},{\"@type\":\"Organization\",\"@id\":\"https:\/\/universnews224.com\/#organization\",\"name\":\"UNIVERSNEWS224\",\"url\":\"https:\/\/universnews224.com\/\",\"logo\":{\"@type\":\"ImageObject\",\"inLanguage\":\"fr-FR\",\"@id\":\"https:\/\/universnews224.com\/#\/schema\/logo\/image\/\",\"url\":\"https:\/\/universnews224.com\/wp-content\/uploads\/2022\/08\/cropped-cropped-logoban.jpg\",\"contentUrl\":\"https:\/\/universnews224.com\/wp-content\/uploads\/2022\/08\/cropped-cropped-logoban.jpg\",\"width\":1080,\"height\":138,\"caption\":\"UNIVERSNEWS224\"},\"image\":{\"@id\":\"https:\/\/universnews224.com\/#\/schema\/logo\/image\/\"}},{\"@type\":\"Person\",\"@id\":\"https:\/\/universnews224.com\/#\/schema\/person\/a4b7d4f94a4716df60456a491260485e\",\"name\":\"La R\u00e9daction\",\"image\":{\"@type\":\"ImageObject\",\"inLanguage\":\"fr-FR\",\"@id\":\"https:\/\/universnews224.com\/#\/schema\/person\/image\/\",\"url\":\"https:\/\/secure.gravatar.com\/avatar\/edb90acc7752b23e1b3307ad36c14f0d?s=96&d=mm&r=g\",\"contentUrl\":\"https:\/\/secure.gravatar.com\/avatar\/edb90acc7752b23e1b3307ad36c14f0d?s=96&d=mm&r=g\",\"caption\":\"La R\u00e9daction\"},\"sameAs\":[\"https:\/\/universnews224.com\"],\"url\":\"https:\/\/universnews224.com\/index.php\/author\/m-camara\/\"}]}<\/script>\n<!-- \/ Yoast SEO plugin. -->","yoast_head_json":{"title":"Fondation KPC pour l\u2019humanitaire: Plus d\u2019une d\u00e9cennie d\u2019engagement pour les bonnes causes - UNIVERSNEWS224","robots":{"index":"index","follow":"follow","max-snippet":"max-snippet:-1","max-image-preview":"max-image-preview:large","max-video-preview":"max-video-preview:-1"},"canonical":"https:\/\/universnews224.com\/index.php\/fondation-kpc-pour-lhumanitaire-plus-dune-decennie-dengagement-pour-les-bonnes-causes\/","og_locale":"fr_FR","og_type":"article","og_title":"Fondation KPC pour l\u2019humanitaire: Plus d\u2019une d\u00e9cennie d\u2019engagement pour les bonnes causes - UNIVERSNEWS224","og_description":"Cr\u00e9\u00e9e en 2010 dans le but d\u2019initier et de promouvoir des actions d\u2019entraide et de","og_url":"https:\/\/universnews224.com\/index.php\/fondation-kpc-pour-lhumanitaire-plus-dune-decennie-dengagement-pour-les-bonnes-causes\/","og_site_name":"UNIVERSNEWS224","article_published_time":"2022-09-13T21:06:55+00:00","og_image":[{"width":656,"height":960,"url":"https:\/\/universnews224.com\/wp-content\/uploads\/2022\/09\/35A8E09C-93D2-4AE6-B2B8-1EA797A054F4.jpeg","type":"image\/jpeg"}],"author":"La R\u00e9daction","twitter_misc":{"\u00c9crit par":"La R\u00e9daction","Dur\u00e9e de lecture estim\u00e9e":"6 minutes"},"schema":{"@context":"https:\/\/schema.org","@graph":[{"@type":"Article","@id":"https:\/\/universnews224.com\/index.php\/fondation-kpc-pour-lhumanitaire-plus-dune-decennie-dengagement-pour-les-bonnes-causes\/#article","isPartOf":{"@id":"https:\/\/universnews224.com\/index.php\/fondation-kpc-pour-lhumanitaire-plus-dune-decennie-dengagement-pour-les-bonnes-causes\/"},"author":{"name":"La R\u00e9daction","@id":"https:\/\/universnews224.com\/#\/schema\/person\/a4b7d4f94a4716df60456a491260485e"},"headline":"Fondation KPC pour l\u2019humanitaire: Plus d\u2019une d\u00e9cennie d\u2019engagement pour les bonnes causes","datePublished":"2022-09-13T21:06:55+00:00","dateModified":"2022-09-13T21:06:55+00:00","mainEntityOfPage":{"@id":"https:\/\/universnews224.com\/index.php\/fondation-kpc-pour-lhumanitaire-plus-dune-decennie-dengagement-pour-les-bonnes-causes\/"},"wordCount":1157,"publisher":{"@id":"https:\/\/universnews224.com\/#organization"},"keywords":["La une"],"articleSection":["ACTU","REPORTAGE"],"inLanguage":"fr-FR"},{"@type":"WebPage","@id":"https:\/\/universnews224.com\/index.php\/fondation-kpc-pour-lhumanitaire-plus-dune-decennie-dengagement-pour-les-bonnes-causes\/","url":"https:\/\/universnews224.com\/index.php\/fondation-kpc-pour-lhumanitaire-plus-dune-decennie-dengagement-pour-les-bonnes-causes\/","name":"Fondation KPC pour l\u2019humanitaire: Plus d\u2019une d\u00e9cennie d\u2019engagement pour les bonnes causes - UNIVERSNEWS224","isPartOf":{"@id":"https:\/\/universnews224.com\/#website"},"datePublished":"2022-09-13T21:06:55+00:00","dateModified":"2022-09-13T21:06:55+00:00","inLanguage":"fr-FR","potentialAction":[{"@type":"ReadAction","target":["https:\/\/universnews224.com\/index.php\/fondation-kpc-pour-lhumanitaire-plus-dune-decennie-dengagement-pour-les-bonnes-causes\/"]}]},{"@type":"WebSite","@id":"https:\/\/universnews224.com\/#website","url":"https:\/\/universnews224.com\/","name":"UNIVERSNEWS224","description":"","publisher":{"@id":"https:\/\/universnews224.com\/#organization"},"potentialAction":[{"@type":"SearchAction","target":{"@type":"EntryPoint","urlTemplate":"https:\/\/universnews224.com\/?s={search_term_string}"},"query-input":"required name=search_term_string"}],"inLanguage":"fr-FR"},{"@type":"Organization","@id":"https:\/\/universnews224.com\/#organization","name":"UNIVERSNEWS224","url":"https:\/\/universnews224.com\/","logo":{"@type":"ImageObject","inLanguage":"fr-FR","@id":"https:\/\/universnews224.com\/#\/schema\/logo\/image\/","url":"https:\/\/universnews224.com\/wp-content\/uploads\/2022\/08\/cropped-cropped-logoban.jpg","contentUrl":"https:\/\/universnews224.com\/wp-content\/uploads\/2022\/08\/cropped-cropped-logoban.jpg","width":1080,"height":138,"caption":"UNIVERSNEWS224"},"image":{"@id":"https:\/\/universnews224.com\/#\/schema\/logo\/image\/"}},{"@type":"Person","@id":"https:\/\/universnews224.com\/#\/schema\/person\/a4b7d4f94a4716df60456a491260485e","name":"La R\u00e9daction","image":{"@type":"ImageObject","inLanguage":"fr-FR","@id":"https:\/\/universnews224.com\/#\/schema\/person\/image\/","url":"https:\/\/secure.gravatar.com\/avatar\/edb90acc7752b23e1b3307ad36c14f0d?s=96&d=mm&r=g","contentUrl":"https:\/\/secure.gravatar.com\/avatar\/edb90acc7752b23e1b3307ad36c14f0d?s=96&d=mm&r=g","caption":"La R\u00e9daction"},"sameAs":["https:\/\/universnews224.com"],"url":"https:\/\/universnews224.com\/index.php\/author\/m-camara\/"}]}},"_links":{"self":[{"href":"https:\/\/universnews224.com\/index.php\/wp-json\/wp\/v2\/posts\/2007"}],"collection":[{"href":"https:\/\/universnews224.com\/index.php\/wp-json\/wp\/v2\/posts"}],"about":[{"href":"https:\/\/universnews224.com\/index.php\/wp-json\/wp\/v2\/types\/post"}],"author":[{"embeddable":true,"href":"https:\/\/universnews224.com\/index.php\/wp-json\/wp\/v2\/users\/2"}],"replies":[{"embeddable":true,"href":"https:\/\/universnews224.com\/index.php\/wp-json\/wp\/v2\/comments?post=2007"}],"version-history":[{"count":1,"href":"https:\/\/universnews224.com\/index.php\/wp-json\/wp\/v2\/posts\/2007\/revisions"}],"predecessor-version":[{"id":2009,"href":"https:\/\/universnews224.com\/index.php\/wp-json\/wp\/v2\/posts\/2007\/revisions\/2009"}],"wp:featuredmedia":[{"embeddable":true,"href":"https:\/\/universnews224.com\/index.php\/wp-json\/wp\/v2\/media\/2008"}],"wp:attachment":[{"href":"https:\/\/universnews224.com\/index.php\/wp-json\/wp\/v2\/media?parent=2007"}],"wp:term":[{"taxonomy":"category","embeddable":true,"href":"https:\/\/universnews224.com\/index.php\/wp-json\/wp\/v2\/categories?post=2007"},{"taxonomy":"post_tag","embeddable":true,"href":"https:\/\/universnews224.com\/index.php\/wp-json\/wp\/v2\/tags?post=2007"}],"curies":[{"name":"wp","href":"https:\/\/api.w.org\/{rel}","templated":true}]}}