{"id":2047,"date":"2022-09-20T13:24:37","date_gmt":"2022-09-20T12:24:37","guid":{"rendered":"https:\/\/universnews224.com\/?p=2047"},"modified":"2022-09-20T13:24:37","modified_gmt":"2022-09-20T12:24:37","slug":"transition-le-cadre-de-dialogue-inclusif-mis-en-place-decret","status":"publish","type":"post","link":"https:\/\/universnews224.com\/index.php\/transition-le-cadre-de-dialogue-inclusif-mis-en-place-decret\/","title":{"rendered":"Transition : le cadre de dialogue inclusif mis en place (d\u00e9cret)"},"content":{"rendered":"<p>\u00c0 travers un d\u00e9cret diffus\u00e9 sur les m\u00e9dias d\u2019Etat ce lundi soir, le pr\u00e9sident de la transition a proc\u00e9d\u00e9 \u00e0 la mise en place d\u2019un cadre de dialogue inclusif interguin\u00e9en.<\/p>\n<div dir=\"auto\">\n<div dir=\"auto\"><\/div>\n<div dir=\"auto\" data-removefontsize=\"true\" data-originalcomputedfontsize=\"16\">Ce cadre plac\u00e9 sous l\u2019autorit\u00e9 du premier ministre chef du gouvernement, vise \u00e0 favoriser des \u00e9changes constructifs entre les acteurs des forces vives de la nation sur la transition. Celui-ci a en charge, de coordonner les activit\u00e9s et de rendre compte p\u00e9riodiquement au pr\u00e9sident de la transition.<\/div>\n<div dir=\"auto\"><\/div>\n<div dir=\"auto\" data-removefontsize=\"true\" data-originalcomputedfontsize=\"16\">Ledit cadre regroupe le gouvernement, les partis politiques et la soci\u00e9t\u00e9 civile. Les crit\u00e8res de choix et le nombre de d\u00e9l\u00e9gu\u00e9 seront d\u00e9termin\u00e9s apr\u00e8s consultation entre les parties prenantes et les facilitateurs nationaux.<\/div>\n<div dir=\"auto\"><\/div>\n<div dir=\"auto\" data-removefontsize=\"true\" data-originalcomputedfontsize=\"16\">Le d\u00e9cret pr\u00e9cise par ailleurs, que le cadre de dialogue est anim\u00e9 par un groupe de nationaux nomm\u00e9s par le premier ministre reconnus sur la base des crit\u00e8res de moralit\u00e9, de neutralit\u00e9 et d\u2019expertise. Ils sont nomm\u00e9s par arr\u00eat\u00e9 du premier. Ils ont pour r\u00f4le de pr\u00e9sider les pl\u00e9ni\u00e8res, mod\u00e9rer les discussions, faciliter une bonne communication entre les parties prenantes, rapprocher les positions entre les parties, veiller au respect des modalit\u00e9s et assurer \u00e0 l\u2019atteinte des objectifs du dialogue.<\/div>\n<div dir=\"auto\"><\/div>\n<div dir=\"auto\" data-removefontsize=\"true\" data-originalcomputedfontsize=\"16\">Par ailleurs, les r\u00e9sultats issus des pr\u00e9c\u00e9dents cadres de dialogue seront int\u00e9gr\u00e9s au cade de dialogue inclusifs.<\/div>\n<div dir=\"auto\"><\/div>\n<div dir=\"auto\"><b data-removefontsize=\"true\" data-originalcomputedfontsize=\"16\">Mosaiqueguinee.com<\/b><\/div>\n<\/div>\n","protected":false},"excerpt":{"rendered":"<p>\u00c0 travers un d\u00e9cret diffus\u00e9 sur les m\u00e9dias d\u2019Etat ce lundi soir, le pr\u00e9sident de<\/p>\n","protected":false},"author":2,"featured_media":1216,"comment_status":"closed","ping_status":"open","sticky":false,"template":"","format":"standard","meta":[],"categories":[3,4],"tags":[229],"yoast_head":"<!-- This site is optimized with the Yoast SEO plugin v19.13 - https:\/\/yoast.com\/wordpress\/plugins\/seo\/ -->\n<title>Transition : le cadre de dialogue inclusif mis en place (d\u00e9cret) - UNIVERSNEWS224<\/title>\n<meta name=\"robots\" content=\"index, follow, max-snippet:-1, max-image-preview:large, max-video-preview:-1\" \/>\n<link rel=\"canonical\" href=\"https:\/\/universnews224.com\/index.php\/transition-le-cadre-de-dialogue-inclusif-mis-en-place-decret\/\" \/>\n<meta property=\"og:locale\" content=\"fr_FR\" \/>\n<meta property=\"og:type\" content=\"article\" \/>\n<meta property=\"og:title\" content=\"Transition : le cadre de dialogue inclusif mis en place (d\u00e9cret) - UNIVERSNEWS224\" \/>\n<meta property=\"og:description\" content=\"\u00c0 travers un d\u00e9cret diffus\u00e9 sur les m\u00e9dias d\u2019Etat ce lundi soir, le pr\u00e9sident de\" \/>\n<meta property=\"og:url\" content=\"https:\/\/universnews224.com\/index.php\/transition-le-cadre-de-dialogue-inclusif-mis-en-place-decret\/\" \/>\n<meta property=\"og:site_name\" content=\"UNIVERSNEWS224\" \/>\n<meta property=\"article:published_time\" content=\"2022-09-20T12:24:37+00:00\" \/>\n<meta property=\"og:image\" content=\"https:\/\/universnews224.com\/wp-content\/uploads\/2022\/04\/4E2AA19D-23FF-4D96-84B2-835D845645B7.jpeg\" \/>\n\t<meta property=\"og:image:width\" content=\"660\" \/>\n\t<meta property=\"og:image:height\" content=\"330\" \/>\n\t<meta property=\"og:image:type\" content=\"image\/jpeg\" \/>\n<meta name=\"author\" content=\"La R\u00e9daction\" \/>\n<meta name=\"twitter:label1\" content=\"\u00c9crit par\" \/>\n\t<meta name=\"twitter:data1\" content=\"La R\u00e9daction\" \/>\n\t<meta name=\"twitter:label2\" content=\"Dur\u00e9e de lecture estim\u00e9e\" \/>\n\t<meta name=\"twitter:data2\" content=\"2 minutes\" \/>\n<script type=\"application\/ld+json\" class=\"yoast-schema-graph\">{\"@context\":\"https:\/\/schema.org\",\"@graph\":[{\"@type\":\"Article\",\"@id\":\"https:\/\/universnews224.com\/index.php\/transition-le-cadre-de-dialogue-inclusif-mis-en-place-decret\/#article\",\"isPartOf\":{\"@id\":\"https:\/\/universnews224.com\/index.php\/transition-le-cadre-de-dialogue-inclusif-mis-en-place-decret\/\"},\"author\":{\"name\":\"La R\u00e9daction\",\"@id\":\"https:\/\/universnews224.com\/#\/schema\/person\/a4b7d4f94a4716df60456a491260485e\"},\"headline\":\"Transition : le cadre de dialogue inclusif mis en place (d\u00e9cret)\",\"datePublished\":\"2022-09-20T12:24:37+00:00\",\"dateModified\":\"2022-09-20T12:24:37+00:00\",\"mainEntityOfPage\":{\"@id\":\"https:\/\/universnews224.com\/index.php\/transition-le-cadre-de-dialogue-inclusif-mis-en-place-decret\/\"},\"wordCount\":252,\"publisher\":{\"@id\":\"https:\/\/universnews224.com\/#organization\"},\"keywords\":[\"La une\"],\"articleSection\":[\"ACTU\",\"POLITIQUE\"],\"inLanguage\":\"fr-FR\"},{\"@type\":\"WebPage\",\"@id\":\"https:\/\/universnews224.com\/index.php\/transition-le-cadre-de-dialogue-inclusif-mis-en-place-decret\/\",\"url\":\"https:\/\/universnews224.com\/index.php\/transition-le-cadre-de-dialogue-inclusif-mis-en-place-decret\/\",\"name\":\"Transition : le cadre de dialogue inclusif mis en place (d\u00e9cret) - UNIVERSNEWS224\",\"isPartOf\":{\"@id\":\"https:\/\/universnews224.com\/#website\"},\"datePublished\":\"2022-09-20T12:24:37+00:00\",\"dateModified\":\"2022-09-20T12:24:37+00:00\",\"inLanguage\":\"fr-FR\",\"potentialAction\":[{\"@type\":\"ReadAction\",\"target\":[\"https:\/\/universnews224.com\/index.php\/transition-le-cadre-de-dialogue-inclusif-mis-en-place-decret\/\"]}]},{\"@type\":\"WebSite\",\"@id\":\"https:\/\/universnews224.com\/#website\",\"url\":\"https:\/\/universnews224.com\/\",\"name\":\"UNIVERSNEWS224\",\"description\":\"\",\"publisher\":{\"@id\":\"https:\/\/universnews224.com\/#organization\"},\"potentialAction\":[{\"@type\":\"SearchAction\",\"target\":{\"@type\":\"EntryPoint\",\"urlTemplate\":\"https:\/\/universnews224.com\/?s={search_term_string}\"},\"query-input\":\"required name=search_term_string\"}],\"inLanguage\":\"fr-FR\"},{\"@type\":\"Organization\",\"@id\":\"https:\/\/universnews224.com\/#organization\",\"name\":\"UNIVERSNEWS224\",\"url\":\"https:\/\/universnews224.com\/\",\"logo\":{\"@type\":\"ImageObject\",\"inLanguage\":\"fr-FR\",\"@id\":\"https:\/\/universnews224.com\/#\/schema\/logo\/image\/\",\"url\":\"https:\/\/universnews224.com\/wp-content\/uploads\/2022\/08\/cropped-cropped-logoban.jpg\",\"contentUrl\":\"https:\/\/universnews224.com\/wp-content\/uploads\/2022\/08\/cropped-cropped-logoban.jpg\",\"width\":1080,\"height\":138,\"caption\":\"UNIVERSNEWS224\"},\"image\":{\"@id\":\"https:\/\/universnews224.com\/#\/schema\/logo\/image\/\"}},{\"@type\":\"Person\",\"@id\":\"https:\/\/universnews224.com\/#\/schema\/person\/a4b7d4f94a4716df60456a491260485e\",\"name\":\"La R\u00e9daction\",\"image\":{\"@type\":\"ImageObject\",\"inLanguage\":\"fr-FR\",\"@id\":\"https:\/\/universnews224.com\/#\/schema\/person\/image\/\",\"url\":\"https:\/\/secure.gravatar.com\/avatar\/edb90acc7752b23e1b3307ad36c14f0d?s=96&d=mm&r=g\",\"contentUrl\":\"https:\/\/secure.gravatar.com\/avatar\/edb90acc7752b23e1b3307ad36c14f0d?s=96&d=mm&r=g\",\"caption\":\"La R\u00e9daction\"},\"sameAs\":[\"https:\/\/universnews224.com\"],\"url\":\"https:\/\/universnews224.com\/index.php\/author\/m-camara\/\"}]}<\/script>\n<!-- \/ Yoast SEO plugin. -->","yoast_head_json":{"title":"Transition : le cadre de dialogue inclusif mis en place (d\u00e9cret) - UNIVERSNEWS224","robots":{"index":"index","follow":"follow","max-snippet":"max-snippet:-1","max-image-preview":"max-image-preview:large","max-video-preview":"max-video-preview:-1"},"canonical":"https:\/\/universnews224.com\/index.php\/transition-le-cadre-de-dialogue-inclusif-mis-en-place-decret\/","og_locale":"fr_FR","og_type":"article","og_title":"Transition : le cadre de dialogue inclusif mis en place (d\u00e9cret) - UNIVERSNEWS224","og_description":"\u00c0 travers un d\u00e9cret diffus\u00e9 sur les m\u00e9dias d\u2019Etat ce lundi soir, le pr\u00e9sident de","og_url":"https:\/\/universnews224.com\/index.php\/transition-le-cadre-de-dialogue-inclusif-mis-en-place-decret\/","og_site_name":"UNIVERSNEWS224","article_published_time":"2022-09-20T12:24:37+00:00","og_image":[{"width":660,"height":330,"url":"https:\/\/universnews224.com\/wp-content\/uploads\/2022\/04\/4E2AA19D-23FF-4D96-84B2-835D845645B7.jpeg","type":"image\/jpeg"}],"author":"La R\u00e9daction","twitter_misc":{"\u00c9crit par":"La R\u00e9daction","Dur\u00e9e de lecture estim\u00e9e":"2 minutes"},"schema":{"@context":"https:\/\/schema.org","@graph":[{"@type":"Article","@id":"https:\/\/universnews224.com\/index.php\/transition-le-cadre-de-dialogue-inclusif-mis-en-place-decret\/#article","isPartOf":{"@id":"https:\/\/universnews224.com\/index.php\/transition-le-cadre-de-dialogue-inclusif-mis-en-place-decret\/"},"author":{"name":"La R\u00e9daction","@id":"https:\/\/universnews224.com\/#\/schema\/person\/a4b7d4f94a4716df60456a491260485e"},"headline":"Transition : le cadre de dialogue inclusif mis en place (d\u00e9cret)","datePublished":"2022-09-20T12:24:37+00:00","dateModified":"2022-09-20T12:24:37+00:00","mainEntityOfPage":{"@id":"https:\/\/universnews224.com\/index.php\/transition-le-cadre-de-dialogue-inclusif-mis-en-place-decret\/"},"wordCount":252,"publisher":{"@id":"https:\/\/universnews224.com\/#organization"},"keywords":["La une"],"articleSection":["ACTU","POLITIQUE"],"inLanguage":"fr-FR"},{"@type":"WebPage","@id":"https:\/\/universnews224.com\/index.php\/transition-le-cadre-de-dialogue-inclusif-mis-en-place-decret\/","url":"https:\/\/universnews224.com\/index.php\/transition-le-cadre-de-dialogue-inclusif-mis-en-place-decret\/","name":"Transition : le cadre de dialogue inclusif mis en place (d\u00e9cret) - UNIVERSNEWS224","isPartOf":{"@id":"https:\/\/universnews224.com\/#website"},"datePublished":"2022-09-20T12:24:37+00:00","dateModified":"2022-09-20T12:24:37+00:00","inLanguage":"fr-FR","potentialAction":[{"@type":"ReadAction","target":["https:\/\/universnews224.com\/index.php\/transition-le-cadre-de-dialogue-inclusif-mis-en-place-decret\/"]}]},{"@type":"WebSite","@id":"https:\/\/universnews224.com\/#website","url":"https:\/\/universnews224.com\/","name":"UNIVERSNEWS224","description":"","publisher":{"@id":"https:\/\/universnews224.com\/#organization"},"potentialAction":[{"@type":"SearchAction","target":{"@type":"EntryPoint","urlTemplate":"https:\/\/universnews224.com\/?s={search_term_string}"},"query-input":"required name=search_term_string"}],"inLanguage":"fr-FR"},{"@type":"Organization","@id":"https:\/\/universnews224.com\/#organization","name":"UNIVERSNEWS224","url":"https:\/\/universnews224.com\/","logo":{"@type":"ImageObject","inLanguage":"fr-FR","@id":"https:\/\/universnews224.com\/#\/schema\/logo\/image\/","url":"https:\/\/universnews224.com\/wp-content\/uploads\/2022\/08\/cropped-cropped-logoban.jpg","contentUrl":"https:\/\/universnews224.com\/wp-content\/uploads\/2022\/08\/cropped-cropped-logoban.jpg","width":1080,"height":138,"caption":"UNIVERSNEWS224"},"image":{"@id":"https:\/\/universnews224.com\/#\/schema\/logo\/image\/"}},{"@type":"Person","@id":"https:\/\/universnews224.com\/#\/schema\/person\/a4b7d4f94a4716df60456a491260485e","name":"La R\u00e9daction","image":{"@type":"ImageObject","inLanguage":"fr-FR","@id":"https:\/\/universnews224.com\/#\/schema\/person\/image\/","url":"https:\/\/secure.gravatar.com\/avatar\/edb90acc7752b23e1b3307ad36c14f0d?s=96&d=mm&r=g","contentUrl":"https:\/\/secure.gravatar.com\/avatar\/edb90acc7752b23e1b3307ad36c14f0d?s=96&d=mm&r=g","caption":"La R\u00e9daction"},"sameAs":["https:\/\/universnews224.com"],"url":"https:\/\/universnews224.com\/index.php\/author\/m-camara\/"}]}},"_links":{"self":[{"href":"https:\/\/universnews224.com\/index.php\/wp-json\/wp\/v2\/posts\/2047"}],"collection":[{"href":"https:\/\/universnews224.com\/index.php\/wp-json\/wp\/v2\/posts"}],"about":[{"href":"https:\/\/universnews224.com\/index.php\/wp-json\/wp\/v2\/types\/post"}],"author":[{"embeddable":true,"href":"https:\/\/universnews224.com\/index.php\/wp-json\/wp\/v2\/users\/2"}],"replies":[{"embeddable":true,"href":"https:\/\/universnews224.com\/index.php\/wp-json\/wp\/v2\/comments?post=2047"}],"version-history":[{"count":1,"href":"https:\/\/universnews224.com\/index.php\/wp-json\/wp\/v2\/posts\/2047\/revisions"}],"predecessor-version":[{"id":2048,"href":"https:\/\/universnews224.com\/index.php\/wp-json\/wp\/v2\/posts\/2047\/revisions\/2048"}],"wp:featuredmedia":[{"embeddable":true,"href":"https:\/\/universnews224.com\/index.php\/wp-json\/wp\/v2\/media\/1216"}],"wp:attachment":[{"href":"https:\/\/universnews224.com\/index.php\/wp-json\/wp\/v2\/media?parent=2047"}],"wp:term":[{"taxonomy":"category","embeddable":true,"href":"https:\/\/universnews224.com\/index.php\/wp-json\/wp\/v2\/categories?post=2047"},{"taxonomy":"post_tag","embeddable":true,"href":"https:\/\/universnews224.com\/index.php\/wp-json\/wp\/v2\/tags?post=2047"}],"curies":[{"name":"wp","href":"https:\/\/api.w.org\/{rel}","templated":true}]}}