{"id":2052,"date":"2022-09-21T14:53:09","date_gmt":"2022-09-21T13:53:09","guid":{"rendered":"https:\/\/universnews224.com\/?p=2052"},"modified":"2022-09-21T14:53:09","modified_gmt":"2022-09-21T13:53:09","slug":"mamadi-doumbouya-attendu-ce-mercredi-a-bamako","status":"publish","type":"post","link":"https:\/\/universnews224.com\/index.php\/mamadi-doumbouya-attendu-ce-mercredi-a-bamako\/","title":{"rendered":"Mamadi Doumbouya attendu ce mercredi \u00e0 Bamako."},"content":{"rendered":"<p>Le pr\u00e9sident de la transition guin\u00e9enne, le colonel Mamadi Doumbouya est attendu \u00e0 Bamako ce mercredi, 21 septembre 2022 pour prendre part au 62\u00e8me anniversaire de l\u2019ind\u00e9pendance du Mali.<\/p>\n<p>Selon nos informations,en plus de prendre part aux festivit\u00e9s de l\u2019ind\u00e9pendance Malienne, aux c\u00f4t\u00e9s de son fr\u00e8re et ami Go\u00eeta, le pr\u00e9sident guin\u00e9en vient parachever la m\u00e9diation qu\u2019il m\u00e8ne dans la crise qui oppose le Mali et la C\u00f4te d\u2019Ivoire, au sujet de 49 militaires ivoiriens retenus par Bamako.<\/p>\n<p>Selon les m\u00eames sources, tout porte \u00e0 croire que Assimi Go\u00efta voudrait faire honneur au pr\u00e9sident de la transition guin\u00e9enne, en mettant \u00e0 sa disposition, les militaires ivoiriens, pour qu\u2019ils soient rendus au pr\u00e9sident Alhassane Ouattara.<\/p>\n<p>Universnews<\/p>\n","protected":false},"excerpt":{"rendered":"<p>Le pr\u00e9sident de la transition guin\u00e9enne, le colonel Mamadi Doumbouya est attendu \u00e0 Bamako ce<\/p>\n","protected":false},"author":2,"featured_media":2053,"comment_status":"closed","ping_status":"open","sticky":false,"template":"","format":"standard","meta":[],"categories":[3,4],"tags":[229],"yoast_head":"<!-- This site is optimized with the Yoast SEO plugin v19.13 - https:\/\/yoast.com\/wordpress\/plugins\/seo\/ -->\n<title>Mamadi Doumbouya attendu ce mercredi \u00e0 Bamako. - UNIVERSNEWS224<\/title>\n<meta name=\"robots\" content=\"index, follow, max-snippet:-1, max-image-preview:large, max-video-preview:-1\" \/>\n<link rel=\"canonical\" href=\"https:\/\/universnews224.com\/index.php\/mamadi-doumbouya-attendu-ce-mercredi-a-bamako\/\" \/>\n<meta property=\"og:locale\" content=\"fr_FR\" \/>\n<meta property=\"og:type\" content=\"article\" \/>\n<meta property=\"og:title\" content=\"Mamadi Doumbouya attendu ce mercredi \u00e0 Bamako. - UNIVERSNEWS224\" \/>\n<meta property=\"og:description\" content=\"Le pr\u00e9sident de la transition guin\u00e9enne, le colonel Mamadi Doumbouya est attendu \u00e0 Bamako ce\" \/>\n<meta property=\"og:url\" content=\"https:\/\/universnews224.com\/index.php\/mamadi-doumbouya-attendu-ce-mercredi-a-bamako\/\" \/>\n<meta property=\"og:site_name\" content=\"UNIVERSNEWS224\" \/>\n<meta property=\"article:published_time\" content=\"2022-09-21T13:53:09+00:00\" \/>\n<meta property=\"og:image\" content=\"https:\/\/universnews224.com\/wp-content\/uploads\/2022\/09\/955A8727-0DD2-4D58-8A29-5870544D1B0C.jpeg\" \/>\n\t<meta property=\"og:image:width\" content=\"700\" \/>\n\t<meta property=\"og:image:height\" content=\"494\" \/>\n\t<meta property=\"og:image:type\" content=\"image\/jpeg\" \/>\n<meta name=\"author\" content=\"La R\u00e9daction\" \/>\n<meta name=\"twitter:label1\" content=\"\u00c9crit par\" \/>\n\t<meta name=\"twitter:data1\" content=\"La R\u00e9daction\" \/>\n\t<meta name=\"twitter:label2\" content=\"Dur\u00e9e de lecture estim\u00e9e\" \/>\n\t<meta name=\"twitter:data2\" content=\"1 minute\" \/>\n<script type=\"application\/ld+json\" class=\"yoast-schema-graph\">{\"@context\":\"https:\/\/schema.org\",\"@graph\":[{\"@type\":\"Article\",\"@id\":\"https:\/\/universnews224.com\/index.php\/mamadi-doumbouya-attendu-ce-mercredi-a-bamako\/#article\",\"isPartOf\":{\"@id\":\"https:\/\/universnews224.com\/index.php\/mamadi-doumbouya-attendu-ce-mercredi-a-bamako\/\"},\"author\":{\"name\":\"La R\u00e9daction\",\"@id\":\"https:\/\/universnews224.com\/#\/schema\/person\/a4b7d4f94a4716df60456a491260485e\"},\"headline\":\"Mamadi Doumbouya attendu ce mercredi \u00e0 Bamako.\",\"datePublished\":\"2022-09-21T13:53:09+00:00\",\"dateModified\":\"2022-09-21T13:53:09+00:00\",\"mainEntityOfPage\":{\"@id\":\"https:\/\/universnews224.com\/index.php\/mamadi-doumbouya-attendu-ce-mercredi-a-bamako\/\"},\"wordCount\":140,\"publisher\":{\"@id\":\"https:\/\/universnews224.com\/#organization\"},\"keywords\":[\"La une\"],\"articleSection\":[\"ACTU\",\"POLITIQUE\"],\"inLanguage\":\"fr-FR\"},{\"@type\":\"WebPage\",\"@id\":\"https:\/\/universnews224.com\/index.php\/mamadi-doumbouya-attendu-ce-mercredi-a-bamako\/\",\"url\":\"https:\/\/universnews224.com\/index.php\/mamadi-doumbouya-attendu-ce-mercredi-a-bamako\/\",\"name\":\"Mamadi Doumbouya attendu ce mercredi \u00e0 Bamako. - UNIVERSNEWS224\",\"isPartOf\":{\"@id\":\"https:\/\/universnews224.com\/#website\"},\"datePublished\":\"2022-09-21T13:53:09+00:00\",\"dateModified\":\"2022-09-21T13:53:09+00:00\",\"inLanguage\":\"fr-FR\",\"potentialAction\":[{\"@type\":\"ReadAction\",\"target\":[\"https:\/\/universnews224.com\/index.php\/mamadi-doumbouya-attendu-ce-mercredi-a-bamako\/\"]}]},{\"@type\":\"WebSite\",\"@id\":\"https:\/\/universnews224.com\/#website\",\"url\":\"https:\/\/universnews224.com\/\",\"name\":\"UNIVERSNEWS224\",\"description\":\"\",\"publisher\":{\"@id\":\"https:\/\/universnews224.com\/#organization\"},\"potentialAction\":[{\"@type\":\"SearchAction\",\"target\":{\"@type\":\"EntryPoint\",\"urlTemplate\":\"https:\/\/universnews224.com\/?s={search_term_string}\"},\"query-input\":\"required name=search_term_string\"}],\"inLanguage\":\"fr-FR\"},{\"@type\":\"Organization\",\"@id\":\"https:\/\/universnews224.com\/#organization\",\"name\":\"UNIVERSNEWS224\",\"url\":\"https:\/\/universnews224.com\/\",\"logo\":{\"@type\":\"ImageObject\",\"inLanguage\":\"fr-FR\",\"@id\":\"https:\/\/universnews224.com\/#\/schema\/logo\/image\/\",\"url\":\"https:\/\/universnews224.com\/wp-content\/uploads\/2022\/08\/cropped-cropped-logoban.jpg\",\"contentUrl\":\"https:\/\/universnews224.com\/wp-content\/uploads\/2022\/08\/cropped-cropped-logoban.jpg\",\"width\":1080,\"height\":138,\"caption\":\"UNIVERSNEWS224\"},\"image\":{\"@id\":\"https:\/\/universnews224.com\/#\/schema\/logo\/image\/\"}},{\"@type\":\"Person\",\"@id\":\"https:\/\/universnews224.com\/#\/schema\/person\/a4b7d4f94a4716df60456a491260485e\",\"name\":\"La R\u00e9daction\",\"image\":{\"@type\":\"ImageObject\",\"inLanguage\":\"fr-FR\",\"@id\":\"https:\/\/universnews224.com\/#\/schema\/person\/image\/\",\"url\":\"https:\/\/secure.gravatar.com\/avatar\/edb90acc7752b23e1b3307ad36c14f0d?s=96&d=mm&r=g\",\"contentUrl\":\"https:\/\/secure.gravatar.com\/avatar\/edb90acc7752b23e1b3307ad36c14f0d?s=96&d=mm&r=g\",\"caption\":\"La R\u00e9daction\"},\"sameAs\":[\"https:\/\/universnews224.com\"],\"url\":\"https:\/\/universnews224.com\/index.php\/author\/m-camara\/\"}]}<\/script>\n<!-- \/ Yoast SEO plugin. -->","yoast_head_json":{"title":"Mamadi Doumbouya attendu ce mercredi \u00e0 Bamako. - UNIVERSNEWS224","robots":{"index":"index","follow":"follow","max-snippet":"max-snippet:-1","max-image-preview":"max-image-preview:large","max-video-preview":"max-video-preview:-1"},"canonical":"https:\/\/universnews224.com\/index.php\/mamadi-doumbouya-attendu-ce-mercredi-a-bamako\/","og_locale":"fr_FR","og_type":"article","og_title":"Mamadi Doumbouya attendu ce mercredi \u00e0 Bamako. - UNIVERSNEWS224","og_description":"Le pr\u00e9sident de la transition guin\u00e9enne, le colonel Mamadi Doumbouya est attendu \u00e0 Bamako ce","og_url":"https:\/\/universnews224.com\/index.php\/mamadi-doumbouya-attendu-ce-mercredi-a-bamako\/","og_site_name":"UNIVERSNEWS224","article_published_time":"2022-09-21T13:53:09+00:00","og_image":[{"width":700,"height":494,"url":"https:\/\/universnews224.com\/wp-content\/uploads\/2022\/09\/955A8727-0DD2-4D58-8A29-5870544D1B0C.jpeg","type":"image\/jpeg"}],"author":"La R\u00e9daction","twitter_misc":{"\u00c9crit par":"La R\u00e9daction","Dur\u00e9e de lecture estim\u00e9e":"1 minute"},"schema":{"@context":"https:\/\/schema.org","@graph":[{"@type":"Article","@id":"https:\/\/universnews224.com\/index.php\/mamadi-doumbouya-attendu-ce-mercredi-a-bamako\/#article","isPartOf":{"@id":"https:\/\/universnews224.com\/index.php\/mamadi-doumbouya-attendu-ce-mercredi-a-bamako\/"},"author":{"name":"La R\u00e9daction","@id":"https:\/\/universnews224.com\/#\/schema\/person\/a4b7d4f94a4716df60456a491260485e"},"headline":"Mamadi Doumbouya attendu ce mercredi \u00e0 Bamako.","datePublished":"2022-09-21T13:53:09+00:00","dateModified":"2022-09-21T13:53:09+00:00","mainEntityOfPage":{"@id":"https:\/\/universnews224.com\/index.php\/mamadi-doumbouya-attendu-ce-mercredi-a-bamako\/"},"wordCount":140,"publisher":{"@id":"https:\/\/universnews224.com\/#organization"},"keywords":["La une"],"articleSection":["ACTU","POLITIQUE"],"inLanguage":"fr-FR"},{"@type":"WebPage","@id":"https:\/\/universnews224.com\/index.php\/mamadi-doumbouya-attendu-ce-mercredi-a-bamako\/","url":"https:\/\/universnews224.com\/index.php\/mamadi-doumbouya-attendu-ce-mercredi-a-bamako\/","name":"Mamadi Doumbouya attendu ce mercredi \u00e0 Bamako. - UNIVERSNEWS224","isPartOf":{"@id":"https:\/\/universnews224.com\/#website"},"datePublished":"2022-09-21T13:53:09+00:00","dateModified":"2022-09-21T13:53:09+00:00","inLanguage":"fr-FR","potentialAction":[{"@type":"ReadAction","target":["https:\/\/universnews224.com\/index.php\/mamadi-doumbouya-attendu-ce-mercredi-a-bamako\/"]}]},{"@type":"WebSite","@id":"https:\/\/universnews224.com\/#website","url":"https:\/\/universnews224.com\/","name":"UNIVERSNEWS224","description":"","publisher":{"@id":"https:\/\/universnews224.com\/#organization"},"potentialAction":[{"@type":"SearchAction","target":{"@type":"EntryPoint","urlTemplate":"https:\/\/universnews224.com\/?s={search_term_string}"},"query-input":"required name=search_term_string"}],"inLanguage":"fr-FR"},{"@type":"Organization","@id":"https:\/\/universnews224.com\/#organization","name":"UNIVERSNEWS224","url":"https:\/\/universnews224.com\/","logo":{"@type":"ImageObject","inLanguage":"fr-FR","@id":"https:\/\/universnews224.com\/#\/schema\/logo\/image\/","url":"https:\/\/universnews224.com\/wp-content\/uploads\/2022\/08\/cropped-cropped-logoban.jpg","contentUrl":"https:\/\/universnews224.com\/wp-content\/uploads\/2022\/08\/cropped-cropped-logoban.jpg","width":1080,"height":138,"caption":"UNIVERSNEWS224"},"image":{"@id":"https:\/\/universnews224.com\/#\/schema\/logo\/image\/"}},{"@type":"Person","@id":"https:\/\/universnews224.com\/#\/schema\/person\/a4b7d4f94a4716df60456a491260485e","name":"La R\u00e9daction","image":{"@type":"ImageObject","inLanguage":"fr-FR","@id":"https:\/\/universnews224.com\/#\/schema\/person\/image\/","url":"https:\/\/secure.gravatar.com\/avatar\/edb90acc7752b23e1b3307ad36c14f0d?s=96&d=mm&r=g","contentUrl":"https:\/\/secure.gravatar.com\/avatar\/edb90acc7752b23e1b3307ad36c14f0d?s=96&d=mm&r=g","caption":"La R\u00e9daction"},"sameAs":["https:\/\/universnews224.com"],"url":"https:\/\/universnews224.com\/index.php\/author\/m-camara\/"}]}},"_links":{"self":[{"href":"https:\/\/universnews224.com\/index.php\/wp-json\/wp\/v2\/posts\/2052"}],"collection":[{"href":"https:\/\/universnews224.com\/index.php\/wp-json\/wp\/v2\/posts"}],"about":[{"href":"https:\/\/universnews224.com\/index.php\/wp-json\/wp\/v2\/types\/post"}],"author":[{"embeddable":true,"href":"https:\/\/universnews224.com\/index.php\/wp-json\/wp\/v2\/users\/2"}],"replies":[{"embeddable":true,"href":"https:\/\/universnews224.com\/index.php\/wp-json\/wp\/v2\/comments?post=2052"}],"version-history":[{"count":1,"href":"https:\/\/universnews224.com\/index.php\/wp-json\/wp\/v2\/posts\/2052\/revisions"}],"predecessor-version":[{"id":2054,"href":"https:\/\/universnews224.com\/index.php\/wp-json\/wp\/v2\/posts\/2052\/revisions\/2054"}],"wp:featuredmedia":[{"embeddable":true,"href":"https:\/\/universnews224.com\/index.php\/wp-json\/wp\/v2\/media\/2053"}],"wp:attachment":[{"href":"https:\/\/universnews224.com\/index.php\/wp-json\/wp\/v2\/media?parent=2052"}],"wp:term":[{"taxonomy":"category","embeddable":true,"href":"https:\/\/universnews224.com\/index.php\/wp-json\/wp\/v2\/categories?post=2052"},{"taxonomy":"post_tag","embeddable":true,"href":"https:\/\/universnews224.com\/index.php\/wp-json\/wp\/v2\/tags?post=2052"}],"curies":[{"name":"wp","href":"https:\/\/api.w.org\/{rel}","templated":true}]}}