{"id":2055,"date":"2022-09-21T15:16:52","date_gmt":"2022-09-21T14:16:52","guid":{"rendered":"https:\/\/universnews224.com\/?p=2055"},"modified":"2022-09-21T15:16:52","modified_gmt":"2022-09-21T14:16:52","slug":"makale-camara-fan-je-me-rejouis-que-colonel-mamadi-dombouya-ait-donne-le-nom-de-son-enfant-a-lansana-conte","status":"publish","type":"post","link":"https:\/\/universnews224.com\/index.php\/makale-camara-fan-je-me-rejouis-que-colonel-mamadi-dombouya-ait-donne-le-nom-de-son-enfant-a-lansana-conte\/","title":{"rendered":"Makal\u00e9 Camara FAN: \u00abJe me r\u00e9jouis que colonel Mamadi Dombouya ait donn\u00e9 le nom de son enfant \u00e0 Lansana Cont\u00e9\u00bb"},"content":{"rendered":"<p>Le couple pr\u00e9sidentiel a d\u00e9cid\u00e9 de donner le nom de leur 4\u00e8me enfant \u00e0 l\u2019ancien pr\u00e9sident de la R\u00e9publique, G\u00e9n\u00e9ral Lansana Cont\u00e9 qui a r\u00e9gn\u00e9 pendant 24 ans pouvoir. Un acte du pr\u00e9sident de la transition qui a suscit\u00e9 beaucoup de r\u00e9actions au sein de l\u2019opinion.<\/p>\n<p>Si certains appr\u00e9cient cet acte du Colonel Mamadi Doumbouya qui vise \u00e0 rendre hommage \u00e0 ce grand homme, d\u2019autres au contraire estiment que l\u2019homme du 05 septembre a donn\u00e9 le nom de son enfant \u00e0 Lansana Cont\u00e9 pour avoir une certaine popularit\u00e9.<\/p>\n<p>Interrog\u00e9e sur cette actualit\u00e9 par nos confr\u00e8res de Djoma m\u00e9dias de ce mardi, 20 septembre 2022, la pr\u00e9sidente du FAN, Makal\u00e9 Camara s\u2019est r\u00e9jouie de cet acte du pr\u00e9sident de la transition.<\/p>\n<p>\u00abJ\u2019aime Lansana Cont\u00e9, je reste redevable \u00e0 cet homme jusqu\u2019\u00e0 la fin de mes jours. Tout ce qui peut lui arriver de bien m\u2019int\u00e9resse et me r\u00e9jouis. Si aujourd\u2019hui le pr\u00e9sident de transition pense \u00e0 un grand homme comme Lansana Conte, ancien pr\u00e9sident de la R\u00e9publique pour lui donner de son enfant, \u00e7a me r\u00e9jouit en tant qu\u2019individu. Non seulement en tant qu\u2019individu, mais on ne peut pas s\u00e9parer un homme public tel qu\u2019un pr\u00e9sident de la R\u00e9publique de sa vie priv\u00e9e. Tout acte qu\u2019il pose, tout ce qu\u2019il fait est interpr\u00e9table et interpelle les citoyens que nous sommes. Donc, je me r\u00e9jouis qu\u2019il ait donn\u00e9 le nom \u00e0 Lansana Cont\u00e9. Longue vie au b\u00e9b\u00e9 et merci au pr\u00e9sident !, \u00bb a t-elle affirm\u00e9.<\/p>\n<p>Camara Mamadouba<br \/>\n611 46 04 10<\/p>\n","protected":false},"excerpt":{"rendered":"<p>Le couple pr\u00e9sidentiel a d\u00e9cid\u00e9 de donner le nom de leur 4\u00e8me enfant \u00e0 l\u2019ancien<\/p>\n","protected":false},"author":2,"featured_media":2025,"comment_status":"closed","ping_status":"open","sticky":false,"template":"","format":"standard","meta":[],"categories":[3],"tags":[229],"yoast_head":"<!-- This site is optimized with the Yoast SEO plugin v19.13 - https:\/\/yoast.com\/wordpress\/plugins\/seo\/ -->\n<title>Makal\u00e9 Camara FAN: \u00abJe me r\u00e9jouis que colonel Mamadi Dombouya ait donn\u00e9 le nom de son enfant \u00e0 Lansana Cont\u00e9\u00bb - UNIVERSNEWS224<\/title>\n<meta name=\"robots\" content=\"index, follow, max-snippet:-1, max-image-preview:large, max-video-preview:-1\" \/>\n<link rel=\"canonical\" href=\"https:\/\/universnews224.com\/index.php\/makale-camara-fan-je-me-rejouis-que-colonel-mamadi-dombouya-ait-donne-le-nom-de-son-enfant-a-lansana-conte\/\" \/>\n<meta property=\"og:locale\" content=\"fr_FR\" \/>\n<meta property=\"og:type\" content=\"article\" \/>\n<meta property=\"og:title\" content=\"Makal\u00e9 Camara FAN: \u00abJe me r\u00e9jouis que colonel Mamadi Dombouya ait donn\u00e9 le nom de son enfant \u00e0 Lansana Cont\u00e9\u00bb - UNIVERSNEWS224\" \/>\n<meta property=\"og:description\" content=\"Le couple pr\u00e9sidentiel a d\u00e9cid\u00e9 de donner le nom de leur 4\u00e8me enfant \u00e0 l\u2019ancien\" \/>\n<meta property=\"og:url\" content=\"https:\/\/universnews224.com\/index.php\/makale-camara-fan-je-me-rejouis-que-colonel-mamadi-dombouya-ait-donne-le-nom-de-son-enfant-a-lansana-conte\/\" \/>\n<meta property=\"og:site_name\" content=\"UNIVERSNEWS224\" \/>\n<meta property=\"article:published_time\" content=\"2022-09-21T14:16:52+00:00\" \/>\n<meta property=\"og:image\" content=\"https:\/\/universnews224.com\/wp-content\/uploads\/2022\/09\/647251E0-A610-40A8-AC0D-51FDDEAA3B25.jpeg\" \/>\n\t<meta property=\"og:image:width\" content=\"1200\" \/>\n\t<meta property=\"og:image:height\" content=\"675\" \/>\n\t<meta property=\"og:image:type\" content=\"image\/jpeg\" \/>\n<meta name=\"author\" content=\"La R\u00e9daction\" \/>\n<meta name=\"twitter:label1\" content=\"\u00c9crit par\" \/>\n\t<meta name=\"twitter:data1\" content=\"La R\u00e9daction\" \/>\n\t<meta name=\"twitter:label2\" content=\"Dur\u00e9e de lecture estim\u00e9e\" \/>\n\t<meta name=\"twitter:data2\" content=\"2 minutes\" \/>\n<script type=\"application\/ld+json\" class=\"yoast-schema-graph\">{\"@context\":\"https:\/\/schema.org\",\"@graph\":[{\"@type\":\"Article\",\"@id\":\"https:\/\/universnews224.com\/index.php\/makale-camara-fan-je-me-rejouis-que-colonel-mamadi-dombouya-ait-donne-le-nom-de-son-enfant-a-lansana-conte\/#article\",\"isPartOf\":{\"@id\":\"https:\/\/universnews224.com\/index.php\/makale-camara-fan-je-me-rejouis-que-colonel-mamadi-dombouya-ait-donne-le-nom-de-son-enfant-a-lansana-conte\/\"},\"author\":{\"name\":\"La R\u00e9daction\",\"@id\":\"https:\/\/universnews224.com\/#\/schema\/person\/a4b7d4f94a4716df60456a491260485e\"},\"headline\":\"Makal\u00e9 Camara FAN: \u00abJe me r\u00e9jouis que colonel Mamadi Dombouya ait donn\u00e9 le nom de son enfant \u00e0 Lansana Cont\u00e9\u00bb\",\"datePublished\":\"2022-09-21T14:16:52+00:00\",\"dateModified\":\"2022-09-21T14:16:52+00:00\",\"mainEntityOfPage\":{\"@id\":\"https:\/\/universnews224.com\/index.php\/makale-camara-fan-je-me-rejouis-que-colonel-mamadi-dombouya-ait-donne-le-nom-de-son-enfant-a-lansana-conte\/\"},\"wordCount\":297,\"publisher\":{\"@id\":\"https:\/\/universnews224.com\/#organization\"},\"keywords\":[\"La une\"],\"articleSection\":[\"ACTU\"],\"inLanguage\":\"fr-FR\"},{\"@type\":\"WebPage\",\"@id\":\"https:\/\/universnews224.com\/index.php\/makale-camara-fan-je-me-rejouis-que-colonel-mamadi-dombouya-ait-donne-le-nom-de-son-enfant-a-lansana-conte\/\",\"url\":\"https:\/\/universnews224.com\/index.php\/makale-camara-fan-je-me-rejouis-que-colonel-mamadi-dombouya-ait-donne-le-nom-de-son-enfant-a-lansana-conte\/\",\"name\":\"Makal\u00e9 Camara FAN: \u00abJe me r\u00e9jouis que colonel Mamadi Dombouya ait donn\u00e9 le nom de son enfant \u00e0 Lansana Cont\u00e9\u00bb - UNIVERSNEWS224\",\"isPartOf\":{\"@id\":\"https:\/\/universnews224.com\/#website\"},\"datePublished\":\"2022-09-21T14:16:52+00:00\",\"dateModified\":\"2022-09-21T14:16:52+00:00\",\"inLanguage\":\"fr-FR\",\"potentialAction\":[{\"@type\":\"ReadAction\",\"target\":[\"https:\/\/universnews224.com\/index.php\/makale-camara-fan-je-me-rejouis-que-colonel-mamadi-dombouya-ait-donne-le-nom-de-son-enfant-a-lansana-conte\/\"]}]},{\"@type\":\"WebSite\",\"@id\":\"https:\/\/universnews224.com\/#website\",\"url\":\"https:\/\/universnews224.com\/\",\"name\":\"UNIVERSNEWS224\",\"description\":\"\",\"publisher\":{\"@id\":\"https:\/\/universnews224.com\/#organization\"},\"potentialAction\":[{\"@type\":\"SearchAction\",\"target\":{\"@type\":\"EntryPoint\",\"urlTemplate\":\"https:\/\/universnews224.com\/?s={search_term_string}\"},\"query-input\":\"required name=search_term_string\"}],\"inLanguage\":\"fr-FR\"},{\"@type\":\"Organization\",\"@id\":\"https:\/\/universnews224.com\/#organization\",\"name\":\"UNIVERSNEWS224\",\"url\":\"https:\/\/universnews224.com\/\",\"logo\":{\"@type\":\"ImageObject\",\"inLanguage\":\"fr-FR\",\"@id\":\"https:\/\/universnews224.com\/#\/schema\/logo\/image\/\",\"url\":\"https:\/\/universnews224.com\/wp-content\/uploads\/2022\/08\/cropped-cropped-logoban.jpg\",\"contentUrl\":\"https:\/\/universnews224.com\/wp-content\/uploads\/2022\/08\/cropped-cropped-logoban.jpg\",\"width\":1080,\"height\":138,\"caption\":\"UNIVERSNEWS224\"},\"image\":{\"@id\":\"https:\/\/universnews224.com\/#\/schema\/logo\/image\/\"}},{\"@type\":\"Person\",\"@id\":\"https:\/\/universnews224.com\/#\/schema\/person\/a4b7d4f94a4716df60456a491260485e\",\"name\":\"La R\u00e9daction\",\"image\":{\"@type\":\"ImageObject\",\"inLanguage\":\"fr-FR\",\"@id\":\"https:\/\/universnews224.com\/#\/schema\/person\/image\/\",\"url\":\"https:\/\/secure.gravatar.com\/avatar\/edb90acc7752b23e1b3307ad36c14f0d?s=96&d=mm&r=g\",\"contentUrl\":\"https:\/\/secure.gravatar.com\/avatar\/edb90acc7752b23e1b3307ad36c14f0d?s=96&d=mm&r=g\",\"caption\":\"La R\u00e9daction\"},\"sameAs\":[\"https:\/\/universnews224.com\"],\"url\":\"https:\/\/universnews224.com\/index.php\/author\/m-camara\/\"}]}<\/script>\n<!-- \/ Yoast SEO plugin. -->","yoast_head_json":{"title":"Makal\u00e9 Camara FAN: \u00abJe me r\u00e9jouis que colonel Mamadi Dombouya ait donn\u00e9 le nom de son enfant \u00e0 Lansana Cont\u00e9\u00bb - UNIVERSNEWS224","robots":{"index":"index","follow":"follow","max-snippet":"max-snippet:-1","max-image-preview":"max-image-preview:large","max-video-preview":"max-video-preview:-1"},"canonical":"https:\/\/universnews224.com\/index.php\/makale-camara-fan-je-me-rejouis-que-colonel-mamadi-dombouya-ait-donne-le-nom-de-son-enfant-a-lansana-conte\/","og_locale":"fr_FR","og_type":"article","og_title":"Makal\u00e9 Camara FAN: \u00abJe me r\u00e9jouis que colonel Mamadi Dombouya ait donn\u00e9 le nom de son enfant \u00e0 Lansana Cont\u00e9\u00bb - UNIVERSNEWS224","og_description":"Le couple pr\u00e9sidentiel a d\u00e9cid\u00e9 de donner le nom de leur 4\u00e8me enfant \u00e0 l\u2019ancien","og_url":"https:\/\/universnews224.com\/index.php\/makale-camara-fan-je-me-rejouis-que-colonel-mamadi-dombouya-ait-donne-le-nom-de-son-enfant-a-lansana-conte\/","og_site_name":"UNIVERSNEWS224","article_published_time":"2022-09-21T14:16:52+00:00","og_image":[{"width":1200,"height":675,"url":"https:\/\/universnews224.com\/wp-content\/uploads\/2022\/09\/647251E0-A610-40A8-AC0D-51FDDEAA3B25.jpeg","type":"image\/jpeg"}],"author":"La R\u00e9daction","twitter_misc":{"\u00c9crit par":"La R\u00e9daction","Dur\u00e9e de lecture estim\u00e9e":"2 minutes"},"schema":{"@context":"https:\/\/schema.org","@graph":[{"@type":"Article","@id":"https:\/\/universnews224.com\/index.php\/makale-camara-fan-je-me-rejouis-que-colonel-mamadi-dombouya-ait-donne-le-nom-de-son-enfant-a-lansana-conte\/#article","isPartOf":{"@id":"https:\/\/universnews224.com\/index.php\/makale-camara-fan-je-me-rejouis-que-colonel-mamadi-dombouya-ait-donne-le-nom-de-son-enfant-a-lansana-conte\/"},"author":{"name":"La R\u00e9daction","@id":"https:\/\/universnews224.com\/#\/schema\/person\/a4b7d4f94a4716df60456a491260485e"},"headline":"Makal\u00e9 Camara FAN: \u00abJe me r\u00e9jouis que colonel Mamadi Dombouya ait donn\u00e9 le nom de son enfant \u00e0 Lansana Cont\u00e9\u00bb","datePublished":"2022-09-21T14:16:52+00:00","dateModified":"2022-09-21T14:16:52+00:00","mainEntityOfPage":{"@id":"https:\/\/universnews224.com\/index.php\/makale-camara-fan-je-me-rejouis-que-colonel-mamadi-dombouya-ait-donne-le-nom-de-son-enfant-a-lansana-conte\/"},"wordCount":297,"publisher":{"@id":"https:\/\/universnews224.com\/#organization"},"keywords":["La une"],"articleSection":["ACTU"],"inLanguage":"fr-FR"},{"@type":"WebPage","@id":"https:\/\/universnews224.com\/index.php\/makale-camara-fan-je-me-rejouis-que-colonel-mamadi-dombouya-ait-donne-le-nom-de-son-enfant-a-lansana-conte\/","url":"https:\/\/universnews224.com\/index.php\/makale-camara-fan-je-me-rejouis-que-colonel-mamadi-dombouya-ait-donne-le-nom-de-son-enfant-a-lansana-conte\/","name":"Makal\u00e9 Camara FAN: \u00abJe me r\u00e9jouis que colonel Mamadi Dombouya ait donn\u00e9 le nom de son enfant \u00e0 Lansana Cont\u00e9\u00bb - UNIVERSNEWS224","isPartOf":{"@id":"https:\/\/universnews224.com\/#website"},"datePublished":"2022-09-21T14:16:52+00:00","dateModified":"2022-09-21T14:16:52+00:00","inLanguage":"fr-FR","potentialAction":[{"@type":"ReadAction","target":["https:\/\/universnews224.com\/index.php\/makale-camara-fan-je-me-rejouis-que-colonel-mamadi-dombouya-ait-donne-le-nom-de-son-enfant-a-lansana-conte\/"]}]},{"@type":"WebSite","@id":"https:\/\/universnews224.com\/#website","url":"https:\/\/universnews224.com\/","name":"UNIVERSNEWS224","description":"","publisher":{"@id":"https:\/\/universnews224.com\/#organization"},"potentialAction":[{"@type":"SearchAction","target":{"@type":"EntryPoint","urlTemplate":"https:\/\/universnews224.com\/?s={search_term_string}"},"query-input":"required name=search_term_string"}],"inLanguage":"fr-FR"},{"@type":"Organization","@id":"https:\/\/universnews224.com\/#organization","name":"UNIVERSNEWS224","url":"https:\/\/universnews224.com\/","logo":{"@type":"ImageObject","inLanguage":"fr-FR","@id":"https:\/\/universnews224.com\/#\/schema\/logo\/image\/","url":"https:\/\/universnews224.com\/wp-content\/uploads\/2022\/08\/cropped-cropped-logoban.jpg","contentUrl":"https:\/\/universnews224.com\/wp-content\/uploads\/2022\/08\/cropped-cropped-logoban.jpg","width":1080,"height":138,"caption":"UNIVERSNEWS224"},"image":{"@id":"https:\/\/universnews224.com\/#\/schema\/logo\/image\/"}},{"@type":"Person","@id":"https:\/\/universnews224.com\/#\/schema\/person\/a4b7d4f94a4716df60456a491260485e","name":"La R\u00e9daction","image":{"@type":"ImageObject","inLanguage":"fr-FR","@id":"https:\/\/universnews224.com\/#\/schema\/person\/image\/","url":"https:\/\/secure.gravatar.com\/avatar\/edb90acc7752b23e1b3307ad36c14f0d?s=96&d=mm&r=g","contentUrl":"https:\/\/secure.gravatar.com\/avatar\/edb90acc7752b23e1b3307ad36c14f0d?s=96&d=mm&r=g","caption":"La R\u00e9daction"},"sameAs":["https:\/\/universnews224.com"],"url":"https:\/\/universnews224.com\/index.php\/author\/m-camara\/"}]}},"_links":{"self":[{"href":"https:\/\/universnews224.com\/index.php\/wp-json\/wp\/v2\/posts\/2055"}],"collection":[{"href":"https:\/\/universnews224.com\/index.php\/wp-json\/wp\/v2\/posts"}],"about":[{"href":"https:\/\/universnews224.com\/index.php\/wp-json\/wp\/v2\/types\/post"}],"author":[{"embeddable":true,"href":"https:\/\/universnews224.com\/index.php\/wp-json\/wp\/v2\/users\/2"}],"replies":[{"embeddable":true,"href":"https:\/\/universnews224.com\/index.php\/wp-json\/wp\/v2\/comments?post=2055"}],"version-history":[{"count":1,"href":"https:\/\/universnews224.com\/index.php\/wp-json\/wp\/v2\/posts\/2055\/revisions"}],"predecessor-version":[{"id":2056,"href":"https:\/\/universnews224.com\/index.php\/wp-json\/wp\/v2\/posts\/2055\/revisions\/2056"}],"wp:featuredmedia":[{"embeddable":true,"href":"https:\/\/universnews224.com\/index.php\/wp-json\/wp\/v2\/media\/2025"}],"wp:attachment":[{"href":"https:\/\/universnews224.com\/index.php\/wp-json\/wp\/v2\/media?parent=2055"}],"wp:term":[{"taxonomy":"category","embeddable":true,"href":"https:\/\/universnews224.com\/index.php\/wp-json\/wp\/v2\/categories?post=2055"},{"taxonomy":"post_tag","embeddable":true,"href":"https:\/\/universnews224.com\/index.php\/wp-json\/wp\/v2\/tags?post=2055"}],"curies":[{"name":"wp","href":"https:\/\/api.w.org\/{rel}","templated":true}]}}