{"id":2063,"date":"2022-09-22T12:27:51","date_gmt":"2022-09-22T11:27:51","guid":{"rendered":"https:\/\/universnews224.com\/?p=2063"},"modified":"2022-09-22T12:27:51","modified_gmt":"2022-09-22T11:27:51","slug":"guinee-la-2eme-assemblee-generale-de-la-chambre-de-commerce-dindustrie-et-dartisanat-lancee","status":"publish","type":"post","link":"https:\/\/universnews224.com\/index.php\/guinee-la-2eme-assemblee-generale-de-la-chambre-de-commerce-dindustrie-et-dartisanat-lancee\/","title":{"rendered":"Guin\u00e9e : la 2\u00e8me assembl\u00e9e g\u00e9n\u00e9rale de la chambre de commerce d&rsquo;industrie et d&rsquo;artisanat lanc\u00e9e"},"content":{"rendered":"<div>Sur instruction du premier ministre chef du gouvernement, la deuxi\u00e8me assembl\u00e9e g\u00e9n\u00e9rale de la Chambre du Commerce, d\u2019Industrie et d\u2019Artisanat de Guin\u00e9e (CCIAG) a ouvert ses portes ce mercredi, 21 septembre dans un r\u00e9ceptif h\u00f4telier de la place en pr\u00e9sence de plusieurs personnalit\u00e9s.<\/div>\n<div>Durant deux jours (21 et 22), les acteurs vont se concerter pour pr\u00e9senter le bilan, mettre des commissions et donner de nouvelles orientations au secteur pour son bon fonctionnement en faveur des industriels, des commer\u00e7ants \u00a0et des consommateurs de notre pays.<\/div>\n<div>C\u2019est le Premier, chef du gouvernement, Dr. Bernard Goumou assist\u00e9 des cadres de l\u2019administration qui a pr\u00e9sid\u00e9 la c\u00e9r\u00e9monie.<\/div>\n<div>Pr\u00e9sent \u00e0 la c\u00e9r\u00e9monie, le vice-pr\u00e9sident de l\u2019union nationale des transporteurs de Guin\u00e9e, Alpha Amadou Bah est revenu sur l\u2019objectif principal de la rencontre. Pour lui, la pr\u00e9sente rencontre consiste \u00e0 faire le bilan de l\u2019ann\u00e9e \u00e9coul\u00e9e et projeter l\u2019avenir.<\/div>\n<div>S\u2019abstenant de faire tout commentaire autour de ladite assembl\u00e9e avant la fin de la rencontre, Alpha Amadou Bah esp\u00e8re que: \u00a0\u00ab \u00a0Beaucoup de choses ont march\u00e9 en faveur des importateurs, des commer\u00e7ants et des transporteurs routiers \u00ab .<\/div>\n<div>Selon lui, \u00ab nous saluons et f\u00e9licitons la chambre consulaire. Puisque, tous les probl\u00e8mes li\u00e9s aux transports que nous avons expos\u00e9s aupr\u00e8s de la chambre du commerce en vue des solutions ad\u00e9quates, ont \u00e9t\u00e9 prises en compte par les responsables. \u00a0Des \u00e9ventuelles pistes de solutions vont \u00eatre mises en place pour rem\u00e9dier \u00e0 ces difficult\u00e9s \u00a0\u00bb a fait savoir M. Bah.<\/div>\n<div>\nSana Sylla.<\/div>\n","protected":false},"excerpt":{"rendered":"<p>Sur instruction du premier ministre chef du gouvernement, la deuxi\u00e8me assembl\u00e9e g\u00e9n\u00e9rale de la Chambre<\/p>\n","protected":false},"author":2,"featured_media":2064,"comment_status":"closed","ping_status":"open","sticky":false,"template":"","format":"standard","meta":[],"categories":[3,4],"tags":[229],"yoast_head":"<!-- This site is optimized with the Yoast SEO plugin v19.13 - https:\/\/yoast.com\/wordpress\/plugins\/seo\/ -->\n<title>Guin\u00e9e : la 2\u00e8me assembl\u00e9e g\u00e9n\u00e9rale de la chambre de commerce d&#039;industrie et d&#039;artisanat lanc\u00e9e - UNIVERSNEWS224<\/title>\n<meta name=\"robots\" content=\"index, follow, max-snippet:-1, max-image-preview:large, max-video-preview:-1\" \/>\n<link rel=\"canonical\" href=\"https:\/\/universnews224.com\/index.php\/guinee-la-2eme-assemblee-generale-de-la-chambre-de-commerce-dindustrie-et-dartisanat-lancee\/\" \/>\n<meta property=\"og:locale\" content=\"fr_FR\" \/>\n<meta property=\"og:type\" content=\"article\" \/>\n<meta property=\"og:title\" content=\"Guin\u00e9e : la 2\u00e8me assembl\u00e9e g\u00e9n\u00e9rale de la chambre de commerce d&#039;industrie et d&#039;artisanat lanc\u00e9e - UNIVERSNEWS224\" \/>\n<meta property=\"og:description\" content=\"Sur instruction du premier ministre chef du gouvernement, la deuxi\u00e8me assembl\u00e9e g\u00e9n\u00e9rale de la Chambre\" \/>\n<meta property=\"og:url\" content=\"https:\/\/universnews224.com\/index.php\/guinee-la-2eme-assemblee-generale-de-la-chambre-de-commerce-dindustrie-et-dartisanat-lancee\/\" \/>\n<meta property=\"og:site_name\" content=\"UNIVERSNEWS224\" \/>\n<meta property=\"article:published_time\" content=\"2022-09-22T11:27:51+00:00\" \/>\n<meta property=\"og:image\" content=\"https:\/\/universnews224.com\/wp-content\/uploads\/2022\/09\/C04A18D3-61E1-4F69-8C1D-03DF771E8EE7.jpeg\" \/>\n\t<meta property=\"og:image:width\" content=\"1024\" \/>\n\t<meta property=\"og:image:height\" content=\"576\" \/>\n\t<meta property=\"og:image:type\" content=\"image\/jpeg\" \/>\n<meta name=\"author\" content=\"La R\u00e9daction\" \/>\n<meta name=\"twitter:label1\" content=\"\u00c9crit par\" \/>\n\t<meta name=\"twitter:data1\" content=\"La R\u00e9daction\" \/>\n\t<meta name=\"twitter:label2\" content=\"Dur\u00e9e de lecture estim\u00e9e\" \/>\n\t<meta name=\"twitter:data2\" content=\"2 minutes\" \/>\n<script type=\"application\/ld+json\" class=\"yoast-schema-graph\">{\"@context\":\"https:\/\/schema.org\",\"@graph\":[{\"@type\":\"Article\",\"@id\":\"https:\/\/universnews224.com\/index.php\/guinee-la-2eme-assemblee-generale-de-la-chambre-de-commerce-dindustrie-et-dartisanat-lancee\/#article\",\"isPartOf\":{\"@id\":\"https:\/\/universnews224.com\/index.php\/guinee-la-2eme-assemblee-generale-de-la-chambre-de-commerce-dindustrie-et-dartisanat-lancee\/\"},\"author\":{\"name\":\"La R\u00e9daction\",\"@id\":\"https:\/\/universnews224.com\/#\/schema\/person\/a4b7d4f94a4716df60456a491260485e\"},\"headline\":\"Guin\u00e9e : la 2\u00e8me assembl\u00e9e g\u00e9n\u00e9rale de la chambre de commerce d&rsquo;industrie et d&rsquo;artisanat lanc\u00e9e\",\"datePublished\":\"2022-09-22T11:27:51+00:00\",\"dateModified\":\"2022-09-22T11:27:51+00:00\",\"mainEntityOfPage\":{\"@id\":\"https:\/\/universnews224.com\/index.php\/guinee-la-2eme-assemblee-generale-de-la-chambre-de-commerce-dindustrie-et-dartisanat-lancee\/\"},\"wordCount\":294,\"publisher\":{\"@id\":\"https:\/\/universnews224.com\/#organization\"},\"keywords\":[\"La une\"],\"articleSection\":[\"ACTU\",\"POLITIQUE\"],\"inLanguage\":\"fr-FR\"},{\"@type\":\"WebPage\",\"@id\":\"https:\/\/universnews224.com\/index.php\/guinee-la-2eme-assemblee-generale-de-la-chambre-de-commerce-dindustrie-et-dartisanat-lancee\/\",\"url\":\"https:\/\/universnews224.com\/index.php\/guinee-la-2eme-assemblee-generale-de-la-chambre-de-commerce-dindustrie-et-dartisanat-lancee\/\",\"name\":\"Guin\u00e9e : la 2\u00e8me assembl\u00e9e g\u00e9n\u00e9rale de la chambre de commerce d'industrie et d'artisanat lanc\u00e9e - UNIVERSNEWS224\",\"isPartOf\":{\"@id\":\"https:\/\/universnews224.com\/#website\"},\"datePublished\":\"2022-09-22T11:27:51+00:00\",\"dateModified\":\"2022-09-22T11:27:51+00:00\",\"inLanguage\":\"fr-FR\",\"potentialAction\":[{\"@type\":\"ReadAction\",\"target\":[\"https:\/\/universnews224.com\/index.php\/guinee-la-2eme-assemblee-generale-de-la-chambre-de-commerce-dindustrie-et-dartisanat-lancee\/\"]}]},{\"@type\":\"WebSite\",\"@id\":\"https:\/\/universnews224.com\/#website\",\"url\":\"https:\/\/universnews224.com\/\",\"name\":\"UNIVERSNEWS224\",\"description\":\"\",\"publisher\":{\"@id\":\"https:\/\/universnews224.com\/#organization\"},\"potentialAction\":[{\"@type\":\"SearchAction\",\"target\":{\"@type\":\"EntryPoint\",\"urlTemplate\":\"https:\/\/universnews224.com\/?s={search_term_string}\"},\"query-input\":\"required name=search_term_string\"}],\"inLanguage\":\"fr-FR\"},{\"@type\":\"Organization\",\"@id\":\"https:\/\/universnews224.com\/#organization\",\"name\":\"UNIVERSNEWS224\",\"url\":\"https:\/\/universnews224.com\/\",\"logo\":{\"@type\":\"ImageObject\",\"inLanguage\":\"fr-FR\",\"@id\":\"https:\/\/universnews224.com\/#\/schema\/logo\/image\/\",\"url\":\"https:\/\/universnews224.com\/wp-content\/uploads\/2022\/08\/cropped-cropped-logoban.jpg\",\"contentUrl\":\"https:\/\/universnews224.com\/wp-content\/uploads\/2022\/08\/cropped-cropped-logoban.jpg\",\"width\":1080,\"height\":138,\"caption\":\"UNIVERSNEWS224\"},\"image\":{\"@id\":\"https:\/\/universnews224.com\/#\/schema\/logo\/image\/\"}},{\"@type\":\"Person\",\"@id\":\"https:\/\/universnews224.com\/#\/schema\/person\/a4b7d4f94a4716df60456a491260485e\",\"name\":\"La R\u00e9daction\",\"image\":{\"@type\":\"ImageObject\",\"inLanguage\":\"fr-FR\",\"@id\":\"https:\/\/universnews224.com\/#\/schema\/person\/image\/\",\"url\":\"https:\/\/secure.gravatar.com\/avatar\/edb90acc7752b23e1b3307ad36c14f0d?s=96&d=mm&r=g\",\"contentUrl\":\"https:\/\/secure.gravatar.com\/avatar\/edb90acc7752b23e1b3307ad36c14f0d?s=96&d=mm&r=g\",\"caption\":\"La R\u00e9daction\"},\"sameAs\":[\"https:\/\/universnews224.com\"],\"url\":\"https:\/\/universnews224.com\/index.php\/author\/m-camara\/\"}]}<\/script>\n<!-- \/ Yoast SEO plugin. -->","yoast_head_json":{"title":"Guin\u00e9e : la 2\u00e8me assembl\u00e9e g\u00e9n\u00e9rale de la chambre de commerce d'industrie et d'artisanat lanc\u00e9e - UNIVERSNEWS224","robots":{"index":"index","follow":"follow","max-snippet":"max-snippet:-1","max-image-preview":"max-image-preview:large","max-video-preview":"max-video-preview:-1"},"canonical":"https:\/\/universnews224.com\/index.php\/guinee-la-2eme-assemblee-generale-de-la-chambre-de-commerce-dindustrie-et-dartisanat-lancee\/","og_locale":"fr_FR","og_type":"article","og_title":"Guin\u00e9e : la 2\u00e8me assembl\u00e9e g\u00e9n\u00e9rale de la chambre de commerce d'industrie et d'artisanat lanc\u00e9e - UNIVERSNEWS224","og_description":"Sur instruction du premier ministre chef du gouvernement, la deuxi\u00e8me assembl\u00e9e g\u00e9n\u00e9rale de la Chambre","og_url":"https:\/\/universnews224.com\/index.php\/guinee-la-2eme-assemblee-generale-de-la-chambre-de-commerce-dindustrie-et-dartisanat-lancee\/","og_site_name":"UNIVERSNEWS224","article_published_time":"2022-09-22T11:27:51+00:00","og_image":[{"width":1024,"height":576,"url":"https:\/\/universnews224.com\/wp-content\/uploads\/2022\/09\/C04A18D3-61E1-4F69-8C1D-03DF771E8EE7.jpeg","type":"image\/jpeg"}],"author":"La R\u00e9daction","twitter_misc":{"\u00c9crit par":"La R\u00e9daction","Dur\u00e9e de lecture estim\u00e9e":"2 minutes"},"schema":{"@context":"https:\/\/schema.org","@graph":[{"@type":"Article","@id":"https:\/\/universnews224.com\/index.php\/guinee-la-2eme-assemblee-generale-de-la-chambre-de-commerce-dindustrie-et-dartisanat-lancee\/#article","isPartOf":{"@id":"https:\/\/universnews224.com\/index.php\/guinee-la-2eme-assemblee-generale-de-la-chambre-de-commerce-dindustrie-et-dartisanat-lancee\/"},"author":{"name":"La R\u00e9daction","@id":"https:\/\/universnews224.com\/#\/schema\/person\/a4b7d4f94a4716df60456a491260485e"},"headline":"Guin\u00e9e : la 2\u00e8me assembl\u00e9e g\u00e9n\u00e9rale de la chambre de commerce d&rsquo;industrie et d&rsquo;artisanat lanc\u00e9e","datePublished":"2022-09-22T11:27:51+00:00","dateModified":"2022-09-22T11:27:51+00:00","mainEntityOfPage":{"@id":"https:\/\/universnews224.com\/index.php\/guinee-la-2eme-assemblee-generale-de-la-chambre-de-commerce-dindustrie-et-dartisanat-lancee\/"},"wordCount":294,"publisher":{"@id":"https:\/\/universnews224.com\/#organization"},"keywords":["La une"],"articleSection":["ACTU","POLITIQUE"],"inLanguage":"fr-FR"},{"@type":"WebPage","@id":"https:\/\/universnews224.com\/index.php\/guinee-la-2eme-assemblee-generale-de-la-chambre-de-commerce-dindustrie-et-dartisanat-lancee\/","url":"https:\/\/universnews224.com\/index.php\/guinee-la-2eme-assemblee-generale-de-la-chambre-de-commerce-dindustrie-et-dartisanat-lancee\/","name":"Guin\u00e9e : la 2\u00e8me assembl\u00e9e g\u00e9n\u00e9rale de la chambre de commerce d'industrie et d'artisanat lanc\u00e9e - UNIVERSNEWS224","isPartOf":{"@id":"https:\/\/universnews224.com\/#website"},"datePublished":"2022-09-22T11:27:51+00:00","dateModified":"2022-09-22T11:27:51+00:00","inLanguage":"fr-FR","potentialAction":[{"@type":"ReadAction","target":["https:\/\/universnews224.com\/index.php\/guinee-la-2eme-assemblee-generale-de-la-chambre-de-commerce-dindustrie-et-dartisanat-lancee\/"]}]},{"@type":"WebSite","@id":"https:\/\/universnews224.com\/#website","url":"https:\/\/universnews224.com\/","name":"UNIVERSNEWS224","description":"","publisher":{"@id":"https:\/\/universnews224.com\/#organization"},"potentialAction":[{"@type":"SearchAction","target":{"@type":"EntryPoint","urlTemplate":"https:\/\/universnews224.com\/?s={search_term_string}"},"query-input":"required name=search_term_string"}],"inLanguage":"fr-FR"},{"@type":"Organization","@id":"https:\/\/universnews224.com\/#organization","name":"UNIVERSNEWS224","url":"https:\/\/universnews224.com\/","logo":{"@type":"ImageObject","inLanguage":"fr-FR","@id":"https:\/\/universnews224.com\/#\/schema\/logo\/image\/","url":"https:\/\/universnews224.com\/wp-content\/uploads\/2022\/08\/cropped-cropped-logoban.jpg","contentUrl":"https:\/\/universnews224.com\/wp-content\/uploads\/2022\/08\/cropped-cropped-logoban.jpg","width":1080,"height":138,"caption":"UNIVERSNEWS224"},"image":{"@id":"https:\/\/universnews224.com\/#\/schema\/logo\/image\/"}},{"@type":"Person","@id":"https:\/\/universnews224.com\/#\/schema\/person\/a4b7d4f94a4716df60456a491260485e","name":"La R\u00e9daction","image":{"@type":"ImageObject","inLanguage":"fr-FR","@id":"https:\/\/universnews224.com\/#\/schema\/person\/image\/","url":"https:\/\/secure.gravatar.com\/avatar\/edb90acc7752b23e1b3307ad36c14f0d?s=96&d=mm&r=g","contentUrl":"https:\/\/secure.gravatar.com\/avatar\/edb90acc7752b23e1b3307ad36c14f0d?s=96&d=mm&r=g","caption":"La R\u00e9daction"},"sameAs":["https:\/\/universnews224.com"],"url":"https:\/\/universnews224.com\/index.php\/author\/m-camara\/"}]}},"_links":{"self":[{"href":"https:\/\/universnews224.com\/index.php\/wp-json\/wp\/v2\/posts\/2063"}],"collection":[{"href":"https:\/\/universnews224.com\/index.php\/wp-json\/wp\/v2\/posts"}],"about":[{"href":"https:\/\/universnews224.com\/index.php\/wp-json\/wp\/v2\/types\/post"}],"author":[{"embeddable":true,"href":"https:\/\/universnews224.com\/index.php\/wp-json\/wp\/v2\/users\/2"}],"replies":[{"embeddable":true,"href":"https:\/\/universnews224.com\/index.php\/wp-json\/wp\/v2\/comments?post=2063"}],"version-history":[{"count":1,"href":"https:\/\/universnews224.com\/index.php\/wp-json\/wp\/v2\/posts\/2063\/revisions"}],"predecessor-version":[{"id":2065,"href":"https:\/\/universnews224.com\/index.php\/wp-json\/wp\/v2\/posts\/2063\/revisions\/2065"}],"wp:featuredmedia":[{"embeddable":true,"href":"https:\/\/universnews224.com\/index.php\/wp-json\/wp\/v2\/media\/2064"}],"wp:attachment":[{"href":"https:\/\/universnews224.com\/index.php\/wp-json\/wp\/v2\/media?parent=2063"}],"wp:term":[{"taxonomy":"category","embeddable":true,"href":"https:\/\/universnews224.com\/index.php\/wp-json\/wp\/v2\/categories?post=2063"},{"taxonomy":"post_tag","embeddable":true,"href":"https:\/\/universnews224.com\/index.php\/wp-json\/wp\/v2\/tags?post=2063"}],"curies":[{"name":"wp","href":"https:\/\/api.w.org\/{rel}","templated":true}]}}