{"id":2066,"date":"2022-09-22T13:12:25","date_gmt":"2022-09-22T12:12:25","guid":{"rendered":"https:\/\/universnews224.com\/?p=2066"},"modified":"2022-09-22T13:12:25","modified_gmt":"2022-09-22T12:12:25","slug":"colonel-amara-camara-descend-embalo-nous-regrettons-cette-sortie-solitaire-irresponsable-et-inappropriee-a-legard-du-peuple-souverain-de-guinee","status":"publish","type":"post","link":"https:\/\/universnews224.com\/index.php\/colonel-amara-camara-descend-embalo-nous-regrettons-cette-sortie-solitaire-irresponsable-et-inappropriee-a-legard-du-peuple-souverain-de-guinee\/","title":{"rendered":"Colonel Amara Camara descend Embalo:\u00ab Nous regrettons cette sortie solitaire, irresponsable et inappropri\u00e9e \u00e0 l\u2019\u00e9gard du peuple souverain de Guin\u00e9e\u00bb"},"content":{"rendered":"<div>C\u2019est une r\u00e9ponse du berger \u00e0 la berg\u00e8re. Lors de sa sortie m\u00e9diatique chez nos confr\u00e8res de RFI, ce mercredi, 21 septembre, le pr\u00e9sident en exercice de la CEDEAO, Oumaru Embalo a d\u00e9clar\u00e9 que l\u2019organisation sous-r\u00e9gionale ne permettra pas \u00e0 la Guin\u00e9e d\u2019avoir une transition 36 mois.<\/div>\n<div><\/div>\n<div>Des propos qui ne laissent \u00a0pas diff\u00e9rente le pouvoir de Conakry. Dans une d\u00e9claration rendue public ce jeudi 22 septembre 2022 , le ministre porte-parole de la pr\u00e9sidence, colonel Amara Camara qualifie \u00a0de cette sortie du pr\u00e9sident de Guin\u00e9e Bissau\u00ab d\u2019irresponsable et inappropri\u00e9e \u00e0 l\u2019\u00e9gard du peuple souverain de Guin\u00e9e \u00bb.<\/div>\n<div><\/div>\n<div>\u00ab Nous avons suivi la sortie m\u00e9diatique du pr\u00e9sident de la conf\u00e9rence des chefs d\u2019Etat sur les ondes de RFI. Avant tout, nous regrettons cette sortie solitaire, irresponsable et inappropri\u00e9e \u00e0 l\u2019\u00e9gard du peuple souverain de Guin\u00e9e. Comme vous le savez tous, la fonction du pr\u00e9sident de la conf\u00e9rence des chefs d\u2019Etat est d\u2019une grande exigence, il ne voudrait pas qu\u2019on estime que ce statut donne le droit de parler et de d\u00e9cider en lieu et place de ses pairs avant m\u00eame de les avoir consult\u00e9s.<\/div>\n<div><\/div>\n<div>Depuis son arriv\u00e9e \u00e0 la t\u00eate de cette institution respectable, le pr\u00e9sident Embalo s\u2019illustre dans ses prises de positions personnelles au m\u00e9pris de ses homologues pr\u00e9sidents.<\/div>\n<div><\/div>\n<div>D\u2019abord, le bon sens et le respect de notre sous-r\u00e9gion voudraient qu\u2019on l\u2019on s\u2019abstienne d\u2019organiser des sommets de la CEDEA0 en dehors des terres d\u2019Afrique de l\u2019Ouest. La jeunesse consciente africaine pleure dans son \u00e2me que son sort et sa situation soient d\u00e9cid\u00e9s d\u2019avance par quelqu\u2019un qui est \u00e0 des milliers de kilom\u00e8tres, cela d\u00e9montre clairement aussi le manque de rigueur en soi \u00e0 certains moments.<\/div>\n<div>\n<div><\/div>\n<div>\n<p>A lui entendre et \u00e0 lui prendre aux mots, en imposant \u00e0 ses pairs la tenue de ce sommet en dehors de son histoire g\u00e9ographique, son leadership aura permis de donner l\u2019occasion aux autres de ne pas nous prendre au s\u00e9rieux\u2026 \u00bb<\/p>\n<\/div>\n<div>Universnews<\/div>\n<\/div>\n","protected":false},"excerpt":{"rendered":"<p>C\u2019est une r\u00e9ponse du berger \u00e0 la berg\u00e8re. Lors de sa sortie m\u00e9diatique chez nos<\/p>\n","protected":false},"author":2,"featured_media":1942,"comment_status":"closed","ping_status":"open","sticky":false,"template":"","format":"standard","meta":[],"categories":[3,4],"tags":[229],"yoast_head":"<!-- This site is optimized with the Yoast SEO plugin v19.13 - https:\/\/yoast.com\/wordpress\/plugins\/seo\/ -->\n<title>Colonel Amara Camara descend Embalo:\u00ab Nous regrettons cette sortie solitaire, irresponsable et inappropri\u00e9e \u00e0 l\u2019\u00e9gard du peuple souverain de Guin\u00e9e\u00bb - UNIVERSNEWS224<\/title>\n<meta name=\"robots\" content=\"index, follow, max-snippet:-1, max-image-preview:large, max-video-preview:-1\" \/>\n<link rel=\"canonical\" href=\"https:\/\/universnews224.com\/index.php\/colonel-amara-camara-descend-embalo-nous-regrettons-cette-sortie-solitaire-irresponsable-et-inappropriee-a-legard-du-peuple-souverain-de-guinee\/\" \/>\n<meta property=\"og:locale\" content=\"fr_FR\" \/>\n<meta property=\"og:type\" content=\"article\" \/>\n<meta property=\"og:title\" content=\"Colonel Amara Camara descend Embalo:\u00ab Nous regrettons cette sortie solitaire, irresponsable et inappropri\u00e9e \u00e0 l\u2019\u00e9gard du peuple souverain de Guin\u00e9e\u00bb - UNIVERSNEWS224\" \/>\n<meta property=\"og:description\" content=\"C\u2019est une r\u00e9ponse du berger \u00e0 la berg\u00e8re. Lors de sa sortie m\u00e9diatique chez nos\" \/>\n<meta property=\"og:url\" content=\"https:\/\/universnews224.com\/index.php\/colonel-amara-camara-descend-embalo-nous-regrettons-cette-sortie-solitaire-irresponsable-et-inappropriee-a-legard-du-peuple-souverain-de-guinee\/\" \/>\n<meta property=\"og:site_name\" content=\"UNIVERSNEWS224\" \/>\n<meta property=\"article:published_time\" content=\"2022-09-22T12:12:25+00:00\" \/>\n<meta property=\"og:image\" content=\"https:\/\/universnews224.com\/wp-content\/uploads\/2022\/09\/7C44F045-614C-4AC0-A1B5-5CD7B3A20124.jpeg\" \/>\n\t<meta property=\"og:image:width\" content=\"720\" \/>\n\t<meta property=\"og:image:height\" content=\"816\" \/>\n\t<meta property=\"og:image:type\" content=\"image\/jpeg\" \/>\n<meta name=\"author\" content=\"La R\u00e9daction\" \/>\n<meta name=\"twitter:label1\" content=\"\u00c9crit par\" \/>\n\t<meta name=\"twitter:data1\" content=\"La R\u00e9daction\" \/>\n\t<meta name=\"twitter:label2\" content=\"Dur\u00e9e de lecture estim\u00e9e\" \/>\n\t<meta name=\"twitter:data2\" content=\"2 minutes\" \/>\n<script type=\"application\/ld+json\" class=\"yoast-schema-graph\">{\"@context\":\"https:\/\/schema.org\",\"@graph\":[{\"@type\":\"Article\",\"@id\":\"https:\/\/universnews224.com\/index.php\/colonel-amara-camara-descend-embalo-nous-regrettons-cette-sortie-solitaire-irresponsable-et-inappropriee-a-legard-du-peuple-souverain-de-guinee\/#article\",\"isPartOf\":{\"@id\":\"https:\/\/universnews224.com\/index.php\/colonel-amara-camara-descend-embalo-nous-regrettons-cette-sortie-solitaire-irresponsable-et-inappropriee-a-legard-du-peuple-souverain-de-guinee\/\"},\"author\":{\"name\":\"La R\u00e9daction\",\"@id\":\"https:\/\/universnews224.com\/#\/schema\/person\/a4b7d4f94a4716df60456a491260485e\"},\"headline\":\"Colonel Amara Camara descend Embalo:\u00ab Nous regrettons cette sortie solitaire, irresponsable et inappropri\u00e9e \u00e0 l\u2019\u00e9gard du peuple souverain de Guin\u00e9e\u00bb\",\"datePublished\":\"2022-09-22T12:12:25+00:00\",\"dateModified\":\"2022-09-22T12:12:25+00:00\",\"mainEntityOfPage\":{\"@id\":\"https:\/\/universnews224.com\/index.php\/colonel-amara-camara-descend-embalo-nous-regrettons-cette-sortie-solitaire-irresponsable-et-inappropriee-a-legard-du-peuple-souverain-de-guinee\/\"},\"wordCount\":382,\"publisher\":{\"@id\":\"https:\/\/universnews224.com\/#organization\"},\"keywords\":[\"La une\"],\"articleSection\":[\"ACTU\",\"POLITIQUE\"],\"inLanguage\":\"fr-FR\"},{\"@type\":\"WebPage\",\"@id\":\"https:\/\/universnews224.com\/index.php\/colonel-amara-camara-descend-embalo-nous-regrettons-cette-sortie-solitaire-irresponsable-et-inappropriee-a-legard-du-peuple-souverain-de-guinee\/\",\"url\":\"https:\/\/universnews224.com\/index.php\/colonel-amara-camara-descend-embalo-nous-regrettons-cette-sortie-solitaire-irresponsable-et-inappropriee-a-legard-du-peuple-souverain-de-guinee\/\",\"name\":\"Colonel Amara Camara descend Embalo:\u00ab Nous regrettons cette sortie solitaire, irresponsable et inappropri\u00e9e \u00e0 l\u2019\u00e9gard du peuple souverain de Guin\u00e9e\u00bb - UNIVERSNEWS224\",\"isPartOf\":{\"@id\":\"https:\/\/universnews224.com\/#website\"},\"datePublished\":\"2022-09-22T12:12:25+00:00\",\"dateModified\":\"2022-09-22T12:12:25+00:00\",\"inLanguage\":\"fr-FR\",\"potentialAction\":[{\"@type\":\"ReadAction\",\"target\":[\"https:\/\/universnews224.com\/index.php\/colonel-amara-camara-descend-embalo-nous-regrettons-cette-sortie-solitaire-irresponsable-et-inappropriee-a-legard-du-peuple-souverain-de-guinee\/\"]}]},{\"@type\":\"WebSite\",\"@id\":\"https:\/\/universnews224.com\/#website\",\"url\":\"https:\/\/universnews224.com\/\",\"name\":\"UNIVERSNEWS224\",\"description\":\"\",\"publisher\":{\"@id\":\"https:\/\/universnews224.com\/#organization\"},\"potentialAction\":[{\"@type\":\"SearchAction\",\"target\":{\"@type\":\"EntryPoint\",\"urlTemplate\":\"https:\/\/universnews224.com\/?s={search_term_string}\"},\"query-input\":\"required name=search_term_string\"}],\"inLanguage\":\"fr-FR\"},{\"@type\":\"Organization\",\"@id\":\"https:\/\/universnews224.com\/#organization\",\"name\":\"UNIVERSNEWS224\",\"url\":\"https:\/\/universnews224.com\/\",\"logo\":{\"@type\":\"ImageObject\",\"inLanguage\":\"fr-FR\",\"@id\":\"https:\/\/universnews224.com\/#\/schema\/logo\/image\/\",\"url\":\"https:\/\/universnews224.com\/wp-content\/uploads\/2022\/08\/cropped-cropped-logoban.jpg\",\"contentUrl\":\"https:\/\/universnews224.com\/wp-content\/uploads\/2022\/08\/cropped-cropped-logoban.jpg\",\"width\":1080,\"height\":138,\"caption\":\"UNIVERSNEWS224\"},\"image\":{\"@id\":\"https:\/\/universnews224.com\/#\/schema\/logo\/image\/\"}},{\"@type\":\"Person\",\"@id\":\"https:\/\/universnews224.com\/#\/schema\/person\/a4b7d4f94a4716df60456a491260485e\",\"name\":\"La R\u00e9daction\",\"image\":{\"@type\":\"ImageObject\",\"inLanguage\":\"fr-FR\",\"@id\":\"https:\/\/universnews224.com\/#\/schema\/person\/image\/\",\"url\":\"https:\/\/secure.gravatar.com\/avatar\/edb90acc7752b23e1b3307ad36c14f0d?s=96&d=mm&r=g\",\"contentUrl\":\"https:\/\/secure.gravatar.com\/avatar\/edb90acc7752b23e1b3307ad36c14f0d?s=96&d=mm&r=g\",\"caption\":\"La R\u00e9daction\"},\"sameAs\":[\"https:\/\/universnews224.com\"],\"url\":\"https:\/\/universnews224.com\/index.php\/author\/m-camara\/\"}]}<\/script>\n<!-- \/ Yoast SEO plugin. -->","yoast_head_json":{"title":"Colonel Amara Camara descend Embalo:\u00ab Nous regrettons cette sortie solitaire, irresponsable et inappropri\u00e9e \u00e0 l\u2019\u00e9gard du peuple souverain de Guin\u00e9e\u00bb - UNIVERSNEWS224","robots":{"index":"index","follow":"follow","max-snippet":"max-snippet:-1","max-image-preview":"max-image-preview:large","max-video-preview":"max-video-preview:-1"},"canonical":"https:\/\/universnews224.com\/index.php\/colonel-amara-camara-descend-embalo-nous-regrettons-cette-sortie-solitaire-irresponsable-et-inappropriee-a-legard-du-peuple-souverain-de-guinee\/","og_locale":"fr_FR","og_type":"article","og_title":"Colonel Amara Camara descend Embalo:\u00ab Nous regrettons cette sortie solitaire, irresponsable et inappropri\u00e9e \u00e0 l\u2019\u00e9gard du peuple souverain de Guin\u00e9e\u00bb - UNIVERSNEWS224","og_description":"C\u2019est une r\u00e9ponse du berger \u00e0 la berg\u00e8re. Lors de sa sortie m\u00e9diatique chez nos","og_url":"https:\/\/universnews224.com\/index.php\/colonel-amara-camara-descend-embalo-nous-regrettons-cette-sortie-solitaire-irresponsable-et-inappropriee-a-legard-du-peuple-souverain-de-guinee\/","og_site_name":"UNIVERSNEWS224","article_published_time":"2022-09-22T12:12:25+00:00","og_image":[{"width":720,"height":816,"url":"https:\/\/universnews224.com\/wp-content\/uploads\/2022\/09\/7C44F045-614C-4AC0-A1B5-5CD7B3A20124.jpeg","type":"image\/jpeg"}],"author":"La R\u00e9daction","twitter_misc":{"\u00c9crit par":"La R\u00e9daction","Dur\u00e9e de lecture estim\u00e9e":"2 minutes"},"schema":{"@context":"https:\/\/schema.org","@graph":[{"@type":"Article","@id":"https:\/\/universnews224.com\/index.php\/colonel-amara-camara-descend-embalo-nous-regrettons-cette-sortie-solitaire-irresponsable-et-inappropriee-a-legard-du-peuple-souverain-de-guinee\/#article","isPartOf":{"@id":"https:\/\/universnews224.com\/index.php\/colonel-amara-camara-descend-embalo-nous-regrettons-cette-sortie-solitaire-irresponsable-et-inappropriee-a-legard-du-peuple-souverain-de-guinee\/"},"author":{"name":"La R\u00e9daction","@id":"https:\/\/universnews224.com\/#\/schema\/person\/a4b7d4f94a4716df60456a491260485e"},"headline":"Colonel Amara Camara descend Embalo:\u00ab Nous regrettons cette sortie solitaire, irresponsable et inappropri\u00e9e \u00e0 l\u2019\u00e9gard du peuple souverain de Guin\u00e9e\u00bb","datePublished":"2022-09-22T12:12:25+00:00","dateModified":"2022-09-22T12:12:25+00:00","mainEntityOfPage":{"@id":"https:\/\/universnews224.com\/index.php\/colonel-amara-camara-descend-embalo-nous-regrettons-cette-sortie-solitaire-irresponsable-et-inappropriee-a-legard-du-peuple-souverain-de-guinee\/"},"wordCount":382,"publisher":{"@id":"https:\/\/universnews224.com\/#organization"},"keywords":["La une"],"articleSection":["ACTU","POLITIQUE"],"inLanguage":"fr-FR"},{"@type":"WebPage","@id":"https:\/\/universnews224.com\/index.php\/colonel-amara-camara-descend-embalo-nous-regrettons-cette-sortie-solitaire-irresponsable-et-inappropriee-a-legard-du-peuple-souverain-de-guinee\/","url":"https:\/\/universnews224.com\/index.php\/colonel-amara-camara-descend-embalo-nous-regrettons-cette-sortie-solitaire-irresponsable-et-inappropriee-a-legard-du-peuple-souverain-de-guinee\/","name":"Colonel Amara Camara descend Embalo:\u00ab Nous regrettons cette sortie solitaire, irresponsable et inappropri\u00e9e \u00e0 l\u2019\u00e9gard du peuple souverain de Guin\u00e9e\u00bb - UNIVERSNEWS224","isPartOf":{"@id":"https:\/\/universnews224.com\/#website"},"datePublished":"2022-09-22T12:12:25+00:00","dateModified":"2022-09-22T12:12:25+00:00","inLanguage":"fr-FR","potentialAction":[{"@type":"ReadAction","target":["https:\/\/universnews224.com\/index.php\/colonel-amara-camara-descend-embalo-nous-regrettons-cette-sortie-solitaire-irresponsable-et-inappropriee-a-legard-du-peuple-souverain-de-guinee\/"]}]},{"@type":"WebSite","@id":"https:\/\/universnews224.com\/#website","url":"https:\/\/universnews224.com\/","name":"UNIVERSNEWS224","description":"","publisher":{"@id":"https:\/\/universnews224.com\/#organization"},"potentialAction":[{"@type":"SearchAction","target":{"@type":"EntryPoint","urlTemplate":"https:\/\/universnews224.com\/?s={search_term_string}"},"query-input":"required name=search_term_string"}],"inLanguage":"fr-FR"},{"@type":"Organization","@id":"https:\/\/universnews224.com\/#organization","name":"UNIVERSNEWS224","url":"https:\/\/universnews224.com\/","logo":{"@type":"ImageObject","inLanguage":"fr-FR","@id":"https:\/\/universnews224.com\/#\/schema\/logo\/image\/","url":"https:\/\/universnews224.com\/wp-content\/uploads\/2022\/08\/cropped-cropped-logoban.jpg","contentUrl":"https:\/\/universnews224.com\/wp-content\/uploads\/2022\/08\/cropped-cropped-logoban.jpg","width":1080,"height":138,"caption":"UNIVERSNEWS224"},"image":{"@id":"https:\/\/universnews224.com\/#\/schema\/logo\/image\/"}},{"@type":"Person","@id":"https:\/\/universnews224.com\/#\/schema\/person\/a4b7d4f94a4716df60456a491260485e","name":"La R\u00e9daction","image":{"@type":"ImageObject","inLanguage":"fr-FR","@id":"https:\/\/universnews224.com\/#\/schema\/person\/image\/","url":"https:\/\/secure.gravatar.com\/avatar\/edb90acc7752b23e1b3307ad36c14f0d?s=96&d=mm&r=g","contentUrl":"https:\/\/secure.gravatar.com\/avatar\/edb90acc7752b23e1b3307ad36c14f0d?s=96&d=mm&r=g","caption":"La R\u00e9daction"},"sameAs":["https:\/\/universnews224.com"],"url":"https:\/\/universnews224.com\/index.php\/author\/m-camara\/"}]}},"_links":{"self":[{"href":"https:\/\/universnews224.com\/index.php\/wp-json\/wp\/v2\/posts\/2066"}],"collection":[{"href":"https:\/\/universnews224.com\/index.php\/wp-json\/wp\/v2\/posts"}],"about":[{"href":"https:\/\/universnews224.com\/index.php\/wp-json\/wp\/v2\/types\/post"}],"author":[{"embeddable":true,"href":"https:\/\/universnews224.com\/index.php\/wp-json\/wp\/v2\/users\/2"}],"replies":[{"embeddable":true,"href":"https:\/\/universnews224.com\/index.php\/wp-json\/wp\/v2\/comments?post=2066"}],"version-history":[{"count":1,"href":"https:\/\/universnews224.com\/index.php\/wp-json\/wp\/v2\/posts\/2066\/revisions"}],"predecessor-version":[{"id":2067,"href":"https:\/\/universnews224.com\/index.php\/wp-json\/wp\/v2\/posts\/2066\/revisions\/2067"}],"wp:featuredmedia":[{"embeddable":true,"href":"https:\/\/universnews224.com\/index.php\/wp-json\/wp\/v2\/media\/1942"}],"wp:attachment":[{"href":"https:\/\/universnews224.com\/index.php\/wp-json\/wp\/v2\/media?parent=2066"}],"wp:term":[{"taxonomy":"category","embeddable":true,"href":"https:\/\/universnews224.com\/index.php\/wp-json\/wp\/v2\/categories?post=2066"},{"taxonomy":"post_tag","embeddable":true,"href":"https:\/\/universnews224.com\/index.php\/wp-json\/wp\/v2\/tags?post=2066"}],"curies":[{"name":"wp","href":"https:\/\/api.w.org\/{rel}","templated":true}]}}