{"id":2073,"date":"2022-09-26T13:32:48","date_gmt":"2022-09-26T12:32:48","guid":{"rendered":"https:\/\/universnews224.com\/?p=2073"},"modified":"2022-09-26T13:32:48","modified_gmt":"2022-09-26T12:32:48","slug":"mory-conde-m-etienne-sait-pertinemment-quil-etait-recherche-par-la-police","status":"publish","type":"post","link":"https:\/\/universnews224.com\/index.php\/mory-conde-m-etienne-sait-pertinemment-quil-etait-recherche-par-la-police\/","title":{"rendered":"Mory Cond\u00e9: \u00abM \u00c9tienne sait pertinemment qu\u2019il \u00e9tait recherch\u00e9 par la police\u00bb"},"content":{"rendered":"<div dir=\"ltr\">Invit\u00e9 de l\u2019\u00e9mission \u00ables Grandes Gueules\u00bb de la radio Espace Fm, le Ministre de l\u2019administration du territoire et de la d\u00e9centralisation, s\u2019est exprim\u00e9 sur l\u2019arrestation du pr\u00e9sident du mouvement\u00abVos valeurs communes\u00bb, \u00c9tienne Soropogui.<\/p>\n<p>Selon Mory Cond\u00e9, Etienne Soropogui a \u00e9t\u00e9 vis\u00e9 par mandat depuis plusieurs jours et qu\u2019il a refus\u00e9 de pr\u00e9senter devant la gendarmerie.<\/p>\n<p>\u00abM \u00c9tienne Soropogui est vis\u00e9 par une plainte. Un mandat a \u00e9t\u00e9 d\u00e9cern\u00e9 par un parquet. La gendarmerie qui dispose de ce mandat, \u00e9tait sa recherche depuis plusieurs jours. Il est rest\u00e9 longtemps cach\u00e9. La gendarmerie a d\u00e9pos\u00e9 des convocations \u00e0 son domicile, chez le conseil de quartier o\u00f9 il habite, au niveau de la mairie o\u00f9 il se trouve. Je pense que le code de proc\u00e9dure p\u00e9nale en la mati\u00e8re permet que lorsque la gendarmerie ayant \u00e9puis\u00e9 tous ses recours, lorsqu\u2019elle a connaissance d\u2019un lieu o\u00f9 se trouve la personne d\u2019aller proc\u00e9der \u00e0 son interpellation et c\u2019est que la gendarmerie a fait. Dans les faits, je persiste et je signe \u00a0M \u00c9tienne sait pertinemment qu\u2019il \u00e9tait recherch\u00e9 par la police a t-il d\u00e9clar\u00e9 avant de rench\u00e9rir:<\/p>\n<p>\u00abJe vous dis encore une fois que M \u00c9tienne Soropogui avait bel et bien qu\u2019il est recherch\u00e9 par un mandat de la gendarmerie. Le d\u00e9lai indiqu\u00e9 par la loi \u00e9tant \u00e9puis\u00e9, la gendarmerie \u00e9tait en droit de proc\u00e9der \u00e0 son arrestation. D\u2019abord, ils ont commenc\u00e9 par l\u2019appel t\u00e9l\u00e9phonique pour dire que vous \u00eates invit\u00e9 \u00e0 vous pr\u00e9senter devant tel. Ce que je dis, si M \u00c9tienne Soropogui est de bonne foi, le jour o\u00f9 vous aurez sur vos antennes, il va le confirmer. Apr\u00e8s l\u2019appel t\u00e9l\u00e9phonique, les convocations ont \u00e9t\u00e9 envoy\u00e9es. Quand les conventions ont \u00e9t\u00e9 envoy\u00e9es, il ne s\u2019est jamais pr\u00e9sent\u00e9. La gendarmerie maintenant s\u2019est d\u00e9plac\u00e9e pour aller au domicile du sujet. Maintenant, c\u2019est la suite de tout cela, une recherche a \u00e9t\u00e9 lanc\u00e9e \u00e0 son encontre et la gendarmerie ne fait ex\u00e9cuter un mandat que la justice l\u2019a donn\u00e9\u00bb, a t-il martel\u00e9.<\/p>\n<p>\u00c0 la question de savoir; quels sont motifs de l\u2019arrestation du pr\u00e9sident du mouvement\u00ab Nos Valeurs Communes\u00bb?, Le ministre de MATD r\u00e9pond:<\/p>\n<p>\u00abQuand aux raisons son arrestation, vous avez le contact du porte-parole du minist\u00e8re de la justice ou des diff\u00e9rents parquets de Conakry. Ceux-ci sont mieux plac\u00e9s pour vous donner des d\u00e9tails par rapport aux raisons de son arrestation\u00bb, a t-il laiss\u00e9 entendre.<\/p><\/div>\n<div dir=\"ltr\"><\/div>\n<div dir=\"ltr\">Camara Mamadouba<\/div>\n<div dir=\"ltr\">\n<\/div>\n","protected":false},"excerpt":{"rendered":"<p>Invit\u00e9 de l\u2019\u00e9mission \u00ables Grandes Gueules\u00bb de la radio Espace Fm, le Ministre de l\u2019administration<\/p>\n","protected":false},"author":2,"featured_media":2074,"comment_status":"closed","ping_status":"open","sticky":false,"template":"","format":"standard","meta":[],"categories":[3,4],"tags":[229],"yoast_head":"<!-- This site is optimized with the Yoast SEO plugin v19.13 - https:\/\/yoast.com\/wordpress\/plugins\/seo\/ -->\n<title>Mory Cond\u00e9: \u00abM \u00c9tienne sait pertinemment qu\u2019il \u00e9tait recherch\u00e9 par la police\u00bb - UNIVERSNEWS224<\/title>\n<meta name=\"robots\" content=\"index, follow, max-snippet:-1, max-image-preview:large, max-video-preview:-1\" \/>\n<link rel=\"canonical\" href=\"https:\/\/universnews224.com\/index.php\/mory-conde-m-etienne-sait-pertinemment-quil-etait-recherche-par-la-police\/\" \/>\n<meta property=\"og:locale\" content=\"fr_FR\" \/>\n<meta property=\"og:type\" content=\"article\" \/>\n<meta property=\"og:title\" content=\"Mory Cond\u00e9: \u00abM \u00c9tienne sait pertinemment qu\u2019il \u00e9tait recherch\u00e9 par la police\u00bb - UNIVERSNEWS224\" \/>\n<meta property=\"og:description\" content=\"Invit\u00e9 de l\u2019\u00e9mission \u00ables Grandes Gueules\u00bb de la radio Espace Fm, le Ministre de l\u2019administration\" \/>\n<meta property=\"og:url\" content=\"https:\/\/universnews224.com\/index.php\/mory-conde-m-etienne-sait-pertinemment-quil-etait-recherche-par-la-police\/\" \/>\n<meta property=\"og:site_name\" content=\"UNIVERSNEWS224\" \/>\n<meta property=\"article:published_time\" content=\"2022-09-26T12:32:48+00:00\" \/>\n<meta property=\"og:image\" content=\"https:\/\/universnews224.com\/wp-content\/uploads\/2022\/09\/D37F2152-4D9A-4F9F-9413-FBF65B449FA3.jpeg\" \/>\n\t<meta property=\"og:image:width\" content=\"1080\" \/>\n\t<meta property=\"og:image:height\" content=\"720\" \/>\n\t<meta property=\"og:image:type\" content=\"image\/jpeg\" \/>\n<meta name=\"author\" content=\"La R\u00e9daction\" \/>\n<meta name=\"twitter:label1\" content=\"\u00c9crit par\" \/>\n\t<meta name=\"twitter:data1\" content=\"La R\u00e9daction\" \/>\n\t<meta name=\"twitter:label2\" content=\"Dur\u00e9e de lecture estim\u00e9e\" \/>\n\t<meta name=\"twitter:data2\" content=\"3 minutes\" \/>\n<script type=\"application\/ld+json\" class=\"yoast-schema-graph\">{\"@context\":\"https:\/\/schema.org\",\"@graph\":[{\"@type\":\"Article\",\"@id\":\"https:\/\/universnews224.com\/index.php\/mory-conde-m-etienne-sait-pertinemment-quil-etait-recherche-par-la-police\/#article\",\"isPartOf\":{\"@id\":\"https:\/\/universnews224.com\/index.php\/mory-conde-m-etienne-sait-pertinemment-quil-etait-recherche-par-la-police\/\"},\"author\":{\"name\":\"La R\u00e9daction\",\"@id\":\"https:\/\/universnews224.com\/#\/schema\/person\/a4b7d4f94a4716df60456a491260485e\"},\"headline\":\"Mory Cond\u00e9: \u00abM \u00c9tienne sait pertinemment qu\u2019il \u00e9tait recherch\u00e9 par la police\u00bb\",\"datePublished\":\"2022-09-26T12:32:48+00:00\",\"dateModified\":\"2022-09-26T12:32:48+00:00\",\"mainEntityOfPage\":{\"@id\":\"https:\/\/universnews224.com\/index.php\/mory-conde-m-etienne-sait-pertinemment-quil-etait-recherche-par-la-police\/\"},\"wordCount\":451,\"publisher\":{\"@id\":\"https:\/\/universnews224.com\/#organization\"},\"keywords\":[\"La une\"],\"articleSection\":[\"ACTU\",\"POLITIQUE\"],\"inLanguage\":\"fr-FR\"},{\"@type\":\"WebPage\",\"@id\":\"https:\/\/universnews224.com\/index.php\/mory-conde-m-etienne-sait-pertinemment-quil-etait-recherche-par-la-police\/\",\"url\":\"https:\/\/universnews224.com\/index.php\/mory-conde-m-etienne-sait-pertinemment-quil-etait-recherche-par-la-police\/\",\"name\":\"Mory Cond\u00e9: \u00abM \u00c9tienne sait pertinemment qu\u2019il \u00e9tait recherch\u00e9 par la police\u00bb - UNIVERSNEWS224\",\"isPartOf\":{\"@id\":\"https:\/\/universnews224.com\/#website\"},\"datePublished\":\"2022-09-26T12:32:48+00:00\",\"dateModified\":\"2022-09-26T12:32:48+00:00\",\"inLanguage\":\"fr-FR\",\"potentialAction\":[{\"@type\":\"ReadAction\",\"target\":[\"https:\/\/universnews224.com\/index.php\/mory-conde-m-etienne-sait-pertinemment-quil-etait-recherche-par-la-police\/\"]}]},{\"@type\":\"WebSite\",\"@id\":\"https:\/\/universnews224.com\/#website\",\"url\":\"https:\/\/universnews224.com\/\",\"name\":\"UNIVERSNEWS224\",\"description\":\"\",\"publisher\":{\"@id\":\"https:\/\/universnews224.com\/#organization\"},\"potentialAction\":[{\"@type\":\"SearchAction\",\"target\":{\"@type\":\"EntryPoint\",\"urlTemplate\":\"https:\/\/universnews224.com\/?s={search_term_string}\"},\"query-input\":\"required name=search_term_string\"}],\"inLanguage\":\"fr-FR\"},{\"@type\":\"Organization\",\"@id\":\"https:\/\/universnews224.com\/#organization\",\"name\":\"UNIVERSNEWS224\",\"url\":\"https:\/\/universnews224.com\/\",\"logo\":{\"@type\":\"ImageObject\",\"inLanguage\":\"fr-FR\",\"@id\":\"https:\/\/universnews224.com\/#\/schema\/logo\/image\/\",\"url\":\"https:\/\/universnews224.com\/wp-content\/uploads\/2022\/08\/cropped-cropped-logoban.jpg\",\"contentUrl\":\"https:\/\/universnews224.com\/wp-content\/uploads\/2022\/08\/cropped-cropped-logoban.jpg\",\"width\":1080,\"height\":138,\"caption\":\"UNIVERSNEWS224\"},\"image\":{\"@id\":\"https:\/\/universnews224.com\/#\/schema\/logo\/image\/\"}},{\"@type\":\"Person\",\"@id\":\"https:\/\/universnews224.com\/#\/schema\/person\/a4b7d4f94a4716df60456a491260485e\",\"name\":\"La R\u00e9daction\",\"image\":{\"@type\":\"ImageObject\",\"inLanguage\":\"fr-FR\",\"@id\":\"https:\/\/universnews224.com\/#\/schema\/person\/image\/\",\"url\":\"https:\/\/secure.gravatar.com\/avatar\/edb90acc7752b23e1b3307ad36c14f0d?s=96&d=mm&r=g\",\"contentUrl\":\"https:\/\/secure.gravatar.com\/avatar\/edb90acc7752b23e1b3307ad36c14f0d?s=96&d=mm&r=g\",\"caption\":\"La R\u00e9daction\"},\"sameAs\":[\"https:\/\/universnews224.com\"],\"url\":\"https:\/\/universnews224.com\/index.php\/author\/m-camara\/\"}]}<\/script>\n<!-- \/ Yoast SEO plugin. -->","yoast_head_json":{"title":"Mory Cond\u00e9: \u00abM \u00c9tienne sait pertinemment qu\u2019il \u00e9tait recherch\u00e9 par la police\u00bb - UNIVERSNEWS224","robots":{"index":"index","follow":"follow","max-snippet":"max-snippet:-1","max-image-preview":"max-image-preview:large","max-video-preview":"max-video-preview:-1"},"canonical":"https:\/\/universnews224.com\/index.php\/mory-conde-m-etienne-sait-pertinemment-quil-etait-recherche-par-la-police\/","og_locale":"fr_FR","og_type":"article","og_title":"Mory Cond\u00e9: \u00abM \u00c9tienne sait pertinemment qu\u2019il \u00e9tait recherch\u00e9 par la police\u00bb - UNIVERSNEWS224","og_description":"Invit\u00e9 de l\u2019\u00e9mission \u00ables Grandes Gueules\u00bb de la radio Espace Fm, le Ministre de l\u2019administration","og_url":"https:\/\/universnews224.com\/index.php\/mory-conde-m-etienne-sait-pertinemment-quil-etait-recherche-par-la-police\/","og_site_name":"UNIVERSNEWS224","article_published_time":"2022-09-26T12:32:48+00:00","og_image":[{"width":1080,"height":720,"url":"https:\/\/universnews224.com\/wp-content\/uploads\/2022\/09\/D37F2152-4D9A-4F9F-9413-FBF65B449FA3.jpeg","type":"image\/jpeg"}],"author":"La R\u00e9daction","twitter_misc":{"\u00c9crit par":"La R\u00e9daction","Dur\u00e9e de lecture estim\u00e9e":"3 minutes"},"schema":{"@context":"https:\/\/schema.org","@graph":[{"@type":"Article","@id":"https:\/\/universnews224.com\/index.php\/mory-conde-m-etienne-sait-pertinemment-quil-etait-recherche-par-la-police\/#article","isPartOf":{"@id":"https:\/\/universnews224.com\/index.php\/mory-conde-m-etienne-sait-pertinemment-quil-etait-recherche-par-la-police\/"},"author":{"name":"La R\u00e9daction","@id":"https:\/\/universnews224.com\/#\/schema\/person\/a4b7d4f94a4716df60456a491260485e"},"headline":"Mory Cond\u00e9: \u00abM \u00c9tienne sait pertinemment qu\u2019il \u00e9tait recherch\u00e9 par la police\u00bb","datePublished":"2022-09-26T12:32:48+00:00","dateModified":"2022-09-26T12:32:48+00:00","mainEntityOfPage":{"@id":"https:\/\/universnews224.com\/index.php\/mory-conde-m-etienne-sait-pertinemment-quil-etait-recherche-par-la-police\/"},"wordCount":451,"publisher":{"@id":"https:\/\/universnews224.com\/#organization"},"keywords":["La une"],"articleSection":["ACTU","POLITIQUE"],"inLanguage":"fr-FR"},{"@type":"WebPage","@id":"https:\/\/universnews224.com\/index.php\/mory-conde-m-etienne-sait-pertinemment-quil-etait-recherche-par-la-police\/","url":"https:\/\/universnews224.com\/index.php\/mory-conde-m-etienne-sait-pertinemment-quil-etait-recherche-par-la-police\/","name":"Mory Cond\u00e9: \u00abM \u00c9tienne sait pertinemment qu\u2019il \u00e9tait recherch\u00e9 par la police\u00bb - UNIVERSNEWS224","isPartOf":{"@id":"https:\/\/universnews224.com\/#website"},"datePublished":"2022-09-26T12:32:48+00:00","dateModified":"2022-09-26T12:32:48+00:00","inLanguage":"fr-FR","potentialAction":[{"@type":"ReadAction","target":["https:\/\/universnews224.com\/index.php\/mory-conde-m-etienne-sait-pertinemment-quil-etait-recherche-par-la-police\/"]}]},{"@type":"WebSite","@id":"https:\/\/universnews224.com\/#website","url":"https:\/\/universnews224.com\/","name":"UNIVERSNEWS224","description":"","publisher":{"@id":"https:\/\/universnews224.com\/#organization"},"potentialAction":[{"@type":"SearchAction","target":{"@type":"EntryPoint","urlTemplate":"https:\/\/universnews224.com\/?s={search_term_string}"},"query-input":"required name=search_term_string"}],"inLanguage":"fr-FR"},{"@type":"Organization","@id":"https:\/\/universnews224.com\/#organization","name":"UNIVERSNEWS224","url":"https:\/\/universnews224.com\/","logo":{"@type":"ImageObject","inLanguage":"fr-FR","@id":"https:\/\/universnews224.com\/#\/schema\/logo\/image\/","url":"https:\/\/universnews224.com\/wp-content\/uploads\/2022\/08\/cropped-cropped-logoban.jpg","contentUrl":"https:\/\/universnews224.com\/wp-content\/uploads\/2022\/08\/cropped-cropped-logoban.jpg","width":1080,"height":138,"caption":"UNIVERSNEWS224"},"image":{"@id":"https:\/\/universnews224.com\/#\/schema\/logo\/image\/"}},{"@type":"Person","@id":"https:\/\/universnews224.com\/#\/schema\/person\/a4b7d4f94a4716df60456a491260485e","name":"La R\u00e9daction","image":{"@type":"ImageObject","inLanguage":"fr-FR","@id":"https:\/\/universnews224.com\/#\/schema\/person\/image\/","url":"https:\/\/secure.gravatar.com\/avatar\/edb90acc7752b23e1b3307ad36c14f0d?s=96&d=mm&r=g","contentUrl":"https:\/\/secure.gravatar.com\/avatar\/edb90acc7752b23e1b3307ad36c14f0d?s=96&d=mm&r=g","caption":"La R\u00e9daction"},"sameAs":["https:\/\/universnews224.com"],"url":"https:\/\/universnews224.com\/index.php\/author\/m-camara\/"}]}},"_links":{"self":[{"href":"https:\/\/universnews224.com\/index.php\/wp-json\/wp\/v2\/posts\/2073"}],"collection":[{"href":"https:\/\/universnews224.com\/index.php\/wp-json\/wp\/v2\/posts"}],"about":[{"href":"https:\/\/universnews224.com\/index.php\/wp-json\/wp\/v2\/types\/post"}],"author":[{"embeddable":true,"href":"https:\/\/universnews224.com\/index.php\/wp-json\/wp\/v2\/users\/2"}],"replies":[{"embeddable":true,"href":"https:\/\/universnews224.com\/index.php\/wp-json\/wp\/v2\/comments?post=2073"}],"version-history":[{"count":1,"href":"https:\/\/universnews224.com\/index.php\/wp-json\/wp\/v2\/posts\/2073\/revisions"}],"predecessor-version":[{"id":2075,"href":"https:\/\/universnews224.com\/index.php\/wp-json\/wp\/v2\/posts\/2073\/revisions\/2075"}],"wp:featuredmedia":[{"embeddable":true,"href":"https:\/\/universnews224.com\/index.php\/wp-json\/wp\/v2\/media\/2074"}],"wp:attachment":[{"href":"https:\/\/universnews224.com\/index.php\/wp-json\/wp\/v2\/media?parent=2073"}],"wp:term":[{"taxonomy":"category","embeddable":true,"href":"https:\/\/universnews224.com\/index.php\/wp-json\/wp\/v2\/categories?post=2073"},{"taxonomy":"post_tag","embeddable":true,"href":"https:\/\/universnews224.com\/index.php\/wp-json\/wp\/v2\/tags?post=2073"}],"curies":[{"name":"wp","href":"https:\/\/api.w.org\/{rel}","templated":true}]}}