{"id":2081,"date":"2022-09-28T00:45:24","date_gmt":"2022-09-27T23:45:24","guid":{"rendered":"https:\/\/universnews224.com\/?p=2081"},"modified":"2022-09-28T00:45:24","modified_gmt":"2022-09-27T23:45:24","slug":"incarceration-de-dadis-et-cie-le-parquet-dit-avoir-oeuvre-pour-que-les-accuses-libres-se-constituent-prisonniers","status":"publish","type":"post","link":"https:\/\/universnews224.com\/index.php\/incarceration-de-dadis-et-cie-le-parquet-dit-avoir-oeuvre-pour-que-les-accuses-libres-se-constituent-prisonniers\/","title":{"rendered":"Incarc\u00e9ration de Dadis et Cie : le parquet dit avoir \u00ab \u0153uvr\u00e9 pour que les accus\u00e9s libres se constituent prisonniers \u00bb"},"content":{"rendered":"<p>Le parquet de Dixinn porte \u00e0 la connaissance de l\u2019opinion publique, nationale et internationale que le proc\u00e8s tant attendu des \u00e9v\u00e9nements du 28 septembre 2009 s\u2019ouvrira effectivement le mercredi 28 septembre 2022 \u00e0 12 heures pr\u00e9cises au Tribunal de Premi\u00e8re Instance de Dixinn, d\u00e9localis\u00e9 dans l\u2019enceinte de la cour d\u2019appel de Conakry.<\/p>\n<p>\u00c0 cet effet, en application des articles pr\u00e9liminaires en ces ali\u00e9nants (1) et (5) 252 du code de proc\u00e9dure p\u00e9nale qui dispose respectivement.<\/p>\n<p>1 \u2013 Article pr\u00e9liminaire alin\u00e9a premier, la proc\u00e9dure p\u00e9nale doit \u00eatre \u00e9quitable et\u00a0contradictoire et pr\u00e9server l\u2019\u00e9quilibre des droits des parties ;<\/p>\n<p>2- Article pr\u00e9liminaire alin\u00e9a (5), les personnes se trouvant dans des conditions semblables et poursuivies pour les m\u00eames Infractions, doivent \u00eatre jug\u00e9es selon les m\u00eames r\u00e8gles ;<\/p>\n<p>3-Article 252 alin\u00e9a (1), l\u2019accus\u00e9 qui a \u00e9t\u00e9 mis en libert\u00e9 ou qui n\u2019a jamais \u00e9t\u00e9 d\u00e9tenu au cours de l\u2019information doit se constituer prisonnier au plus tard la veille de l\u2019audience ;<\/p>\n<p>Le parquet a \u0153uvr\u00e9 pour que les accus\u00e9s libres se\u00a0constituent prisonniers. Il profite de cette occasion pour rassurer le peuple de Guin\u00e9e de la prise de toutes les dispositions n\u00e9cessaires pour la tenue de ce proc\u00e8s dans le respect de toutes les parties.<\/p>\n<p>mosaiqueguinee<\/p>\n","protected":false},"excerpt":{"rendered":"<p>Le parquet de Dixinn porte \u00e0 la connaissance de l\u2019opinion publique, nationale et internationale que<\/p>\n","protected":false},"author":2,"featured_media":2082,"comment_status":"closed","ping_status":"open","sticky":false,"template":"","format":"standard","meta":[],"categories":[3,4],"tags":[229],"yoast_head":"<!-- This site is optimized with the Yoast SEO plugin v19.13 - https:\/\/yoast.com\/wordpress\/plugins\/seo\/ -->\n<title>Incarc\u00e9ration de Dadis et Cie : le parquet dit avoir \u00ab \u0153uvr\u00e9 pour que les accus\u00e9s libres se constituent prisonniers \u00bb - UNIVERSNEWS224<\/title>\n<meta name=\"robots\" content=\"index, follow, max-snippet:-1, max-image-preview:large, max-video-preview:-1\" \/>\n<link rel=\"canonical\" href=\"https:\/\/universnews224.com\/index.php\/incarceration-de-dadis-et-cie-le-parquet-dit-avoir-oeuvre-pour-que-les-accuses-libres-se-constituent-prisonniers\/\" \/>\n<meta property=\"og:locale\" content=\"fr_FR\" \/>\n<meta property=\"og:type\" content=\"article\" \/>\n<meta property=\"og:title\" content=\"Incarc\u00e9ration de Dadis et Cie : le parquet dit avoir \u00ab \u0153uvr\u00e9 pour que les accus\u00e9s libres se constituent prisonniers \u00bb - UNIVERSNEWS224\" \/>\n<meta property=\"og:description\" content=\"Le parquet de Dixinn porte \u00e0 la connaissance de l\u2019opinion publique, nationale et internationale que\" \/>\n<meta property=\"og:url\" content=\"https:\/\/universnews224.com\/index.php\/incarceration-de-dadis-et-cie-le-parquet-dit-avoir-oeuvre-pour-que-les-accuses-libres-se-constituent-prisonniers\/\" \/>\n<meta property=\"og:site_name\" content=\"UNIVERSNEWS224\" \/>\n<meta property=\"article:published_time\" content=\"2022-09-27T23:45:24+00:00\" \/>\n<meta property=\"og:image\" content=\"https:\/\/universnews224.com\/wp-content\/uploads\/2022\/09\/E6ADF5BA-5001-4C6C-A69B-813C3E60007C.webp\" \/>\n\t<meta property=\"og:image:width\" content=\"539\" \/>\n\t<meta property=\"og:image:height\" content=\"370\" \/>\n\t<meta property=\"og:image:type\" content=\"image\/webp\" \/>\n<meta name=\"author\" content=\"La R\u00e9daction\" \/>\n<meta name=\"twitter:label1\" content=\"\u00c9crit par\" \/>\n\t<meta name=\"twitter:data1\" content=\"La R\u00e9daction\" \/>\n\t<meta name=\"twitter:label2\" content=\"Dur\u00e9e de lecture estim\u00e9e\" \/>\n\t<meta name=\"twitter:data2\" content=\"2 minutes\" \/>\n<script type=\"application\/ld+json\" class=\"yoast-schema-graph\">{\"@context\":\"https:\/\/schema.org\",\"@graph\":[{\"@type\":\"Article\",\"@id\":\"https:\/\/universnews224.com\/index.php\/incarceration-de-dadis-et-cie-le-parquet-dit-avoir-oeuvre-pour-que-les-accuses-libres-se-constituent-prisonniers\/#article\",\"isPartOf\":{\"@id\":\"https:\/\/universnews224.com\/index.php\/incarceration-de-dadis-et-cie-le-parquet-dit-avoir-oeuvre-pour-que-les-accuses-libres-se-constituent-prisonniers\/\"},\"author\":{\"name\":\"La R\u00e9daction\",\"@id\":\"https:\/\/universnews224.com\/#\/schema\/person\/a4b7d4f94a4716df60456a491260485e\"},\"headline\":\"Incarc\u00e9ration de Dadis et Cie : le parquet dit avoir \u00ab \u0153uvr\u00e9 pour que les accus\u00e9s libres se constituent prisonniers \u00bb\",\"datePublished\":\"2022-09-27T23:45:24+00:00\",\"dateModified\":\"2022-09-27T23:45:24+00:00\",\"mainEntityOfPage\":{\"@id\":\"https:\/\/universnews224.com\/index.php\/incarceration-de-dadis-et-cie-le-parquet-dit-avoir-oeuvre-pour-que-les-accuses-libres-se-constituent-prisonniers\/\"},\"wordCount\":238,\"publisher\":{\"@id\":\"https:\/\/universnews224.com\/#organization\"},\"keywords\":[\"La une\"],\"articleSection\":[\"ACTU\",\"POLITIQUE\"],\"inLanguage\":\"fr-FR\"},{\"@type\":\"WebPage\",\"@id\":\"https:\/\/universnews224.com\/index.php\/incarceration-de-dadis-et-cie-le-parquet-dit-avoir-oeuvre-pour-que-les-accuses-libres-se-constituent-prisonniers\/\",\"url\":\"https:\/\/universnews224.com\/index.php\/incarceration-de-dadis-et-cie-le-parquet-dit-avoir-oeuvre-pour-que-les-accuses-libres-se-constituent-prisonniers\/\",\"name\":\"Incarc\u00e9ration de Dadis et Cie : le parquet dit avoir \u00ab \u0153uvr\u00e9 pour que les accus\u00e9s libres se constituent prisonniers \u00bb - UNIVERSNEWS224\",\"isPartOf\":{\"@id\":\"https:\/\/universnews224.com\/#website\"},\"datePublished\":\"2022-09-27T23:45:24+00:00\",\"dateModified\":\"2022-09-27T23:45:24+00:00\",\"inLanguage\":\"fr-FR\",\"potentialAction\":[{\"@type\":\"ReadAction\",\"target\":[\"https:\/\/universnews224.com\/index.php\/incarceration-de-dadis-et-cie-le-parquet-dit-avoir-oeuvre-pour-que-les-accuses-libres-se-constituent-prisonniers\/\"]}]},{\"@type\":\"WebSite\",\"@id\":\"https:\/\/universnews224.com\/#website\",\"url\":\"https:\/\/universnews224.com\/\",\"name\":\"UNIVERSNEWS224\",\"description\":\"\",\"publisher\":{\"@id\":\"https:\/\/universnews224.com\/#organization\"},\"potentialAction\":[{\"@type\":\"SearchAction\",\"target\":{\"@type\":\"EntryPoint\",\"urlTemplate\":\"https:\/\/universnews224.com\/?s={search_term_string}\"},\"query-input\":\"required name=search_term_string\"}],\"inLanguage\":\"fr-FR\"},{\"@type\":\"Organization\",\"@id\":\"https:\/\/universnews224.com\/#organization\",\"name\":\"UNIVERSNEWS224\",\"url\":\"https:\/\/universnews224.com\/\",\"logo\":{\"@type\":\"ImageObject\",\"inLanguage\":\"fr-FR\",\"@id\":\"https:\/\/universnews224.com\/#\/schema\/logo\/image\/\",\"url\":\"https:\/\/universnews224.com\/wp-content\/uploads\/2022\/08\/cropped-cropped-logoban.jpg\",\"contentUrl\":\"https:\/\/universnews224.com\/wp-content\/uploads\/2022\/08\/cropped-cropped-logoban.jpg\",\"width\":1080,\"height\":138,\"caption\":\"UNIVERSNEWS224\"},\"image\":{\"@id\":\"https:\/\/universnews224.com\/#\/schema\/logo\/image\/\"}},{\"@type\":\"Person\",\"@id\":\"https:\/\/universnews224.com\/#\/schema\/person\/a4b7d4f94a4716df60456a491260485e\",\"name\":\"La R\u00e9daction\",\"image\":{\"@type\":\"ImageObject\",\"inLanguage\":\"fr-FR\",\"@id\":\"https:\/\/universnews224.com\/#\/schema\/person\/image\/\",\"url\":\"https:\/\/secure.gravatar.com\/avatar\/edb90acc7752b23e1b3307ad36c14f0d?s=96&d=mm&r=g\",\"contentUrl\":\"https:\/\/secure.gravatar.com\/avatar\/edb90acc7752b23e1b3307ad36c14f0d?s=96&d=mm&r=g\",\"caption\":\"La R\u00e9daction\"},\"sameAs\":[\"https:\/\/universnews224.com\"],\"url\":\"https:\/\/universnews224.com\/index.php\/author\/m-camara\/\"}]}<\/script>\n<!-- \/ Yoast SEO plugin. -->","yoast_head_json":{"title":"Incarc\u00e9ration de Dadis et Cie : le parquet dit avoir \u00ab \u0153uvr\u00e9 pour que les accus\u00e9s libres se constituent prisonniers \u00bb - UNIVERSNEWS224","robots":{"index":"index","follow":"follow","max-snippet":"max-snippet:-1","max-image-preview":"max-image-preview:large","max-video-preview":"max-video-preview:-1"},"canonical":"https:\/\/universnews224.com\/index.php\/incarceration-de-dadis-et-cie-le-parquet-dit-avoir-oeuvre-pour-que-les-accuses-libres-se-constituent-prisonniers\/","og_locale":"fr_FR","og_type":"article","og_title":"Incarc\u00e9ration de Dadis et Cie : le parquet dit avoir \u00ab \u0153uvr\u00e9 pour que les accus\u00e9s libres se constituent prisonniers \u00bb - UNIVERSNEWS224","og_description":"Le parquet de Dixinn porte \u00e0 la connaissance de l\u2019opinion publique, nationale et internationale que","og_url":"https:\/\/universnews224.com\/index.php\/incarceration-de-dadis-et-cie-le-parquet-dit-avoir-oeuvre-pour-que-les-accuses-libres-se-constituent-prisonniers\/","og_site_name":"UNIVERSNEWS224","article_published_time":"2022-09-27T23:45:24+00:00","og_image":[{"width":539,"height":370,"url":"https:\/\/universnews224.com\/wp-content\/uploads\/2022\/09\/E6ADF5BA-5001-4C6C-A69B-813C3E60007C.webp","type":"image\/webp"}],"author":"La R\u00e9daction","twitter_misc":{"\u00c9crit par":"La R\u00e9daction","Dur\u00e9e de lecture estim\u00e9e":"2 minutes"},"schema":{"@context":"https:\/\/schema.org","@graph":[{"@type":"Article","@id":"https:\/\/universnews224.com\/index.php\/incarceration-de-dadis-et-cie-le-parquet-dit-avoir-oeuvre-pour-que-les-accuses-libres-se-constituent-prisonniers\/#article","isPartOf":{"@id":"https:\/\/universnews224.com\/index.php\/incarceration-de-dadis-et-cie-le-parquet-dit-avoir-oeuvre-pour-que-les-accuses-libres-se-constituent-prisonniers\/"},"author":{"name":"La R\u00e9daction","@id":"https:\/\/universnews224.com\/#\/schema\/person\/a4b7d4f94a4716df60456a491260485e"},"headline":"Incarc\u00e9ration de Dadis et Cie : le parquet dit avoir \u00ab \u0153uvr\u00e9 pour que les accus\u00e9s libres se constituent prisonniers \u00bb","datePublished":"2022-09-27T23:45:24+00:00","dateModified":"2022-09-27T23:45:24+00:00","mainEntityOfPage":{"@id":"https:\/\/universnews224.com\/index.php\/incarceration-de-dadis-et-cie-le-parquet-dit-avoir-oeuvre-pour-que-les-accuses-libres-se-constituent-prisonniers\/"},"wordCount":238,"publisher":{"@id":"https:\/\/universnews224.com\/#organization"},"keywords":["La une"],"articleSection":["ACTU","POLITIQUE"],"inLanguage":"fr-FR"},{"@type":"WebPage","@id":"https:\/\/universnews224.com\/index.php\/incarceration-de-dadis-et-cie-le-parquet-dit-avoir-oeuvre-pour-que-les-accuses-libres-se-constituent-prisonniers\/","url":"https:\/\/universnews224.com\/index.php\/incarceration-de-dadis-et-cie-le-parquet-dit-avoir-oeuvre-pour-que-les-accuses-libres-se-constituent-prisonniers\/","name":"Incarc\u00e9ration de Dadis et Cie : le parquet dit avoir \u00ab \u0153uvr\u00e9 pour que les accus\u00e9s libres se constituent prisonniers \u00bb - UNIVERSNEWS224","isPartOf":{"@id":"https:\/\/universnews224.com\/#website"},"datePublished":"2022-09-27T23:45:24+00:00","dateModified":"2022-09-27T23:45:24+00:00","inLanguage":"fr-FR","potentialAction":[{"@type":"ReadAction","target":["https:\/\/universnews224.com\/index.php\/incarceration-de-dadis-et-cie-le-parquet-dit-avoir-oeuvre-pour-que-les-accuses-libres-se-constituent-prisonniers\/"]}]},{"@type":"WebSite","@id":"https:\/\/universnews224.com\/#website","url":"https:\/\/universnews224.com\/","name":"UNIVERSNEWS224","description":"","publisher":{"@id":"https:\/\/universnews224.com\/#organization"},"potentialAction":[{"@type":"SearchAction","target":{"@type":"EntryPoint","urlTemplate":"https:\/\/universnews224.com\/?s={search_term_string}"},"query-input":"required name=search_term_string"}],"inLanguage":"fr-FR"},{"@type":"Organization","@id":"https:\/\/universnews224.com\/#organization","name":"UNIVERSNEWS224","url":"https:\/\/universnews224.com\/","logo":{"@type":"ImageObject","inLanguage":"fr-FR","@id":"https:\/\/universnews224.com\/#\/schema\/logo\/image\/","url":"https:\/\/universnews224.com\/wp-content\/uploads\/2022\/08\/cropped-cropped-logoban.jpg","contentUrl":"https:\/\/universnews224.com\/wp-content\/uploads\/2022\/08\/cropped-cropped-logoban.jpg","width":1080,"height":138,"caption":"UNIVERSNEWS224"},"image":{"@id":"https:\/\/universnews224.com\/#\/schema\/logo\/image\/"}},{"@type":"Person","@id":"https:\/\/universnews224.com\/#\/schema\/person\/a4b7d4f94a4716df60456a491260485e","name":"La R\u00e9daction","image":{"@type":"ImageObject","inLanguage":"fr-FR","@id":"https:\/\/universnews224.com\/#\/schema\/person\/image\/","url":"https:\/\/secure.gravatar.com\/avatar\/edb90acc7752b23e1b3307ad36c14f0d?s=96&d=mm&r=g","contentUrl":"https:\/\/secure.gravatar.com\/avatar\/edb90acc7752b23e1b3307ad36c14f0d?s=96&d=mm&r=g","caption":"La R\u00e9daction"},"sameAs":["https:\/\/universnews224.com"],"url":"https:\/\/universnews224.com\/index.php\/author\/m-camara\/"}]}},"_links":{"self":[{"href":"https:\/\/universnews224.com\/index.php\/wp-json\/wp\/v2\/posts\/2081"}],"collection":[{"href":"https:\/\/universnews224.com\/index.php\/wp-json\/wp\/v2\/posts"}],"about":[{"href":"https:\/\/universnews224.com\/index.php\/wp-json\/wp\/v2\/types\/post"}],"author":[{"embeddable":true,"href":"https:\/\/universnews224.com\/index.php\/wp-json\/wp\/v2\/users\/2"}],"replies":[{"embeddable":true,"href":"https:\/\/universnews224.com\/index.php\/wp-json\/wp\/v2\/comments?post=2081"}],"version-history":[{"count":1,"href":"https:\/\/universnews224.com\/index.php\/wp-json\/wp\/v2\/posts\/2081\/revisions"}],"predecessor-version":[{"id":2083,"href":"https:\/\/universnews224.com\/index.php\/wp-json\/wp\/v2\/posts\/2081\/revisions\/2083"}],"wp:featuredmedia":[{"embeddable":true,"href":"https:\/\/universnews224.com\/index.php\/wp-json\/wp\/v2\/media\/2082"}],"wp:attachment":[{"href":"https:\/\/universnews224.com\/index.php\/wp-json\/wp\/v2\/media?parent=2081"}],"wp:term":[{"taxonomy":"category","embeddable":true,"href":"https:\/\/universnews224.com\/index.php\/wp-json\/wp\/v2\/categories?post=2081"},{"taxonomy":"post_tag","embeddable":true,"href":"https:\/\/universnews224.com\/index.php\/wp-json\/wp\/v2\/tags?post=2081"}],"curies":[{"name":"wp","href":"https:\/\/api.w.org\/{rel}","templated":true}]}}