{"id":2090,"date":"2022-09-28T13:03:54","date_gmt":"2022-09-28T12:03:54","guid":{"rendered":"https:\/\/universnews224.com\/?p=2090"},"modified":"2022-09-28T13:03:54","modified_gmt":"2022-09-28T12:03:54","slug":"le-premier-ministre-rencontre-le-secretaire-general-des-nations-unies","status":"publish","type":"post","link":"https:\/\/universnews224.com\/index.php\/le-premier-ministre-rencontre-le-secretaire-general-des-nations-unies\/","title":{"rendered":"LE PREMIER MINISTRE RENCONTRE LE SECR\u00c9TAIRE G\u00c9N\u00c9RAL DES NATIONS UNIES"},"content":{"rendered":"<p><b>New York, le 27 septembre 2022<\/b> &#8211; Le Premier ministre Dr Bernard Goumou est re\u00e7u par le Secr\u00e9taire g\u00e9n\u00e9ral des Nations unies Antonio Guterres.<\/p>\n<p>Au cours de cette audience au palais de verre de Manhattan, le chef du gouvernement de la r\u00e9publique de Guin\u00e9e et le secr\u00e9taire g\u00e9n\u00e9ral des nations unies ont pass\u00e9 en revue des questions d\u2019int\u00e9r\u00eat commun.<\/p>\n<p>Au nom du Pr\u00e9sident de la transition, Pr\u00e9sident du CNRD, Chef de l\u2019\u00c9tat, Chef supr\u00eame des arm\u00e9es, le Colonel Mamadi Doumbouya, le Premier ministre, apr\u00e8s avoir sign\u00e9 dans le livre d\u2019or, a inform\u00e9 le patron de la diplomatie mondiale des derni\u00e8res actualit\u00e9s de la Guin\u00e9e particuli\u00e8rement dans le cadre de la transition. Il a pr\u00e9sent\u00e9 les objectifs et des acquis de la transition ainsi que de ses d\u00e9fis et perspectives. L\u2019engagement du CNRD et du gouvernement \u00e0 faire de la justice la boussole de la gouvernance. Dans la m\u00eame lanc\u00e9e, il annonce l\u2019ouverture du proc\u00e8s des \u00e9v\u00e9nements du 28 septembre 2009 et demand\u00e9 l\u2019accompagnement des nations unies. La garantie que les hautes autorit\u00e9s de la transition ne se pr\u00e9sentent \u00e0 aucune \u00e9ch\u00e9ance \u00e9lectorale a particuli\u00e8rement retenu l\u2019attention de Ant\u00f3nio Guterres. Pour lui, \u00ab cette garantie enl\u00e8ve toute suspicion et encourage \u00e0 travailler avec le gouvernement et le CNRD\u00a0\u00bb.<\/p>\n<p>Le num\u00e9ro un onusien a appel\u00e9 la Guin\u00e9e \u00e0 \u0153uvrer pour une transition, inclusive, apais\u00e9e et transparent. Il a recommand\u00e9 \u00e0 son h\u00f4te de \u00ab maintenir et consolider les relations avec la CEDEAO\u00a0\u00bb. Dans ce cadre, le Secr\u00e9taire g\u00e9n\u00e9ral de l\u2019ONU assure de la disponibilit\u00e9 de son repr\u00e9sentant sp\u00e9cial en Afrique de l\u2019Ouest \u00e0 accompagner la Guin\u00e9e dans sa coop\u00e9ration avec l\u2019institution sous r\u00e9gionale.<\/p>\n<p>Par ailleurs, Il a encourag\u00e9 toutes les parties prenantes \u00e0 s\u2019int\u00e9grer dans le cadre du dialogue inclusif initi\u00e9 par le gouvernement.<\/p>\n<p>M. Guteres a mis \u00e0 profit cette occasion pour rappeler les souvenirs heureux qu\u2019il garde des actions entreprises par la Guin\u00e9e pour la lib\u00e9ration des pays Africains notamment la Guin\u00e9e Bissau et le Cap Vert.<\/p>\n<p>Ancien Haut-commissaire des Nations Unies pour les r\u00e9fugi\u00e9s, Ant\u00f3nio Guterres s\u2019est dit reconnaissant de l\u2019hospitalit\u00e9 guin\u00e9enne et attach\u00e9 \u00e0 la Guin\u00e9e qui, dans les ann\u00e9es 90, a consenti des sacrifices \u00e9normes pour accueillir des centaines de milliers de r\u00e9fugi\u00e9s sur son territoire.<\/p>\n<p>Il a remerci\u00e9 la Guin\u00e9e pour le d\u00e9ploiement de contingent additionnel \u00e0 la MINUSMA, au Mali et assure de coop\u00e9ration continue des nations unies avec la Guin\u00e9e.<\/p>\n<p>&nbsp;<\/p>\n","protected":false},"excerpt":{"rendered":"<p>New York, le 27 septembre 2022 &#8211; Le Premier ministre Dr Bernard Goumou est re\u00e7u<\/p>\n","protected":false},"author":2,"featured_media":2091,"comment_status":"closed","ping_status":"open","sticky":false,"template":"","format":"standard","meta":[],"categories":[3,4],"tags":[229],"yoast_head":"<!-- This site is optimized with the Yoast SEO plugin v19.13 - https:\/\/yoast.com\/wordpress\/plugins\/seo\/ -->\n<title>LE PREMIER MINISTRE RENCONTRE LE SECR\u00c9TAIRE G\u00c9N\u00c9RAL DES NATIONS UNIES - UNIVERSNEWS224<\/title>\n<meta name=\"robots\" content=\"index, follow, max-snippet:-1, max-image-preview:large, max-video-preview:-1\" \/>\n<link rel=\"canonical\" href=\"https:\/\/universnews224.com\/index.php\/le-premier-ministre-rencontre-le-secretaire-general-des-nations-unies\/\" \/>\n<meta property=\"og:locale\" content=\"fr_FR\" \/>\n<meta property=\"og:type\" content=\"article\" \/>\n<meta property=\"og:title\" content=\"LE PREMIER MINISTRE RENCONTRE LE SECR\u00c9TAIRE G\u00c9N\u00c9RAL DES NATIONS UNIES - UNIVERSNEWS224\" \/>\n<meta property=\"og:description\" content=\"New York, le 27 septembre 2022 &#8211; Le Premier ministre Dr Bernard Goumou est re\u00e7u\" \/>\n<meta property=\"og:url\" content=\"https:\/\/universnews224.com\/index.php\/le-premier-ministre-rencontre-le-secretaire-general-des-nations-unies\/\" \/>\n<meta property=\"og:site_name\" content=\"UNIVERSNEWS224\" \/>\n<meta property=\"article:published_time\" content=\"2022-09-28T12:03:54+00:00\" \/>\n<meta property=\"og:image\" content=\"https:\/\/universnews224.com\/wp-content\/uploads\/2022\/09\/E76C2AEC-905E-4A5C-BB18-4E3A88B2EC36.jpeg\" \/>\n\t<meta property=\"og:image:width\" content=\"848\" \/>\n\t<meta property=\"og:image:height\" content=\"480\" \/>\n\t<meta property=\"og:image:type\" content=\"image\/jpeg\" \/>\n<meta name=\"author\" content=\"La R\u00e9daction\" \/>\n<meta name=\"twitter:label1\" content=\"\u00c9crit par\" \/>\n\t<meta name=\"twitter:data1\" content=\"La R\u00e9daction\" \/>\n\t<meta name=\"twitter:label2\" content=\"Dur\u00e9e de lecture estim\u00e9e\" \/>\n\t<meta name=\"twitter:data2\" content=\"3 minutes\" \/>\n<script type=\"application\/ld+json\" class=\"yoast-schema-graph\">{\"@context\":\"https:\/\/schema.org\",\"@graph\":[{\"@type\":\"Article\",\"@id\":\"https:\/\/universnews224.com\/index.php\/le-premier-ministre-rencontre-le-secretaire-general-des-nations-unies\/#article\",\"isPartOf\":{\"@id\":\"https:\/\/universnews224.com\/index.php\/le-premier-ministre-rencontre-le-secretaire-general-des-nations-unies\/\"},\"author\":{\"name\":\"La R\u00e9daction\",\"@id\":\"https:\/\/universnews224.com\/#\/schema\/person\/a4b7d4f94a4716df60456a491260485e\"},\"headline\":\"LE PREMIER MINISTRE RENCONTRE LE SECR\u00c9TAIRE G\u00c9N\u00c9RAL DES NATIONS UNIES\",\"datePublished\":\"2022-09-28T12:03:54+00:00\",\"dateModified\":\"2022-09-28T12:03:54+00:00\",\"mainEntityOfPage\":{\"@id\":\"https:\/\/universnews224.com\/index.php\/le-premier-ministre-rencontre-le-secretaire-general-des-nations-unies\/\"},\"wordCount\":467,\"publisher\":{\"@id\":\"https:\/\/universnews224.com\/#organization\"},\"keywords\":[\"La une\"],\"articleSection\":[\"ACTU\",\"POLITIQUE\"],\"inLanguage\":\"fr-FR\"},{\"@type\":\"WebPage\",\"@id\":\"https:\/\/universnews224.com\/index.php\/le-premier-ministre-rencontre-le-secretaire-general-des-nations-unies\/\",\"url\":\"https:\/\/universnews224.com\/index.php\/le-premier-ministre-rencontre-le-secretaire-general-des-nations-unies\/\",\"name\":\"LE PREMIER MINISTRE RENCONTRE LE SECR\u00c9TAIRE G\u00c9N\u00c9RAL DES NATIONS UNIES - UNIVERSNEWS224\",\"isPartOf\":{\"@id\":\"https:\/\/universnews224.com\/#website\"},\"datePublished\":\"2022-09-28T12:03:54+00:00\",\"dateModified\":\"2022-09-28T12:03:54+00:00\",\"inLanguage\":\"fr-FR\",\"potentialAction\":[{\"@type\":\"ReadAction\",\"target\":[\"https:\/\/universnews224.com\/index.php\/le-premier-ministre-rencontre-le-secretaire-general-des-nations-unies\/\"]}]},{\"@type\":\"WebSite\",\"@id\":\"https:\/\/universnews224.com\/#website\",\"url\":\"https:\/\/universnews224.com\/\",\"name\":\"UNIVERSNEWS224\",\"description\":\"\",\"publisher\":{\"@id\":\"https:\/\/universnews224.com\/#organization\"},\"potentialAction\":[{\"@type\":\"SearchAction\",\"target\":{\"@type\":\"EntryPoint\",\"urlTemplate\":\"https:\/\/universnews224.com\/?s={search_term_string}\"},\"query-input\":\"required name=search_term_string\"}],\"inLanguage\":\"fr-FR\"},{\"@type\":\"Organization\",\"@id\":\"https:\/\/universnews224.com\/#organization\",\"name\":\"UNIVERSNEWS224\",\"url\":\"https:\/\/universnews224.com\/\",\"logo\":{\"@type\":\"ImageObject\",\"inLanguage\":\"fr-FR\",\"@id\":\"https:\/\/universnews224.com\/#\/schema\/logo\/image\/\",\"url\":\"https:\/\/universnews224.com\/wp-content\/uploads\/2022\/08\/cropped-cropped-logoban.jpg\",\"contentUrl\":\"https:\/\/universnews224.com\/wp-content\/uploads\/2022\/08\/cropped-cropped-logoban.jpg\",\"width\":1080,\"height\":138,\"caption\":\"UNIVERSNEWS224\"},\"image\":{\"@id\":\"https:\/\/universnews224.com\/#\/schema\/logo\/image\/\"}},{\"@type\":\"Person\",\"@id\":\"https:\/\/universnews224.com\/#\/schema\/person\/a4b7d4f94a4716df60456a491260485e\",\"name\":\"La R\u00e9daction\",\"image\":{\"@type\":\"ImageObject\",\"inLanguage\":\"fr-FR\",\"@id\":\"https:\/\/universnews224.com\/#\/schema\/person\/image\/\",\"url\":\"https:\/\/secure.gravatar.com\/avatar\/edb90acc7752b23e1b3307ad36c14f0d?s=96&d=mm&r=g\",\"contentUrl\":\"https:\/\/secure.gravatar.com\/avatar\/edb90acc7752b23e1b3307ad36c14f0d?s=96&d=mm&r=g\",\"caption\":\"La R\u00e9daction\"},\"sameAs\":[\"https:\/\/universnews224.com\"],\"url\":\"https:\/\/universnews224.com\/index.php\/author\/m-camara\/\"}]}<\/script>\n<!-- \/ Yoast SEO plugin. -->","yoast_head_json":{"title":"LE PREMIER MINISTRE RENCONTRE LE SECR\u00c9TAIRE G\u00c9N\u00c9RAL DES NATIONS UNIES - UNIVERSNEWS224","robots":{"index":"index","follow":"follow","max-snippet":"max-snippet:-1","max-image-preview":"max-image-preview:large","max-video-preview":"max-video-preview:-1"},"canonical":"https:\/\/universnews224.com\/index.php\/le-premier-ministre-rencontre-le-secretaire-general-des-nations-unies\/","og_locale":"fr_FR","og_type":"article","og_title":"LE PREMIER MINISTRE RENCONTRE LE SECR\u00c9TAIRE G\u00c9N\u00c9RAL DES NATIONS UNIES - UNIVERSNEWS224","og_description":"New York, le 27 septembre 2022 &#8211; Le Premier ministre Dr Bernard Goumou est re\u00e7u","og_url":"https:\/\/universnews224.com\/index.php\/le-premier-ministre-rencontre-le-secretaire-general-des-nations-unies\/","og_site_name":"UNIVERSNEWS224","article_published_time":"2022-09-28T12:03:54+00:00","og_image":[{"width":848,"height":480,"url":"https:\/\/universnews224.com\/wp-content\/uploads\/2022\/09\/E76C2AEC-905E-4A5C-BB18-4E3A88B2EC36.jpeg","type":"image\/jpeg"}],"author":"La R\u00e9daction","twitter_misc":{"\u00c9crit par":"La R\u00e9daction","Dur\u00e9e de lecture estim\u00e9e":"3 minutes"},"schema":{"@context":"https:\/\/schema.org","@graph":[{"@type":"Article","@id":"https:\/\/universnews224.com\/index.php\/le-premier-ministre-rencontre-le-secretaire-general-des-nations-unies\/#article","isPartOf":{"@id":"https:\/\/universnews224.com\/index.php\/le-premier-ministre-rencontre-le-secretaire-general-des-nations-unies\/"},"author":{"name":"La R\u00e9daction","@id":"https:\/\/universnews224.com\/#\/schema\/person\/a4b7d4f94a4716df60456a491260485e"},"headline":"LE PREMIER MINISTRE RENCONTRE LE SECR\u00c9TAIRE G\u00c9N\u00c9RAL DES NATIONS UNIES","datePublished":"2022-09-28T12:03:54+00:00","dateModified":"2022-09-28T12:03:54+00:00","mainEntityOfPage":{"@id":"https:\/\/universnews224.com\/index.php\/le-premier-ministre-rencontre-le-secretaire-general-des-nations-unies\/"},"wordCount":467,"publisher":{"@id":"https:\/\/universnews224.com\/#organization"},"keywords":["La une"],"articleSection":["ACTU","POLITIQUE"],"inLanguage":"fr-FR"},{"@type":"WebPage","@id":"https:\/\/universnews224.com\/index.php\/le-premier-ministre-rencontre-le-secretaire-general-des-nations-unies\/","url":"https:\/\/universnews224.com\/index.php\/le-premier-ministre-rencontre-le-secretaire-general-des-nations-unies\/","name":"LE PREMIER MINISTRE RENCONTRE LE SECR\u00c9TAIRE G\u00c9N\u00c9RAL DES NATIONS UNIES - UNIVERSNEWS224","isPartOf":{"@id":"https:\/\/universnews224.com\/#website"},"datePublished":"2022-09-28T12:03:54+00:00","dateModified":"2022-09-28T12:03:54+00:00","inLanguage":"fr-FR","potentialAction":[{"@type":"ReadAction","target":["https:\/\/universnews224.com\/index.php\/le-premier-ministre-rencontre-le-secretaire-general-des-nations-unies\/"]}]},{"@type":"WebSite","@id":"https:\/\/universnews224.com\/#website","url":"https:\/\/universnews224.com\/","name":"UNIVERSNEWS224","description":"","publisher":{"@id":"https:\/\/universnews224.com\/#organization"},"potentialAction":[{"@type":"SearchAction","target":{"@type":"EntryPoint","urlTemplate":"https:\/\/universnews224.com\/?s={search_term_string}"},"query-input":"required name=search_term_string"}],"inLanguage":"fr-FR"},{"@type":"Organization","@id":"https:\/\/universnews224.com\/#organization","name":"UNIVERSNEWS224","url":"https:\/\/universnews224.com\/","logo":{"@type":"ImageObject","inLanguage":"fr-FR","@id":"https:\/\/universnews224.com\/#\/schema\/logo\/image\/","url":"https:\/\/universnews224.com\/wp-content\/uploads\/2022\/08\/cropped-cropped-logoban.jpg","contentUrl":"https:\/\/universnews224.com\/wp-content\/uploads\/2022\/08\/cropped-cropped-logoban.jpg","width":1080,"height":138,"caption":"UNIVERSNEWS224"},"image":{"@id":"https:\/\/universnews224.com\/#\/schema\/logo\/image\/"}},{"@type":"Person","@id":"https:\/\/universnews224.com\/#\/schema\/person\/a4b7d4f94a4716df60456a491260485e","name":"La R\u00e9daction","image":{"@type":"ImageObject","inLanguage":"fr-FR","@id":"https:\/\/universnews224.com\/#\/schema\/person\/image\/","url":"https:\/\/secure.gravatar.com\/avatar\/edb90acc7752b23e1b3307ad36c14f0d?s=96&d=mm&r=g","contentUrl":"https:\/\/secure.gravatar.com\/avatar\/edb90acc7752b23e1b3307ad36c14f0d?s=96&d=mm&r=g","caption":"La R\u00e9daction"},"sameAs":["https:\/\/universnews224.com"],"url":"https:\/\/universnews224.com\/index.php\/author\/m-camara\/"}]}},"_links":{"self":[{"href":"https:\/\/universnews224.com\/index.php\/wp-json\/wp\/v2\/posts\/2090"}],"collection":[{"href":"https:\/\/universnews224.com\/index.php\/wp-json\/wp\/v2\/posts"}],"about":[{"href":"https:\/\/universnews224.com\/index.php\/wp-json\/wp\/v2\/types\/post"}],"author":[{"embeddable":true,"href":"https:\/\/universnews224.com\/index.php\/wp-json\/wp\/v2\/users\/2"}],"replies":[{"embeddable":true,"href":"https:\/\/universnews224.com\/index.php\/wp-json\/wp\/v2\/comments?post=2090"}],"version-history":[{"count":1,"href":"https:\/\/universnews224.com\/index.php\/wp-json\/wp\/v2\/posts\/2090\/revisions"}],"predecessor-version":[{"id":2092,"href":"https:\/\/universnews224.com\/index.php\/wp-json\/wp\/v2\/posts\/2090\/revisions\/2092"}],"wp:featuredmedia":[{"embeddable":true,"href":"https:\/\/universnews224.com\/index.php\/wp-json\/wp\/v2\/media\/2091"}],"wp:attachment":[{"href":"https:\/\/universnews224.com\/index.php\/wp-json\/wp\/v2\/media?parent=2090"}],"wp:term":[{"taxonomy":"category","embeddable":true,"href":"https:\/\/universnews224.com\/index.php\/wp-json\/wp\/v2\/categories?post=2090"},{"taxonomy":"post_tag","embeddable":true,"href":"https:\/\/universnews224.com\/index.php\/wp-json\/wp\/v2\/tags?post=2090"}],"curies":[{"name":"wp","href":"https:\/\/api.w.org\/{rel}","templated":true}]}}