{"id":2093,"date":"2022-09-28T13:22:42","date_gmt":"2022-09-28T12:22:42","guid":{"rendered":"https:\/\/universnews224.com\/?p=2093"},"modified":"2022-09-28T13:22:42","modified_gmt":"2022-09-28T12:22:42","slug":"proces-des-massacres-du-28-septembre-voici-les-noms-des-personnes-inculpees","status":"publish","type":"post","link":"https:\/\/universnews224.com\/index.php\/proces-des-massacres-du-28-septembre-voici-les-noms-des-personnes-inculpees\/","title":{"rendered":"Proc\u00e8s des massacres du 28 septembre: voici les noms des personnes inculp\u00e9es."},"content":{"rendered":"<p>Le proc\u00e8s des massacres du 28 septembre 2022 qui a fait plus 157 morts au stade de m\u00eame nom s\u2019ouvre ce mercredi, 28 septembre au tribunal Adoc, 13 ans apr\u00e8s les faits.<\/p>\n<p>Au total, douze personnes ont \u00e9t\u00e9 inculp\u00e9es et incarc\u00e9r\u00e9es \u00e0 la maison centrale de Conakry. Il s\u2019agit de C\u00e9c\u00e9 Rapha\u00ebl Haba, Alpha Amadou Bald\u00e9, Marcel Guilavogui, Claude Pivi, Moussa Thi\u00e9gboro Camara, Ibrahima Camara dit Kolonzo, Aboubacar Diakit\u00e9 dit Toumba, Blaise Goumou, Moussa Dadis Camara, Mamadou Aliou K\u00e9ita, Abdoulaye Ch\u00e9rif Diaby et Paul Mansa Guilavogui.<\/p>\n<p>Ces personnes sont poursuivis pour \u00ab meurtres, assassinats, viols, pillages, incendies volontaires, vol \u00e0 mains arm\u00e9es, coups et blessures volontaires, outrage \u00e0 agents de la force publique, tortures, enl\u00e8vement et s\u00e9questration, non assistance \u00e0 personne en dangers, violences sexuelles, attentats \u00e0 la pudeur, d\u00e9tention ill\u00e9gale de mat\u00e9riel de guerre de premi\u00e8re cat\u00e9gorie et complicit\u00e9s de ces infractions \u00bb.<\/p>\n<p>Camara Mamadouba<\/p>\n","protected":false},"excerpt":{"rendered":"<p>Le proc\u00e8s des massacres du 28 septembre 2022 qui a fait plus 157 morts au<\/p>\n","protected":false},"author":2,"featured_media":2082,"comment_status":"closed","ping_status":"open","sticky":false,"template":"","format":"standard","meta":[],"categories":[3,4],"tags":[229],"yoast_head":"<!-- This site is optimized with the Yoast SEO plugin v19.13 - https:\/\/yoast.com\/wordpress\/plugins\/seo\/ -->\n<title>Proc\u00e8s des massacres du 28 septembre: voici les noms des personnes inculp\u00e9es. - UNIVERSNEWS224<\/title>\n<meta name=\"robots\" content=\"index, follow, max-snippet:-1, max-image-preview:large, max-video-preview:-1\" \/>\n<link rel=\"canonical\" href=\"https:\/\/universnews224.com\/index.php\/proces-des-massacres-du-28-septembre-voici-les-noms-des-personnes-inculpees\/\" \/>\n<meta property=\"og:locale\" content=\"fr_FR\" \/>\n<meta property=\"og:type\" content=\"article\" \/>\n<meta property=\"og:title\" content=\"Proc\u00e8s des massacres du 28 septembre: voici les noms des personnes inculp\u00e9es. - UNIVERSNEWS224\" \/>\n<meta property=\"og:description\" content=\"Le proc\u00e8s des massacres du 28 septembre 2022 qui a fait plus 157 morts au\" \/>\n<meta property=\"og:url\" content=\"https:\/\/universnews224.com\/index.php\/proces-des-massacres-du-28-septembre-voici-les-noms-des-personnes-inculpees\/\" \/>\n<meta property=\"og:site_name\" content=\"UNIVERSNEWS224\" \/>\n<meta property=\"article:published_time\" content=\"2022-09-28T12:22:42+00:00\" \/>\n<meta property=\"og:image\" content=\"https:\/\/universnews224.com\/wp-content\/uploads\/2022\/09\/E6ADF5BA-5001-4C6C-A69B-813C3E60007C.webp\" \/>\n\t<meta property=\"og:image:width\" content=\"539\" \/>\n\t<meta property=\"og:image:height\" content=\"370\" \/>\n\t<meta property=\"og:image:type\" content=\"image\/webp\" \/>\n<meta name=\"author\" content=\"La R\u00e9daction\" \/>\n<meta name=\"twitter:label1\" content=\"\u00c9crit par\" \/>\n\t<meta name=\"twitter:data1\" content=\"La R\u00e9daction\" \/>\n\t<meta name=\"twitter:label2\" content=\"Dur\u00e9e de lecture estim\u00e9e\" \/>\n\t<meta name=\"twitter:data2\" content=\"1 minute\" \/>\n<script type=\"application\/ld+json\" class=\"yoast-schema-graph\">{\"@context\":\"https:\/\/schema.org\",\"@graph\":[{\"@type\":\"Article\",\"@id\":\"https:\/\/universnews224.com\/index.php\/proces-des-massacres-du-28-septembre-voici-les-noms-des-personnes-inculpees\/#article\",\"isPartOf\":{\"@id\":\"https:\/\/universnews224.com\/index.php\/proces-des-massacres-du-28-septembre-voici-les-noms-des-personnes-inculpees\/\"},\"author\":{\"name\":\"La R\u00e9daction\",\"@id\":\"https:\/\/universnews224.com\/#\/schema\/person\/a4b7d4f94a4716df60456a491260485e\"},\"headline\":\"Proc\u00e8s des massacres du 28 septembre: voici les noms des personnes inculp\u00e9es.\",\"datePublished\":\"2022-09-28T12:22:42+00:00\",\"dateModified\":\"2022-09-28T12:22:42+00:00\",\"mainEntityOfPage\":{\"@id\":\"https:\/\/universnews224.com\/index.php\/proces-des-massacres-du-28-septembre-voici-les-noms-des-personnes-inculpees\/\"},\"wordCount\":169,\"publisher\":{\"@id\":\"https:\/\/universnews224.com\/#organization\"},\"keywords\":[\"La une\"],\"articleSection\":[\"ACTU\",\"POLITIQUE\"],\"inLanguage\":\"fr-FR\"},{\"@type\":\"WebPage\",\"@id\":\"https:\/\/universnews224.com\/index.php\/proces-des-massacres-du-28-septembre-voici-les-noms-des-personnes-inculpees\/\",\"url\":\"https:\/\/universnews224.com\/index.php\/proces-des-massacres-du-28-septembre-voici-les-noms-des-personnes-inculpees\/\",\"name\":\"Proc\u00e8s des massacres du 28 septembre: voici les noms des personnes inculp\u00e9es. - UNIVERSNEWS224\",\"isPartOf\":{\"@id\":\"https:\/\/universnews224.com\/#website\"},\"datePublished\":\"2022-09-28T12:22:42+00:00\",\"dateModified\":\"2022-09-28T12:22:42+00:00\",\"inLanguage\":\"fr-FR\",\"potentialAction\":[{\"@type\":\"ReadAction\",\"target\":[\"https:\/\/universnews224.com\/index.php\/proces-des-massacres-du-28-septembre-voici-les-noms-des-personnes-inculpees\/\"]}]},{\"@type\":\"WebSite\",\"@id\":\"https:\/\/universnews224.com\/#website\",\"url\":\"https:\/\/universnews224.com\/\",\"name\":\"UNIVERSNEWS224\",\"description\":\"\",\"publisher\":{\"@id\":\"https:\/\/universnews224.com\/#organization\"},\"potentialAction\":[{\"@type\":\"SearchAction\",\"target\":{\"@type\":\"EntryPoint\",\"urlTemplate\":\"https:\/\/universnews224.com\/?s={search_term_string}\"},\"query-input\":\"required name=search_term_string\"}],\"inLanguage\":\"fr-FR\"},{\"@type\":\"Organization\",\"@id\":\"https:\/\/universnews224.com\/#organization\",\"name\":\"UNIVERSNEWS224\",\"url\":\"https:\/\/universnews224.com\/\",\"logo\":{\"@type\":\"ImageObject\",\"inLanguage\":\"fr-FR\",\"@id\":\"https:\/\/universnews224.com\/#\/schema\/logo\/image\/\",\"url\":\"https:\/\/universnews224.com\/wp-content\/uploads\/2022\/08\/cropped-cropped-logoban.jpg\",\"contentUrl\":\"https:\/\/universnews224.com\/wp-content\/uploads\/2022\/08\/cropped-cropped-logoban.jpg\",\"width\":1080,\"height\":138,\"caption\":\"UNIVERSNEWS224\"},\"image\":{\"@id\":\"https:\/\/universnews224.com\/#\/schema\/logo\/image\/\"}},{\"@type\":\"Person\",\"@id\":\"https:\/\/universnews224.com\/#\/schema\/person\/a4b7d4f94a4716df60456a491260485e\",\"name\":\"La R\u00e9daction\",\"image\":{\"@type\":\"ImageObject\",\"inLanguage\":\"fr-FR\",\"@id\":\"https:\/\/universnews224.com\/#\/schema\/person\/image\/\",\"url\":\"https:\/\/secure.gravatar.com\/avatar\/edb90acc7752b23e1b3307ad36c14f0d?s=96&d=mm&r=g\",\"contentUrl\":\"https:\/\/secure.gravatar.com\/avatar\/edb90acc7752b23e1b3307ad36c14f0d?s=96&d=mm&r=g\",\"caption\":\"La R\u00e9daction\"},\"sameAs\":[\"https:\/\/universnews224.com\"],\"url\":\"https:\/\/universnews224.com\/index.php\/author\/m-camara\/\"}]}<\/script>\n<!-- \/ Yoast SEO plugin. -->","yoast_head_json":{"title":"Proc\u00e8s des massacres du 28 septembre: voici les noms des personnes inculp\u00e9es. - UNIVERSNEWS224","robots":{"index":"index","follow":"follow","max-snippet":"max-snippet:-1","max-image-preview":"max-image-preview:large","max-video-preview":"max-video-preview:-1"},"canonical":"https:\/\/universnews224.com\/index.php\/proces-des-massacres-du-28-septembre-voici-les-noms-des-personnes-inculpees\/","og_locale":"fr_FR","og_type":"article","og_title":"Proc\u00e8s des massacres du 28 septembre: voici les noms des personnes inculp\u00e9es. - UNIVERSNEWS224","og_description":"Le proc\u00e8s des massacres du 28 septembre 2022 qui a fait plus 157 morts au","og_url":"https:\/\/universnews224.com\/index.php\/proces-des-massacres-du-28-septembre-voici-les-noms-des-personnes-inculpees\/","og_site_name":"UNIVERSNEWS224","article_published_time":"2022-09-28T12:22:42+00:00","og_image":[{"width":539,"height":370,"url":"https:\/\/universnews224.com\/wp-content\/uploads\/2022\/09\/E6ADF5BA-5001-4C6C-A69B-813C3E60007C.webp","type":"image\/webp"}],"author":"La R\u00e9daction","twitter_misc":{"\u00c9crit par":"La R\u00e9daction","Dur\u00e9e de lecture estim\u00e9e":"1 minute"},"schema":{"@context":"https:\/\/schema.org","@graph":[{"@type":"Article","@id":"https:\/\/universnews224.com\/index.php\/proces-des-massacres-du-28-septembre-voici-les-noms-des-personnes-inculpees\/#article","isPartOf":{"@id":"https:\/\/universnews224.com\/index.php\/proces-des-massacres-du-28-septembre-voici-les-noms-des-personnes-inculpees\/"},"author":{"name":"La R\u00e9daction","@id":"https:\/\/universnews224.com\/#\/schema\/person\/a4b7d4f94a4716df60456a491260485e"},"headline":"Proc\u00e8s des massacres du 28 septembre: voici les noms des personnes inculp\u00e9es.","datePublished":"2022-09-28T12:22:42+00:00","dateModified":"2022-09-28T12:22:42+00:00","mainEntityOfPage":{"@id":"https:\/\/universnews224.com\/index.php\/proces-des-massacres-du-28-septembre-voici-les-noms-des-personnes-inculpees\/"},"wordCount":169,"publisher":{"@id":"https:\/\/universnews224.com\/#organization"},"keywords":["La une"],"articleSection":["ACTU","POLITIQUE"],"inLanguage":"fr-FR"},{"@type":"WebPage","@id":"https:\/\/universnews224.com\/index.php\/proces-des-massacres-du-28-septembre-voici-les-noms-des-personnes-inculpees\/","url":"https:\/\/universnews224.com\/index.php\/proces-des-massacres-du-28-septembre-voici-les-noms-des-personnes-inculpees\/","name":"Proc\u00e8s des massacres du 28 septembre: voici les noms des personnes inculp\u00e9es. - UNIVERSNEWS224","isPartOf":{"@id":"https:\/\/universnews224.com\/#website"},"datePublished":"2022-09-28T12:22:42+00:00","dateModified":"2022-09-28T12:22:42+00:00","inLanguage":"fr-FR","potentialAction":[{"@type":"ReadAction","target":["https:\/\/universnews224.com\/index.php\/proces-des-massacres-du-28-septembre-voici-les-noms-des-personnes-inculpees\/"]}]},{"@type":"WebSite","@id":"https:\/\/universnews224.com\/#website","url":"https:\/\/universnews224.com\/","name":"UNIVERSNEWS224","description":"","publisher":{"@id":"https:\/\/universnews224.com\/#organization"},"potentialAction":[{"@type":"SearchAction","target":{"@type":"EntryPoint","urlTemplate":"https:\/\/universnews224.com\/?s={search_term_string}"},"query-input":"required name=search_term_string"}],"inLanguage":"fr-FR"},{"@type":"Organization","@id":"https:\/\/universnews224.com\/#organization","name":"UNIVERSNEWS224","url":"https:\/\/universnews224.com\/","logo":{"@type":"ImageObject","inLanguage":"fr-FR","@id":"https:\/\/universnews224.com\/#\/schema\/logo\/image\/","url":"https:\/\/universnews224.com\/wp-content\/uploads\/2022\/08\/cropped-cropped-logoban.jpg","contentUrl":"https:\/\/universnews224.com\/wp-content\/uploads\/2022\/08\/cropped-cropped-logoban.jpg","width":1080,"height":138,"caption":"UNIVERSNEWS224"},"image":{"@id":"https:\/\/universnews224.com\/#\/schema\/logo\/image\/"}},{"@type":"Person","@id":"https:\/\/universnews224.com\/#\/schema\/person\/a4b7d4f94a4716df60456a491260485e","name":"La R\u00e9daction","image":{"@type":"ImageObject","inLanguage":"fr-FR","@id":"https:\/\/universnews224.com\/#\/schema\/person\/image\/","url":"https:\/\/secure.gravatar.com\/avatar\/edb90acc7752b23e1b3307ad36c14f0d?s=96&d=mm&r=g","contentUrl":"https:\/\/secure.gravatar.com\/avatar\/edb90acc7752b23e1b3307ad36c14f0d?s=96&d=mm&r=g","caption":"La R\u00e9daction"},"sameAs":["https:\/\/universnews224.com"],"url":"https:\/\/universnews224.com\/index.php\/author\/m-camara\/"}]}},"_links":{"self":[{"href":"https:\/\/universnews224.com\/index.php\/wp-json\/wp\/v2\/posts\/2093"}],"collection":[{"href":"https:\/\/universnews224.com\/index.php\/wp-json\/wp\/v2\/posts"}],"about":[{"href":"https:\/\/universnews224.com\/index.php\/wp-json\/wp\/v2\/types\/post"}],"author":[{"embeddable":true,"href":"https:\/\/universnews224.com\/index.php\/wp-json\/wp\/v2\/users\/2"}],"replies":[{"embeddable":true,"href":"https:\/\/universnews224.com\/index.php\/wp-json\/wp\/v2\/comments?post=2093"}],"version-history":[{"count":1,"href":"https:\/\/universnews224.com\/index.php\/wp-json\/wp\/v2\/posts\/2093\/revisions"}],"predecessor-version":[{"id":2095,"href":"https:\/\/universnews224.com\/index.php\/wp-json\/wp\/v2\/posts\/2093\/revisions\/2095"}],"wp:featuredmedia":[{"embeddable":true,"href":"https:\/\/universnews224.com\/index.php\/wp-json\/wp\/v2\/media\/2082"}],"wp:attachment":[{"href":"https:\/\/universnews224.com\/index.php\/wp-json\/wp\/v2\/media?parent=2093"}],"wp:term":[{"taxonomy":"category","embeddable":true,"href":"https:\/\/universnews224.com\/index.php\/wp-json\/wp\/v2\/categories?post=2093"},{"taxonomy":"post_tag","embeddable":true,"href":"https:\/\/universnews224.com\/index.php\/wp-json\/wp\/v2\/tags?post=2093"}],"curies":[{"name":"wp","href":"https:\/\/api.w.org\/{rel}","templated":true}]}}