{"id":2100,"date":"2022-09-29T14:32:26","date_gmt":"2022-09-29T13:32:26","guid":{"rendered":"https:\/\/universnews224.com\/?p=2100"},"modified":"2022-09-29T14:32:26","modified_gmt":"2022-09-29T13:32:26","slug":"me-mohamed-traore-je-pense-que-louverture-de-ce-proces-est-un-enseignement","status":"publish","type":"post","link":"https:\/\/universnews224.com\/index.php\/me-mohamed-traore-je-pense-que-louverture-de-ce-proces-est-un-enseignement\/","title":{"rendered":"Me Mohamed Traor\u00e9 : \u00abJe pense que l\u2019ouverture de ce proc\u00e8s est un enseignement\u00bb"},"content":{"rendered":"<p>Le proc\u00e8s des \u00e9v\u00e9nements douloureux du 28 septembre 2009 s\u2019est ouvert ce mercredi, 28 septembre au tribunal de Dixinn (d\u00e9localis\u00e9 \u00e0 la Cour d\u2019Appel), 13 ans apr\u00e8s les faits.<\/p>\n<p>Interrog\u00e9 par nos confr\u00e8res de la radio Espace Fm dans l\u2019\u00e9mission \u00ables Grandes Gueules\u00bb sur l\u2019ouverture ce proc\u00e8s tant attendu, Me Mohamed Traor\u00e9, ancien b\u00e2tonnier a laiss\u00e9 entendre que la comparution de l\u2019ancien pr\u00e9sident Capitaine Moussa Dadis Camara \u00a0et ses coaccus\u00e9s \u00e0 la barre est \u00e0 la fois un enseignement et un soulagement.<\/p>\n<p>\u00abSur le plan humain, je pense que l\u2019ouverture de ce proc\u00e8s est un enseignement. Un enseignement en ce m\u00eame qu\u2019on a \u00e0 faire \u00e0 la barre \u00e0 des personnes qui occupaient \u00a0il y a juste quelques ann\u00e9es des hautes fonctions \u00c9tatiques, des hautes fonctions au niveau de l\u2019appareil d\u2019\u00c9tat. Que ces personnes comparaissent \u00e0 la barre \u00a0aujourd\u2019hui, se soumettre aux contraintes de la proc\u00e9dure p\u00e9nale, aux contraintes d\u2019un proc\u00e8s p\u00e9nal, c\u2019est vraiment un enseignement\u00bb.<\/p>\n<p>Mais, je me dis que l\u2019ouverture ce proc\u00e8s est un soulagement. Un soulagement pour les victimes, un soulagement pour tous les d\u00e9fenseurs des droits de l\u2019homme. Parce qu\u2019apr\u00e8s le traumatisme qu\u2019ils ont v\u00e9cu le 28 septembre 2009 et lendemain de cette date, que ces personnes et d\u00e9fenseurs des droits de l\u2019homme assistent aujourd\u2019hui \u00e0 l\u2019ouverture, \u00e7a leur permet \u00a0de se lib\u00e9rer un peu \u00a0de tout ce poids pendant toutes ces ann\u00e9es. C\u2019est un soulagement \u00e9galement pour des personnes qui sont poursuivies. Parce que, quand je prends par exemple le Capitaine Moussa Dadis Camara qui est rest\u00e9 \u00e9loigner du pays pendant au pr\u00e8s de 13 ans et qui a toujours voulu compaitre devant la justice guin\u00e9enne pour livrer sa v\u00e9rit\u00e9. L\u2019ouverture de ce proc\u00e8s constitue pour lui et pour tous les autres un motif de soulagement dans la mesure o\u00f9, quand on a des charges aussi lourdes qui p\u00e8sent sur sa t\u00eate, on n\u2019est pas tranquille, la famille n\u2019est pas tranquille. Donc, je pense que cela \u00e9galement est un motif de soulagement pour ces personnes\u00bb, a t-il martel\u00e9.<\/p>\n<p>Camara Mamadouba<\/p>\n","protected":false},"excerpt":{"rendered":"<p>Le proc\u00e8s des \u00e9v\u00e9nements douloureux du 28 septembre 2009 s\u2019est ouvert ce mercredi, 28 septembre<\/p>\n","protected":false},"author":2,"featured_media":2101,"comment_status":"closed","ping_status":"open","sticky":false,"template":"","format":"standard","meta":[],"categories":[3,4],"tags":[229],"yoast_head":"<!-- This site is optimized with the Yoast SEO plugin v19.13 - https:\/\/yoast.com\/wordpress\/plugins\/seo\/ -->\n<title>Me Mohamed Traor\u00e9 : \u00abJe pense que l\u2019ouverture de ce proc\u00e8s est un enseignement\u00bb - UNIVERSNEWS224<\/title>\n<meta name=\"robots\" content=\"index, follow, max-snippet:-1, max-image-preview:large, max-video-preview:-1\" \/>\n<link rel=\"canonical\" href=\"https:\/\/universnews224.com\/index.php\/me-mohamed-traore-je-pense-que-louverture-de-ce-proces-est-un-enseignement\/\" \/>\n<meta property=\"og:locale\" content=\"fr_FR\" \/>\n<meta property=\"og:type\" content=\"article\" \/>\n<meta property=\"og:title\" content=\"Me Mohamed Traor\u00e9 : \u00abJe pense que l\u2019ouverture de ce proc\u00e8s est un enseignement\u00bb - UNIVERSNEWS224\" \/>\n<meta property=\"og:description\" content=\"Le proc\u00e8s des \u00e9v\u00e9nements douloureux du 28 septembre 2009 s\u2019est ouvert ce mercredi, 28 septembre\" \/>\n<meta property=\"og:url\" content=\"https:\/\/universnews224.com\/index.php\/me-mohamed-traore-je-pense-que-louverture-de-ce-proces-est-un-enseignement\/\" \/>\n<meta property=\"og:site_name\" content=\"UNIVERSNEWS224\" \/>\n<meta property=\"article:published_time\" content=\"2022-09-29T13:32:26+00:00\" \/>\n<meta property=\"og:image\" content=\"https:\/\/universnews224.com\/wp-content\/uploads\/2022\/09\/16C4D2D4-D6F5-4C3F-AACF-B8AEF4C6CF6F.png\" \/>\n\t<meta property=\"og:image:width\" content=\"524\" \/>\n\t<meta property=\"og:image:height\" content=\"378\" \/>\n\t<meta property=\"og:image:type\" content=\"image\/png\" \/>\n<meta name=\"author\" content=\"La R\u00e9daction\" \/>\n<meta name=\"twitter:label1\" content=\"\u00c9crit par\" \/>\n\t<meta name=\"twitter:data1\" content=\"La R\u00e9daction\" \/>\n\t<meta name=\"twitter:label2\" content=\"Dur\u00e9e de lecture estim\u00e9e\" \/>\n\t<meta name=\"twitter:data2\" content=\"2 minutes\" \/>\n<script type=\"application\/ld+json\" class=\"yoast-schema-graph\">{\"@context\":\"https:\/\/schema.org\",\"@graph\":[{\"@type\":\"Article\",\"@id\":\"https:\/\/universnews224.com\/index.php\/me-mohamed-traore-je-pense-que-louverture-de-ce-proces-est-un-enseignement\/#article\",\"isPartOf\":{\"@id\":\"https:\/\/universnews224.com\/index.php\/me-mohamed-traore-je-pense-que-louverture-de-ce-proces-est-un-enseignement\/\"},\"author\":{\"name\":\"La R\u00e9daction\",\"@id\":\"https:\/\/universnews224.com\/#\/schema\/person\/a4b7d4f94a4716df60456a491260485e\"},\"headline\":\"Me Mohamed Traor\u00e9 : \u00abJe pense que l\u2019ouverture de ce proc\u00e8s est un enseignement\u00bb\",\"datePublished\":\"2022-09-29T13:32:26+00:00\",\"dateModified\":\"2022-09-29T13:32:26+00:00\",\"mainEntityOfPage\":{\"@id\":\"https:\/\/universnews224.com\/index.php\/me-mohamed-traore-je-pense-que-louverture-de-ce-proces-est-un-enseignement\/\"},\"wordCount\":387,\"publisher\":{\"@id\":\"https:\/\/universnews224.com\/#organization\"},\"keywords\":[\"La une\"],\"articleSection\":[\"ACTU\",\"POLITIQUE\"],\"inLanguage\":\"fr-FR\"},{\"@type\":\"WebPage\",\"@id\":\"https:\/\/universnews224.com\/index.php\/me-mohamed-traore-je-pense-que-louverture-de-ce-proces-est-un-enseignement\/\",\"url\":\"https:\/\/universnews224.com\/index.php\/me-mohamed-traore-je-pense-que-louverture-de-ce-proces-est-un-enseignement\/\",\"name\":\"Me Mohamed Traor\u00e9 : \u00abJe pense que l\u2019ouverture de ce proc\u00e8s est un enseignement\u00bb - UNIVERSNEWS224\",\"isPartOf\":{\"@id\":\"https:\/\/universnews224.com\/#website\"},\"datePublished\":\"2022-09-29T13:32:26+00:00\",\"dateModified\":\"2022-09-29T13:32:26+00:00\",\"inLanguage\":\"fr-FR\",\"potentialAction\":[{\"@type\":\"ReadAction\",\"target\":[\"https:\/\/universnews224.com\/index.php\/me-mohamed-traore-je-pense-que-louverture-de-ce-proces-est-un-enseignement\/\"]}]},{\"@type\":\"WebSite\",\"@id\":\"https:\/\/universnews224.com\/#website\",\"url\":\"https:\/\/universnews224.com\/\",\"name\":\"UNIVERSNEWS224\",\"description\":\"\",\"publisher\":{\"@id\":\"https:\/\/universnews224.com\/#organization\"},\"potentialAction\":[{\"@type\":\"SearchAction\",\"target\":{\"@type\":\"EntryPoint\",\"urlTemplate\":\"https:\/\/universnews224.com\/?s={search_term_string}\"},\"query-input\":\"required name=search_term_string\"}],\"inLanguage\":\"fr-FR\"},{\"@type\":\"Organization\",\"@id\":\"https:\/\/universnews224.com\/#organization\",\"name\":\"UNIVERSNEWS224\",\"url\":\"https:\/\/universnews224.com\/\",\"logo\":{\"@type\":\"ImageObject\",\"inLanguage\":\"fr-FR\",\"@id\":\"https:\/\/universnews224.com\/#\/schema\/logo\/image\/\",\"url\":\"https:\/\/universnews224.com\/wp-content\/uploads\/2022\/08\/cropped-cropped-logoban.jpg\",\"contentUrl\":\"https:\/\/universnews224.com\/wp-content\/uploads\/2022\/08\/cropped-cropped-logoban.jpg\",\"width\":1080,\"height\":138,\"caption\":\"UNIVERSNEWS224\"},\"image\":{\"@id\":\"https:\/\/universnews224.com\/#\/schema\/logo\/image\/\"}},{\"@type\":\"Person\",\"@id\":\"https:\/\/universnews224.com\/#\/schema\/person\/a4b7d4f94a4716df60456a491260485e\",\"name\":\"La R\u00e9daction\",\"image\":{\"@type\":\"ImageObject\",\"inLanguage\":\"fr-FR\",\"@id\":\"https:\/\/universnews224.com\/#\/schema\/person\/image\/\",\"url\":\"https:\/\/secure.gravatar.com\/avatar\/edb90acc7752b23e1b3307ad36c14f0d?s=96&d=mm&r=g\",\"contentUrl\":\"https:\/\/secure.gravatar.com\/avatar\/edb90acc7752b23e1b3307ad36c14f0d?s=96&d=mm&r=g\",\"caption\":\"La R\u00e9daction\"},\"sameAs\":[\"https:\/\/universnews224.com\"],\"url\":\"https:\/\/universnews224.com\/index.php\/author\/m-camara\/\"}]}<\/script>\n<!-- \/ Yoast SEO plugin. -->","yoast_head_json":{"title":"Me Mohamed Traor\u00e9 : \u00abJe pense que l\u2019ouverture de ce proc\u00e8s est un enseignement\u00bb - UNIVERSNEWS224","robots":{"index":"index","follow":"follow","max-snippet":"max-snippet:-1","max-image-preview":"max-image-preview:large","max-video-preview":"max-video-preview:-1"},"canonical":"https:\/\/universnews224.com\/index.php\/me-mohamed-traore-je-pense-que-louverture-de-ce-proces-est-un-enseignement\/","og_locale":"fr_FR","og_type":"article","og_title":"Me Mohamed Traor\u00e9 : \u00abJe pense que l\u2019ouverture de ce proc\u00e8s est un enseignement\u00bb - UNIVERSNEWS224","og_description":"Le proc\u00e8s des \u00e9v\u00e9nements douloureux du 28 septembre 2009 s\u2019est ouvert ce mercredi, 28 septembre","og_url":"https:\/\/universnews224.com\/index.php\/me-mohamed-traore-je-pense-que-louverture-de-ce-proces-est-un-enseignement\/","og_site_name":"UNIVERSNEWS224","article_published_time":"2022-09-29T13:32:26+00:00","og_image":[{"width":524,"height":378,"url":"https:\/\/universnews224.com\/wp-content\/uploads\/2022\/09\/16C4D2D4-D6F5-4C3F-AACF-B8AEF4C6CF6F.png","type":"image\/png"}],"author":"La R\u00e9daction","twitter_misc":{"\u00c9crit par":"La R\u00e9daction","Dur\u00e9e de lecture estim\u00e9e":"2 minutes"},"schema":{"@context":"https:\/\/schema.org","@graph":[{"@type":"Article","@id":"https:\/\/universnews224.com\/index.php\/me-mohamed-traore-je-pense-que-louverture-de-ce-proces-est-un-enseignement\/#article","isPartOf":{"@id":"https:\/\/universnews224.com\/index.php\/me-mohamed-traore-je-pense-que-louverture-de-ce-proces-est-un-enseignement\/"},"author":{"name":"La R\u00e9daction","@id":"https:\/\/universnews224.com\/#\/schema\/person\/a4b7d4f94a4716df60456a491260485e"},"headline":"Me Mohamed Traor\u00e9 : \u00abJe pense que l\u2019ouverture de ce proc\u00e8s est un enseignement\u00bb","datePublished":"2022-09-29T13:32:26+00:00","dateModified":"2022-09-29T13:32:26+00:00","mainEntityOfPage":{"@id":"https:\/\/universnews224.com\/index.php\/me-mohamed-traore-je-pense-que-louverture-de-ce-proces-est-un-enseignement\/"},"wordCount":387,"publisher":{"@id":"https:\/\/universnews224.com\/#organization"},"keywords":["La une"],"articleSection":["ACTU","POLITIQUE"],"inLanguage":"fr-FR"},{"@type":"WebPage","@id":"https:\/\/universnews224.com\/index.php\/me-mohamed-traore-je-pense-que-louverture-de-ce-proces-est-un-enseignement\/","url":"https:\/\/universnews224.com\/index.php\/me-mohamed-traore-je-pense-que-louverture-de-ce-proces-est-un-enseignement\/","name":"Me Mohamed Traor\u00e9 : \u00abJe pense que l\u2019ouverture de ce proc\u00e8s est un enseignement\u00bb - UNIVERSNEWS224","isPartOf":{"@id":"https:\/\/universnews224.com\/#website"},"datePublished":"2022-09-29T13:32:26+00:00","dateModified":"2022-09-29T13:32:26+00:00","inLanguage":"fr-FR","potentialAction":[{"@type":"ReadAction","target":["https:\/\/universnews224.com\/index.php\/me-mohamed-traore-je-pense-que-louverture-de-ce-proces-est-un-enseignement\/"]}]},{"@type":"WebSite","@id":"https:\/\/universnews224.com\/#website","url":"https:\/\/universnews224.com\/","name":"UNIVERSNEWS224","description":"","publisher":{"@id":"https:\/\/universnews224.com\/#organization"},"potentialAction":[{"@type":"SearchAction","target":{"@type":"EntryPoint","urlTemplate":"https:\/\/universnews224.com\/?s={search_term_string}"},"query-input":"required name=search_term_string"}],"inLanguage":"fr-FR"},{"@type":"Organization","@id":"https:\/\/universnews224.com\/#organization","name":"UNIVERSNEWS224","url":"https:\/\/universnews224.com\/","logo":{"@type":"ImageObject","inLanguage":"fr-FR","@id":"https:\/\/universnews224.com\/#\/schema\/logo\/image\/","url":"https:\/\/universnews224.com\/wp-content\/uploads\/2022\/08\/cropped-cropped-logoban.jpg","contentUrl":"https:\/\/universnews224.com\/wp-content\/uploads\/2022\/08\/cropped-cropped-logoban.jpg","width":1080,"height":138,"caption":"UNIVERSNEWS224"},"image":{"@id":"https:\/\/universnews224.com\/#\/schema\/logo\/image\/"}},{"@type":"Person","@id":"https:\/\/universnews224.com\/#\/schema\/person\/a4b7d4f94a4716df60456a491260485e","name":"La R\u00e9daction","image":{"@type":"ImageObject","inLanguage":"fr-FR","@id":"https:\/\/universnews224.com\/#\/schema\/person\/image\/","url":"https:\/\/secure.gravatar.com\/avatar\/edb90acc7752b23e1b3307ad36c14f0d?s=96&d=mm&r=g","contentUrl":"https:\/\/secure.gravatar.com\/avatar\/edb90acc7752b23e1b3307ad36c14f0d?s=96&d=mm&r=g","caption":"La R\u00e9daction"},"sameAs":["https:\/\/universnews224.com"],"url":"https:\/\/universnews224.com\/index.php\/author\/m-camara\/"}]}},"_links":{"self":[{"href":"https:\/\/universnews224.com\/index.php\/wp-json\/wp\/v2\/posts\/2100"}],"collection":[{"href":"https:\/\/universnews224.com\/index.php\/wp-json\/wp\/v2\/posts"}],"about":[{"href":"https:\/\/universnews224.com\/index.php\/wp-json\/wp\/v2\/types\/post"}],"author":[{"embeddable":true,"href":"https:\/\/universnews224.com\/index.php\/wp-json\/wp\/v2\/users\/2"}],"replies":[{"embeddable":true,"href":"https:\/\/universnews224.com\/index.php\/wp-json\/wp\/v2\/comments?post=2100"}],"version-history":[{"count":1,"href":"https:\/\/universnews224.com\/index.php\/wp-json\/wp\/v2\/posts\/2100\/revisions"}],"predecessor-version":[{"id":2102,"href":"https:\/\/universnews224.com\/index.php\/wp-json\/wp\/v2\/posts\/2100\/revisions\/2102"}],"wp:featuredmedia":[{"embeddable":true,"href":"https:\/\/universnews224.com\/index.php\/wp-json\/wp\/v2\/media\/2101"}],"wp:attachment":[{"href":"https:\/\/universnews224.com\/index.php\/wp-json\/wp\/v2\/media?parent=2100"}],"wp:term":[{"taxonomy":"category","embeddable":true,"href":"https:\/\/universnews224.com\/index.php\/wp-json\/wp\/v2\/categories?post=2100"},{"taxonomy":"post_tag","embeddable":true,"href":"https:\/\/universnews224.com\/index.php\/wp-json\/wp\/v2\/tags?post=2100"}],"curies":[{"name":"wp","href":"https:\/\/api.w.org\/{rel}","templated":true}]}}